{"id":52664,"date":"2019-10-30T22:59:24","date_gmt":"2019-10-30T22:59:24","guid":{"rendered":"https:\/\/www.ucaldas.edu.co\/portal\/?p=52664"},"modified":"2019-10-30T23:01:26","modified_gmt":"2019-10-30T23:01:26","slug":"la-inclusion-de-minorias-el-eje-de-ponencias-en-la-semana-manizales-en-modo-inclusion","status":"publish","type":"post","link":"https:\/\/www.ucaldas.edu.co\/portal\/la-inclusion-de-minorias-el-eje-de-ponencias-en-la-semana-manizales-en-modo-inclusion\/","title":{"rendered":"Las minor\u00edas, el eje de ponencias en la semana Manizales en modo inclusi\u00f3n"},"content":{"rendered":"<p style=\"text-align: center;\">DOS EXPERTOS HABLARON DE LOS OBST\u00c1CULOS Y DIFICULTADES PARA ACABAR CON LA EXCLUSI\u00d3N<\/p>\n<p style=\"text-align: center;\"><strong>Las minor\u00edas, el eje de ponencias en la semana Manizales en modo inclusi\u00f3n<\/strong><\/p>\n<p style=\"text-align: right;\">30\/10\/2019<\/p>\n<p><img loading=\"lazy\" decoding=\"async\" class=\"aligncenter wp-image-52665 size-full\" src=\"https:\/\/www.ucaldas.edu.co\/portal\/wp-content\/uploads\/2019\/10\/MODO-INCLUSION-compressor-1.png\" alt=\"\" width=\"700\" height=\"400\" srcset=\"https:\/\/www.ucaldas.edu.co\/portal\/wp-content\/uploads\/2019\/10\/MODO-INCLUSION-compressor-1.png 700w, https:\/\/www.ucaldas.edu.co\/portal\/wp-content\/uploads\/2019\/10\/MODO-INCLUSION-compressor-1-300x171.png 300w\" sizes=\"auto, (max-width: 700px) 100vw, 700px\" \/><\/p>\n<p>Enfocarse en la inclusi\u00f3n desde los gobiernos y las instituciones es la visi\u00f3n que entreg\u00f3 la diputada venezolana Tamara Adri\u00e1n, quien por a\u00f1os ha trabajado por los derechos de las minor\u00edas. Ella estuvo como invitada principal en dos ponencias de la semana Manizales en modo inclusi\u00f3n, que se realiza hasta este viernes 1 de noviembre en varios espacios de la Universidad de Caldas.<!--more--><\/p>\n<p>La l\u00edder pol\u00edtica y social asegur\u00f3 que los gobiernos locales deben entender que la suma de minor\u00edas conforma la mayor\u00eda y que cada individuo pertenece a alguna minor\u00eda de distinto tipo, ya sea por su formaci\u00f3n, por su religi\u00f3n, por su cultura o simplemente por sus ideas.<\/p>\n<p>La investigadora dijo que indag\u00f3 sobre la reacci\u00f3n de grupos fundamentalistas frente a los avances en las leyes de igualdad que se lograron en 1989. Tambi\u00e9n habl\u00f3 sobre la xenofobia, para lo cual entrevist\u00f3 a 300 venezolanos de la comunidad LGTBI que viven en su\u00a0 pa\u00eds y a 300 m\u00e1s que est\u00e1n exiliados. Encontr\u00f3 que tienen m\u00e1s garant\u00edas legales quienes salieron de su pa\u00eds.<\/p>\n<p>Fidel Mauricio Ram\u00edrez, docente de la Universidad Santo Tom\u00e1s, tambi\u00e9n particip\u00f3 en el conversatorio \u00abMundos diversos y complejidad religiosa\u00bb, que se realiz\u00f3 hoy en el auditorio del Centro Cultural Universitario Rogelio Salmona.<\/p>\n<p>El docente dijo que los movimientos y hechos que se han generado en contra de la ideolog\u00eda de g\u00e9nero han llevado a una polarizaci\u00f3n y a retroceder frente a los puentes que se han creado entre personas sexualmente diversas y su vivencia de la regi\u00f3n. \u201cBuscamos que se reconozca que dentro de las iglesias hay personas sexualmente diversas, y que no se utilicen discursos contra ellos. Estos espacios como Manizales en modo inclusi\u00f3n son fundamentales porque es la posibilidad de discutir y reconocer esa diversidad\u201d, dijo Ram\u00edrez.<\/p>\n<p>La programaci\u00f3n de Manizales en modo inclusi\u00f3n continuar\u00e1 ma\u00f1ana jueves 31 de octubre, con el conversatorio \u201cAutismo y pr\u00e1cticas exitosas\u201d, que ser\u00e1 de 4:00 a 6:00 de la tarde.<\/p>\n<p><u><a href=\"https:\/\/www.ucaldas.edu.co\/portal\/wp-content\/uploads\/2019\/10\/Arte_agenda-cultura-y-diversidad-de-Genero.pdf\">Consulte aqu\u00ed la programaci\u00f3n completa de Manizales en modo inclusi\u00f3n<\/a><\/u><\/p>\n<p>&nbsp;<\/p>\n<p><strong>Informes:<\/strong> Oficina de Comunicaciones y Prensa Universidad de Caldas. Tel\u00e9fono: 8781500 Extensi\u00f3n: 12167<\/p>\n<p><strong>Redacci\u00f3n:<\/strong> Adriana Osorio Garc\u00eda<\/p>\n","protected":false},"excerpt":{"rendered":"<p>DOS EXPERTOS HABLARON DE LOS OBST\u00c1CULOS Y DIFICULTADES PARA ACABAR CON LA EXCLUSI\u00d3N Las minor\u00edas, el eje de ponencias en la semana Manizales en modo inclusi\u00f3n 30\/10\/2019 Enfocarse en la inclusi\u00f3n desde los gobiernos y las instituciones es la visi\u00f3n que entreg\u00f3 la diputada venezolana Tamara Adri\u00e1n, quien por a\u00f1os ha trabajado por los derechos [&hellip;]<\/p>\n","protected":false},"author":2,"featured_media":52665,"comment_status":"closed","ping_status":"open","sticky":false,"template":"","format":"standard","meta":{"footnotes":""},"categories":[48,53,624],"tags":[172,651,2257],"class_list":["post-52664","post","type-post","status-publish","format-standard","has-post-thumbnail","hentry","category-actualidad","category-universidad-al-dia","category-ucaldas-activa","tag-conversatorio","tag-diversidad","tag-inclusion"],"yoast_head":"<!-- This site is optimized with the Yoast SEO plugin v27.5 - https:\/\/yoast.com\/product\/yoast-seo-wordpress\/ -->\n<title>Las minor\u00edas, el eje de ponencias en la semana Manizales en modo inclusi\u00f3n .<\/title>\n<meta name=\"robots\" content=\"index, follow, max-snippet:-1, max-image-preview:large, max-video-preview:-1\" \/>\n<link rel=\"canonical\" href=\"https:\/\/www.ucaldas.edu.co\/portal\/la-inclusion-de-minorias-el-eje-de-ponencias-en-la-semana-manizales-en-modo-inclusion\/\" \/>\n<script type=\"application\/ld+json\" class=\"yoast-schema-graph\">{\"@context\":\"https:\\\/\\\/schema.org\",\"@graph\":[{\"@type\":\"Article\",\"@id\":\"https:\\\/\\\/www.ucaldas.edu.co\\\/portal\\\/la-inclusion-de-minorias-el-eje-de-ponencias-en-la-semana-manizales-en-modo-inclusion\\\/#article\",\"isPartOf\":{\"@id\":\"https:\\\/\\\/www.ucaldas.edu.co\\\/portal\\\/la-inclusion-de-minorias-el-eje-de-ponencias-en-la-semana-manizales-en-modo-inclusion\\\/\"},\"author\":{\"name\":\"ofiprensa\",\"@id\":\"https:\\\/\\\/www.ucaldas.edu.co\\\/portal\\\/#\\\/schema\\\/person\\\/a1b482e23449158b4bc319926c074fdf\"},\"headline\":\"Las minor\u00edas, el eje de ponencias en la semana Manizales en modo inclusi\u00f3n\",\"datePublished\":\"2019-10-30T22:59:24+00:00\",\"dateModified\":\"2019-10-30T23:01:26+00:00\",\"mainEntityOfPage\":{\"@id\":\"https:\\\/\\\/www.ucaldas.edu.co\\\/portal\\\/la-inclusion-de-minorias-el-eje-de-ponencias-en-la-semana-manizales-en-modo-inclusion\\\/\"},\"wordCount\":426,\"publisher\":{\"@id\":\"https:\\\/\\\/www.ucaldas.edu.co\\\/portal\\\/#organization\"},\"image\":{\"@id\":\"https:\\\/\\\/www.ucaldas.edu.co\\\/portal\\\/la-inclusion-de-minorias-el-eje-de-ponencias-en-la-semana-manizales-en-modo-inclusion\\\/#primaryimage\"},\"thumbnailUrl\":\"https:\\\/\\\/www.ucaldas.edu.co\\\/portal\\\/wp-content\\\/uploads\\\/2019\\\/10\\\/MODO-INCLUSION-compressor-1.png\",\"keywords\":[\"Conversatorio\",\"diversidad\",\"inclusi\u00f3n\"],\"articleSection\":[\"Actualidad\",\"Universidad al D\u00eda\",\"UCaldas Activa\"],\"inLanguage\":\"es\"},{\"@type\":\"WebPage\",\"@id\":\"https:\\\/\\\/www.ucaldas.edu.co\\\/portal\\\/la-inclusion-de-minorias-el-eje-de-ponencias-en-la-semana-manizales-en-modo-inclusion\\\/\",\"url\":\"https:\\\/\\\/www.ucaldas.edu.co\\\/portal\\\/la-inclusion-de-minorias-el-eje-de-ponencias-en-la-semana-manizales-en-modo-inclusion\\\/\",\"name\":\"Las minor\u00edas, el eje de ponencias en la semana Manizales en modo inclusi\u00f3n .\",\"isPartOf\":{\"@id\":\"https:\\\/\\\/www.ucaldas.edu.co\\\/portal\\\/#website\"},\"primaryImageOfPage\":{\"@id\":\"https:\\\/\\\/www.ucaldas.edu.co\\\/portal\\\/la-inclusion-de-minorias-el-eje-de-ponencias-en-la-semana-manizales-en-modo-inclusion\\\/#primaryimage\"},\"image\":{\"@id\":\"https:\\\/\\\/www.ucaldas.edu.co\\\/portal\\\/la-inclusion-de-minorias-el-eje-de-ponencias-en-la-semana-manizales-en-modo-inclusion\\\/#primaryimage\"},\"thumbnailUrl\":\"https:\\\/\\\/www.ucaldas.edu.co\\\/portal\\\/wp-content\\\/uploads\\\/2019\\\/10\\\/MODO-INCLUSION-compressor-1.png\",\"datePublished\":\"2019-10-30T22:59:24+00:00\",\"dateModified\":\"2019-10-30T23:01:26+00:00\",\"breadcrumb\":{\"@id\":\"https:\\\/\\\/www.ucaldas.edu.co\\\/portal\\\/la-inclusion-de-minorias-el-eje-de-ponencias-en-la-semana-manizales-en-modo-inclusion\\\/#breadcrumb\"},\"inLanguage\":\"es\",\"potentialAction\":[{\"@type\":\"ReadAction\",\"target\":[\"https:\\\/\\\/www.ucaldas.edu.co\\\/portal\\\/la-inclusion-de-minorias-el-eje-de-ponencias-en-la-semana-manizales-en-modo-inclusion\\\/\"]}]},{\"@type\":\"ImageObject\",\"inLanguage\":\"es\",\"@id\":\"https:\\\/\\\/www.ucaldas.edu.co\\\/portal\\\/la-inclusion-de-minorias-el-eje-de-ponencias-en-la-semana-manizales-en-modo-inclusion\\\/#primaryimage\",\"url\":\"https:\\\/\\\/www.ucaldas.edu.co\\\/portal\\\/wp-content\\\/uploads\\\/2019\\\/10\\\/MODO-INCLUSION-compressor-1.png\",\"contentUrl\":\"https:\\\/\\\/www.ucaldas.edu.co\\\/portal\\\/wp-content\\\/uploads\\\/2019\\\/10\\\/MODO-INCLUSION-compressor-1.png\",\"width\":700,\"height\":400},{\"@type\":\"BreadcrumbList\",\"@id\":\"https:\\\/\\\/www.ucaldas.edu.co\\\/portal\\\/la-inclusion-de-minorias-el-eje-de-ponencias-en-la-semana-manizales-en-modo-inclusion\\\/#breadcrumb\",\"itemListElement\":[{\"@type\":\"ListItem\",\"position\":1,\"name\":\"Portada\",\"item\":\"https:\\\/\\\/www.ucaldas.edu.co\\\/portal\\\/\"},{\"@type\":\"ListItem\",\"position\":2,\"name\":\"Las minor\u00edas, el eje de ponencias en la semana Manizales en modo inclusi\u00f3n\"}]},{\"@type\":\"WebSite\",\"@id\":\"https:\\\/\\\/www.ucaldas.edu.co\\\/portal\\\/#website\",\"url\":\"https:\\\/\\\/www.ucaldas.edu.co\\\/portal\\\/\",\"name\":\"Universidad de Caldas\",\"description\":\"\",\"publisher\":{\"@id\":\"https:\\\/\\\/www.ucaldas.edu.co\\\/portal\\\/#organization\"},\"alternateName\":\"U. de Caldas\",\"potentialAction\":[{\"@type\":\"SearchAction\",\"target\":{\"@type\":\"EntryPoint\",\"urlTemplate\":\"https:\\\/\\\/www.ucaldas.edu.co\\\/portal\\\/?s={search_term_string}\"},\"query-input\":{\"@type\":\"PropertyValueSpecification\",\"valueRequired\":true,\"valueName\":\"search_term_string\"}}],\"inLanguage\":\"es\"},{\"@type\":\"Organization\",\"@id\":\"https:\\\/\\\/www.ucaldas.edu.co\\\/portal\\\/#organization\",\"name\":\"Universidad de Caldas\",\"alternateName\":\"U. de Caldas\",\"url\":\"https:\\\/\\\/www.ucaldas.edu.co\\\/portal\\\/\",\"logo\":{\"@type\":\"ImageObject\",\"inLanguage\":\"es\",\"@id\":\"https:\\\/\\\/www.ucaldas.edu.co\\\/portal\\\/#\\\/schema\\\/logo\\\/image\\\/\",\"url\":\"https:\\\/\\\/www.ucaldas.edu.co\\\/portal\\\/wp-content\\\/uploads\\\/2023\\\/11\\\/Logo_horizontal_oscuroU-2023.png\",\"contentUrl\":\"https:\\\/\\\/www.ucaldas.edu.co\\\/portal\\\/wp-content\\\/uploads\\\/2023\\\/11\\\/Logo_horizontal_oscuroU-2023.png\",\"width\":263,\"height\":101,\"caption\":\"Universidad de Caldas\"},\"image\":{\"@id\":\"https:\\\/\\\/www.ucaldas.edu.co\\\/portal\\\/#\\\/schema\\\/logo\\\/image\\\/\"},\"sameAs\":[\"https:\\\/\\\/www.facebook.com\\\/udecaldas\",\"https:\\\/\\\/x.com\\\/udecaldas\",\"https:\\\/\\\/www.youtube.com\\\/universidadcaldas\",\"https:\\\/\\\/www.instagram.com\\\/udecaldas\\\/\"]},{\"@type\":\"Person\",\"@id\":\"https:\\\/\\\/www.ucaldas.edu.co\\\/portal\\\/#\\\/schema\\\/person\\\/a1b482e23449158b4bc319926c074fdf\",\"name\":\"ofiprensa\",\"image\":{\"@type\":\"ImageObject\",\"inLanguage\":\"es\",\"@id\":\"https:\\\/\\\/www.ucaldas.edu.co\\\/portal\\\/wp-content\\\/litespeed\\\/avatar\\\/09ea5085e600095a7a811142c6944527.jpg?ver=1777497608\",\"url\":\"https:\\\/\\\/www.ucaldas.edu.co\\\/portal\\\/wp-content\\\/litespeed\\\/avatar\\\/09ea5085e600095a7a811142c6944527.jpg?ver=1777497608\",\"contentUrl\":\"https:\\\/\\\/www.ucaldas.edu.co\\\/portal\\\/wp-content\\\/litespeed\\\/avatar\\\/09ea5085e600095a7a811142c6944527.jpg?ver=1777497608\",\"caption\":\"ofiprensa\"},\"url\":\"https:\\\/\\\/www.ucaldas.edu.co\\\/portal\\\/author\\\/ofiprensa\\\/\"}]}<\/script>\n<!-- \/ Yoast SEO plugin. -->","yoast_head_json":{"title":"Las minor\u00edas, el eje de ponencias en la semana Manizales en modo inclusi\u00f3n .","robots":{"index":"index","follow":"follow","max-snippet":"max-snippet:-1","max-image-preview":"max-image-preview:large","max-video-preview":"max-video-preview:-1"},"canonical":"https:\/\/www.ucaldas.edu.co\/portal\/la-inclusion-de-minorias-el-eje-de-ponencias-en-la-semana-manizales-en-modo-inclusion\/","schema":{"@context":"https:\/\/schema.org","@graph":[{"@type":"Article","@id":"https:\/\/www.ucaldas.edu.co\/portal\/la-inclusion-de-minorias-el-eje-de-ponencias-en-la-semana-manizales-en-modo-inclusion\/#article","isPartOf":{"@id":"https:\/\/www.ucaldas.edu.co\/portal\/la-inclusion-de-minorias-el-eje-de-ponencias-en-la-semana-manizales-en-modo-inclusion\/"},"author":{"name":"ofiprensa","@id":"https:\/\/www.ucaldas.edu.co\/portal\/#\/schema\/person\/a1b482e23449158b4bc319926c074fdf"},"headline":"Las minor\u00edas, el eje de ponencias en la semana Manizales en modo inclusi\u00f3n","datePublished":"2019-10-30T22:59:24+00:00","dateModified":"2019-10-30T23:01:26+00:00","mainEntityOfPage":{"@id":"https:\/\/www.ucaldas.edu.co\/portal\/la-inclusion-de-minorias-el-eje-de-ponencias-en-la-semana-manizales-en-modo-inclusion\/"},"wordCount":426,"publisher":{"@id":"https:\/\/www.ucaldas.edu.co\/portal\/#organization"},"image":{"@id":"https:\/\/www.ucaldas.edu.co\/portal\/la-inclusion-de-minorias-el-eje-de-ponencias-en-la-semana-manizales-en-modo-inclusion\/#primaryimage"},"thumbnailUrl":"https:\/\/www.ucaldas.edu.co\/portal\/wp-content\/uploads\/2019\/10\/MODO-INCLUSION-compressor-1.png","keywords":["Conversatorio","diversidad","inclusi\u00f3n"],"articleSection":["Actualidad","Universidad al D\u00eda","UCaldas Activa"],"inLanguage":"es"},{"@type":"WebPage","@id":"https:\/\/www.ucaldas.edu.co\/portal\/la-inclusion-de-minorias-el-eje-de-ponencias-en-la-semana-manizales-en-modo-inclusion\/","url":"https:\/\/www.ucaldas.edu.co\/portal\/la-inclusion-de-minorias-el-eje-de-ponencias-en-la-semana-manizales-en-modo-inclusion\/","name":"Las minor\u00edas, el eje de ponencias en la semana Manizales en modo inclusi\u00f3n .","isPartOf":{"@id":"https:\/\/www.ucaldas.edu.co\/portal\/#website"},"primaryImageOfPage":{"@id":"https:\/\/www.ucaldas.edu.co\/portal\/la-inclusion-de-minorias-el-eje-de-ponencias-en-la-semana-manizales-en-modo-inclusion\/#primaryimage"},"image":{"@id":"https:\/\/www.ucaldas.edu.co\/portal\/la-inclusion-de-minorias-el-eje-de-ponencias-en-la-semana-manizales-en-modo-inclusion\/#primaryimage"},"thumbnailUrl":"https:\/\/www.ucaldas.edu.co\/portal\/wp-content\/uploads\/2019\/10\/MODO-INCLUSION-compressor-1.png","datePublished":"2019-10-30T22:59:24+00:00","dateModified":"2019-10-30T23:01:26+00:00","breadcrumb":{"@id":"https:\/\/www.ucaldas.edu.co\/portal\/la-inclusion-de-minorias-el-eje-de-ponencias-en-la-semana-manizales-en-modo-inclusion\/#breadcrumb"},"inLanguage":"es","potentialAction":[{"@type":"ReadAction","target":["https:\/\/www.ucaldas.edu.co\/portal\/la-inclusion-de-minorias-el-eje-de-ponencias-en-la-semana-manizales-en-modo-inclusion\/"]}]},{"@type":"ImageObject","inLanguage":"es","@id":"https:\/\/www.ucaldas.edu.co\/portal\/la-inclusion-de-minorias-el-eje-de-ponencias-en-la-semana-manizales-en-modo-inclusion\/#primaryimage","url":"https:\/\/www.ucaldas.edu.co\/portal\/wp-content\/uploads\/2019\/10\/MODO-INCLUSION-compressor-1.png","contentUrl":"https:\/\/www.ucaldas.edu.co\/portal\/wp-content\/uploads\/2019\/10\/MODO-INCLUSION-compressor-1.png","width":700,"height":400},{"@type":"BreadcrumbList","@id":"https:\/\/www.ucaldas.edu.co\/portal\/la-inclusion-de-minorias-el-eje-de-ponencias-en-la-semana-manizales-en-modo-inclusion\/#breadcrumb","itemListElement":[{"@type":"ListItem","position":1,"name":"Portada","item":"https:\/\/www.ucaldas.edu.co\/portal\/"},{"@type":"ListItem","position":2,"name":"Las minor\u00edas, el eje de ponencias en la semana Manizales en modo inclusi\u00f3n"}]},{"@type":"WebSite","@id":"https:\/\/www.ucaldas.edu.co\/portal\/#website","url":"https:\/\/www.ucaldas.edu.co\/portal\/","name":"Universidad de Caldas","description":"","publisher":{"@id":"https:\/\/www.ucaldas.edu.co\/portal\/#organization"},"alternateName":"U. de Caldas","potentialAction":[{"@type":"SearchAction","target":{"@type":"EntryPoint","urlTemplate":"https:\/\/www.ucaldas.edu.co\/portal\/?s={search_term_string}"},"query-input":{"@type":"PropertyValueSpecification","valueRequired":true,"valueName":"search_term_string"}}],"inLanguage":"es"},{"@type":"Organization","@id":"https:\/\/www.ucaldas.edu.co\/portal\/#organization","name":"Universidad de Caldas","alternateName":"U. de Caldas","url":"https:\/\/www.ucaldas.edu.co\/portal\/","logo":{"@type":"ImageObject","inLanguage":"es","@id":"https:\/\/www.ucaldas.edu.co\/portal\/#\/schema\/logo\/image\/","url":"https:\/\/www.ucaldas.edu.co\/portal\/wp-content\/uploads\/2023\/11\/Logo_horizontal_oscuroU-2023.png","contentUrl":"https:\/\/www.ucaldas.edu.co\/portal\/wp-content\/uploads\/2023\/11\/Logo_horizontal_oscuroU-2023.png","width":263,"height":101,"caption":"Universidad de Caldas"},"image":{"@id":"https:\/\/www.ucaldas.edu.co\/portal\/#\/schema\/logo\/image\/"},"sameAs":["https:\/\/www.facebook.com\/udecaldas","https:\/\/x.com\/udecaldas","https:\/\/www.youtube.com\/universidadcaldas","https:\/\/www.instagram.com\/udecaldas\/"]},{"@type":"Person","@id":"https:\/\/www.ucaldas.edu.co\/portal\/#\/schema\/person\/a1b482e23449158b4bc319926c074fdf","name":"ofiprensa","image":{"@type":"ImageObject","inLanguage":"es","@id":"https:\/\/www.ucaldas.edu.co\/portal\/wp-content\/litespeed\/avatar\/09ea5085e600095a7a811142c6944527.jpg?ver=1777497608","url":"https:\/\/www.ucaldas.edu.co\/portal\/wp-content\/litespeed\/avatar\/09ea5085e600095a7a811142c6944527.jpg?ver=1777497608","contentUrl":"https:\/\/www.ucaldas.edu.co\/portal\/wp-content\/litespeed\/avatar\/09ea5085e600095a7a811142c6944527.jpg?ver=1777497608","caption":"ofiprensa"},"url":"https:\/\/www.ucaldas.edu.co\/portal\/author\/ofiprensa\/"}]}},"_links":{"self":[{"href":"https:\/\/www.ucaldas.edu.co\/portal\/wp-json\/wp\/v2\/posts\/52664","targetHints":{"allow":["GET"]}}],"collection":[{"href":"https:\/\/www.ucaldas.edu.co\/portal\/wp-json\/wp\/v2\/posts"}],"about":[{"href":"https:\/\/www.ucaldas.edu.co\/portal\/wp-json\/wp\/v2\/types\/post"}],"author":[{"embeddable":true,"href":"https:\/\/www.ucaldas.edu.co\/portal\/wp-json\/wp\/v2\/users\/2"}],"replies":[{"embeddable":true,"href":"https:\/\/www.ucaldas.edu.co\/portal\/wp-json\/wp\/v2\/comments?post=52664"}],"version-history":[{"count":0,"href":"https:\/\/www.ucaldas.edu.co\/portal\/wp-json\/wp\/v2\/posts\/52664\/revisions"}],"wp:featuredmedia":[{"embeddable":true,"href":"https:\/\/www.ucaldas.edu.co\/portal\/wp-json\/wp\/v2\/media\/52665"}],"wp:attachment":[{"href":"https:\/\/www.ucaldas.edu.co\/portal\/wp-json\/wp\/v2\/media?parent=52664"}],"wp:term":[{"taxonomy":"category","embeddable":true,"href":"https:\/\/www.ucaldas.edu.co\/portal\/wp-json\/wp\/v2\/categories?post=52664"},{"taxonomy":"post_tag","embeddable":true,"href":"https:\/\/www.ucaldas.edu.co\/portal\/wp-json\/wp\/v2\/tags?post=52664"}],"curies":[{"name":"wp","href":"https:\/\/api.w.org\/{rel}","templated":true}]}}