{"id":52352,"date":"2019-10-17T22:05:52","date_gmt":"2019-10-17T22:05:52","guid":{"rendered":"https:\/\/www.ucaldas.edu.co\/portal\/?p=52352"},"modified":"2019-10-17T22:06:23","modified_gmt":"2019-10-17T22:06:23","slug":"con-cortometrajes-jovenes-de-colegios-en-manizales-aprenden-y-ensenan-la-importancia-de-la-inclusion","status":"publish","type":"post","link":"https:\/\/www.ucaldas.edu.co\/portal\/con-cortometrajes-jovenes-de-colegios-en-manizales-aprenden-y-ensenan-la-importancia-de-la-inclusion\/","title":{"rendered":"Con cortometrajes j\u00f3venes de colegios en Manizales aprenden y ense\u00f1an la importancia de la inclusi\u00f3n"},"content":{"rendered":"<p style=\"text-align: center;\">UNIVERSIDAD DE CALDAS APOYA LA REALIZACI\u00d3N DEL PROYECTO<\/p>\n<p style=\"text-align: center;\"><strong>Con cortometrajes j\u00f3venes de colegios en Manizales aprenden y ense\u00f1an la importancia de la inclusi\u00f3n<\/strong><\/p>\n<p style=\"text-align: right;\">17\/10\/2019<\/p>\n<p><img loading=\"lazy\" decoding=\"async\" class=\"aligncenter wp-image-52354 size-full\" src=\"https:\/\/www.ucaldas.edu.co\/portal\/wp-content\/uploads\/2019\/10\/CORTOS-INCLUSI\u00d3N-compressor.png\" alt=\"\" width=\"700\" height=\"400\" srcset=\"https:\/\/www.ucaldas.edu.co\/portal\/wp-content\/uploads\/2019\/10\/CORTOS-INCLUSI\u00d3N-compressor.png 700w, https:\/\/www.ucaldas.edu.co\/portal\/wp-content\/uploads\/2019\/10\/CORTOS-INCLUSI\u00d3N-compressor-300x171.png 300w\" sizes=\"auto, (max-width: 700px) 100vw, 700px\" \/><\/p>\n<p>Cerca de 80 estudiantes de siete colegios de Manizales aprenden y a la vez ense\u00f1an sobre la inclusi\u00f3n desde distintos puntos de vista y mediante la realizaci\u00f3n de siete cortometrajes que buscan que los ciudadanos entiendan que todos somos distintos por naturaleza propia.<!--more--><\/p>\n<p>Entre los productos audiovisuales est\u00e1 el documental \u201cEn las nubes\u201d, que aborda el Espectro del Autismo a partir de un caso concreto en la ciudad. Esta producci\u00f3n se presentar\u00e1 hoy a las 6:30 p.m. en el Auditorio Danilo Cruz, del campus Central de la Universidad de Caldas.<\/p>\n<p>De esta manera avanza el plan piloto del proyecto Inclusive Shorts Films, que lidera Liliana Pinilla Gallego, directora de la Corporaci\u00f3n Buen Vivir. Ella explic\u00f3 que esta iniciativa naci\u00f3 de la necesidad de que adultos y j\u00f3venes se formen en inclusi\u00f3n, que no es aguantar al otro por obligaci\u00f3n, sino reconocer que todos somos distintos por naturaleza. Los cortometrajes han tenido tanta acogida que participar\u00e1n en un festival de cine en Francia, gracias al apoyo de docentes de la Universidad de Montpellier.<\/p>\n<p>Pinilla Gallego indic\u00f3 que su proyecto es distinto porque abarca la inclusi\u00f3n desde distintas miradas: LGTBI, adultos mayores, discapacidad auditiva, espectro de autismo, trabajo sexual y desplazamiento por conflicto armado.<\/p>\n<p>Su objetivo es que desde el 12 de noviembre, cuando se realizar\u00e1 una gala de premiaci\u00f3n y reconocimientos a los j\u00f3venes que elaboraron los cortometrajes, se institucionalice el Inclusive Short Films como el primer festival de cortometrajes de inclusi\u00f3n hechos con celulares y elaborados por adolescentes. Telesalud de la Universidad de Caldas apoy\u00f3 el trabajo con la edici\u00f3n de filmes.<\/p>\n<p>A este proyecto se suma la realizaci\u00f3n de la semana Manizales en modo de inclusi\u00f3n, que ser\u00e1 del 28 de octubre al 1 de noviembre y que recibe apoyo de la Alcald\u00eda de Manizales y de la Universidad de Caldas, mediante la Vicerrector\u00eda de Proyecci\u00f3n.<\/p>\n<p>&nbsp;<\/p>\n<p><strong>Informes:<\/strong> Oficina de Comunicaciones y Prensa Universidad de Caldas. Tel\u00e9fono: 8781500 Extensi\u00f3n: 12167<\/p>\n<p><strong>Redacci\u00f3n:<\/strong> Adriana Osorio Garc\u00eda<\/p>\n","protected":false},"excerpt":{"rendered":"<p>UNIVERSIDAD DE CALDAS APOYA LA REALIZACI\u00d3N DEL PROYECTO Con cortometrajes j\u00f3venes de colegios en Manizales aprenden y ense\u00f1an la importancia de la inclusi\u00f3n 17\/10\/2019 Cerca de 80 estudiantes de siete colegios de Manizales aprenden y a la vez ense\u00f1an sobre la inclusi\u00f3n desde distintos puntos de vista y mediante la realizaci\u00f3n de siete cortometrajes que [&hellip;]<\/p>\n","protected":false},"author":2,"featured_media":52354,"comment_status":"closed","ping_status":"open","sticky":false,"template":"","format":"standard","meta":{"footnotes":""},"categories":[48,53,624],"tags":[4465,651,1181,2257],"class_list":["post-52352","post","type-post","status-publish","format-standard","has-post-thumbnail","hentry","category-actualidad","category-universidad-al-dia","category-ucaldas-activa","tag-cortometrajes","tag-diversidad","tag-educacion","tag-inclusion"],"yoast_head":"<!-- This site is optimized with the Yoast SEO plugin v27.5 - https:\/\/yoast.com\/product\/yoast-seo-wordpress\/ -->\n<title>Con cortometrajes j\u00f3venes de colegios en Manizales aprenden y ense\u00f1an la importancia de la inclusi\u00f3n .<\/title>\n<meta name=\"robots\" content=\"index, follow, max-snippet:-1, max-image-preview:large, max-video-preview:-1\" \/>\n<link rel=\"canonical\" href=\"https:\/\/www.ucaldas.edu.co\/portal\/con-cortometrajes-jovenes-de-colegios-en-manizales-aprenden-y-ensenan-la-importancia-de-la-inclusion\/\" \/>\n<script type=\"application\/ld+json\" class=\"yoast-schema-graph\">{\"@context\":\"https:\\\/\\\/schema.org\",\"@graph\":[{\"@type\":\"Article\",\"@id\":\"https:\\\/\\\/www.ucaldas.edu.co\\\/portal\\\/con-cortometrajes-jovenes-de-colegios-en-manizales-aprenden-y-ensenan-la-importancia-de-la-inclusion\\\/#article\",\"isPartOf\":{\"@id\":\"https:\\\/\\\/www.ucaldas.edu.co\\\/portal\\\/con-cortometrajes-jovenes-de-colegios-en-manizales-aprenden-y-ensenan-la-importancia-de-la-inclusion\\\/\"},\"author\":{\"name\":\"ofiprensa\",\"@id\":\"https:\\\/\\\/www.ucaldas.edu.co\\\/portal\\\/#\\\/schema\\\/person\\\/a1b482e23449158b4bc319926c074fdf\"},\"headline\":\"Con cortometrajes j\u00f3venes de colegios en Manizales aprenden y ense\u00f1an la importancia de la inclusi\u00f3n\",\"datePublished\":\"2019-10-17T22:05:52+00:00\",\"dateModified\":\"2019-10-17T22:06:23+00:00\",\"mainEntityOfPage\":{\"@id\":\"https:\\\/\\\/www.ucaldas.edu.co\\\/portal\\\/con-cortometrajes-jovenes-de-colegios-en-manizales-aprenden-y-ensenan-la-importancia-de-la-inclusion\\\/\"},\"wordCount\":387,\"publisher\":{\"@id\":\"https:\\\/\\\/www.ucaldas.edu.co\\\/portal\\\/#organization\"},\"image\":{\"@id\":\"https:\\\/\\\/www.ucaldas.edu.co\\\/portal\\\/con-cortometrajes-jovenes-de-colegios-en-manizales-aprenden-y-ensenan-la-importancia-de-la-inclusion\\\/#primaryimage\"},\"thumbnailUrl\":\"https:\\\/\\\/www.ucaldas.edu.co\\\/portal\\\/wp-content\\\/uploads\\\/2019\\\/10\\\/CORTOS-INCLUSI\u00d3N-compressor.png\",\"keywords\":[\"cortometrajes\",\"diversidad\",\"educaci\u00f3n\",\"inclusi\u00f3n\"],\"articleSection\":[\"Actualidad\",\"Universidad al D\u00eda\",\"UCaldas Activa\"],\"inLanguage\":\"es\"},{\"@type\":\"WebPage\",\"@id\":\"https:\\\/\\\/www.ucaldas.edu.co\\\/portal\\\/con-cortometrajes-jovenes-de-colegios-en-manizales-aprenden-y-ensenan-la-importancia-de-la-inclusion\\\/\",\"url\":\"https:\\\/\\\/www.ucaldas.edu.co\\\/portal\\\/con-cortometrajes-jovenes-de-colegios-en-manizales-aprenden-y-ensenan-la-importancia-de-la-inclusion\\\/\",\"name\":\"Con cortometrajes j\u00f3venes de colegios en Manizales aprenden y ense\u00f1an la importancia de la inclusi\u00f3n .\",\"isPartOf\":{\"@id\":\"https:\\\/\\\/www.ucaldas.edu.co\\\/portal\\\/#website\"},\"primaryImageOfPage\":{\"@id\":\"https:\\\/\\\/www.ucaldas.edu.co\\\/portal\\\/con-cortometrajes-jovenes-de-colegios-en-manizales-aprenden-y-ensenan-la-importancia-de-la-inclusion\\\/#primaryimage\"},\"image\":{\"@id\":\"https:\\\/\\\/www.ucaldas.edu.co\\\/portal\\\/con-cortometrajes-jovenes-de-colegios-en-manizales-aprenden-y-ensenan-la-importancia-de-la-inclusion\\\/#primaryimage\"},\"thumbnailUrl\":\"https:\\\/\\\/www.ucaldas.edu.co\\\/portal\\\/wp-content\\\/uploads\\\/2019\\\/10\\\/CORTOS-INCLUSI\u00d3N-compressor.png\",\"datePublished\":\"2019-10-17T22:05:52+00:00\",\"dateModified\":\"2019-10-17T22:06:23+00:00\",\"breadcrumb\":{\"@id\":\"https:\\\/\\\/www.ucaldas.edu.co\\\/portal\\\/con-cortometrajes-jovenes-de-colegios-en-manizales-aprenden-y-ensenan-la-importancia-de-la-inclusion\\\/#breadcrumb\"},\"inLanguage\":\"es\",\"potentialAction\":[{\"@type\":\"ReadAction\",\"target\":[\"https:\\\/\\\/www.ucaldas.edu.co\\\/portal\\\/con-cortometrajes-jovenes-de-colegios-en-manizales-aprenden-y-ensenan-la-importancia-de-la-inclusion\\\/\"]}]},{\"@type\":\"ImageObject\",\"inLanguage\":\"es\",\"@id\":\"https:\\\/\\\/www.ucaldas.edu.co\\\/portal\\\/con-cortometrajes-jovenes-de-colegios-en-manizales-aprenden-y-ensenan-la-importancia-de-la-inclusion\\\/#primaryimage\",\"url\":\"https:\\\/\\\/www.ucaldas.edu.co\\\/portal\\\/wp-content\\\/uploads\\\/2019\\\/10\\\/CORTOS-INCLUSI\u00d3N-compressor.png\",\"contentUrl\":\"https:\\\/\\\/www.ucaldas.edu.co\\\/portal\\\/wp-content\\\/uploads\\\/2019\\\/10\\\/CORTOS-INCLUSI\u00d3N-compressor.png\",\"width\":700,\"height\":400},{\"@type\":\"BreadcrumbList\",\"@id\":\"https:\\\/\\\/www.ucaldas.edu.co\\\/portal\\\/con-cortometrajes-jovenes-de-colegios-en-manizales-aprenden-y-ensenan-la-importancia-de-la-inclusion\\\/#breadcrumb\",\"itemListElement\":[{\"@type\":\"ListItem\",\"position\":1,\"name\":\"Portada\",\"item\":\"https:\\\/\\\/www.ucaldas.edu.co\\\/portal\\\/\"},{\"@type\":\"ListItem\",\"position\":2,\"name\":\"Con cortometrajes j\u00f3venes de colegios en Manizales aprenden y ense\u00f1an la importancia de la inclusi\u00f3n\"}]},{\"@type\":\"WebSite\",\"@id\":\"https:\\\/\\\/www.ucaldas.edu.co\\\/portal\\\/#website\",\"url\":\"https:\\\/\\\/www.ucaldas.edu.co\\\/portal\\\/\",\"name\":\"Universidad de Caldas\",\"description\":\"\",\"publisher\":{\"@id\":\"https:\\\/\\\/www.ucaldas.edu.co\\\/portal\\\/#organization\"},\"alternateName\":\"U. de Caldas\",\"potentialAction\":[{\"@type\":\"SearchAction\",\"target\":{\"@type\":\"EntryPoint\",\"urlTemplate\":\"https:\\\/\\\/www.ucaldas.edu.co\\\/portal\\\/?s={search_term_string}\"},\"query-input\":{\"@type\":\"PropertyValueSpecification\",\"valueRequired\":true,\"valueName\":\"search_term_string\"}}],\"inLanguage\":\"es\"},{\"@type\":\"Organization\",\"@id\":\"https:\\\/\\\/www.ucaldas.edu.co\\\/portal\\\/#organization\",\"name\":\"Universidad de Caldas\",\"alternateName\":\"U. de Caldas\",\"url\":\"https:\\\/\\\/www.ucaldas.edu.co\\\/portal\\\/\",\"logo\":{\"@type\":\"ImageObject\",\"inLanguage\":\"es\",\"@id\":\"https:\\\/\\\/www.ucaldas.edu.co\\\/portal\\\/#\\\/schema\\\/logo\\\/image\\\/\",\"url\":\"https:\\\/\\\/www.ucaldas.edu.co\\\/portal\\\/wp-content\\\/uploads\\\/2023\\\/11\\\/Logo_horizontal_oscuroU-2023.png\",\"contentUrl\":\"https:\\\/\\\/www.ucaldas.edu.co\\\/portal\\\/wp-content\\\/uploads\\\/2023\\\/11\\\/Logo_horizontal_oscuroU-2023.png\",\"width\":263,\"height\":101,\"caption\":\"Universidad de Caldas\"},\"image\":{\"@id\":\"https:\\\/\\\/www.ucaldas.edu.co\\\/portal\\\/#\\\/schema\\\/logo\\\/image\\\/\"},\"sameAs\":[\"https:\\\/\\\/www.facebook.com\\\/udecaldas\",\"https:\\\/\\\/x.com\\\/udecaldas\",\"https:\\\/\\\/www.youtube.com\\\/universidadcaldas\",\"https:\\\/\\\/www.instagram.com\\\/udecaldas\\\/\"]},{\"@type\":\"Person\",\"@id\":\"https:\\\/\\\/www.ucaldas.edu.co\\\/portal\\\/#\\\/schema\\\/person\\\/a1b482e23449158b4bc319926c074fdf\",\"name\":\"ofiprensa\",\"image\":{\"@type\":\"ImageObject\",\"inLanguage\":\"es\",\"@id\":\"https:\\\/\\\/www.ucaldas.edu.co\\\/portal\\\/wp-content\\\/litespeed\\\/avatar\\\/09ea5085e600095a7a811142c6944527.jpg?ver=1777497608\",\"url\":\"https:\\\/\\\/www.ucaldas.edu.co\\\/portal\\\/wp-content\\\/litespeed\\\/avatar\\\/09ea5085e600095a7a811142c6944527.jpg?ver=1777497608\",\"contentUrl\":\"https:\\\/\\\/www.ucaldas.edu.co\\\/portal\\\/wp-content\\\/litespeed\\\/avatar\\\/09ea5085e600095a7a811142c6944527.jpg?ver=1777497608\",\"caption\":\"ofiprensa\"},\"url\":\"https:\\\/\\\/www.ucaldas.edu.co\\\/portal\\\/author\\\/ofiprensa\\\/\"}]}<\/script>\n<!-- \/ Yoast SEO plugin. -->","yoast_head_json":{"title":"Con cortometrajes j\u00f3venes de colegios en Manizales aprenden y ense\u00f1an la importancia de la inclusi\u00f3n .","robots":{"index":"index","follow":"follow","max-snippet":"max-snippet:-1","max-image-preview":"max-image-preview:large","max-video-preview":"max-video-preview:-1"},"canonical":"https:\/\/www.ucaldas.edu.co\/portal\/con-cortometrajes-jovenes-de-colegios-en-manizales-aprenden-y-ensenan-la-importancia-de-la-inclusion\/","schema":{"@context":"https:\/\/schema.org","@graph":[{"@type":"Article","@id":"https:\/\/www.ucaldas.edu.co\/portal\/con-cortometrajes-jovenes-de-colegios-en-manizales-aprenden-y-ensenan-la-importancia-de-la-inclusion\/#article","isPartOf":{"@id":"https:\/\/www.ucaldas.edu.co\/portal\/con-cortometrajes-jovenes-de-colegios-en-manizales-aprenden-y-ensenan-la-importancia-de-la-inclusion\/"},"author":{"name":"ofiprensa","@id":"https:\/\/www.ucaldas.edu.co\/portal\/#\/schema\/person\/a1b482e23449158b4bc319926c074fdf"},"headline":"Con cortometrajes j\u00f3venes de colegios en Manizales aprenden y ense\u00f1an la importancia de la inclusi\u00f3n","datePublished":"2019-10-17T22:05:52+00:00","dateModified":"2019-10-17T22:06:23+00:00","mainEntityOfPage":{"@id":"https:\/\/www.ucaldas.edu.co\/portal\/con-cortometrajes-jovenes-de-colegios-en-manizales-aprenden-y-ensenan-la-importancia-de-la-inclusion\/"},"wordCount":387,"publisher":{"@id":"https:\/\/www.ucaldas.edu.co\/portal\/#organization"},"image":{"@id":"https:\/\/www.ucaldas.edu.co\/portal\/con-cortometrajes-jovenes-de-colegios-en-manizales-aprenden-y-ensenan-la-importancia-de-la-inclusion\/#primaryimage"},"thumbnailUrl":"https:\/\/www.ucaldas.edu.co\/portal\/wp-content\/uploads\/2019\/10\/CORTOS-INCLUSI\u00d3N-compressor.png","keywords":["cortometrajes","diversidad","educaci\u00f3n","inclusi\u00f3n"],"articleSection":["Actualidad","Universidad al D\u00eda","UCaldas Activa"],"inLanguage":"es"},{"@type":"WebPage","@id":"https:\/\/www.ucaldas.edu.co\/portal\/con-cortometrajes-jovenes-de-colegios-en-manizales-aprenden-y-ensenan-la-importancia-de-la-inclusion\/","url":"https:\/\/www.ucaldas.edu.co\/portal\/con-cortometrajes-jovenes-de-colegios-en-manizales-aprenden-y-ensenan-la-importancia-de-la-inclusion\/","name":"Con cortometrajes j\u00f3venes de colegios en Manizales aprenden y ense\u00f1an la importancia de la inclusi\u00f3n .","isPartOf":{"@id":"https:\/\/www.ucaldas.edu.co\/portal\/#website"},"primaryImageOfPage":{"@id":"https:\/\/www.ucaldas.edu.co\/portal\/con-cortometrajes-jovenes-de-colegios-en-manizales-aprenden-y-ensenan-la-importancia-de-la-inclusion\/#primaryimage"},"image":{"@id":"https:\/\/www.ucaldas.edu.co\/portal\/con-cortometrajes-jovenes-de-colegios-en-manizales-aprenden-y-ensenan-la-importancia-de-la-inclusion\/#primaryimage"},"thumbnailUrl":"https:\/\/www.ucaldas.edu.co\/portal\/wp-content\/uploads\/2019\/10\/CORTOS-INCLUSI\u00d3N-compressor.png","datePublished":"2019-10-17T22:05:52+00:00","dateModified":"2019-10-17T22:06:23+00:00","breadcrumb":{"@id":"https:\/\/www.ucaldas.edu.co\/portal\/con-cortometrajes-jovenes-de-colegios-en-manizales-aprenden-y-ensenan-la-importancia-de-la-inclusion\/#breadcrumb"},"inLanguage":"es","potentialAction":[{"@type":"ReadAction","target":["https:\/\/www.ucaldas.edu.co\/portal\/con-cortometrajes-jovenes-de-colegios-en-manizales-aprenden-y-ensenan-la-importancia-de-la-inclusion\/"]}]},{"@type":"ImageObject","inLanguage":"es","@id":"https:\/\/www.ucaldas.edu.co\/portal\/con-cortometrajes-jovenes-de-colegios-en-manizales-aprenden-y-ensenan-la-importancia-de-la-inclusion\/#primaryimage","url":"https:\/\/www.ucaldas.edu.co\/portal\/wp-content\/uploads\/2019\/10\/CORTOS-INCLUSI\u00d3N-compressor.png","contentUrl":"https:\/\/www.ucaldas.edu.co\/portal\/wp-content\/uploads\/2019\/10\/CORTOS-INCLUSI\u00d3N-compressor.png","width":700,"height":400},{"@type":"BreadcrumbList","@id":"https:\/\/www.ucaldas.edu.co\/portal\/con-cortometrajes-jovenes-de-colegios-en-manizales-aprenden-y-ensenan-la-importancia-de-la-inclusion\/#breadcrumb","itemListElement":[{"@type":"ListItem","position":1,"name":"Portada","item":"https:\/\/www.ucaldas.edu.co\/portal\/"},{"@type":"ListItem","position":2,"name":"Con cortometrajes j\u00f3venes de colegios en Manizales aprenden y ense\u00f1an la importancia de la inclusi\u00f3n"}]},{"@type":"WebSite","@id":"https:\/\/www.ucaldas.edu.co\/portal\/#website","url":"https:\/\/www.ucaldas.edu.co\/portal\/","name":"Universidad de Caldas","description":"","publisher":{"@id":"https:\/\/www.ucaldas.edu.co\/portal\/#organization"},"alternateName":"U. de Caldas","potentialAction":[{"@type":"SearchAction","target":{"@type":"EntryPoint","urlTemplate":"https:\/\/www.ucaldas.edu.co\/portal\/?s={search_term_string}"},"query-input":{"@type":"PropertyValueSpecification","valueRequired":true,"valueName":"search_term_string"}}],"inLanguage":"es"},{"@type":"Organization","@id":"https:\/\/www.ucaldas.edu.co\/portal\/#organization","name":"Universidad de Caldas","alternateName":"U. de Caldas","url":"https:\/\/www.ucaldas.edu.co\/portal\/","logo":{"@type":"ImageObject","inLanguage":"es","@id":"https:\/\/www.ucaldas.edu.co\/portal\/#\/schema\/logo\/image\/","url":"https:\/\/www.ucaldas.edu.co\/portal\/wp-content\/uploads\/2023\/11\/Logo_horizontal_oscuroU-2023.png","contentUrl":"https:\/\/www.ucaldas.edu.co\/portal\/wp-content\/uploads\/2023\/11\/Logo_horizontal_oscuroU-2023.png","width":263,"height":101,"caption":"Universidad de Caldas"},"image":{"@id":"https:\/\/www.ucaldas.edu.co\/portal\/#\/schema\/logo\/image\/"},"sameAs":["https:\/\/www.facebook.com\/udecaldas","https:\/\/x.com\/udecaldas","https:\/\/www.youtube.com\/universidadcaldas","https:\/\/www.instagram.com\/udecaldas\/"]},{"@type":"Person","@id":"https:\/\/www.ucaldas.edu.co\/portal\/#\/schema\/person\/a1b482e23449158b4bc319926c074fdf","name":"ofiprensa","image":{"@type":"ImageObject","inLanguage":"es","@id":"https:\/\/www.ucaldas.edu.co\/portal\/wp-content\/litespeed\/avatar\/09ea5085e600095a7a811142c6944527.jpg?ver=1777497608","url":"https:\/\/www.ucaldas.edu.co\/portal\/wp-content\/litespeed\/avatar\/09ea5085e600095a7a811142c6944527.jpg?ver=1777497608","contentUrl":"https:\/\/www.ucaldas.edu.co\/portal\/wp-content\/litespeed\/avatar\/09ea5085e600095a7a811142c6944527.jpg?ver=1777497608","caption":"ofiprensa"},"url":"https:\/\/www.ucaldas.edu.co\/portal\/author\/ofiprensa\/"}]}},"_links":{"self":[{"href":"https:\/\/www.ucaldas.edu.co\/portal\/wp-json\/wp\/v2\/posts\/52352","targetHints":{"allow":["GET"]}}],"collection":[{"href":"https:\/\/www.ucaldas.edu.co\/portal\/wp-json\/wp\/v2\/posts"}],"about":[{"href":"https:\/\/www.ucaldas.edu.co\/portal\/wp-json\/wp\/v2\/types\/post"}],"author":[{"embeddable":true,"href":"https:\/\/www.ucaldas.edu.co\/portal\/wp-json\/wp\/v2\/users\/2"}],"replies":[{"embeddable":true,"href":"https:\/\/www.ucaldas.edu.co\/portal\/wp-json\/wp\/v2\/comments?post=52352"}],"version-history":[{"count":0,"href":"https:\/\/www.ucaldas.edu.co\/portal\/wp-json\/wp\/v2\/posts\/52352\/revisions"}],"wp:featuredmedia":[{"embeddable":true,"href":"https:\/\/www.ucaldas.edu.co\/portal\/wp-json\/wp\/v2\/media\/52354"}],"wp:attachment":[{"href":"https:\/\/www.ucaldas.edu.co\/portal\/wp-json\/wp\/v2\/media?parent=52352"}],"wp:term":[{"taxonomy":"category","embeddable":true,"href":"https:\/\/www.ucaldas.edu.co\/portal\/wp-json\/wp\/v2\/categories?post=52352"},{"taxonomy":"post_tag","embeddable":true,"href":"https:\/\/www.ucaldas.edu.co\/portal\/wp-json\/wp\/v2\/tags?post=52352"}],"curies":[{"name":"wp","href":"https:\/\/api.w.org\/{rel}","templated":true}]}}