{"id":52154,"date":"2019-10-10T21:58:44","date_gmt":"2019-10-10T21:58:44","guid":{"rendered":"https:\/\/www.ucaldas.edu.co\/portal\/?p=52154"},"modified":"2019-10-10T21:58:49","modified_gmt":"2019-10-10T21:58:49","slug":"vicerrectoria-de-investigaciones-da-a-conocer-apoyos-economicos-para-participar-en-eventos-cientificos","status":"publish","type":"post","link":"https:\/\/www.ucaldas.edu.co\/portal\/vicerrectoria-de-investigaciones-da-a-conocer-apoyos-economicos-para-participar-en-eventos-cientificos\/","title":{"rendered":"Vicerrector\u00eda de Investigaciones da a conocer apoyos econ\u00f3micos para participar en eventos cient\u00edficos"},"content":{"rendered":"<p style=\"text-align: center;\">DIRIGIDOS A ESTUDIANTES DE POSGRADO DE LA UNIVERSIDAD DE CALDAS<\/p>\n<p style=\"text-align: center;\"><strong>Vicerrector\u00eda de Investigaciones da a conocer apoyos econ\u00f3micos para participar en eventos cient\u00edficos<\/strong><\/p>\n<p style=\"text-align: right;\">10\/10\/2019<\/p>\n<p><img loading=\"lazy\" decoding=\"async\" class=\"aligncenter wp-image-52155 size-full\" src=\"https:\/\/www.ucaldas.edu.co\/portal\/wp-content\/uploads\/2019\/10\/EVENTOS-CIENTIFICOS-compressor.png\" alt=\"\" width=\"700\" height=\"400\" srcset=\"https:\/\/www.ucaldas.edu.co\/portal\/wp-content\/uploads\/2019\/10\/EVENTOS-CIENTIFICOS-compressor.png 700w, https:\/\/www.ucaldas.edu.co\/portal\/wp-content\/uploads\/2019\/10\/EVENTOS-CIENTIFICOS-compressor-300x171.png 300w\" sizes=\"auto, (max-width: 700px) 100vw, 700px\" \/><\/p>\n<p>Los estudiantes de posgrado de la Universidad de Caldas tienen la posibilidad de tener apoyo econ\u00f3mico para asistir a eventos cient\u00edficos de car\u00e1cter nacional e internacional, con el fin de que expongan los resultados de sus investigaciones. Con estas ayudas tambi\u00e9n se busca promover el intercambio de conocimiento y experiencias con investigadores de Colombia y otros pa\u00edses.<!--more--><\/p>\n<p>De acuerdo con la informaci\u00f3n de la Vicerrector\u00eda de Investigaciones y Posgrados de la instituci\u00f3n, el apoyo para los eventos realizados fuera de Colombia ser\u00e1 hasta de dos millones de pesos, y para los eventos nacionales, hasta de 1 mill\u00f3n de pesos. Para esto, la instituci\u00f3n destinar\u00e1 en total 25 millones de pesos este a\u00f1o.<\/p>\n<p>&nbsp;<\/p>\n<p>Para acceder a estos recursos, se deben cumplir los siguientes requisitos:<\/p>\n<table>\n<tbody>\n<tr>\n<td width=\"361\"><strong>REQUISITO<\/strong><\/td>\n<td width=\"220\"><strong>DOCUMENTO<\/strong><\/td>\n<\/tr>\n<tr>\n<td width=\"361\">Ser estudiante activo de un posgrado de la Universidad de Caldas<\/td>\n<td width=\"220\">Presentar certificado de estudio vigente expedido\u00a0 por la Oficina de Registro Acad\u00e9mico<\/td>\n<\/tr>\n<tr>\n<td width=\"361\">Invitado o aceptado por el Comit\u00e9 Organizador del evento nacional o internacional, como conferencista o ponente<\/td>\n<td width=\"220\">Carta de invitaci\u00f3n o aceptaci\u00f3n<\/td>\n<\/tr>\n<tr>\n<td width=\"361\">La ponencia o conferencia debe estar relacionada con un proyecto de investigaci\u00f3n realizado en un grupo o derivado de la investigaci\u00f3n conducente a la tesis o trabajo de grado<\/td>\n<td width=\"220\">Carta del Director del Grupo de Investigaci\u00f3n o Director de Tesis o trabajo de grado<\/td>\n<\/tr>\n<tr>\n<td width=\"361\">En el encabezado de la ponencia, donde se identifican los autores, debe quedar expl\u00edcita la afiliaci\u00f3n a la Universidad de Caldas<\/td>\n<td width=\"220\">Ponencia<\/td>\n<\/tr>\n<tr>\n<td width=\"361\">Conformidad de los coautores de la ponencia y de los investigadores que participan del proyecto de investigaci\u00f3n para que el solicitante sea quien realice la difusi\u00f3n en el evento cient\u00edfico<\/td>\n<td width=\"220\">Carta del investigador principal del proyecto o Director de Tesis o trabajo de grado<\/td>\n<\/tr>\n<tr>\n<td width=\"361\"><a href=\"http:\/\/200.21.104.25\/viceinpos\/downloads\/FORMULARIO_EventoCientifico_2015.docx\">Solicitud de apoyo econ\u00f3mico para estudiantes de Posgrado para participar en Eventos Cient\u00edficos<\/a> de la Vicerrector\u00eda de Investigaciones y Posgrados<\/td>\n<td width=\"220\">Formato de solicitud, anexo a este comunicado<\/td>\n<\/tr>\n<tr>\n<td width=\"361\">No haber sido beneficiado con apoyo de \u00e9ste tipo de destinaci\u00f3n de recursos en la Vicerrector\u00eda o de otras entidades externas por ejemplo COLCIENCIAS en la vigencia anterior y el tipo de apoyo ser\u00e1 \u00fanicamente para cualquiera de los siguientes tipos: Inscripci\u00f3n, alojamiento, o desplazamiento<\/td>\n<td width=\"220\">Carta del estudiante, donde indique expresamente que cumple con este requisito<\/td>\n<\/tr>\n<tr>\n<td width=\"361\">Presentar CVLAC \u00a0actualizado.<\/td>\n<td width=\"220\">Documento de CVLAC actualizado<\/td>\n<\/tr>\n<tr>\n<td width=\"361\">Presentar el registro del ORCID\u00a0(Open Researcher and Contributor ID)<\/td>\n<td width=\"220\">Documento registro del ORCID\u00a0(Open Researcher and Contributor ID)<\/td>\n<\/tr>\n<tr>\n<td width=\"361\">Presentar actualizado el perfil de Google Acad\u00e9mico con el correo institucional de la Universidad<\/td>\n<td width=\"220\">Documento del Google Acad\u00e9mico<\/td>\n<\/tr>\n<tr>\n<td width=\"361\">Presentar el perfil de Researchgate<\/td>\n<td width=\"220\">Documento del perfil de Researchgate<\/td>\n<\/tr>\n<\/tbody>\n<\/table>\n<p>&nbsp;<\/p>\n<p><strong>Informes:<\/strong> Oficina de Comunicaciones y Prensa Universidad de Caldas. Tel\u00e9fono: 8781500 Extensi\u00f3n: 12167<\/p>\n<p><strong>Redacci\u00f3n:<\/strong> Adriana Osorio Garc\u00eda<\/p>\n","protected":false},"excerpt":{"rendered":"<p>DIRIGIDOS A ESTUDIANTES DE POSGRADO DE LA UNIVERSIDAD DE CALDAS Vicerrector\u00eda de Investigaciones da a conocer apoyos econ\u00f3micos para participar en eventos cient\u00edficos 10\/10\/2019 Los estudiantes de posgrado de la Universidad de Caldas tienen la posibilidad de tener apoyo econ\u00f3mico para asistir a eventos cient\u00edficos de car\u00e1cter nacional e internacional, con el fin de que [&hellip;]<\/p>\n","protected":false},"author":2,"featured_media":52155,"comment_status":"closed","ping_status":"open","sticky":false,"template":"","format":"standard","meta":{"footnotes":""},"categories":[48,53,617],"tags":[130,191,1037,4449,4450],"class_list":["post-52154","post","type-post","status-publish","format-standard","has-post-thumbnail","hentry","category-actualidad","category-universidad-al-dia","category-ucaldas-colaborativa","tag-ciencia","tag-investigacion","tag-posgrado","tag-eventos","tag-apoyos"],"yoast_head":"<!-- This site is optimized with the Yoast SEO plugin v27.5 - https:\/\/yoast.com\/product\/yoast-seo-wordpress\/ -->\n<title>Vicerrector\u00eda de Investigaciones da a conocer apoyos econ\u00f3micos para participar en eventos cient\u00edficos .<\/title>\n<meta name=\"robots\" content=\"index, follow, max-snippet:-1, max-image-preview:large, max-video-preview:-1\" \/>\n<link rel=\"canonical\" href=\"https:\/\/www.ucaldas.edu.co\/portal\/vicerrectoria-de-investigaciones-da-a-conocer-apoyos-economicos-para-participar-en-eventos-cientificos\/\" \/>\n<script type=\"application\/ld+json\" class=\"yoast-schema-graph\">{\"@context\":\"https:\\\/\\\/schema.org\",\"@graph\":[{\"@type\":\"Article\",\"@id\":\"https:\\\/\\\/www.ucaldas.edu.co\\\/portal\\\/vicerrectoria-de-investigaciones-da-a-conocer-apoyos-economicos-para-participar-en-eventos-cientificos\\\/#article\",\"isPartOf\":{\"@id\":\"https:\\\/\\\/www.ucaldas.edu.co\\\/portal\\\/vicerrectoria-de-investigaciones-da-a-conocer-apoyos-economicos-para-participar-en-eventos-cientificos\\\/\"},\"author\":{\"name\":\"ofiprensa\",\"@id\":\"https:\\\/\\\/www.ucaldas.edu.co\\\/portal\\\/#\\\/schema\\\/person\\\/a1b482e23449158b4bc319926c074fdf\"},\"headline\":\"Vicerrector\u00eda de Investigaciones da a conocer apoyos econ\u00f3micos para participar en eventos cient\u00edficos\",\"datePublished\":\"2019-10-10T21:58:44+00:00\",\"dateModified\":\"2019-10-10T21:58:49+00:00\",\"mainEntityOfPage\":{\"@id\":\"https:\\\/\\\/www.ucaldas.edu.co\\\/portal\\\/vicerrectoria-de-investigaciones-da-a-conocer-apoyos-economicos-para-participar-en-eventos-cientificos\\\/\"},\"wordCount\":507,\"publisher\":{\"@id\":\"https:\\\/\\\/www.ucaldas.edu.co\\\/portal\\\/#organization\"},\"image\":{\"@id\":\"https:\\\/\\\/www.ucaldas.edu.co\\\/portal\\\/vicerrectoria-de-investigaciones-da-a-conocer-apoyos-economicos-para-participar-en-eventos-cientificos\\\/#primaryimage\"},\"thumbnailUrl\":\"https:\\\/\\\/www.ucaldas.edu.co\\\/portal\\\/wp-content\\\/uploads\\\/2019\\\/10\\\/EVENTOS-CIENTIFICOS-compressor.png\",\"keywords\":[\"ciencia\",\"investigaci\u00f3n\",\"posgrado\",\"eventos\",\"apoyos\"],\"articleSection\":[\"Actualidad\",\"Universidad al D\u00eda\",\"UCaldas Colaborativa\"],\"inLanguage\":\"es\"},{\"@type\":\"WebPage\",\"@id\":\"https:\\\/\\\/www.ucaldas.edu.co\\\/portal\\\/vicerrectoria-de-investigaciones-da-a-conocer-apoyos-economicos-para-participar-en-eventos-cientificos\\\/\",\"url\":\"https:\\\/\\\/www.ucaldas.edu.co\\\/portal\\\/vicerrectoria-de-investigaciones-da-a-conocer-apoyos-economicos-para-participar-en-eventos-cientificos\\\/\",\"name\":\"Vicerrector\u00eda de Investigaciones da a conocer apoyos econ\u00f3micos para participar en eventos cient\u00edficos .\",\"isPartOf\":{\"@id\":\"https:\\\/\\\/www.ucaldas.edu.co\\\/portal\\\/#website\"},\"primaryImageOfPage\":{\"@id\":\"https:\\\/\\\/www.ucaldas.edu.co\\\/portal\\\/vicerrectoria-de-investigaciones-da-a-conocer-apoyos-economicos-para-participar-en-eventos-cientificos\\\/#primaryimage\"},\"image\":{\"@id\":\"https:\\\/\\\/www.ucaldas.edu.co\\\/portal\\\/vicerrectoria-de-investigaciones-da-a-conocer-apoyos-economicos-para-participar-en-eventos-cientificos\\\/#primaryimage\"},\"thumbnailUrl\":\"https:\\\/\\\/www.ucaldas.edu.co\\\/portal\\\/wp-content\\\/uploads\\\/2019\\\/10\\\/EVENTOS-CIENTIFICOS-compressor.png\",\"datePublished\":\"2019-10-10T21:58:44+00:00\",\"dateModified\":\"2019-10-10T21:58:49+00:00\",\"breadcrumb\":{\"@id\":\"https:\\\/\\\/www.ucaldas.edu.co\\\/portal\\\/vicerrectoria-de-investigaciones-da-a-conocer-apoyos-economicos-para-participar-en-eventos-cientificos\\\/#breadcrumb\"},\"inLanguage\":\"es\",\"potentialAction\":[{\"@type\":\"ReadAction\",\"target\":[\"https:\\\/\\\/www.ucaldas.edu.co\\\/portal\\\/vicerrectoria-de-investigaciones-da-a-conocer-apoyos-economicos-para-participar-en-eventos-cientificos\\\/\"]}]},{\"@type\":\"ImageObject\",\"inLanguage\":\"es\",\"@id\":\"https:\\\/\\\/www.ucaldas.edu.co\\\/portal\\\/vicerrectoria-de-investigaciones-da-a-conocer-apoyos-economicos-para-participar-en-eventos-cientificos\\\/#primaryimage\",\"url\":\"https:\\\/\\\/www.ucaldas.edu.co\\\/portal\\\/wp-content\\\/uploads\\\/2019\\\/10\\\/EVENTOS-CIENTIFICOS-compressor.png\",\"contentUrl\":\"https:\\\/\\\/www.ucaldas.edu.co\\\/portal\\\/wp-content\\\/uploads\\\/2019\\\/10\\\/EVENTOS-CIENTIFICOS-compressor.png\",\"width\":700,\"height\":400},{\"@type\":\"BreadcrumbList\",\"@id\":\"https:\\\/\\\/www.ucaldas.edu.co\\\/portal\\\/vicerrectoria-de-investigaciones-da-a-conocer-apoyos-economicos-para-participar-en-eventos-cientificos\\\/#breadcrumb\",\"itemListElement\":[{\"@type\":\"ListItem\",\"position\":1,\"name\":\"Portada\",\"item\":\"https:\\\/\\\/www.ucaldas.edu.co\\\/portal\\\/\"},{\"@type\":\"ListItem\",\"position\":2,\"name\":\"Vicerrector\u00eda de Investigaciones da a conocer apoyos econ\u00f3micos para participar en eventos cient\u00edficos\"}]},{\"@type\":\"WebSite\",\"@id\":\"https:\\\/\\\/www.ucaldas.edu.co\\\/portal\\\/#website\",\"url\":\"https:\\\/\\\/www.ucaldas.edu.co\\\/portal\\\/\",\"name\":\"Universidad de Caldas\",\"description\":\"\",\"publisher\":{\"@id\":\"https:\\\/\\\/www.ucaldas.edu.co\\\/portal\\\/#organization\"},\"alternateName\":\"U. de Caldas\",\"potentialAction\":[{\"@type\":\"SearchAction\",\"target\":{\"@type\":\"EntryPoint\",\"urlTemplate\":\"https:\\\/\\\/www.ucaldas.edu.co\\\/portal\\\/?s={search_term_string}\"},\"query-input\":{\"@type\":\"PropertyValueSpecification\",\"valueRequired\":true,\"valueName\":\"search_term_string\"}}],\"inLanguage\":\"es\"},{\"@type\":\"Organization\",\"@id\":\"https:\\\/\\\/www.ucaldas.edu.co\\\/portal\\\/#organization\",\"name\":\"Universidad de Caldas\",\"alternateName\":\"U. de Caldas\",\"url\":\"https:\\\/\\\/www.ucaldas.edu.co\\\/portal\\\/\",\"logo\":{\"@type\":\"ImageObject\",\"inLanguage\":\"es\",\"@id\":\"https:\\\/\\\/www.ucaldas.edu.co\\\/portal\\\/#\\\/schema\\\/logo\\\/image\\\/\",\"url\":\"https:\\\/\\\/www.ucaldas.edu.co\\\/portal\\\/wp-content\\\/uploads\\\/2023\\\/11\\\/Logo_horizontal_oscuroU-2023.png\",\"contentUrl\":\"https:\\\/\\\/www.ucaldas.edu.co\\\/portal\\\/wp-content\\\/uploads\\\/2023\\\/11\\\/Logo_horizontal_oscuroU-2023.png\",\"width\":263,\"height\":101,\"caption\":\"Universidad de Caldas\"},\"image\":{\"@id\":\"https:\\\/\\\/www.ucaldas.edu.co\\\/portal\\\/#\\\/schema\\\/logo\\\/image\\\/\"},\"sameAs\":[\"https:\\\/\\\/www.facebook.com\\\/udecaldas\",\"https:\\\/\\\/x.com\\\/udecaldas\",\"https:\\\/\\\/www.youtube.com\\\/universidadcaldas\",\"https:\\\/\\\/www.instagram.com\\\/udecaldas\\\/\"]},{\"@type\":\"Person\",\"@id\":\"https:\\\/\\\/www.ucaldas.edu.co\\\/portal\\\/#\\\/schema\\\/person\\\/a1b482e23449158b4bc319926c074fdf\",\"name\":\"ofiprensa\",\"image\":{\"@type\":\"ImageObject\",\"inLanguage\":\"es\",\"@id\":\"https:\\\/\\\/www.ucaldas.edu.co\\\/portal\\\/wp-content\\\/litespeed\\\/avatar\\\/09ea5085e600095a7a811142c6944527.jpg?ver=1777497608\",\"url\":\"https:\\\/\\\/www.ucaldas.edu.co\\\/portal\\\/wp-content\\\/litespeed\\\/avatar\\\/09ea5085e600095a7a811142c6944527.jpg?ver=1777497608\",\"contentUrl\":\"https:\\\/\\\/www.ucaldas.edu.co\\\/portal\\\/wp-content\\\/litespeed\\\/avatar\\\/09ea5085e600095a7a811142c6944527.jpg?ver=1777497608\",\"caption\":\"ofiprensa\"},\"url\":\"https:\\\/\\\/www.ucaldas.edu.co\\\/portal\\\/author\\\/ofiprensa\\\/\"}]}<\/script>\n<!-- \/ Yoast SEO plugin. -->","yoast_head_json":{"title":"Vicerrector\u00eda de Investigaciones da a conocer apoyos econ\u00f3micos para participar en eventos cient\u00edficos .","robots":{"index":"index","follow":"follow","max-snippet":"max-snippet:-1","max-image-preview":"max-image-preview:large","max-video-preview":"max-video-preview:-1"},"canonical":"https:\/\/www.ucaldas.edu.co\/portal\/vicerrectoria-de-investigaciones-da-a-conocer-apoyos-economicos-para-participar-en-eventos-cientificos\/","schema":{"@context":"https:\/\/schema.org","@graph":[{"@type":"Article","@id":"https:\/\/www.ucaldas.edu.co\/portal\/vicerrectoria-de-investigaciones-da-a-conocer-apoyos-economicos-para-participar-en-eventos-cientificos\/#article","isPartOf":{"@id":"https:\/\/www.ucaldas.edu.co\/portal\/vicerrectoria-de-investigaciones-da-a-conocer-apoyos-economicos-para-participar-en-eventos-cientificos\/"},"author":{"name":"ofiprensa","@id":"https:\/\/www.ucaldas.edu.co\/portal\/#\/schema\/person\/a1b482e23449158b4bc319926c074fdf"},"headline":"Vicerrector\u00eda de Investigaciones da a conocer apoyos econ\u00f3micos para participar en eventos cient\u00edficos","datePublished":"2019-10-10T21:58:44+00:00","dateModified":"2019-10-10T21:58:49+00:00","mainEntityOfPage":{"@id":"https:\/\/www.ucaldas.edu.co\/portal\/vicerrectoria-de-investigaciones-da-a-conocer-apoyos-economicos-para-participar-en-eventos-cientificos\/"},"wordCount":507,"publisher":{"@id":"https:\/\/www.ucaldas.edu.co\/portal\/#organization"},"image":{"@id":"https:\/\/www.ucaldas.edu.co\/portal\/vicerrectoria-de-investigaciones-da-a-conocer-apoyos-economicos-para-participar-en-eventos-cientificos\/#primaryimage"},"thumbnailUrl":"https:\/\/www.ucaldas.edu.co\/portal\/wp-content\/uploads\/2019\/10\/EVENTOS-CIENTIFICOS-compressor.png","keywords":["ciencia","investigaci\u00f3n","posgrado","eventos","apoyos"],"articleSection":["Actualidad","Universidad al D\u00eda","UCaldas Colaborativa"],"inLanguage":"es"},{"@type":"WebPage","@id":"https:\/\/www.ucaldas.edu.co\/portal\/vicerrectoria-de-investigaciones-da-a-conocer-apoyos-economicos-para-participar-en-eventos-cientificos\/","url":"https:\/\/www.ucaldas.edu.co\/portal\/vicerrectoria-de-investigaciones-da-a-conocer-apoyos-economicos-para-participar-en-eventos-cientificos\/","name":"Vicerrector\u00eda de Investigaciones da a conocer apoyos econ\u00f3micos para participar en eventos cient\u00edficos .","isPartOf":{"@id":"https:\/\/www.ucaldas.edu.co\/portal\/#website"},"primaryImageOfPage":{"@id":"https:\/\/www.ucaldas.edu.co\/portal\/vicerrectoria-de-investigaciones-da-a-conocer-apoyos-economicos-para-participar-en-eventos-cientificos\/#primaryimage"},"image":{"@id":"https:\/\/www.ucaldas.edu.co\/portal\/vicerrectoria-de-investigaciones-da-a-conocer-apoyos-economicos-para-participar-en-eventos-cientificos\/#primaryimage"},"thumbnailUrl":"https:\/\/www.ucaldas.edu.co\/portal\/wp-content\/uploads\/2019\/10\/EVENTOS-CIENTIFICOS-compressor.png","datePublished":"2019-10-10T21:58:44+00:00","dateModified":"2019-10-10T21:58:49+00:00","breadcrumb":{"@id":"https:\/\/www.ucaldas.edu.co\/portal\/vicerrectoria-de-investigaciones-da-a-conocer-apoyos-economicos-para-participar-en-eventos-cientificos\/#breadcrumb"},"inLanguage":"es","potentialAction":[{"@type":"ReadAction","target":["https:\/\/www.ucaldas.edu.co\/portal\/vicerrectoria-de-investigaciones-da-a-conocer-apoyos-economicos-para-participar-en-eventos-cientificos\/"]}]},{"@type":"ImageObject","inLanguage":"es","@id":"https:\/\/www.ucaldas.edu.co\/portal\/vicerrectoria-de-investigaciones-da-a-conocer-apoyos-economicos-para-participar-en-eventos-cientificos\/#primaryimage","url":"https:\/\/www.ucaldas.edu.co\/portal\/wp-content\/uploads\/2019\/10\/EVENTOS-CIENTIFICOS-compressor.png","contentUrl":"https:\/\/www.ucaldas.edu.co\/portal\/wp-content\/uploads\/2019\/10\/EVENTOS-CIENTIFICOS-compressor.png","width":700,"height":400},{"@type":"BreadcrumbList","@id":"https:\/\/www.ucaldas.edu.co\/portal\/vicerrectoria-de-investigaciones-da-a-conocer-apoyos-economicos-para-participar-en-eventos-cientificos\/#breadcrumb","itemListElement":[{"@type":"ListItem","position":1,"name":"Portada","item":"https:\/\/www.ucaldas.edu.co\/portal\/"},{"@type":"ListItem","position":2,"name":"Vicerrector\u00eda de Investigaciones da a conocer apoyos econ\u00f3micos para participar en eventos cient\u00edficos"}]},{"@type":"WebSite","@id":"https:\/\/www.ucaldas.edu.co\/portal\/#website","url":"https:\/\/www.ucaldas.edu.co\/portal\/","name":"Universidad de Caldas","description":"","publisher":{"@id":"https:\/\/www.ucaldas.edu.co\/portal\/#organization"},"alternateName":"U. de Caldas","potentialAction":[{"@type":"SearchAction","target":{"@type":"EntryPoint","urlTemplate":"https:\/\/www.ucaldas.edu.co\/portal\/?s={search_term_string}"},"query-input":{"@type":"PropertyValueSpecification","valueRequired":true,"valueName":"search_term_string"}}],"inLanguage":"es"},{"@type":"Organization","@id":"https:\/\/www.ucaldas.edu.co\/portal\/#organization","name":"Universidad de Caldas","alternateName":"U. de Caldas","url":"https:\/\/www.ucaldas.edu.co\/portal\/","logo":{"@type":"ImageObject","inLanguage":"es","@id":"https:\/\/www.ucaldas.edu.co\/portal\/#\/schema\/logo\/image\/","url":"https:\/\/www.ucaldas.edu.co\/portal\/wp-content\/uploads\/2023\/11\/Logo_horizontal_oscuroU-2023.png","contentUrl":"https:\/\/www.ucaldas.edu.co\/portal\/wp-content\/uploads\/2023\/11\/Logo_horizontal_oscuroU-2023.png","width":263,"height":101,"caption":"Universidad de Caldas"},"image":{"@id":"https:\/\/www.ucaldas.edu.co\/portal\/#\/schema\/logo\/image\/"},"sameAs":["https:\/\/www.facebook.com\/udecaldas","https:\/\/x.com\/udecaldas","https:\/\/www.youtube.com\/universidadcaldas","https:\/\/www.instagram.com\/udecaldas\/"]},{"@type":"Person","@id":"https:\/\/www.ucaldas.edu.co\/portal\/#\/schema\/person\/a1b482e23449158b4bc319926c074fdf","name":"ofiprensa","image":{"@type":"ImageObject","inLanguage":"es","@id":"https:\/\/www.ucaldas.edu.co\/portal\/wp-content\/litespeed\/avatar\/09ea5085e600095a7a811142c6944527.jpg?ver=1777497608","url":"https:\/\/www.ucaldas.edu.co\/portal\/wp-content\/litespeed\/avatar\/09ea5085e600095a7a811142c6944527.jpg?ver=1777497608","contentUrl":"https:\/\/www.ucaldas.edu.co\/portal\/wp-content\/litespeed\/avatar\/09ea5085e600095a7a811142c6944527.jpg?ver=1777497608","caption":"ofiprensa"},"url":"https:\/\/www.ucaldas.edu.co\/portal\/author\/ofiprensa\/"}]}},"_links":{"self":[{"href":"https:\/\/www.ucaldas.edu.co\/portal\/wp-json\/wp\/v2\/posts\/52154","targetHints":{"allow":["GET"]}}],"collection":[{"href":"https:\/\/www.ucaldas.edu.co\/portal\/wp-json\/wp\/v2\/posts"}],"about":[{"href":"https:\/\/www.ucaldas.edu.co\/portal\/wp-json\/wp\/v2\/types\/post"}],"author":[{"embeddable":true,"href":"https:\/\/www.ucaldas.edu.co\/portal\/wp-json\/wp\/v2\/users\/2"}],"replies":[{"embeddable":true,"href":"https:\/\/www.ucaldas.edu.co\/portal\/wp-json\/wp\/v2\/comments?post=52154"}],"version-history":[{"count":0,"href":"https:\/\/www.ucaldas.edu.co\/portal\/wp-json\/wp\/v2\/posts\/52154\/revisions"}],"wp:featuredmedia":[{"embeddable":true,"href":"https:\/\/www.ucaldas.edu.co\/portal\/wp-json\/wp\/v2\/media\/52155"}],"wp:attachment":[{"href":"https:\/\/www.ucaldas.edu.co\/portal\/wp-json\/wp\/v2\/media?parent=52154"}],"wp:term":[{"taxonomy":"category","embeddable":true,"href":"https:\/\/www.ucaldas.edu.co\/portal\/wp-json\/wp\/v2\/categories?post=52154"},{"taxonomy":"post_tag","embeddable":true,"href":"https:\/\/www.ucaldas.edu.co\/portal\/wp-json\/wp\/v2\/tags?post=52154"}],"curies":[{"name":"wp","href":"https:\/\/api.w.org\/{rel}","templated":true}]}}