{"id":51853,"date":"2019-09-26T22:50:39","date_gmt":"2019-09-26T22:50:39","guid":{"rendered":"https:\/\/www.ucaldas.edu.co\/portal\/?p=51853"},"modified":"2019-09-26T22:50:45","modified_gmt":"2019-09-26T22:50:45","slug":"el-programa-colombia-cientifica-realizara-el-cierre-de-la-semana-de-ciencia-tecnologia-e-innovacion-en-caldas","status":"publish","type":"post","link":"https:\/\/www.ucaldas.edu.co\/portal\/el-programa-colombia-cientifica-realizara-el-cierre-de-la-semana-de-ciencia-tecnologia-e-innovacion-en-caldas\/","title":{"rendered":"El programa Colombia Cient\u00edfica realizar\u00e1 el cierre de la Semana de Ciencia, Tecnolog\u00eda e Innovaci\u00f3n en Caldas"},"content":{"rendered":"<p style=\"text-align: center;\">CON PANEL EN LA UNIVERSIDAD AUT\u00d3NOMA<\/p>\n<p style=\"text-align: center;\"><strong>El programa Colombia Cient\u00edfica realizar\u00e1 el cierre de la Semana de Ciencia, Tecnolog\u00eda e Innovaci\u00f3n en Caldas<\/strong><\/p>\n<p style=\"text-align: right;\">26\/09\/2019<\/p>\n<p><img loading=\"lazy\" decoding=\"async\" class=\"wp-image-51854 size-full aligncenter\" src=\"https:\/\/www.ucaldas.edu.co\/portal\/wp-content\/uploads\/2019\/09\/COLOMBIA-CIENTIFICA-compressor-2.png\" alt=\"\" width=\"700\" height=\"400\" srcset=\"https:\/\/www.ucaldas.edu.co\/portal\/wp-content\/uploads\/2019\/09\/COLOMBIA-CIENTIFICA-compressor-2.png 700w, https:\/\/www.ucaldas.edu.co\/portal\/wp-content\/uploads\/2019\/09\/COLOMBIA-CIENTIFICA-compressor-2-300x171.png 300w\" sizes=\"auto, (max-width: 700px) 100vw, 700px\" \/><\/p>\n<p>El programa Colombia Cient\u00edfica Reconstrucci\u00f3n del Tejido Social en Zonas de Posconflicto en Colombia realizar\u00e1 este viernes 27 de septiembre el evento de cierre de la Tercera Semana de Ciencia, Tecnolog\u00eda e Innovaci\u00f3n en Caldas. El encuentro ser\u00e1 desde las 4:00 de la tarde en el aula m\u00e1xima de la Universidad Aut\u00f3noma de Manizales (UAM).<!--more--><\/p>\n<p>Carlos Arturo Gallego Mar\u00edn, co investigador de paz territorial del programa, afirm\u00f3: \u201cEl programa de investigaci\u00f3n Colombia Cient\u00edfica \u2018Reconstrucci\u00f3n del Tejido Social en Zonas de Posconflicto en Colombia, plantea a trav\u00e9s del panel de cierre, dentro de la tercera Semana de Ciencia, Tecnolog\u00eda e Innovaci\u00f3n, la articulaci\u00f3n entre el programa, la ciencia, la tecnolog\u00eda y la innovaci\u00f3n\u201d.<\/p>\n<p>Gallego Mar\u00edn agreg\u00f3: \u201ctrat\u00e1ndose de un programa cient\u00edfico, el objetivo fundamental de este panel es compartir con la comunidad, una apuesta de pa\u00eds desde la ciencia para la reconstrucci\u00f3n del tejido social y la construcci\u00f3n de paz\u201d.<\/p>\n<p>Mar\u00eda del Carmen Vergara Quintero, coordinadora de la Unidad de Investigaci\u00f3n de UAM, invit\u00f3 a toda la comunidad de Caldas al evento de cierre que realizar\u00e1 el programa Colombia Cient\u00edfica. \u201cEste programa reconoce que Caldas act\u00faa en zonas de posconflicto y ha logrado adaptar desde la ciencia, la tecnolog\u00eda y la innovaci\u00f3n formas para replicar buenas pr\u00e1cticas a los departamentos de Choc\u00f3 y Sucre\u201d.<\/p>\n<p>Al evento asistir\u00e1n investigadores principales y delegados de los diferentes proyectos del programa Colombia Cient\u00edfica. Adem\u00e1s, se presentar\u00e1n los resultados y los retos de la III Semana de Ciencia, Tecnolog\u00eda e Innovaci\u00f3n en Caldas.<\/p>\n<p>&nbsp;<\/p>\n<p><strong>Informes:<\/strong> Oficina de Comunicaciones y Prensa Universidad de Caldas. Tel\u00e9fono: 8781500 Extensi\u00f3n: 12167<\/p>\n<p><strong>Redacci\u00f3n:<\/strong> Laura Cardona V\u00e1squez<\/p>\n","protected":false},"excerpt":{"rendered":"<p>CON PANEL EN LA UNIVERSIDAD AUT\u00d3NOMA El programa Colombia Cient\u00edfica realizar\u00e1 el cierre de la Semana de Ciencia, Tecnolog\u00eda e Innovaci\u00f3n en Caldas 26\/09\/2019 El programa Colombia Cient\u00edfica Reconstrucci\u00f3n del Tejido Social en Zonas de Posconflicto en Colombia realizar\u00e1 este viernes 27 de septiembre el evento de cierre de la Tercera Semana de Ciencia, Tecnolog\u00eda [&hellip;]<\/p>\n","protected":false},"author":2,"featured_media":51854,"comment_status":"closed","ping_status":"open","sticky":false,"template":"","format":"standard","meta":{"footnotes":""},"categories":[48,53,600],"tags":[130,178,191,642,2937],"class_list":["post-51853","post","type-post","status-publish","format-standard","has-post-thumbnail","hentry","category-actualidad","category-universidad-al-dia","category-ucaldas-regional","tag-ciencia","tag-encuentro","tag-investigacion","tag-tecnologia","tag-cierre"],"yoast_head":"<!-- This site is optimized with the Yoast SEO plugin v27.5 - https:\/\/yoast.com\/product\/yoast-seo-wordpress\/ -->\n<title>El programa Colombia Cient\u00edfica realizar\u00e1 el cierre de la Semana de Ciencia, Tecnolog\u00eda e Innovaci\u00f3n en Caldas .<\/title>\n<meta name=\"robots\" content=\"index, follow, max-snippet:-1, max-image-preview:large, max-video-preview:-1\" \/>\n<link rel=\"canonical\" href=\"https:\/\/www.ucaldas.edu.co\/portal\/el-programa-colombia-cientifica-realizara-el-cierre-de-la-semana-de-ciencia-tecnologia-e-innovacion-en-caldas\/\" \/>\n<script type=\"application\/ld+json\" class=\"yoast-schema-graph\">{\"@context\":\"https:\\\/\\\/schema.org\",\"@graph\":[{\"@type\":\"Article\",\"@id\":\"https:\\\/\\\/www.ucaldas.edu.co\\\/portal\\\/el-programa-colombia-cientifica-realizara-el-cierre-de-la-semana-de-ciencia-tecnologia-e-innovacion-en-caldas\\\/#article\",\"isPartOf\":{\"@id\":\"https:\\\/\\\/www.ucaldas.edu.co\\\/portal\\\/el-programa-colombia-cientifica-realizara-el-cierre-de-la-semana-de-ciencia-tecnologia-e-innovacion-en-caldas\\\/\"},\"author\":{\"name\":\"ofiprensa\",\"@id\":\"https:\\\/\\\/www.ucaldas.edu.co\\\/portal\\\/#\\\/schema\\\/person\\\/a1b482e23449158b4bc319926c074fdf\"},\"headline\":\"El programa Colombia Cient\u00edfica realizar\u00e1 el cierre de la Semana de Ciencia, Tecnolog\u00eda e Innovaci\u00f3n en Caldas\",\"datePublished\":\"2019-09-26T22:50:39+00:00\",\"dateModified\":\"2019-09-26T22:50:45+00:00\",\"mainEntityOfPage\":{\"@id\":\"https:\\\/\\\/www.ucaldas.edu.co\\\/portal\\\/el-programa-colombia-cientifica-realizara-el-cierre-de-la-semana-de-ciencia-tecnologia-e-innovacion-en-caldas\\\/\"},\"wordCount\":347,\"publisher\":{\"@id\":\"https:\\\/\\\/www.ucaldas.edu.co\\\/portal\\\/#organization\"},\"image\":{\"@id\":\"https:\\\/\\\/www.ucaldas.edu.co\\\/portal\\\/el-programa-colombia-cientifica-realizara-el-cierre-de-la-semana-de-ciencia-tecnologia-e-innovacion-en-caldas\\\/#primaryimage\"},\"thumbnailUrl\":\"https:\\\/\\\/www.ucaldas.edu.co\\\/portal\\\/wp-content\\\/uploads\\\/2019\\\/09\\\/COLOMBIA-CIENTIFICA-compressor-2.png\",\"keywords\":[\"ciencia\",\"encuentro\",\"investigaci\u00f3n\",\"tecnolog\u00eda\",\"cierre\"],\"articleSection\":[\"Actualidad\",\"Universidad al D\u00eda\",\"UCaldas Regional\"],\"inLanguage\":\"es\"},{\"@type\":\"WebPage\",\"@id\":\"https:\\\/\\\/www.ucaldas.edu.co\\\/portal\\\/el-programa-colombia-cientifica-realizara-el-cierre-de-la-semana-de-ciencia-tecnologia-e-innovacion-en-caldas\\\/\",\"url\":\"https:\\\/\\\/www.ucaldas.edu.co\\\/portal\\\/el-programa-colombia-cientifica-realizara-el-cierre-de-la-semana-de-ciencia-tecnologia-e-innovacion-en-caldas\\\/\",\"name\":\"El programa Colombia Cient\u00edfica realizar\u00e1 el cierre de la Semana de Ciencia, Tecnolog\u00eda e Innovaci\u00f3n en Caldas .\",\"isPartOf\":{\"@id\":\"https:\\\/\\\/www.ucaldas.edu.co\\\/portal\\\/#website\"},\"primaryImageOfPage\":{\"@id\":\"https:\\\/\\\/www.ucaldas.edu.co\\\/portal\\\/el-programa-colombia-cientifica-realizara-el-cierre-de-la-semana-de-ciencia-tecnologia-e-innovacion-en-caldas\\\/#primaryimage\"},\"image\":{\"@id\":\"https:\\\/\\\/www.ucaldas.edu.co\\\/portal\\\/el-programa-colombia-cientifica-realizara-el-cierre-de-la-semana-de-ciencia-tecnologia-e-innovacion-en-caldas\\\/#primaryimage\"},\"thumbnailUrl\":\"https:\\\/\\\/www.ucaldas.edu.co\\\/portal\\\/wp-content\\\/uploads\\\/2019\\\/09\\\/COLOMBIA-CIENTIFICA-compressor-2.png\",\"datePublished\":\"2019-09-26T22:50:39+00:00\",\"dateModified\":\"2019-09-26T22:50:45+00:00\",\"breadcrumb\":{\"@id\":\"https:\\\/\\\/www.ucaldas.edu.co\\\/portal\\\/el-programa-colombia-cientifica-realizara-el-cierre-de-la-semana-de-ciencia-tecnologia-e-innovacion-en-caldas\\\/#breadcrumb\"},\"inLanguage\":\"es\",\"potentialAction\":[{\"@type\":\"ReadAction\",\"target\":[\"https:\\\/\\\/www.ucaldas.edu.co\\\/portal\\\/el-programa-colombia-cientifica-realizara-el-cierre-de-la-semana-de-ciencia-tecnologia-e-innovacion-en-caldas\\\/\"]}]},{\"@type\":\"ImageObject\",\"inLanguage\":\"es\",\"@id\":\"https:\\\/\\\/www.ucaldas.edu.co\\\/portal\\\/el-programa-colombia-cientifica-realizara-el-cierre-de-la-semana-de-ciencia-tecnologia-e-innovacion-en-caldas\\\/#primaryimage\",\"url\":\"https:\\\/\\\/www.ucaldas.edu.co\\\/portal\\\/wp-content\\\/uploads\\\/2019\\\/09\\\/COLOMBIA-CIENTIFICA-compressor-2.png\",\"contentUrl\":\"https:\\\/\\\/www.ucaldas.edu.co\\\/portal\\\/wp-content\\\/uploads\\\/2019\\\/09\\\/COLOMBIA-CIENTIFICA-compressor-2.png\",\"width\":700,\"height\":400},{\"@type\":\"BreadcrumbList\",\"@id\":\"https:\\\/\\\/www.ucaldas.edu.co\\\/portal\\\/el-programa-colombia-cientifica-realizara-el-cierre-de-la-semana-de-ciencia-tecnologia-e-innovacion-en-caldas\\\/#breadcrumb\",\"itemListElement\":[{\"@type\":\"ListItem\",\"position\":1,\"name\":\"Portada\",\"item\":\"https:\\\/\\\/www.ucaldas.edu.co\\\/portal\\\/\"},{\"@type\":\"ListItem\",\"position\":2,\"name\":\"El programa Colombia Cient\u00edfica realizar\u00e1 el cierre de la Semana de Ciencia, Tecnolog\u00eda e Innovaci\u00f3n en Caldas\"}]},{\"@type\":\"WebSite\",\"@id\":\"https:\\\/\\\/www.ucaldas.edu.co\\\/portal\\\/#website\",\"url\":\"https:\\\/\\\/www.ucaldas.edu.co\\\/portal\\\/\",\"name\":\"Universidad de Caldas\",\"description\":\"\",\"publisher\":{\"@id\":\"https:\\\/\\\/www.ucaldas.edu.co\\\/portal\\\/#organization\"},\"alternateName\":\"U. de Caldas\",\"potentialAction\":[{\"@type\":\"SearchAction\",\"target\":{\"@type\":\"EntryPoint\",\"urlTemplate\":\"https:\\\/\\\/www.ucaldas.edu.co\\\/portal\\\/?s={search_term_string}\"},\"query-input\":{\"@type\":\"PropertyValueSpecification\",\"valueRequired\":true,\"valueName\":\"search_term_string\"}}],\"inLanguage\":\"es\"},{\"@type\":\"Organization\",\"@id\":\"https:\\\/\\\/www.ucaldas.edu.co\\\/portal\\\/#organization\",\"name\":\"Universidad de Caldas\",\"alternateName\":\"U. de Caldas\",\"url\":\"https:\\\/\\\/www.ucaldas.edu.co\\\/portal\\\/\",\"logo\":{\"@type\":\"ImageObject\",\"inLanguage\":\"es\",\"@id\":\"https:\\\/\\\/www.ucaldas.edu.co\\\/portal\\\/#\\\/schema\\\/logo\\\/image\\\/\",\"url\":\"https:\\\/\\\/www.ucaldas.edu.co\\\/portal\\\/wp-content\\\/uploads\\\/2023\\\/11\\\/Logo_horizontal_oscuroU-2023.png\",\"contentUrl\":\"https:\\\/\\\/www.ucaldas.edu.co\\\/portal\\\/wp-content\\\/uploads\\\/2023\\\/11\\\/Logo_horizontal_oscuroU-2023.png\",\"width\":263,\"height\":101,\"caption\":\"Universidad de Caldas\"},\"image\":{\"@id\":\"https:\\\/\\\/www.ucaldas.edu.co\\\/portal\\\/#\\\/schema\\\/logo\\\/image\\\/\"},\"sameAs\":[\"https:\\\/\\\/www.facebook.com\\\/udecaldas\",\"https:\\\/\\\/x.com\\\/udecaldas\",\"https:\\\/\\\/www.youtube.com\\\/universidadcaldas\",\"https:\\\/\\\/www.instagram.com\\\/udecaldas\\\/\"]},{\"@type\":\"Person\",\"@id\":\"https:\\\/\\\/www.ucaldas.edu.co\\\/portal\\\/#\\\/schema\\\/person\\\/a1b482e23449158b4bc319926c074fdf\",\"name\":\"ofiprensa\",\"image\":{\"@type\":\"ImageObject\",\"inLanguage\":\"es\",\"@id\":\"https:\\\/\\\/www.ucaldas.edu.co\\\/portal\\\/wp-content\\\/litespeed\\\/avatar\\\/09ea5085e600095a7a811142c6944527.jpg?ver=1777497608\",\"url\":\"https:\\\/\\\/www.ucaldas.edu.co\\\/portal\\\/wp-content\\\/litespeed\\\/avatar\\\/09ea5085e600095a7a811142c6944527.jpg?ver=1777497608\",\"contentUrl\":\"https:\\\/\\\/www.ucaldas.edu.co\\\/portal\\\/wp-content\\\/litespeed\\\/avatar\\\/09ea5085e600095a7a811142c6944527.jpg?ver=1777497608\",\"caption\":\"ofiprensa\"},\"url\":\"https:\\\/\\\/www.ucaldas.edu.co\\\/portal\\\/author\\\/ofiprensa\\\/\"}]}<\/script>\n<!-- \/ Yoast SEO plugin. -->","yoast_head_json":{"title":"El programa Colombia Cient\u00edfica realizar\u00e1 el cierre de la Semana de Ciencia, Tecnolog\u00eda e Innovaci\u00f3n en Caldas .","robots":{"index":"index","follow":"follow","max-snippet":"max-snippet:-1","max-image-preview":"max-image-preview:large","max-video-preview":"max-video-preview:-1"},"canonical":"https:\/\/www.ucaldas.edu.co\/portal\/el-programa-colombia-cientifica-realizara-el-cierre-de-la-semana-de-ciencia-tecnologia-e-innovacion-en-caldas\/","schema":{"@context":"https:\/\/schema.org","@graph":[{"@type":"Article","@id":"https:\/\/www.ucaldas.edu.co\/portal\/el-programa-colombia-cientifica-realizara-el-cierre-de-la-semana-de-ciencia-tecnologia-e-innovacion-en-caldas\/#article","isPartOf":{"@id":"https:\/\/www.ucaldas.edu.co\/portal\/el-programa-colombia-cientifica-realizara-el-cierre-de-la-semana-de-ciencia-tecnologia-e-innovacion-en-caldas\/"},"author":{"name":"ofiprensa","@id":"https:\/\/www.ucaldas.edu.co\/portal\/#\/schema\/person\/a1b482e23449158b4bc319926c074fdf"},"headline":"El programa Colombia Cient\u00edfica realizar\u00e1 el cierre de la Semana de Ciencia, Tecnolog\u00eda e Innovaci\u00f3n en Caldas","datePublished":"2019-09-26T22:50:39+00:00","dateModified":"2019-09-26T22:50:45+00:00","mainEntityOfPage":{"@id":"https:\/\/www.ucaldas.edu.co\/portal\/el-programa-colombia-cientifica-realizara-el-cierre-de-la-semana-de-ciencia-tecnologia-e-innovacion-en-caldas\/"},"wordCount":347,"publisher":{"@id":"https:\/\/www.ucaldas.edu.co\/portal\/#organization"},"image":{"@id":"https:\/\/www.ucaldas.edu.co\/portal\/el-programa-colombia-cientifica-realizara-el-cierre-de-la-semana-de-ciencia-tecnologia-e-innovacion-en-caldas\/#primaryimage"},"thumbnailUrl":"https:\/\/www.ucaldas.edu.co\/portal\/wp-content\/uploads\/2019\/09\/COLOMBIA-CIENTIFICA-compressor-2.png","keywords":["ciencia","encuentro","investigaci\u00f3n","tecnolog\u00eda","cierre"],"articleSection":["Actualidad","Universidad al D\u00eda","UCaldas Regional"],"inLanguage":"es"},{"@type":"WebPage","@id":"https:\/\/www.ucaldas.edu.co\/portal\/el-programa-colombia-cientifica-realizara-el-cierre-de-la-semana-de-ciencia-tecnologia-e-innovacion-en-caldas\/","url":"https:\/\/www.ucaldas.edu.co\/portal\/el-programa-colombia-cientifica-realizara-el-cierre-de-la-semana-de-ciencia-tecnologia-e-innovacion-en-caldas\/","name":"El programa Colombia Cient\u00edfica realizar\u00e1 el cierre de la Semana de Ciencia, Tecnolog\u00eda e Innovaci\u00f3n en Caldas .","isPartOf":{"@id":"https:\/\/www.ucaldas.edu.co\/portal\/#website"},"primaryImageOfPage":{"@id":"https:\/\/www.ucaldas.edu.co\/portal\/el-programa-colombia-cientifica-realizara-el-cierre-de-la-semana-de-ciencia-tecnologia-e-innovacion-en-caldas\/#primaryimage"},"image":{"@id":"https:\/\/www.ucaldas.edu.co\/portal\/el-programa-colombia-cientifica-realizara-el-cierre-de-la-semana-de-ciencia-tecnologia-e-innovacion-en-caldas\/#primaryimage"},"thumbnailUrl":"https:\/\/www.ucaldas.edu.co\/portal\/wp-content\/uploads\/2019\/09\/COLOMBIA-CIENTIFICA-compressor-2.png","datePublished":"2019-09-26T22:50:39+00:00","dateModified":"2019-09-26T22:50:45+00:00","breadcrumb":{"@id":"https:\/\/www.ucaldas.edu.co\/portal\/el-programa-colombia-cientifica-realizara-el-cierre-de-la-semana-de-ciencia-tecnologia-e-innovacion-en-caldas\/#breadcrumb"},"inLanguage":"es","potentialAction":[{"@type":"ReadAction","target":["https:\/\/www.ucaldas.edu.co\/portal\/el-programa-colombia-cientifica-realizara-el-cierre-de-la-semana-de-ciencia-tecnologia-e-innovacion-en-caldas\/"]}]},{"@type":"ImageObject","inLanguage":"es","@id":"https:\/\/www.ucaldas.edu.co\/portal\/el-programa-colombia-cientifica-realizara-el-cierre-de-la-semana-de-ciencia-tecnologia-e-innovacion-en-caldas\/#primaryimage","url":"https:\/\/www.ucaldas.edu.co\/portal\/wp-content\/uploads\/2019\/09\/COLOMBIA-CIENTIFICA-compressor-2.png","contentUrl":"https:\/\/www.ucaldas.edu.co\/portal\/wp-content\/uploads\/2019\/09\/COLOMBIA-CIENTIFICA-compressor-2.png","width":700,"height":400},{"@type":"BreadcrumbList","@id":"https:\/\/www.ucaldas.edu.co\/portal\/el-programa-colombia-cientifica-realizara-el-cierre-de-la-semana-de-ciencia-tecnologia-e-innovacion-en-caldas\/#breadcrumb","itemListElement":[{"@type":"ListItem","position":1,"name":"Portada","item":"https:\/\/www.ucaldas.edu.co\/portal\/"},{"@type":"ListItem","position":2,"name":"El programa Colombia Cient\u00edfica realizar\u00e1 el cierre de la Semana de Ciencia, Tecnolog\u00eda e Innovaci\u00f3n en Caldas"}]},{"@type":"WebSite","@id":"https:\/\/www.ucaldas.edu.co\/portal\/#website","url":"https:\/\/www.ucaldas.edu.co\/portal\/","name":"Universidad de Caldas","description":"","publisher":{"@id":"https:\/\/www.ucaldas.edu.co\/portal\/#organization"},"alternateName":"U. de Caldas","potentialAction":[{"@type":"SearchAction","target":{"@type":"EntryPoint","urlTemplate":"https:\/\/www.ucaldas.edu.co\/portal\/?s={search_term_string}"},"query-input":{"@type":"PropertyValueSpecification","valueRequired":true,"valueName":"search_term_string"}}],"inLanguage":"es"},{"@type":"Organization","@id":"https:\/\/www.ucaldas.edu.co\/portal\/#organization","name":"Universidad de Caldas","alternateName":"U. de Caldas","url":"https:\/\/www.ucaldas.edu.co\/portal\/","logo":{"@type":"ImageObject","inLanguage":"es","@id":"https:\/\/www.ucaldas.edu.co\/portal\/#\/schema\/logo\/image\/","url":"https:\/\/www.ucaldas.edu.co\/portal\/wp-content\/uploads\/2023\/11\/Logo_horizontal_oscuroU-2023.png","contentUrl":"https:\/\/www.ucaldas.edu.co\/portal\/wp-content\/uploads\/2023\/11\/Logo_horizontal_oscuroU-2023.png","width":263,"height":101,"caption":"Universidad de Caldas"},"image":{"@id":"https:\/\/www.ucaldas.edu.co\/portal\/#\/schema\/logo\/image\/"},"sameAs":["https:\/\/www.facebook.com\/udecaldas","https:\/\/x.com\/udecaldas","https:\/\/www.youtube.com\/universidadcaldas","https:\/\/www.instagram.com\/udecaldas\/"]},{"@type":"Person","@id":"https:\/\/www.ucaldas.edu.co\/portal\/#\/schema\/person\/a1b482e23449158b4bc319926c074fdf","name":"ofiprensa","image":{"@type":"ImageObject","inLanguage":"es","@id":"https:\/\/www.ucaldas.edu.co\/portal\/wp-content\/litespeed\/avatar\/09ea5085e600095a7a811142c6944527.jpg?ver=1777497608","url":"https:\/\/www.ucaldas.edu.co\/portal\/wp-content\/litespeed\/avatar\/09ea5085e600095a7a811142c6944527.jpg?ver=1777497608","contentUrl":"https:\/\/www.ucaldas.edu.co\/portal\/wp-content\/litespeed\/avatar\/09ea5085e600095a7a811142c6944527.jpg?ver=1777497608","caption":"ofiprensa"},"url":"https:\/\/www.ucaldas.edu.co\/portal\/author\/ofiprensa\/"}]}},"_links":{"self":[{"href":"https:\/\/www.ucaldas.edu.co\/portal\/wp-json\/wp\/v2\/posts\/51853","targetHints":{"allow":["GET"]}}],"collection":[{"href":"https:\/\/www.ucaldas.edu.co\/portal\/wp-json\/wp\/v2\/posts"}],"about":[{"href":"https:\/\/www.ucaldas.edu.co\/portal\/wp-json\/wp\/v2\/types\/post"}],"author":[{"embeddable":true,"href":"https:\/\/www.ucaldas.edu.co\/portal\/wp-json\/wp\/v2\/users\/2"}],"replies":[{"embeddable":true,"href":"https:\/\/www.ucaldas.edu.co\/portal\/wp-json\/wp\/v2\/comments?post=51853"}],"version-history":[{"count":0,"href":"https:\/\/www.ucaldas.edu.co\/portal\/wp-json\/wp\/v2\/posts\/51853\/revisions"}],"wp:featuredmedia":[{"embeddable":true,"href":"https:\/\/www.ucaldas.edu.co\/portal\/wp-json\/wp\/v2\/media\/51854"}],"wp:attachment":[{"href":"https:\/\/www.ucaldas.edu.co\/portal\/wp-json\/wp\/v2\/media?parent=51853"}],"wp:term":[{"taxonomy":"category","embeddable":true,"href":"https:\/\/www.ucaldas.edu.co\/portal\/wp-json\/wp\/v2\/categories?post=51853"},{"taxonomy":"post_tag","embeddable":true,"href":"https:\/\/www.ucaldas.edu.co\/portal\/wp-json\/wp\/v2\/tags?post=51853"}],"curies":[{"name":"wp","href":"https:\/\/api.w.org\/{rel}","templated":true}]}}