{"id":51850,"date":"2019-09-26T22:49:07","date_gmt":"2019-09-26T22:49:07","guid":{"rendered":"https:\/\/www.ucaldas.edu.co\/portal\/?p=51850"},"modified":"2019-09-26T22:49:12","modified_gmt":"2019-09-26T22:49:12","slug":"egresada-de-la-maestria-en-educacion-obtuvo-distincion-meritoria-por-su-trabajo-de-grado","status":"publish","type":"post","link":"https:\/\/www.ucaldas.edu.co\/portal\/egresada-de-la-maestria-en-educacion-obtuvo-distincion-meritoria-por-su-trabajo-de-grado\/","title":{"rendered":"Egresada de la Maestr\u00eda en Educaci\u00f3n obtuvo distinci\u00f3n meritoria por su trabajo de grado"},"content":{"rendered":"<p style=\"text-align: center;\">TRABAJO DE INVESTIGACI\u00d3N DESARROLLADO CON DOCENTES DE MANIZALES<\/p>\n<p style=\"text-align: center;\"><strong>Egresada de la Maestr\u00eda en Educaci\u00f3n obtuvo distinci\u00f3n meritoria por su trabajo de grado <\/strong><\/p>\n<p style=\"text-align: right;\">26\/09\/2019<\/p>\n<p><img loading=\"lazy\" decoding=\"async\" class=\"aligncenter wp-image-51851 size-full\" src=\"https:\/\/www.ucaldas.edu.co\/portal\/wp-content\/uploads\/2019\/09\/TESIS-MAESTRIA-compressor.png\" alt=\"\" width=\"700\" height=\"400\" srcset=\"https:\/\/www.ucaldas.edu.co\/portal\/wp-content\/uploads\/2019\/09\/TESIS-MAESTRIA-compressor.png 700w, https:\/\/www.ucaldas.edu.co\/portal\/wp-content\/uploads\/2019\/09\/TESIS-MAESTRIA-compressor-300x171.png 300w\" sizes=\"auto, (max-width: 700px) 100vw, 700px\" \/><\/p>\n<p>Por trabajo de grado \u00abSentidos de Alteridad: Una mirada desde las docentes del Centro de Desarrollo Infantil Pelusa &#8211; Manizales\u00bb, la egresada Natalia S\u00e1nchez Rinc\u00f3n, de la Maestr\u00eda en Educaci\u00f3n, obtuvo distinci\u00f3n de meritoria. El reconocimiento se lo entreg\u00f3 la Universidad de Caldas durante los grados del 6 de septiembre pasado.<!--more--><\/p>\n<p>S\u00e1nchez Rinc\u00f3n explic\u00f3 que su tesis la realiz\u00f3 con 9 docentes de primera infancia, todas con algo que las caracteriza: el amor que sienten hacia los ni\u00f1os y la vocaci\u00f3n en su labor docente. \u201cEsto les permiti\u00f3 acogerlos a todos, independientemente de sus caracter\u00edsticas f\u00edsicas, mentales o socioecon\u00f3micas. Los aman a todos tal como son porque son precisamente sus diferencias lo que los hace valiosos, y no necesitan ser expertas en \u00abeducaci\u00f3n especial\u00bb para poderlos atender y ense\u00f1ar, basta con querer hacerlo y con \u00abestar disponibles\u00bb siempre para ellos\u201d, explic\u00f3 la egresada al hablar de las conclusiones del trabajo.<\/p>\n<p>Agreg\u00f3 que la alteridad se traduce en la capacidad de acoger al Otro. Tiene que ver con la bienvenida a una persona que no se conoce, como un extranjero, que a pesar de la incertidumbre que pueda generar, de entrada se sabe que es un ser humano y precisamente por ello es que se le debe respetar, acoger y amar.<\/p>\n<p>Para otorgar esta distinci\u00f3n a la tesis o trabajo de grado de maestr\u00eda se debe reunir los siguientes requisitos:<\/p>\n<ul>\n<li>Estar calificada como excelente por decisi\u00f3n un\u00e1nime de los jurados.<\/li>\n<li>Ser un aporte original al \u00e1rea del conocimiento sobre la cual se investiga.<\/li>\n<li>Haberse producido como consecuencia del desarrollo de la tesis o trabajo de grado, un (1) art\u00edculo aceptado para publicaci\u00f3n por el comit\u00e9 editorial de una revista indexada m\u00ednimo en la categor\u00eda C.<\/li>\n<\/ul>\n<p>En el caso de Natalia S\u00e1nchez Rinc\u00f3n, su art\u00edculo se publicar\u00e1 en una revista de mayor categor\u00eda, es decir, categor\u00eda B (Revista Latinoamericana de Estudios Educativos) de la Universidad de Caldas. La egresada resalt\u00f3 que su director de tesis fue Javier Taborda Chaurra.<\/p>\n<p>&nbsp;<\/p>\n<p><strong>Informes:<\/strong> Oficina de Comunicaciones y Prensa Universidad de Caldas. Tel\u00e9fono: 8781500 Extensi\u00f3n: 12167<\/p>\n<p><strong>Redacci\u00f3n:<\/strong> Adriana Osorio Garc\u00eda<\/p>\n","protected":false},"excerpt":{"rendered":"<p>TRABAJO DE INVESTIGACI\u00d3N DESARROLLADO CON DOCENTES DE MANIZALES Egresada de la Maestr\u00eda en Educaci\u00f3n obtuvo distinci\u00f3n meritoria por su trabajo de grado 26\/09\/2019 Por trabajo de grado \u00abSentidos de Alteridad: Una mirada desde las docentes del Centro de Desarrollo Infantil Pelusa &#8211; Manizales\u00bb, la egresada Natalia S\u00e1nchez Rinc\u00f3n, de la Maestr\u00eda en Educaci\u00f3n, obtuvo distinci\u00f3n [&hellip;]<\/p>\n","protected":false},"author":2,"featured_media":51851,"comment_status":"closed","ping_status":"open","sticky":false,"template":"","format":"standard","meta":{"footnotes":""},"categories":[48,53,243],"tags":[550,763,1359,4422],"class_list":["post-51850","post","type-post","status-publish","format-standard","has-post-thumbnail","hentry","category-actualidad","category-universidad-al-dia","category-ucaldas-acreditada","tag-tesis","tag-maestria","tag-distincion","tag-merito"],"yoast_head":"<!-- This site is optimized with the Yoast SEO plugin v27.5 - https:\/\/yoast.com\/product\/yoast-seo-wordpress\/ -->\n<title>Egresada de la Maestr\u00eda en Educaci\u00f3n obtuvo distinci\u00f3n meritoria por su trabajo de grado .<\/title>\n<meta name=\"robots\" content=\"index, follow, max-snippet:-1, max-image-preview:large, max-video-preview:-1\" \/>\n<link rel=\"canonical\" href=\"https:\/\/www.ucaldas.edu.co\/portal\/egresada-de-la-maestria-en-educacion-obtuvo-distincion-meritoria-por-su-trabajo-de-grado\/\" \/>\n<script type=\"application\/ld+json\" class=\"yoast-schema-graph\">{\"@context\":\"https:\\\/\\\/schema.org\",\"@graph\":[{\"@type\":\"Article\",\"@id\":\"https:\\\/\\\/www.ucaldas.edu.co\\\/portal\\\/egresada-de-la-maestria-en-educacion-obtuvo-distincion-meritoria-por-su-trabajo-de-grado\\\/#article\",\"isPartOf\":{\"@id\":\"https:\\\/\\\/www.ucaldas.edu.co\\\/portal\\\/egresada-de-la-maestria-en-educacion-obtuvo-distincion-meritoria-por-su-trabajo-de-grado\\\/\"},\"author\":{\"name\":\"ofiprensa\",\"@id\":\"https:\\\/\\\/www.ucaldas.edu.co\\\/portal\\\/#\\\/schema\\\/person\\\/a1b482e23449158b4bc319926c074fdf\"},\"headline\":\"Egresada de la Maestr\u00eda en Educaci\u00f3n obtuvo distinci\u00f3n meritoria por su trabajo de grado\",\"datePublished\":\"2019-09-26T22:49:07+00:00\",\"dateModified\":\"2019-09-26T22:49:12+00:00\",\"mainEntityOfPage\":{\"@id\":\"https:\\\/\\\/www.ucaldas.edu.co\\\/portal\\\/egresada-de-la-maestria-en-educacion-obtuvo-distincion-meritoria-por-su-trabajo-de-grado\\\/\"},\"wordCount\":414,\"publisher\":{\"@id\":\"https:\\\/\\\/www.ucaldas.edu.co\\\/portal\\\/#organization\"},\"image\":{\"@id\":\"https:\\\/\\\/www.ucaldas.edu.co\\\/portal\\\/egresada-de-la-maestria-en-educacion-obtuvo-distincion-meritoria-por-su-trabajo-de-grado\\\/#primaryimage\"},\"thumbnailUrl\":\"https:\\\/\\\/www.ucaldas.edu.co\\\/portal\\\/wp-content\\\/uploads\\\/2019\\\/09\\\/TESIS-MAESTRIA-compressor.png\",\"keywords\":[\"tesis\",\"maestr\u00eda\",\"distinci\u00f3n\",\"m\u00e9rito\"],\"articleSection\":[\"Actualidad\",\"Universidad al D\u00eda\",\"Ucaldas Acreditada\"],\"inLanguage\":\"es\"},{\"@type\":\"WebPage\",\"@id\":\"https:\\\/\\\/www.ucaldas.edu.co\\\/portal\\\/egresada-de-la-maestria-en-educacion-obtuvo-distincion-meritoria-por-su-trabajo-de-grado\\\/\",\"url\":\"https:\\\/\\\/www.ucaldas.edu.co\\\/portal\\\/egresada-de-la-maestria-en-educacion-obtuvo-distincion-meritoria-por-su-trabajo-de-grado\\\/\",\"name\":\"Egresada de la Maestr\u00eda en Educaci\u00f3n obtuvo distinci\u00f3n meritoria por su trabajo de grado .\",\"isPartOf\":{\"@id\":\"https:\\\/\\\/www.ucaldas.edu.co\\\/portal\\\/#website\"},\"primaryImageOfPage\":{\"@id\":\"https:\\\/\\\/www.ucaldas.edu.co\\\/portal\\\/egresada-de-la-maestria-en-educacion-obtuvo-distincion-meritoria-por-su-trabajo-de-grado\\\/#primaryimage\"},\"image\":{\"@id\":\"https:\\\/\\\/www.ucaldas.edu.co\\\/portal\\\/egresada-de-la-maestria-en-educacion-obtuvo-distincion-meritoria-por-su-trabajo-de-grado\\\/#primaryimage\"},\"thumbnailUrl\":\"https:\\\/\\\/www.ucaldas.edu.co\\\/portal\\\/wp-content\\\/uploads\\\/2019\\\/09\\\/TESIS-MAESTRIA-compressor.png\",\"datePublished\":\"2019-09-26T22:49:07+00:00\",\"dateModified\":\"2019-09-26T22:49:12+00:00\",\"breadcrumb\":{\"@id\":\"https:\\\/\\\/www.ucaldas.edu.co\\\/portal\\\/egresada-de-la-maestria-en-educacion-obtuvo-distincion-meritoria-por-su-trabajo-de-grado\\\/#breadcrumb\"},\"inLanguage\":\"es\",\"potentialAction\":[{\"@type\":\"ReadAction\",\"target\":[\"https:\\\/\\\/www.ucaldas.edu.co\\\/portal\\\/egresada-de-la-maestria-en-educacion-obtuvo-distincion-meritoria-por-su-trabajo-de-grado\\\/\"]}]},{\"@type\":\"ImageObject\",\"inLanguage\":\"es\",\"@id\":\"https:\\\/\\\/www.ucaldas.edu.co\\\/portal\\\/egresada-de-la-maestria-en-educacion-obtuvo-distincion-meritoria-por-su-trabajo-de-grado\\\/#primaryimage\",\"url\":\"https:\\\/\\\/www.ucaldas.edu.co\\\/portal\\\/wp-content\\\/uploads\\\/2019\\\/09\\\/TESIS-MAESTRIA-compressor.png\",\"contentUrl\":\"https:\\\/\\\/www.ucaldas.edu.co\\\/portal\\\/wp-content\\\/uploads\\\/2019\\\/09\\\/TESIS-MAESTRIA-compressor.png\",\"width\":700,\"height\":400},{\"@type\":\"BreadcrumbList\",\"@id\":\"https:\\\/\\\/www.ucaldas.edu.co\\\/portal\\\/egresada-de-la-maestria-en-educacion-obtuvo-distincion-meritoria-por-su-trabajo-de-grado\\\/#breadcrumb\",\"itemListElement\":[{\"@type\":\"ListItem\",\"position\":1,\"name\":\"Portada\",\"item\":\"https:\\\/\\\/www.ucaldas.edu.co\\\/portal\\\/\"},{\"@type\":\"ListItem\",\"position\":2,\"name\":\"Egresada de la Maestr\u00eda en Educaci\u00f3n obtuvo distinci\u00f3n meritoria por su trabajo de grado\"}]},{\"@type\":\"WebSite\",\"@id\":\"https:\\\/\\\/www.ucaldas.edu.co\\\/portal\\\/#website\",\"url\":\"https:\\\/\\\/www.ucaldas.edu.co\\\/portal\\\/\",\"name\":\"Universidad de Caldas\",\"description\":\"\",\"publisher\":{\"@id\":\"https:\\\/\\\/www.ucaldas.edu.co\\\/portal\\\/#organization\"},\"alternateName\":\"U. de Caldas\",\"potentialAction\":[{\"@type\":\"SearchAction\",\"target\":{\"@type\":\"EntryPoint\",\"urlTemplate\":\"https:\\\/\\\/www.ucaldas.edu.co\\\/portal\\\/?s={search_term_string}\"},\"query-input\":{\"@type\":\"PropertyValueSpecification\",\"valueRequired\":true,\"valueName\":\"search_term_string\"}}],\"inLanguage\":\"es\"},{\"@type\":\"Organization\",\"@id\":\"https:\\\/\\\/www.ucaldas.edu.co\\\/portal\\\/#organization\",\"name\":\"Universidad de Caldas\",\"alternateName\":\"U. de Caldas\",\"url\":\"https:\\\/\\\/www.ucaldas.edu.co\\\/portal\\\/\",\"logo\":{\"@type\":\"ImageObject\",\"inLanguage\":\"es\",\"@id\":\"https:\\\/\\\/www.ucaldas.edu.co\\\/portal\\\/#\\\/schema\\\/logo\\\/image\\\/\",\"url\":\"https:\\\/\\\/www.ucaldas.edu.co\\\/portal\\\/wp-content\\\/uploads\\\/2023\\\/11\\\/Logo_horizontal_oscuroU-2023.png\",\"contentUrl\":\"https:\\\/\\\/www.ucaldas.edu.co\\\/portal\\\/wp-content\\\/uploads\\\/2023\\\/11\\\/Logo_horizontal_oscuroU-2023.png\",\"width\":263,\"height\":101,\"caption\":\"Universidad de Caldas\"},\"image\":{\"@id\":\"https:\\\/\\\/www.ucaldas.edu.co\\\/portal\\\/#\\\/schema\\\/logo\\\/image\\\/\"},\"sameAs\":[\"https:\\\/\\\/www.facebook.com\\\/udecaldas\",\"https:\\\/\\\/x.com\\\/udecaldas\",\"https:\\\/\\\/www.youtube.com\\\/universidadcaldas\",\"https:\\\/\\\/www.instagram.com\\\/udecaldas\\\/\"]},{\"@type\":\"Person\",\"@id\":\"https:\\\/\\\/www.ucaldas.edu.co\\\/portal\\\/#\\\/schema\\\/person\\\/a1b482e23449158b4bc319926c074fdf\",\"name\":\"ofiprensa\",\"image\":{\"@type\":\"ImageObject\",\"inLanguage\":\"es\",\"@id\":\"https:\\\/\\\/www.ucaldas.edu.co\\\/portal\\\/wp-content\\\/litespeed\\\/avatar\\\/09ea5085e600095a7a811142c6944527.jpg?ver=1777497608\",\"url\":\"https:\\\/\\\/www.ucaldas.edu.co\\\/portal\\\/wp-content\\\/litespeed\\\/avatar\\\/09ea5085e600095a7a811142c6944527.jpg?ver=1777497608\",\"contentUrl\":\"https:\\\/\\\/www.ucaldas.edu.co\\\/portal\\\/wp-content\\\/litespeed\\\/avatar\\\/09ea5085e600095a7a811142c6944527.jpg?ver=1777497608\",\"caption\":\"ofiprensa\"},\"url\":\"https:\\\/\\\/www.ucaldas.edu.co\\\/portal\\\/author\\\/ofiprensa\\\/\"}]}<\/script>\n<!-- \/ Yoast SEO plugin. -->","yoast_head_json":{"title":"Egresada de la Maestr\u00eda en Educaci\u00f3n obtuvo distinci\u00f3n meritoria por su trabajo de grado .","robots":{"index":"index","follow":"follow","max-snippet":"max-snippet:-1","max-image-preview":"max-image-preview:large","max-video-preview":"max-video-preview:-1"},"canonical":"https:\/\/www.ucaldas.edu.co\/portal\/egresada-de-la-maestria-en-educacion-obtuvo-distincion-meritoria-por-su-trabajo-de-grado\/","schema":{"@context":"https:\/\/schema.org","@graph":[{"@type":"Article","@id":"https:\/\/www.ucaldas.edu.co\/portal\/egresada-de-la-maestria-en-educacion-obtuvo-distincion-meritoria-por-su-trabajo-de-grado\/#article","isPartOf":{"@id":"https:\/\/www.ucaldas.edu.co\/portal\/egresada-de-la-maestria-en-educacion-obtuvo-distincion-meritoria-por-su-trabajo-de-grado\/"},"author":{"name":"ofiprensa","@id":"https:\/\/www.ucaldas.edu.co\/portal\/#\/schema\/person\/a1b482e23449158b4bc319926c074fdf"},"headline":"Egresada de la Maestr\u00eda en Educaci\u00f3n obtuvo distinci\u00f3n meritoria por su trabajo de grado","datePublished":"2019-09-26T22:49:07+00:00","dateModified":"2019-09-26T22:49:12+00:00","mainEntityOfPage":{"@id":"https:\/\/www.ucaldas.edu.co\/portal\/egresada-de-la-maestria-en-educacion-obtuvo-distincion-meritoria-por-su-trabajo-de-grado\/"},"wordCount":414,"publisher":{"@id":"https:\/\/www.ucaldas.edu.co\/portal\/#organization"},"image":{"@id":"https:\/\/www.ucaldas.edu.co\/portal\/egresada-de-la-maestria-en-educacion-obtuvo-distincion-meritoria-por-su-trabajo-de-grado\/#primaryimage"},"thumbnailUrl":"https:\/\/www.ucaldas.edu.co\/portal\/wp-content\/uploads\/2019\/09\/TESIS-MAESTRIA-compressor.png","keywords":["tesis","maestr\u00eda","distinci\u00f3n","m\u00e9rito"],"articleSection":["Actualidad","Universidad al D\u00eda","Ucaldas Acreditada"],"inLanguage":"es"},{"@type":"WebPage","@id":"https:\/\/www.ucaldas.edu.co\/portal\/egresada-de-la-maestria-en-educacion-obtuvo-distincion-meritoria-por-su-trabajo-de-grado\/","url":"https:\/\/www.ucaldas.edu.co\/portal\/egresada-de-la-maestria-en-educacion-obtuvo-distincion-meritoria-por-su-trabajo-de-grado\/","name":"Egresada de la Maestr\u00eda en Educaci\u00f3n obtuvo distinci\u00f3n meritoria por su trabajo de grado .","isPartOf":{"@id":"https:\/\/www.ucaldas.edu.co\/portal\/#website"},"primaryImageOfPage":{"@id":"https:\/\/www.ucaldas.edu.co\/portal\/egresada-de-la-maestria-en-educacion-obtuvo-distincion-meritoria-por-su-trabajo-de-grado\/#primaryimage"},"image":{"@id":"https:\/\/www.ucaldas.edu.co\/portal\/egresada-de-la-maestria-en-educacion-obtuvo-distincion-meritoria-por-su-trabajo-de-grado\/#primaryimage"},"thumbnailUrl":"https:\/\/www.ucaldas.edu.co\/portal\/wp-content\/uploads\/2019\/09\/TESIS-MAESTRIA-compressor.png","datePublished":"2019-09-26T22:49:07+00:00","dateModified":"2019-09-26T22:49:12+00:00","breadcrumb":{"@id":"https:\/\/www.ucaldas.edu.co\/portal\/egresada-de-la-maestria-en-educacion-obtuvo-distincion-meritoria-por-su-trabajo-de-grado\/#breadcrumb"},"inLanguage":"es","potentialAction":[{"@type":"ReadAction","target":["https:\/\/www.ucaldas.edu.co\/portal\/egresada-de-la-maestria-en-educacion-obtuvo-distincion-meritoria-por-su-trabajo-de-grado\/"]}]},{"@type":"ImageObject","inLanguage":"es","@id":"https:\/\/www.ucaldas.edu.co\/portal\/egresada-de-la-maestria-en-educacion-obtuvo-distincion-meritoria-por-su-trabajo-de-grado\/#primaryimage","url":"https:\/\/www.ucaldas.edu.co\/portal\/wp-content\/uploads\/2019\/09\/TESIS-MAESTRIA-compressor.png","contentUrl":"https:\/\/www.ucaldas.edu.co\/portal\/wp-content\/uploads\/2019\/09\/TESIS-MAESTRIA-compressor.png","width":700,"height":400},{"@type":"BreadcrumbList","@id":"https:\/\/www.ucaldas.edu.co\/portal\/egresada-de-la-maestria-en-educacion-obtuvo-distincion-meritoria-por-su-trabajo-de-grado\/#breadcrumb","itemListElement":[{"@type":"ListItem","position":1,"name":"Portada","item":"https:\/\/www.ucaldas.edu.co\/portal\/"},{"@type":"ListItem","position":2,"name":"Egresada de la Maestr\u00eda en Educaci\u00f3n obtuvo distinci\u00f3n meritoria por su trabajo de grado"}]},{"@type":"WebSite","@id":"https:\/\/www.ucaldas.edu.co\/portal\/#website","url":"https:\/\/www.ucaldas.edu.co\/portal\/","name":"Universidad de Caldas","description":"","publisher":{"@id":"https:\/\/www.ucaldas.edu.co\/portal\/#organization"},"alternateName":"U. de Caldas","potentialAction":[{"@type":"SearchAction","target":{"@type":"EntryPoint","urlTemplate":"https:\/\/www.ucaldas.edu.co\/portal\/?s={search_term_string}"},"query-input":{"@type":"PropertyValueSpecification","valueRequired":true,"valueName":"search_term_string"}}],"inLanguage":"es"},{"@type":"Organization","@id":"https:\/\/www.ucaldas.edu.co\/portal\/#organization","name":"Universidad de Caldas","alternateName":"U. de Caldas","url":"https:\/\/www.ucaldas.edu.co\/portal\/","logo":{"@type":"ImageObject","inLanguage":"es","@id":"https:\/\/www.ucaldas.edu.co\/portal\/#\/schema\/logo\/image\/","url":"https:\/\/www.ucaldas.edu.co\/portal\/wp-content\/uploads\/2023\/11\/Logo_horizontal_oscuroU-2023.png","contentUrl":"https:\/\/www.ucaldas.edu.co\/portal\/wp-content\/uploads\/2023\/11\/Logo_horizontal_oscuroU-2023.png","width":263,"height":101,"caption":"Universidad de Caldas"},"image":{"@id":"https:\/\/www.ucaldas.edu.co\/portal\/#\/schema\/logo\/image\/"},"sameAs":["https:\/\/www.facebook.com\/udecaldas","https:\/\/x.com\/udecaldas","https:\/\/www.youtube.com\/universidadcaldas","https:\/\/www.instagram.com\/udecaldas\/"]},{"@type":"Person","@id":"https:\/\/www.ucaldas.edu.co\/portal\/#\/schema\/person\/a1b482e23449158b4bc319926c074fdf","name":"ofiprensa","image":{"@type":"ImageObject","inLanguage":"es","@id":"https:\/\/www.ucaldas.edu.co\/portal\/wp-content\/litespeed\/avatar\/09ea5085e600095a7a811142c6944527.jpg?ver=1777497608","url":"https:\/\/www.ucaldas.edu.co\/portal\/wp-content\/litespeed\/avatar\/09ea5085e600095a7a811142c6944527.jpg?ver=1777497608","contentUrl":"https:\/\/www.ucaldas.edu.co\/portal\/wp-content\/litespeed\/avatar\/09ea5085e600095a7a811142c6944527.jpg?ver=1777497608","caption":"ofiprensa"},"url":"https:\/\/www.ucaldas.edu.co\/portal\/author\/ofiprensa\/"}]}},"_links":{"self":[{"href":"https:\/\/www.ucaldas.edu.co\/portal\/wp-json\/wp\/v2\/posts\/51850","targetHints":{"allow":["GET"]}}],"collection":[{"href":"https:\/\/www.ucaldas.edu.co\/portal\/wp-json\/wp\/v2\/posts"}],"about":[{"href":"https:\/\/www.ucaldas.edu.co\/portal\/wp-json\/wp\/v2\/types\/post"}],"author":[{"embeddable":true,"href":"https:\/\/www.ucaldas.edu.co\/portal\/wp-json\/wp\/v2\/users\/2"}],"replies":[{"embeddable":true,"href":"https:\/\/www.ucaldas.edu.co\/portal\/wp-json\/wp\/v2\/comments?post=51850"}],"version-history":[{"count":0,"href":"https:\/\/www.ucaldas.edu.co\/portal\/wp-json\/wp\/v2\/posts\/51850\/revisions"}],"wp:featuredmedia":[{"embeddable":true,"href":"https:\/\/www.ucaldas.edu.co\/portal\/wp-json\/wp\/v2\/media\/51851"}],"wp:attachment":[{"href":"https:\/\/www.ucaldas.edu.co\/portal\/wp-json\/wp\/v2\/media?parent=51850"}],"wp:term":[{"taxonomy":"category","embeddable":true,"href":"https:\/\/www.ucaldas.edu.co\/portal\/wp-json\/wp\/v2\/categories?post=51850"},{"taxonomy":"post_tag","embeddable":true,"href":"https:\/\/www.ucaldas.edu.co\/portal\/wp-json\/wp\/v2\/tags?post=51850"}],"curies":[{"name":"wp","href":"https:\/\/api.w.org\/{rel}","templated":true}]}}