{"id":51723,"date":"2019-09-24T22:50:56","date_gmt":"2019-09-24T22:50:56","guid":{"rendered":"https:\/\/www.ucaldas.edu.co\/portal\/?p=51723"},"modified":"2019-09-24T22:51:09","modified_gmt":"2019-09-24T22:51:09","slug":"ninos-en-condicion-de-autismo-y-jovenes-se-acercaron-a-la-tecnologia-en-el-ccu-rogelio-salmona","status":"publish","type":"post","link":"https:\/\/www.ucaldas.edu.co\/portal\/ninos-en-condicion-de-autismo-y-jovenes-se-acercaron-a-la-tecnologia-en-el-ccu-rogelio-salmona\/","title":{"rendered":"Ni\u00f1os en condici\u00f3n de autismo y j\u00f3venes se acercaron a la tecnolog\u00eda en el CCU Rogelio Salmona"},"content":{"rendered":"<p style=\"text-align: center;\">EN RECORRIDO DURANTE PROGRAMACI\u00d3N DE LA TERCERA SEMANA DE CIENCIA<\/p>\n<p style=\"text-align: center;\"><strong>Ni\u00f1os en condici\u00f3n de autismo y j\u00f3venes se acercaron a la tecnolog\u00eda en el CCU Rogelio Salmona<\/strong><\/p>\n<p style=\"text-align: right;\">24\/09\/2019<\/p>\n<p><img loading=\"lazy\" decoding=\"async\" class=\"wp-image-51724 size-full aligncenter\" src=\"https:\/\/www.ucaldas.edu.co\/portal\/wp-content\/uploads\/2019\/09\/RECORRIDO-CIENCIA-compressor.png\" alt=\"\" width=\"700\" height=\"400\" srcset=\"https:\/\/www.ucaldas.edu.co\/portal\/wp-content\/uploads\/2019\/09\/RECORRIDO-CIENCIA-compressor.png 700w, https:\/\/www.ucaldas.edu.co\/portal\/wp-content\/uploads\/2019\/09\/RECORRIDO-CIENCIA-compressor-300x171.png 300w\" sizes=\"auto, (max-width: 700px) 100vw, 700px\" \/><\/p>\n<p>Como parte de la programaci\u00f3n de la Tercera Semana de Ciencia, Tecnolog\u00eda e Innovaci\u00f3n en Caldas, un grupo de j\u00f3venes que integran semilleros de investigaci\u00f3n y otro de ni\u00f1os en condici\u00f3n de autismo se acercaron a la tecnolog\u00eda durante un recorrido hoy por el Centro Cultural Universitario Rogelio Salmona de la Universidad de Caldas y el Centro de Ciencia Francisco Jos\u00e9 de Caldas.<!--more--><\/p>\n<p>Laura Garc\u00eda, coordinadora de la actividad, explic\u00f3 que este acercamiento se hace para despertar en los j\u00f3venes y ni\u00f1os la curiosidad y que se animen a presentar proyectos de ciencia y tecnolog\u00eda. Adem\u00e1s, para visibilizar los procesos de innovaci\u00f3n y emprendimiento.<\/p>\n<p>Para esto, los invitados conocieron los procedimientos en el ViveLab y en el Makerspace para utilizar la realidad virtual y aumentada en sus planes de investigaci\u00f3n.<\/p>\n<p>La Tercera Semana de Ciencia, Tecnolog\u00eda e Innovaci\u00f3n seguir\u00e1 \u00a0ma\u00f1ana con diferentes \u00a0actividades, como la Feria de Investigaci\u00f3n en el Colegio Integrado Nacional del Oriente, en Pensilvania; la muestra tecnol\u00f3gica en el Sena Caldas, y el encuentro del Programa Ondas, entre otros eventos.<\/p>\n<p><u><a href=\"https:\/\/www.ucaldas.edu.co\/portal\/whatsapp-image-2019-09-23-at-9-44-05-am\/\">Consulte aqu\u00ed la programaci\u00f3n completa de la Tercera Semana de Ciencia, Tecnolog\u00eda e Innovaci\u00f3n en Caldas.<\/a><\/u><\/p>\n<p>&nbsp;<\/p>\n<p><strong>Informes:<\/strong> Oficina de Comunicaciones y Prensa Universidad de Caldas. Tel\u00e9fono: 8781500 Extensi\u00f3n: 12167<\/p>\n<p><strong>Redacci\u00f3n:<\/strong> Adriana Osorio Garc\u00eda<\/p>\n","protected":false},"excerpt":{"rendered":"<p>EN RECORRIDO DURANTE PROGRAMACI\u00d3N DE LA TERCERA SEMANA DE CIENCIA Ni\u00f1os en condici\u00f3n de autismo y j\u00f3venes se acercaron a la tecnolog\u00eda en el CCU Rogelio Salmona 24\/09\/2019 Como parte de la programaci\u00f3n de la Tercera Semana de Ciencia, Tecnolog\u00eda e Innovaci\u00f3n en Caldas, un grupo de j\u00f3venes que integran semilleros de investigaci\u00f3n y otro [&hellip;]<\/p>\n","protected":false},"author":2,"featured_media":51724,"comment_status":"closed","ping_status":"open","sticky":false,"template":"","format":"standard","meta":{"footnotes":""},"categories":[48,53,624],"tags":[130,642,4417],"class_list":["post-51723","post","type-post","status-publish","format-standard","has-post-thumbnail","hentry","category-actualidad","category-universidad-al-dia","category-ucaldas-activa","tag-ciencia","tag-tecnologia","tag-recorrido"],"yoast_head":"<!-- This site is optimized with the Yoast SEO plugin v27.5 - https:\/\/yoast.com\/product\/yoast-seo-wordpress\/ -->\n<title>Ni\u00f1os en condici\u00f3n de autismo y j\u00f3venes se acercaron a la tecnolog\u00eda en el CCU Rogelio Salmona .<\/title>\n<meta name=\"robots\" content=\"index, follow, max-snippet:-1, max-image-preview:large, max-video-preview:-1\" \/>\n<link rel=\"canonical\" href=\"https:\/\/www.ucaldas.edu.co\/portal\/ninos-en-condicion-de-autismo-y-jovenes-se-acercaron-a-la-tecnologia-en-el-ccu-rogelio-salmona\/\" \/>\n<script type=\"application\/ld+json\" class=\"yoast-schema-graph\">{\"@context\":\"https:\\\/\\\/schema.org\",\"@graph\":[{\"@type\":\"Article\",\"@id\":\"https:\\\/\\\/www.ucaldas.edu.co\\\/portal\\\/ninos-en-condicion-de-autismo-y-jovenes-se-acercaron-a-la-tecnologia-en-el-ccu-rogelio-salmona\\\/#article\",\"isPartOf\":{\"@id\":\"https:\\\/\\\/www.ucaldas.edu.co\\\/portal\\\/ninos-en-condicion-de-autismo-y-jovenes-se-acercaron-a-la-tecnologia-en-el-ccu-rogelio-salmona\\\/\"},\"author\":{\"name\":\"ofiprensa\",\"@id\":\"https:\\\/\\\/www.ucaldas.edu.co\\\/portal\\\/#\\\/schema\\\/person\\\/a1b482e23449158b4bc319926c074fdf\"},\"headline\":\"Ni\u00f1os en condici\u00f3n de autismo y j\u00f3venes se acercaron a la tecnolog\u00eda en el CCU Rogelio Salmona\",\"datePublished\":\"2019-09-24T22:50:56+00:00\",\"dateModified\":\"2019-09-24T22:51:09+00:00\",\"mainEntityOfPage\":{\"@id\":\"https:\\\/\\\/www.ucaldas.edu.co\\\/portal\\\/ninos-en-condicion-de-autismo-y-jovenes-se-acercaron-a-la-tecnologia-en-el-ccu-rogelio-salmona\\\/\"},\"wordCount\":285,\"publisher\":{\"@id\":\"https:\\\/\\\/www.ucaldas.edu.co\\\/portal\\\/#organization\"},\"image\":{\"@id\":\"https:\\\/\\\/www.ucaldas.edu.co\\\/portal\\\/ninos-en-condicion-de-autismo-y-jovenes-se-acercaron-a-la-tecnologia-en-el-ccu-rogelio-salmona\\\/#primaryimage\"},\"thumbnailUrl\":\"https:\\\/\\\/www.ucaldas.edu.co\\\/portal\\\/wp-content\\\/uploads\\\/2019\\\/09\\\/RECORRIDO-CIENCIA-compressor.png\",\"keywords\":[\"ciencia\",\"tecnolog\u00eda\",\"recorrido\"],\"articleSection\":[\"Actualidad\",\"Universidad al D\u00eda\",\"UCaldas Activa\"],\"inLanguage\":\"es\"},{\"@type\":\"WebPage\",\"@id\":\"https:\\\/\\\/www.ucaldas.edu.co\\\/portal\\\/ninos-en-condicion-de-autismo-y-jovenes-se-acercaron-a-la-tecnologia-en-el-ccu-rogelio-salmona\\\/\",\"url\":\"https:\\\/\\\/www.ucaldas.edu.co\\\/portal\\\/ninos-en-condicion-de-autismo-y-jovenes-se-acercaron-a-la-tecnologia-en-el-ccu-rogelio-salmona\\\/\",\"name\":\"Ni\u00f1os en condici\u00f3n de autismo y j\u00f3venes se acercaron a la tecnolog\u00eda en el CCU Rogelio Salmona .\",\"isPartOf\":{\"@id\":\"https:\\\/\\\/www.ucaldas.edu.co\\\/portal\\\/#website\"},\"primaryImageOfPage\":{\"@id\":\"https:\\\/\\\/www.ucaldas.edu.co\\\/portal\\\/ninos-en-condicion-de-autismo-y-jovenes-se-acercaron-a-la-tecnologia-en-el-ccu-rogelio-salmona\\\/#primaryimage\"},\"image\":{\"@id\":\"https:\\\/\\\/www.ucaldas.edu.co\\\/portal\\\/ninos-en-condicion-de-autismo-y-jovenes-se-acercaron-a-la-tecnologia-en-el-ccu-rogelio-salmona\\\/#primaryimage\"},\"thumbnailUrl\":\"https:\\\/\\\/www.ucaldas.edu.co\\\/portal\\\/wp-content\\\/uploads\\\/2019\\\/09\\\/RECORRIDO-CIENCIA-compressor.png\",\"datePublished\":\"2019-09-24T22:50:56+00:00\",\"dateModified\":\"2019-09-24T22:51:09+00:00\",\"breadcrumb\":{\"@id\":\"https:\\\/\\\/www.ucaldas.edu.co\\\/portal\\\/ninos-en-condicion-de-autismo-y-jovenes-se-acercaron-a-la-tecnologia-en-el-ccu-rogelio-salmona\\\/#breadcrumb\"},\"inLanguage\":\"es\",\"potentialAction\":[{\"@type\":\"ReadAction\",\"target\":[\"https:\\\/\\\/www.ucaldas.edu.co\\\/portal\\\/ninos-en-condicion-de-autismo-y-jovenes-se-acercaron-a-la-tecnologia-en-el-ccu-rogelio-salmona\\\/\"]}]},{\"@type\":\"ImageObject\",\"inLanguage\":\"es\",\"@id\":\"https:\\\/\\\/www.ucaldas.edu.co\\\/portal\\\/ninos-en-condicion-de-autismo-y-jovenes-se-acercaron-a-la-tecnologia-en-el-ccu-rogelio-salmona\\\/#primaryimage\",\"url\":\"https:\\\/\\\/www.ucaldas.edu.co\\\/portal\\\/wp-content\\\/uploads\\\/2019\\\/09\\\/RECORRIDO-CIENCIA-compressor.png\",\"contentUrl\":\"https:\\\/\\\/www.ucaldas.edu.co\\\/portal\\\/wp-content\\\/uploads\\\/2019\\\/09\\\/RECORRIDO-CIENCIA-compressor.png\",\"width\":700,\"height\":400},{\"@type\":\"BreadcrumbList\",\"@id\":\"https:\\\/\\\/www.ucaldas.edu.co\\\/portal\\\/ninos-en-condicion-de-autismo-y-jovenes-se-acercaron-a-la-tecnologia-en-el-ccu-rogelio-salmona\\\/#breadcrumb\",\"itemListElement\":[{\"@type\":\"ListItem\",\"position\":1,\"name\":\"Portada\",\"item\":\"https:\\\/\\\/www.ucaldas.edu.co\\\/portal\\\/\"},{\"@type\":\"ListItem\",\"position\":2,\"name\":\"Ni\u00f1os en condici\u00f3n de autismo y j\u00f3venes se acercaron a la tecnolog\u00eda en el CCU Rogelio Salmona\"}]},{\"@type\":\"WebSite\",\"@id\":\"https:\\\/\\\/www.ucaldas.edu.co\\\/portal\\\/#website\",\"url\":\"https:\\\/\\\/www.ucaldas.edu.co\\\/portal\\\/\",\"name\":\"Universidad de Caldas\",\"description\":\"\",\"publisher\":{\"@id\":\"https:\\\/\\\/www.ucaldas.edu.co\\\/portal\\\/#organization\"},\"alternateName\":\"U. de Caldas\",\"potentialAction\":[{\"@type\":\"SearchAction\",\"target\":{\"@type\":\"EntryPoint\",\"urlTemplate\":\"https:\\\/\\\/www.ucaldas.edu.co\\\/portal\\\/?s={search_term_string}\"},\"query-input\":{\"@type\":\"PropertyValueSpecification\",\"valueRequired\":true,\"valueName\":\"search_term_string\"}}],\"inLanguage\":\"es\"},{\"@type\":\"Organization\",\"@id\":\"https:\\\/\\\/www.ucaldas.edu.co\\\/portal\\\/#organization\",\"name\":\"Universidad de Caldas\",\"alternateName\":\"U. de Caldas\",\"url\":\"https:\\\/\\\/www.ucaldas.edu.co\\\/portal\\\/\",\"logo\":{\"@type\":\"ImageObject\",\"inLanguage\":\"es\",\"@id\":\"https:\\\/\\\/www.ucaldas.edu.co\\\/portal\\\/#\\\/schema\\\/logo\\\/image\\\/\",\"url\":\"https:\\\/\\\/www.ucaldas.edu.co\\\/portal\\\/wp-content\\\/uploads\\\/2023\\\/11\\\/Logo_horizontal_oscuroU-2023.png\",\"contentUrl\":\"https:\\\/\\\/www.ucaldas.edu.co\\\/portal\\\/wp-content\\\/uploads\\\/2023\\\/11\\\/Logo_horizontal_oscuroU-2023.png\",\"width\":263,\"height\":101,\"caption\":\"Universidad de Caldas\"},\"image\":{\"@id\":\"https:\\\/\\\/www.ucaldas.edu.co\\\/portal\\\/#\\\/schema\\\/logo\\\/image\\\/\"},\"sameAs\":[\"https:\\\/\\\/www.facebook.com\\\/udecaldas\",\"https:\\\/\\\/x.com\\\/udecaldas\",\"https:\\\/\\\/www.youtube.com\\\/universidadcaldas\",\"https:\\\/\\\/www.instagram.com\\\/udecaldas\\\/\"]},{\"@type\":\"Person\",\"@id\":\"https:\\\/\\\/www.ucaldas.edu.co\\\/portal\\\/#\\\/schema\\\/person\\\/a1b482e23449158b4bc319926c074fdf\",\"name\":\"ofiprensa\",\"image\":{\"@type\":\"ImageObject\",\"inLanguage\":\"es\",\"@id\":\"https:\\\/\\\/www.ucaldas.edu.co\\\/portal\\\/wp-content\\\/litespeed\\\/avatar\\\/09ea5085e600095a7a811142c6944527.jpg?ver=1777497608\",\"url\":\"https:\\\/\\\/www.ucaldas.edu.co\\\/portal\\\/wp-content\\\/litespeed\\\/avatar\\\/09ea5085e600095a7a811142c6944527.jpg?ver=1777497608\",\"contentUrl\":\"https:\\\/\\\/www.ucaldas.edu.co\\\/portal\\\/wp-content\\\/litespeed\\\/avatar\\\/09ea5085e600095a7a811142c6944527.jpg?ver=1777497608\",\"caption\":\"ofiprensa\"},\"url\":\"https:\\\/\\\/www.ucaldas.edu.co\\\/portal\\\/author\\\/ofiprensa\\\/\"}]}<\/script>\n<!-- \/ Yoast SEO plugin. -->","yoast_head_json":{"title":"Ni\u00f1os en condici\u00f3n de autismo y j\u00f3venes se acercaron a la tecnolog\u00eda en el CCU Rogelio Salmona .","robots":{"index":"index","follow":"follow","max-snippet":"max-snippet:-1","max-image-preview":"max-image-preview:large","max-video-preview":"max-video-preview:-1"},"canonical":"https:\/\/www.ucaldas.edu.co\/portal\/ninos-en-condicion-de-autismo-y-jovenes-se-acercaron-a-la-tecnologia-en-el-ccu-rogelio-salmona\/","schema":{"@context":"https:\/\/schema.org","@graph":[{"@type":"Article","@id":"https:\/\/www.ucaldas.edu.co\/portal\/ninos-en-condicion-de-autismo-y-jovenes-se-acercaron-a-la-tecnologia-en-el-ccu-rogelio-salmona\/#article","isPartOf":{"@id":"https:\/\/www.ucaldas.edu.co\/portal\/ninos-en-condicion-de-autismo-y-jovenes-se-acercaron-a-la-tecnologia-en-el-ccu-rogelio-salmona\/"},"author":{"name":"ofiprensa","@id":"https:\/\/www.ucaldas.edu.co\/portal\/#\/schema\/person\/a1b482e23449158b4bc319926c074fdf"},"headline":"Ni\u00f1os en condici\u00f3n de autismo y j\u00f3venes se acercaron a la tecnolog\u00eda en el CCU Rogelio Salmona","datePublished":"2019-09-24T22:50:56+00:00","dateModified":"2019-09-24T22:51:09+00:00","mainEntityOfPage":{"@id":"https:\/\/www.ucaldas.edu.co\/portal\/ninos-en-condicion-de-autismo-y-jovenes-se-acercaron-a-la-tecnologia-en-el-ccu-rogelio-salmona\/"},"wordCount":285,"publisher":{"@id":"https:\/\/www.ucaldas.edu.co\/portal\/#organization"},"image":{"@id":"https:\/\/www.ucaldas.edu.co\/portal\/ninos-en-condicion-de-autismo-y-jovenes-se-acercaron-a-la-tecnologia-en-el-ccu-rogelio-salmona\/#primaryimage"},"thumbnailUrl":"https:\/\/www.ucaldas.edu.co\/portal\/wp-content\/uploads\/2019\/09\/RECORRIDO-CIENCIA-compressor.png","keywords":["ciencia","tecnolog\u00eda","recorrido"],"articleSection":["Actualidad","Universidad al D\u00eda","UCaldas Activa"],"inLanguage":"es"},{"@type":"WebPage","@id":"https:\/\/www.ucaldas.edu.co\/portal\/ninos-en-condicion-de-autismo-y-jovenes-se-acercaron-a-la-tecnologia-en-el-ccu-rogelio-salmona\/","url":"https:\/\/www.ucaldas.edu.co\/portal\/ninos-en-condicion-de-autismo-y-jovenes-se-acercaron-a-la-tecnologia-en-el-ccu-rogelio-salmona\/","name":"Ni\u00f1os en condici\u00f3n de autismo y j\u00f3venes se acercaron a la tecnolog\u00eda en el CCU Rogelio Salmona .","isPartOf":{"@id":"https:\/\/www.ucaldas.edu.co\/portal\/#website"},"primaryImageOfPage":{"@id":"https:\/\/www.ucaldas.edu.co\/portal\/ninos-en-condicion-de-autismo-y-jovenes-se-acercaron-a-la-tecnologia-en-el-ccu-rogelio-salmona\/#primaryimage"},"image":{"@id":"https:\/\/www.ucaldas.edu.co\/portal\/ninos-en-condicion-de-autismo-y-jovenes-se-acercaron-a-la-tecnologia-en-el-ccu-rogelio-salmona\/#primaryimage"},"thumbnailUrl":"https:\/\/www.ucaldas.edu.co\/portal\/wp-content\/uploads\/2019\/09\/RECORRIDO-CIENCIA-compressor.png","datePublished":"2019-09-24T22:50:56+00:00","dateModified":"2019-09-24T22:51:09+00:00","breadcrumb":{"@id":"https:\/\/www.ucaldas.edu.co\/portal\/ninos-en-condicion-de-autismo-y-jovenes-se-acercaron-a-la-tecnologia-en-el-ccu-rogelio-salmona\/#breadcrumb"},"inLanguage":"es","potentialAction":[{"@type":"ReadAction","target":["https:\/\/www.ucaldas.edu.co\/portal\/ninos-en-condicion-de-autismo-y-jovenes-se-acercaron-a-la-tecnologia-en-el-ccu-rogelio-salmona\/"]}]},{"@type":"ImageObject","inLanguage":"es","@id":"https:\/\/www.ucaldas.edu.co\/portal\/ninos-en-condicion-de-autismo-y-jovenes-se-acercaron-a-la-tecnologia-en-el-ccu-rogelio-salmona\/#primaryimage","url":"https:\/\/www.ucaldas.edu.co\/portal\/wp-content\/uploads\/2019\/09\/RECORRIDO-CIENCIA-compressor.png","contentUrl":"https:\/\/www.ucaldas.edu.co\/portal\/wp-content\/uploads\/2019\/09\/RECORRIDO-CIENCIA-compressor.png","width":700,"height":400},{"@type":"BreadcrumbList","@id":"https:\/\/www.ucaldas.edu.co\/portal\/ninos-en-condicion-de-autismo-y-jovenes-se-acercaron-a-la-tecnologia-en-el-ccu-rogelio-salmona\/#breadcrumb","itemListElement":[{"@type":"ListItem","position":1,"name":"Portada","item":"https:\/\/www.ucaldas.edu.co\/portal\/"},{"@type":"ListItem","position":2,"name":"Ni\u00f1os en condici\u00f3n de autismo y j\u00f3venes se acercaron a la tecnolog\u00eda en el CCU Rogelio Salmona"}]},{"@type":"WebSite","@id":"https:\/\/www.ucaldas.edu.co\/portal\/#website","url":"https:\/\/www.ucaldas.edu.co\/portal\/","name":"Universidad de Caldas","description":"","publisher":{"@id":"https:\/\/www.ucaldas.edu.co\/portal\/#organization"},"alternateName":"U. de Caldas","potentialAction":[{"@type":"SearchAction","target":{"@type":"EntryPoint","urlTemplate":"https:\/\/www.ucaldas.edu.co\/portal\/?s={search_term_string}"},"query-input":{"@type":"PropertyValueSpecification","valueRequired":true,"valueName":"search_term_string"}}],"inLanguage":"es"},{"@type":"Organization","@id":"https:\/\/www.ucaldas.edu.co\/portal\/#organization","name":"Universidad de Caldas","alternateName":"U. de Caldas","url":"https:\/\/www.ucaldas.edu.co\/portal\/","logo":{"@type":"ImageObject","inLanguage":"es","@id":"https:\/\/www.ucaldas.edu.co\/portal\/#\/schema\/logo\/image\/","url":"https:\/\/www.ucaldas.edu.co\/portal\/wp-content\/uploads\/2023\/11\/Logo_horizontal_oscuroU-2023.png","contentUrl":"https:\/\/www.ucaldas.edu.co\/portal\/wp-content\/uploads\/2023\/11\/Logo_horizontal_oscuroU-2023.png","width":263,"height":101,"caption":"Universidad de Caldas"},"image":{"@id":"https:\/\/www.ucaldas.edu.co\/portal\/#\/schema\/logo\/image\/"},"sameAs":["https:\/\/www.facebook.com\/udecaldas","https:\/\/x.com\/udecaldas","https:\/\/www.youtube.com\/universidadcaldas","https:\/\/www.instagram.com\/udecaldas\/"]},{"@type":"Person","@id":"https:\/\/www.ucaldas.edu.co\/portal\/#\/schema\/person\/a1b482e23449158b4bc319926c074fdf","name":"ofiprensa","image":{"@type":"ImageObject","inLanguage":"es","@id":"https:\/\/www.ucaldas.edu.co\/portal\/wp-content\/litespeed\/avatar\/09ea5085e600095a7a811142c6944527.jpg?ver=1777497608","url":"https:\/\/www.ucaldas.edu.co\/portal\/wp-content\/litespeed\/avatar\/09ea5085e600095a7a811142c6944527.jpg?ver=1777497608","contentUrl":"https:\/\/www.ucaldas.edu.co\/portal\/wp-content\/litespeed\/avatar\/09ea5085e600095a7a811142c6944527.jpg?ver=1777497608","caption":"ofiprensa"},"url":"https:\/\/www.ucaldas.edu.co\/portal\/author\/ofiprensa\/"}]}},"_links":{"self":[{"href":"https:\/\/www.ucaldas.edu.co\/portal\/wp-json\/wp\/v2\/posts\/51723","targetHints":{"allow":["GET"]}}],"collection":[{"href":"https:\/\/www.ucaldas.edu.co\/portal\/wp-json\/wp\/v2\/posts"}],"about":[{"href":"https:\/\/www.ucaldas.edu.co\/portal\/wp-json\/wp\/v2\/types\/post"}],"author":[{"embeddable":true,"href":"https:\/\/www.ucaldas.edu.co\/portal\/wp-json\/wp\/v2\/users\/2"}],"replies":[{"embeddable":true,"href":"https:\/\/www.ucaldas.edu.co\/portal\/wp-json\/wp\/v2\/comments?post=51723"}],"version-history":[{"count":0,"href":"https:\/\/www.ucaldas.edu.co\/portal\/wp-json\/wp\/v2\/posts\/51723\/revisions"}],"wp:featuredmedia":[{"embeddable":true,"href":"https:\/\/www.ucaldas.edu.co\/portal\/wp-json\/wp\/v2\/media\/51724"}],"wp:attachment":[{"href":"https:\/\/www.ucaldas.edu.co\/portal\/wp-json\/wp\/v2\/media?parent=51723"}],"wp:term":[{"taxonomy":"category","embeddable":true,"href":"https:\/\/www.ucaldas.edu.co\/portal\/wp-json\/wp\/v2\/categories?post=51723"},{"taxonomy":"post_tag","embeddable":true,"href":"https:\/\/www.ucaldas.edu.co\/portal\/wp-json\/wp\/v2\/tags?post=51723"}],"curies":[{"name":"wp","href":"https:\/\/api.w.org\/{rel}","templated":true}]}}