{"id":51666,"date":"2019-09-23T21:26:00","date_gmt":"2019-09-23T21:26:00","guid":{"rendered":"https:\/\/www.ucaldas.edu.co\/portal\/?p=51666"},"modified":"2019-09-23T21:30:42","modified_gmt":"2019-09-23T21:30:42","slug":"con-paneles-comenzo-la-tercera-semana-de-ciencia-tecnologia-e-innovacion-en-caldas","status":"publish","type":"post","link":"https:\/\/www.ucaldas.edu.co\/portal\/con-paneles-comenzo-la-tercera-semana-de-ciencia-tecnologia-e-innovacion-en-caldas\/","title":{"rendered":"Con paneles comenz\u00f3 la Tercera Semana de Ciencia, Tecnolog\u00eda e Innovaci\u00f3n en Caldas"},"content":{"rendered":"<p style=\"text-align: center;\">LA PROGRAMACI\u00d3N IR\u00c1 HASTA ESTE VIERNES 27 DE SEPTIEMBRE<\/p>\n<p style=\"text-align: center;\"><strong>Con paneles comenz\u00f3 la Tercera Semana de Ciencia, Tecnolog\u00eda e Innovaci\u00f3n en Caldas<\/strong><\/p>\n<p style=\"text-align: right;\">23\/09\/2019<\/p>\n<p><img loading=\"lazy\" decoding=\"async\" class=\"alignnone size-full wp-image-51667 aligncenter\" src=\"https:\/\/www.ucaldas.edu.co\/portal\/wp-content\/uploads\/2019\/09\/SEMANA-DE-LA-CIENCIA.png\" alt=\"\" width=\"700\" height=\"400\" srcset=\"https:\/\/www.ucaldas.edu.co\/portal\/wp-content\/uploads\/2019\/09\/SEMANA-DE-LA-CIENCIA.png 700w, https:\/\/www.ucaldas.edu.co\/portal\/wp-content\/uploads\/2019\/09\/SEMANA-DE-LA-CIENCIA-300x171.png 300w\" sizes=\"auto, (max-width: 700px) 100vw, 700px\" \/><\/p>\n<p>Fortalecer los lazos entre el sector productivo, las comunidades y la ciencia es el llamado que hicieron los directivos de gremios, universidades e instituciones p\u00fablicas y privadas durante la apertura de la Tercera Semana de Ciencia Tecnolog\u00eda e Innovaci\u00f3n en Caldas. El evento se llev\u00f3 a cabo hoy en el auditorio del Centro Cultural Universitario Rogelio Salmona.<!--more--><\/p>\n<p>La vicerrectora de Investigaciones y Posgrados de la Universidad de Caldas, Luisa Fernanda Giraldo Zuluaga, resalt\u00f3 la importancia de la uni\u00f3n de instituciones para realizar esta semana, con el fin de que el conocimiento no se quede en la academia y la investigaci\u00f3n se desarrolle seg\u00fan el contexto de los territorios.<\/p>\n<p>Adem\u00e1s, la presidenta ejecutiva de la C\u00e1mara de Comercio de Manizales por Caldas, Lina Mar\u00eda Ram\u00edrez Londo\u00f1o, hizo un llamado a continuar fortaleciendo las relaciones entre las empresas del sector productivo y la ciencia, pues esta permitir\u00e1 avanzar en innovaciones e impulsar\u00e1 el desarrollo econ\u00f3mico de la regi\u00f3n.<\/p>\n<p>Finalmente, la coordinadora del encuentro, Mar\u00eda del Carmen Vergara, destac\u00f3 la variada programaci\u00f3n, que se extender\u00e1 hasta el viernes 27 de septiembre y que no solo llevar\u00e1 actividades a escenarios de Manizales, sino tambi\u00e9n de Palestina, Chinchin\u00e1, La Dorada, Villamar\u00eda y Pensilvania.<\/p>\n<p>&nbsp;<\/p>\n<p><strong>Informes:<\/strong> Oficina de Comunicaciones y Prensa Universidad de Caldas. Tel\u00e9fono: 8781500 Extensi\u00f3n: 12167<\/p>\n<p><strong>Redacci\u00f3n:<\/strong> Adriana Osorio Garc\u00eda<\/p>\n","protected":false},"excerpt":{"rendered":"<p>LA PROGRAMACI\u00d3N IR\u00c1 HASTA ESTE VIERNES 27 DE SEPTIEMBRE Con paneles comenz\u00f3 la Tercera Semana de Ciencia, Tecnolog\u00eda e Innovaci\u00f3n en Caldas 23\/09\/2019 Fortalecer los lazos entre el sector productivo, las comunidades y la ciencia es el llamado que hicieron los directivos de gremios, universidades e instituciones p\u00fablicas y privadas durante la apertura de la [&hellip;]<\/p>\n","protected":false},"author":2,"featured_media":51667,"comment_status":"closed","ping_status":"open","sticky":false,"template":"","format":"standard","meta":{"footnotes":""},"categories":[48,53,600],"tags":[130,191,363,627,642,1060],"class_list":["post-51666","post","type-post","status-publish","format-standard","has-post-thumbnail","hentry","category-actualidad","category-universidad-al-dia","category-ucaldas-regional","tag-ciencia","tag-investigacion","tag-innovacion","tag-semana","tag-tecnologia","tag-conocimiento"],"yoast_head":"<!-- This site is optimized with the Yoast SEO plugin v27.5 - https:\/\/yoast.com\/product\/yoast-seo-wordpress\/ -->\n<title>Con paneles comenz\u00f3 la Tercera Semana de Ciencia, Tecnolog\u00eda e Innovaci\u00f3n en Caldas .<\/title>\n<meta name=\"robots\" content=\"index, follow, max-snippet:-1, max-image-preview:large, max-video-preview:-1\" \/>\n<link rel=\"canonical\" href=\"https:\/\/www.ucaldas.edu.co\/portal\/con-paneles-comenzo-la-tercera-semana-de-ciencia-tecnologia-e-innovacion-en-caldas\/\" \/>\n<script type=\"application\/ld+json\" class=\"yoast-schema-graph\">{\"@context\":\"https:\\\/\\\/schema.org\",\"@graph\":[{\"@type\":\"Article\",\"@id\":\"https:\\\/\\\/www.ucaldas.edu.co\\\/portal\\\/con-paneles-comenzo-la-tercera-semana-de-ciencia-tecnologia-e-innovacion-en-caldas\\\/#article\",\"isPartOf\":{\"@id\":\"https:\\\/\\\/www.ucaldas.edu.co\\\/portal\\\/con-paneles-comenzo-la-tercera-semana-de-ciencia-tecnologia-e-innovacion-en-caldas\\\/\"},\"author\":{\"name\":\"ofiprensa\",\"@id\":\"https:\\\/\\\/www.ucaldas.edu.co\\\/portal\\\/#\\\/schema\\\/person\\\/a1b482e23449158b4bc319926c074fdf\"},\"headline\":\"Con paneles comenz\u00f3 la Tercera Semana de Ciencia, Tecnolog\u00eda e Innovaci\u00f3n en Caldas\",\"datePublished\":\"2019-09-23T21:26:00+00:00\",\"dateModified\":\"2019-09-23T21:30:42+00:00\",\"mainEntityOfPage\":{\"@id\":\"https:\\\/\\\/www.ucaldas.edu.co\\\/portal\\\/con-paneles-comenzo-la-tercera-semana-de-ciencia-tecnologia-e-innovacion-en-caldas\\\/\"},\"wordCount\":273,\"publisher\":{\"@id\":\"https:\\\/\\\/www.ucaldas.edu.co\\\/portal\\\/#organization\"},\"image\":{\"@id\":\"https:\\\/\\\/www.ucaldas.edu.co\\\/portal\\\/con-paneles-comenzo-la-tercera-semana-de-ciencia-tecnologia-e-innovacion-en-caldas\\\/#primaryimage\"},\"thumbnailUrl\":\"https:\\\/\\\/www.ucaldas.edu.co\\\/portal\\\/wp-content\\\/uploads\\\/2019\\\/09\\\/SEMANA-DE-LA-CIENCIA.png\",\"keywords\":[\"ciencia\",\"investigaci\u00f3n\",\"innovaci\u00f3n\",\"Semana\",\"tecnolog\u00eda\",\"conocimiento\"],\"articleSection\":[\"Actualidad\",\"Universidad al D\u00eda\",\"UCaldas Regional\"],\"inLanguage\":\"es\"},{\"@type\":\"WebPage\",\"@id\":\"https:\\\/\\\/www.ucaldas.edu.co\\\/portal\\\/con-paneles-comenzo-la-tercera-semana-de-ciencia-tecnologia-e-innovacion-en-caldas\\\/\",\"url\":\"https:\\\/\\\/www.ucaldas.edu.co\\\/portal\\\/con-paneles-comenzo-la-tercera-semana-de-ciencia-tecnologia-e-innovacion-en-caldas\\\/\",\"name\":\"Con paneles comenz\u00f3 la Tercera Semana de Ciencia, Tecnolog\u00eda e Innovaci\u00f3n en Caldas .\",\"isPartOf\":{\"@id\":\"https:\\\/\\\/www.ucaldas.edu.co\\\/portal\\\/#website\"},\"primaryImageOfPage\":{\"@id\":\"https:\\\/\\\/www.ucaldas.edu.co\\\/portal\\\/con-paneles-comenzo-la-tercera-semana-de-ciencia-tecnologia-e-innovacion-en-caldas\\\/#primaryimage\"},\"image\":{\"@id\":\"https:\\\/\\\/www.ucaldas.edu.co\\\/portal\\\/con-paneles-comenzo-la-tercera-semana-de-ciencia-tecnologia-e-innovacion-en-caldas\\\/#primaryimage\"},\"thumbnailUrl\":\"https:\\\/\\\/www.ucaldas.edu.co\\\/portal\\\/wp-content\\\/uploads\\\/2019\\\/09\\\/SEMANA-DE-LA-CIENCIA.png\",\"datePublished\":\"2019-09-23T21:26:00+00:00\",\"dateModified\":\"2019-09-23T21:30:42+00:00\",\"breadcrumb\":{\"@id\":\"https:\\\/\\\/www.ucaldas.edu.co\\\/portal\\\/con-paneles-comenzo-la-tercera-semana-de-ciencia-tecnologia-e-innovacion-en-caldas\\\/#breadcrumb\"},\"inLanguage\":\"es\",\"potentialAction\":[{\"@type\":\"ReadAction\",\"target\":[\"https:\\\/\\\/www.ucaldas.edu.co\\\/portal\\\/con-paneles-comenzo-la-tercera-semana-de-ciencia-tecnologia-e-innovacion-en-caldas\\\/\"]}]},{\"@type\":\"ImageObject\",\"inLanguage\":\"es\",\"@id\":\"https:\\\/\\\/www.ucaldas.edu.co\\\/portal\\\/con-paneles-comenzo-la-tercera-semana-de-ciencia-tecnologia-e-innovacion-en-caldas\\\/#primaryimage\",\"url\":\"https:\\\/\\\/www.ucaldas.edu.co\\\/portal\\\/wp-content\\\/uploads\\\/2019\\\/09\\\/SEMANA-DE-LA-CIENCIA.png\",\"contentUrl\":\"https:\\\/\\\/www.ucaldas.edu.co\\\/portal\\\/wp-content\\\/uploads\\\/2019\\\/09\\\/SEMANA-DE-LA-CIENCIA.png\",\"width\":700,\"height\":400},{\"@type\":\"BreadcrumbList\",\"@id\":\"https:\\\/\\\/www.ucaldas.edu.co\\\/portal\\\/con-paneles-comenzo-la-tercera-semana-de-ciencia-tecnologia-e-innovacion-en-caldas\\\/#breadcrumb\",\"itemListElement\":[{\"@type\":\"ListItem\",\"position\":1,\"name\":\"Portada\",\"item\":\"https:\\\/\\\/www.ucaldas.edu.co\\\/portal\\\/\"},{\"@type\":\"ListItem\",\"position\":2,\"name\":\"Con paneles comenz\u00f3 la Tercera Semana de Ciencia, Tecnolog\u00eda e Innovaci\u00f3n en Caldas\"}]},{\"@type\":\"WebSite\",\"@id\":\"https:\\\/\\\/www.ucaldas.edu.co\\\/portal\\\/#website\",\"url\":\"https:\\\/\\\/www.ucaldas.edu.co\\\/portal\\\/\",\"name\":\"Universidad de Caldas\",\"description\":\"\",\"publisher\":{\"@id\":\"https:\\\/\\\/www.ucaldas.edu.co\\\/portal\\\/#organization\"},\"alternateName\":\"U. de Caldas\",\"potentialAction\":[{\"@type\":\"SearchAction\",\"target\":{\"@type\":\"EntryPoint\",\"urlTemplate\":\"https:\\\/\\\/www.ucaldas.edu.co\\\/portal\\\/?s={search_term_string}\"},\"query-input\":{\"@type\":\"PropertyValueSpecification\",\"valueRequired\":true,\"valueName\":\"search_term_string\"}}],\"inLanguage\":\"es\"},{\"@type\":\"Organization\",\"@id\":\"https:\\\/\\\/www.ucaldas.edu.co\\\/portal\\\/#organization\",\"name\":\"Universidad de Caldas\",\"alternateName\":\"U. de Caldas\",\"url\":\"https:\\\/\\\/www.ucaldas.edu.co\\\/portal\\\/\",\"logo\":{\"@type\":\"ImageObject\",\"inLanguage\":\"es\",\"@id\":\"https:\\\/\\\/www.ucaldas.edu.co\\\/portal\\\/#\\\/schema\\\/logo\\\/image\\\/\",\"url\":\"https:\\\/\\\/www.ucaldas.edu.co\\\/portal\\\/wp-content\\\/uploads\\\/2023\\\/11\\\/Logo_horizontal_oscuroU-2023.png\",\"contentUrl\":\"https:\\\/\\\/www.ucaldas.edu.co\\\/portal\\\/wp-content\\\/uploads\\\/2023\\\/11\\\/Logo_horizontal_oscuroU-2023.png\",\"width\":263,\"height\":101,\"caption\":\"Universidad de Caldas\"},\"image\":{\"@id\":\"https:\\\/\\\/www.ucaldas.edu.co\\\/portal\\\/#\\\/schema\\\/logo\\\/image\\\/\"},\"sameAs\":[\"https:\\\/\\\/www.facebook.com\\\/udecaldas\",\"https:\\\/\\\/x.com\\\/udecaldas\",\"https:\\\/\\\/www.youtube.com\\\/universidadcaldas\",\"https:\\\/\\\/www.instagram.com\\\/udecaldas\\\/\"]},{\"@type\":\"Person\",\"@id\":\"https:\\\/\\\/www.ucaldas.edu.co\\\/portal\\\/#\\\/schema\\\/person\\\/a1b482e23449158b4bc319926c074fdf\",\"name\":\"ofiprensa\",\"image\":{\"@type\":\"ImageObject\",\"inLanguage\":\"es\",\"@id\":\"https:\\\/\\\/www.ucaldas.edu.co\\\/portal\\\/wp-content\\\/litespeed\\\/avatar\\\/09ea5085e600095a7a811142c6944527.jpg?ver=1777497608\",\"url\":\"https:\\\/\\\/www.ucaldas.edu.co\\\/portal\\\/wp-content\\\/litespeed\\\/avatar\\\/09ea5085e600095a7a811142c6944527.jpg?ver=1777497608\",\"contentUrl\":\"https:\\\/\\\/www.ucaldas.edu.co\\\/portal\\\/wp-content\\\/litespeed\\\/avatar\\\/09ea5085e600095a7a811142c6944527.jpg?ver=1777497608\",\"caption\":\"ofiprensa\"},\"url\":\"https:\\\/\\\/www.ucaldas.edu.co\\\/portal\\\/author\\\/ofiprensa\\\/\"}]}<\/script>\n<!-- \/ Yoast SEO plugin. -->","yoast_head_json":{"title":"Con paneles comenz\u00f3 la Tercera Semana de Ciencia, Tecnolog\u00eda e Innovaci\u00f3n en Caldas .","robots":{"index":"index","follow":"follow","max-snippet":"max-snippet:-1","max-image-preview":"max-image-preview:large","max-video-preview":"max-video-preview:-1"},"canonical":"https:\/\/www.ucaldas.edu.co\/portal\/con-paneles-comenzo-la-tercera-semana-de-ciencia-tecnologia-e-innovacion-en-caldas\/","schema":{"@context":"https:\/\/schema.org","@graph":[{"@type":"Article","@id":"https:\/\/www.ucaldas.edu.co\/portal\/con-paneles-comenzo-la-tercera-semana-de-ciencia-tecnologia-e-innovacion-en-caldas\/#article","isPartOf":{"@id":"https:\/\/www.ucaldas.edu.co\/portal\/con-paneles-comenzo-la-tercera-semana-de-ciencia-tecnologia-e-innovacion-en-caldas\/"},"author":{"name":"ofiprensa","@id":"https:\/\/www.ucaldas.edu.co\/portal\/#\/schema\/person\/a1b482e23449158b4bc319926c074fdf"},"headline":"Con paneles comenz\u00f3 la Tercera Semana de Ciencia, Tecnolog\u00eda e Innovaci\u00f3n en Caldas","datePublished":"2019-09-23T21:26:00+00:00","dateModified":"2019-09-23T21:30:42+00:00","mainEntityOfPage":{"@id":"https:\/\/www.ucaldas.edu.co\/portal\/con-paneles-comenzo-la-tercera-semana-de-ciencia-tecnologia-e-innovacion-en-caldas\/"},"wordCount":273,"publisher":{"@id":"https:\/\/www.ucaldas.edu.co\/portal\/#organization"},"image":{"@id":"https:\/\/www.ucaldas.edu.co\/portal\/con-paneles-comenzo-la-tercera-semana-de-ciencia-tecnologia-e-innovacion-en-caldas\/#primaryimage"},"thumbnailUrl":"https:\/\/www.ucaldas.edu.co\/portal\/wp-content\/uploads\/2019\/09\/SEMANA-DE-LA-CIENCIA.png","keywords":["ciencia","investigaci\u00f3n","innovaci\u00f3n","Semana","tecnolog\u00eda","conocimiento"],"articleSection":["Actualidad","Universidad al D\u00eda","UCaldas Regional"],"inLanguage":"es"},{"@type":"WebPage","@id":"https:\/\/www.ucaldas.edu.co\/portal\/con-paneles-comenzo-la-tercera-semana-de-ciencia-tecnologia-e-innovacion-en-caldas\/","url":"https:\/\/www.ucaldas.edu.co\/portal\/con-paneles-comenzo-la-tercera-semana-de-ciencia-tecnologia-e-innovacion-en-caldas\/","name":"Con paneles comenz\u00f3 la Tercera Semana de Ciencia, Tecnolog\u00eda e Innovaci\u00f3n en Caldas .","isPartOf":{"@id":"https:\/\/www.ucaldas.edu.co\/portal\/#website"},"primaryImageOfPage":{"@id":"https:\/\/www.ucaldas.edu.co\/portal\/con-paneles-comenzo-la-tercera-semana-de-ciencia-tecnologia-e-innovacion-en-caldas\/#primaryimage"},"image":{"@id":"https:\/\/www.ucaldas.edu.co\/portal\/con-paneles-comenzo-la-tercera-semana-de-ciencia-tecnologia-e-innovacion-en-caldas\/#primaryimage"},"thumbnailUrl":"https:\/\/www.ucaldas.edu.co\/portal\/wp-content\/uploads\/2019\/09\/SEMANA-DE-LA-CIENCIA.png","datePublished":"2019-09-23T21:26:00+00:00","dateModified":"2019-09-23T21:30:42+00:00","breadcrumb":{"@id":"https:\/\/www.ucaldas.edu.co\/portal\/con-paneles-comenzo-la-tercera-semana-de-ciencia-tecnologia-e-innovacion-en-caldas\/#breadcrumb"},"inLanguage":"es","potentialAction":[{"@type":"ReadAction","target":["https:\/\/www.ucaldas.edu.co\/portal\/con-paneles-comenzo-la-tercera-semana-de-ciencia-tecnologia-e-innovacion-en-caldas\/"]}]},{"@type":"ImageObject","inLanguage":"es","@id":"https:\/\/www.ucaldas.edu.co\/portal\/con-paneles-comenzo-la-tercera-semana-de-ciencia-tecnologia-e-innovacion-en-caldas\/#primaryimage","url":"https:\/\/www.ucaldas.edu.co\/portal\/wp-content\/uploads\/2019\/09\/SEMANA-DE-LA-CIENCIA.png","contentUrl":"https:\/\/www.ucaldas.edu.co\/portal\/wp-content\/uploads\/2019\/09\/SEMANA-DE-LA-CIENCIA.png","width":700,"height":400},{"@type":"BreadcrumbList","@id":"https:\/\/www.ucaldas.edu.co\/portal\/con-paneles-comenzo-la-tercera-semana-de-ciencia-tecnologia-e-innovacion-en-caldas\/#breadcrumb","itemListElement":[{"@type":"ListItem","position":1,"name":"Portada","item":"https:\/\/www.ucaldas.edu.co\/portal\/"},{"@type":"ListItem","position":2,"name":"Con paneles comenz\u00f3 la Tercera Semana de Ciencia, Tecnolog\u00eda e Innovaci\u00f3n en Caldas"}]},{"@type":"WebSite","@id":"https:\/\/www.ucaldas.edu.co\/portal\/#website","url":"https:\/\/www.ucaldas.edu.co\/portal\/","name":"Universidad de Caldas","description":"","publisher":{"@id":"https:\/\/www.ucaldas.edu.co\/portal\/#organization"},"alternateName":"U. de Caldas","potentialAction":[{"@type":"SearchAction","target":{"@type":"EntryPoint","urlTemplate":"https:\/\/www.ucaldas.edu.co\/portal\/?s={search_term_string}"},"query-input":{"@type":"PropertyValueSpecification","valueRequired":true,"valueName":"search_term_string"}}],"inLanguage":"es"},{"@type":"Organization","@id":"https:\/\/www.ucaldas.edu.co\/portal\/#organization","name":"Universidad de Caldas","alternateName":"U. de Caldas","url":"https:\/\/www.ucaldas.edu.co\/portal\/","logo":{"@type":"ImageObject","inLanguage":"es","@id":"https:\/\/www.ucaldas.edu.co\/portal\/#\/schema\/logo\/image\/","url":"https:\/\/www.ucaldas.edu.co\/portal\/wp-content\/uploads\/2023\/11\/Logo_horizontal_oscuroU-2023.png","contentUrl":"https:\/\/www.ucaldas.edu.co\/portal\/wp-content\/uploads\/2023\/11\/Logo_horizontal_oscuroU-2023.png","width":263,"height":101,"caption":"Universidad de Caldas"},"image":{"@id":"https:\/\/www.ucaldas.edu.co\/portal\/#\/schema\/logo\/image\/"},"sameAs":["https:\/\/www.facebook.com\/udecaldas","https:\/\/x.com\/udecaldas","https:\/\/www.youtube.com\/universidadcaldas","https:\/\/www.instagram.com\/udecaldas\/"]},{"@type":"Person","@id":"https:\/\/www.ucaldas.edu.co\/portal\/#\/schema\/person\/a1b482e23449158b4bc319926c074fdf","name":"ofiprensa","image":{"@type":"ImageObject","inLanguage":"es","@id":"https:\/\/www.ucaldas.edu.co\/portal\/wp-content\/litespeed\/avatar\/09ea5085e600095a7a811142c6944527.jpg?ver=1777497608","url":"https:\/\/www.ucaldas.edu.co\/portal\/wp-content\/litespeed\/avatar\/09ea5085e600095a7a811142c6944527.jpg?ver=1777497608","contentUrl":"https:\/\/www.ucaldas.edu.co\/portal\/wp-content\/litespeed\/avatar\/09ea5085e600095a7a811142c6944527.jpg?ver=1777497608","caption":"ofiprensa"},"url":"https:\/\/www.ucaldas.edu.co\/portal\/author\/ofiprensa\/"}]}},"_links":{"self":[{"href":"https:\/\/www.ucaldas.edu.co\/portal\/wp-json\/wp\/v2\/posts\/51666","targetHints":{"allow":["GET"]}}],"collection":[{"href":"https:\/\/www.ucaldas.edu.co\/portal\/wp-json\/wp\/v2\/posts"}],"about":[{"href":"https:\/\/www.ucaldas.edu.co\/portal\/wp-json\/wp\/v2\/types\/post"}],"author":[{"embeddable":true,"href":"https:\/\/www.ucaldas.edu.co\/portal\/wp-json\/wp\/v2\/users\/2"}],"replies":[{"embeddable":true,"href":"https:\/\/www.ucaldas.edu.co\/portal\/wp-json\/wp\/v2\/comments?post=51666"}],"version-history":[{"count":0,"href":"https:\/\/www.ucaldas.edu.co\/portal\/wp-json\/wp\/v2\/posts\/51666\/revisions"}],"wp:featuredmedia":[{"embeddable":true,"href":"https:\/\/www.ucaldas.edu.co\/portal\/wp-json\/wp\/v2\/media\/51667"}],"wp:attachment":[{"href":"https:\/\/www.ucaldas.edu.co\/portal\/wp-json\/wp\/v2\/media?parent=51666"}],"wp:term":[{"taxonomy":"category","embeddable":true,"href":"https:\/\/www.ucaldas.edu.co\/portal\/wp-json\/wp\/v2\/categories?post=51666"},{"taxonomy":"post_tag","embeddable":true,"href":"https:\/\/www.ucaldas.edu.co\/portal\/wp-json\/wp\/v2\/tags?post=51666"}],"curies":[{"name":"wp","href":"https:\/\/api.w.org\/{rel}","templated":true}]}}