{"id":51497,"date":"2019-09-16T22:58:44","date_gmt":"2019-09-16T22:58:44","guid":{"rendered":"https:\/\/www.ucaldas.edu.co\/portal\/?p=51497"},"modified":"2019-09-18T13:16:03","modified_gmt":"2019-09-18T13:16:03","slug":"el-programa-colombia-cientifica-entrega-balance-positivo-en-su-primer-ano-de-labores","status":"publish","type":"post","link":"https:\/\/www.ucaldas.edu.co\/portal\/el-programa-colombia-cientifica-entrega-balance-positivo-en-su-primer-ano-de-labores\/","title":{"rendered":"El programa Colombia Cient\u00edfica entrega balance positivo en su primer a\u00f1o de labores"},"content":{"rendered":"<p style=\"text-align: center;\">DURANTE EL SEGUNDO ENCUENTRO DE ALIADOS E INVESTIGADORES<\/p>\n<p style=\"text-align: center;\"><strong>El programa Colombia Cient\u00edfica entrega balance positivo en su primer a\u00f1o de labores<\/strong><\/p>\n<p style=\"text-align: right;\">16\/09\/2019<\/p>\n<p><img loading=\"lazy\" decoding=\"async\" class=\"aligncenter wp-image-51498 size-full\" src=\"https:\/\/www.ucaldas.edu.co\/portal\/wp-content\/uploads\/2019\/09\/COLOMBIA-CIENTIFICA-compressor-1.png\" alt=\"\" width=\"700\" height=\"400\" srcset=\"https:\/\/www.ucaldas.edu.co\/portal\/wp-content\/uploads\/2019\/09\/COLOMBIA-CIENTIFICA-compressor-1.png 700w, https:\/\/www.ucaldas.edu.co\/portal\/wp-content\/uploads\/2019\/09\/COLOMBIA-CIENTIFICA-compressor-1-300x171.png 300w\" sizes=\"auto, (max-width: 700px) 100vw, 700px\" \/><\/p>\n<p>Una ejecuci\u00f3n financiera del 84% y labores en 13 municipios de 3 departamentos est\u00e1 entre las cifras que destaca el programa Colombia Cient\u00edfica \u2018Reconstrucci\u00f3n del Tejido Social en Zonas de Posconflicto en Colombia\u2019 durante su primer a\u00f1o de labores. Este balance se dio a conocer hoy durante el Segundo Encuentro General de Aliados e Investigadores, que se realiz\u00f3 en la Universidad Aut\u00f3noma de Manizales.<!--more--><\/p>\n<p>La iniciativa la lidera la Universidad de Caldas y cuenta con varias instituciones aliadas: Universidad Aut\u00f3noma de Manizales, Universidad Nacional sede Manizales, Universidad Tecnol\u00f3gica del Choc\u00f3, Universidad de Sucre, CINDE y Codechoc\u00f3.<\/p>\n<p>Javier Gonzaga Valencia, docente de la Universidad de Caldas y director cient\u00edfico del programa, destac\u00f3 que de los ocho programas en el pa\u00eds, este es el m\u00e1s adelantado en ejecuci\u00f3n financiera, a pesar de que arranc\u00f3 en firme este a\u00f1o, luego del proceso contractual a finales del 2018.<\/p>\n<p>Record\u00f3 que el programa busca la reconstrucci\u00f3n del tejido social en las zonas afectadas por el conflicto armado. En este caso se trabaja con poblaciones de Saman\u00e1, Marulanda, Manizales y Riosucio, en Caldas; Quibd\u00f3, Bojay\u00e1, Condoto, Riosucio, Itsmina y uni\u00f3n Panamericana, en Choc\u00f3; y Sincelejo, Chal\u00e1n y Ovejas, en Sucre.<\/p>\n<p>La vicerrectora de Investigaciones y Posgrados de la Universidad de Caldas, Luisa Fernanda Giraldo Zuluaga, destac\u00f3 la importancia del programa Colombia Cient\u00edfica en el desarrollo de investigaci\u00f3n en los territorios y con la poblaci\u00f3n, para reconstruir el tejido social despu\u00e9s del conflicto, pues de esta manera se desarrolla investigaci\u00f3n en contexto.<\/p>\n<p>El prop\u00f3sito del encuentro fue intercambiar experiencias entre los investigadores, desde diferentes disciplinas y universidades, con el fin de fortalecer los procesos y conocer c\u00f3mo son las din\u00e1micas sociales, educativas, ambientales y productivas en los territorios donde se realizan las labores.<\/p>\n<p>Los ejes centrales del programa son:<\/p>\n<ul>\n<li>Paz territorial<\/li>\n<li>Reconstrucci\u00f3n del Tejido Social<\/li>\n<li>Investigaci\u00f3n, acci\u00f3n participaci\u00f3n<\/li>\n<\/ul>\n<p>El director cient\u00edfico explic\u00f3 que el balance positivo de ejecuci\u00f3n corresponde a un esfuerzo grande de los proyectos por adelantar el trabajo en los territorios, y del equipo administrativo por hacer las gestiones a tiempo.<\/p>\n<p>Colombia Cient\u00edfica es un programa del Gobierno Nacional que busca mejorar la calidad de las Instituciones de Educaci\u00f3n Superior en las dimensiones de investigaci\u00f3n, docencia e internacionalizaci\u00f3n, as\u00ed como apoyar a la consolidaci\u00f3n de un sistema de investigaci\u00f3n e innovaci\u00f3n de excelencia cient\u00edfica articulada con el sector productivo, para contribuir a mejorar la competitividad, productividad y desarrollo social del pa\u00eds. Y apoyar el desarrollo de regiones que han sufrido conflictos en los \u00faltimos a\u00f1os.<\/p>\n<ul>\n<li><strong>Anexo<\/strong><\/li>\n<\/ul>\n<p><a href=\"https:\/\/www.ivoox.com\/director-cientifico-colombia-cientifica-javier-gonzaga-valencia-audios-mp3_rf_41505697_1.html\">Audio Javier Gonzaga Valencia, docente de la Universidad de Caldas y director cient\u00edfico del programa<\/a><\/p>\n<p>&nbsp;<\/p>\n<p><strong>Informes:<\/strong> Oficina de Comunicaciones y Prensa Universidad de Caldas. Tel\u00e9fono: 8781500 Extensi\u00f3n: 12167<\/p>\n<p><strong>Redacci\u00f3n:<\/strong> Adriana Osorio Garc\u00eda<\/p>\n","protected":false},"excerpt":{"rendered":"<p>DURANTE EL SEGUNDO ENCUENTRO DE ALIADOS E INVESTIGADORES El programa Colombia Cient\u00edfica entrega balance positivo en su primer a\u00f1o de labores 16\/09\/2019 Una ejecuci\u00f3n financiera del 84% y labores en 13 municipios de 3 departamentos est\u00e1 entre las cifras que destaca el programa Colombia Cient\u00edfica \u2018Reconstrucci\u00f3n del Tejido Social en Zonas de Posconflicto en Colombia\u2019 [&hellip;]<\/p>\n","protected":false},"author":2,"featured_media":51499,"comment_status":"closed","ping_status":"open","sticky":false,"template":"","format":"standard","meta":{"footnotes":""},"categories":[48,53,624],"tags":[50,168,169,2766,3804],"class_list":["post-51497","post","type-post","status-publish","format-standard","has-post-thumbnail","hentry","category-actualidad","category-universidad-al-dia","category-ucaldas-activa","tag-investigaciones","tag-paz","tag-posconflicto","tag-tejido-social","tag-cientificos"],"yoast_head":"<!-- This site is optimized with the Yoast SEO plugin v27.5 - https:\/\/yoast.com\/product\/yoast-seo-wordpress\/ -->\n<title>El programa Colombia Cient\u00edfica entrega balance positivo en su primer a\u00f1o de labores .<\/title>\n<meta name=\"robots\" content=\"index, follow, max-snippet:-1, max-image-preview:large, max-video-preview:-1\" \/>\n<link rel=\"canonical\" href=\"https:\/\/www.ucaldas.edu.co\/portal\/el-programa-colombia-cientifica-entrega-balance-positivo-en-su-primer-ano-de-labores\/\" \/>\n<script type=\"application\/ld+json\" class=\"yoast-schema-graph\">{\"@context\":\"https:\\\/\\\/schema.org\",\"@graph\":[{\"@type\":\"Article\",\"@id\":\"https:\\\/\\\/www.ucaldas.edu.co\\\/portal\\\/el-programa-colombia-cientifica-entrega-balance-positivo-en-su-primer-ano-de-labores\\\/#article\",\"isPartOf\":{\"@id\":\"https:\\\/\\\/www.ucaldas.edu.co\\\/portal\\\/el-programa-colombia-cientifica-entrega-balance-positivo-en-su-primer-ano-de-labores\\\/\"},\"author\":{\"name\":\"ofiprensa\",\"@id\":\"https:\\\/\\\/www.ucaldas.edu.co\\\/portal\\\/#\\\/schema\\\/person\\\/a1b482e23449158b4bc319926c074fdf\"},\"headline\":\"El programa Colombia Cient\u00edfica entrega balance positivo en su primer a\u00f1o de labores\",\"datePublished\":\"2019-09-16T22:58:44+00:00\",\"dateModified\":\"2019-09-18T13:16:03+00:00\",\"mainEntityOfPage\":{\"@id\":\"https:\\\/\\\/www.ucaldas.edu.co\\\/portal\\\/el-programa-colombia-cientifica-entrega-balance-positivo-en-su-primer-ano-de-labores\\\/\"},\"wordCount\":520,\"publisher\":{\"@id\":\"https:\\\/\\\/www.ucaldas.edu.co\\\/portal\\\/#organization\"},\"image\":{\"@id\":\"https:\\\/\\\/www.ucaldas.edu.co\\\/portal\\\/el-programa-colombia-cientifica-entrega-balance-positivo-en-su-primer-ano-de-labores\\\/#primaryimage\"},\"thumbnailUrl\":\"https:\\\/\\\/www.ucaldas.edu.co\\\/portal\\\/wp-content\\\/uploads\\\/2019\\\/09\\\/COLOMBIA-CIENT\u00cdFICA1.jpg\",\"keywords\":[\"investigaciones\",\"paz\",\"posconflicto\",\"tejido social\",\"cient\u00edficos\"],\"articleSection\":[\"Actualidad\",\"Universidad al D\u00eda\",\"UCaldas Activa\"],\"inLanguage\":\"es\"},{\"@type\":\"WebPage\",\"@id\":\"https:\\\/\\\/www.ucaldas.edu.co\\\/portal\\\/el-programa-colombia-cientifica-entrega-balance-positivo-en-su-primer-ano-de-labores\\\/\",\"url\":\"https:\\\/\\\/www.ucaldas.edu.co\\\/portal\\\/el-programa-colombia-cientifica-entrega-balance-positivo-en-su-primer-ano-de-labores\\\/\",\"name\":\"El programa Colombia Cient\u00edfica entrega balance positivo en su primer a\u00f1o de labores .\",\"isPartOf\":{\"@id\":\"https:\\\/\\\/www.ucaldas.edu.co\\\/portal\\\/#website\"},\"primaryImageOfPage\":{\"@id\":\"https:\\\/\\\/www.ucaldas.edu.co\\\/portal\\\/el-programa-colombia-cientifica-entrega-balance-positivo-en-su-primer-ano-de-labores\\\/#primaryimage\"},\"image\":{\"@id\":\"https:\\\/\\\/www.ucaldas.edu.co\\\/portal\\\/el-programa-colombia-cientifica-entrega-balance-positivo-en-su-primer-ano-de-labores\\\/#primaryimage\"},\"thumbnailUrl\":\"https:\\\/\\\/www.ucaldas.edu.co\\\/portal\\\/wp-content\\\/uploads\\\/2019\\\/09\\\/COLOMBIA-CIENT\u00cdFICA1.jpg\",\"datePublished\":\"2019-09-16T22:58:44+00:00\",\"dateModified\":\"2019-09-18T13:16:03+00:00\",\"breadcrumb\":{\"@id\":\"https:\\\/\\\/www.ucaldas.edu.co\\\/portal\\\/el-programa-colombia-cientifica-entrega-balance-positivo-en-su-primer-ano-de-labores\\\/#breadcrumb\"},\"inLanguage\":\"es\",\"potentialAction\":[{\"@type\":\"ReadAction\",\"target\":[\"https:\\\/\\\/www.ucaldas.edu.co\\\/portal\\\/el-programa-colombia-cientifica-entrega-balance-positivo-en-su-primer-ano-de-labores\\\/\"]}]},{\"@type\":\"ImageObject\",\"inLanguage\":\"es\",\"@id\":\"https:\\\/\\\/www.ucaldas.edu.co\\\/portal\\\/el-programa-colombia-cientifica-entrega-balance-positivo-en-su-primer-ano-de-labores\\\/#primaryimage\",\"url\":\"https:\\\/\\\/www.ucaldas.edu.co\\\/portal\\\/wp-content\\\/uploads\\\/2019\\\/09\\\/COLOMBIA-CIENT\u00cdFICA1.jpg\",\"contentUrl\":\"https:\\\/\\\/www.ucaldas.edu.co\\\/portal\\\/wp-content\\\/uploads\\\/2019\\\/09\\\/COLOMBIA-CIENT\u00cdFICA1.jpg\",\"width\":2136,\"height\":827},{\"@type\":\"BreadcrumbList\",\"@id\":\"https:\\\/\\\/www.ucaldas.edu.co\\\/portal\\\/el-programa-colombia-cientifica-entrega-balance-positivo-en-su-primer-ano-de-labores\\\/#breadcrumb\",\"itemListElement\":[{\"@type\":\"ListItem\",\"position\":1,\"name\":\"Portada\",\"item\":\"https:\\\/\\\/www.ucaldas.edu.co\\\/portal\\\/\"},{\"@type\":\"ListItem\",\"position\":2,\"name\":\"El programa Colombia Cient\u00edfica entrega balance positivo en su primer a\u00f1o de labores\"}]},{\"@type\":\"WebSite\",\"@id\":\"https:\\\/\\\/www.ucaldas.edu.co\\\/portal\\\/#website\",\"url\":\"https:\\\/\\\/www.ucaldas.edu.co\\\/portal\\\/\",\"name\":\"Universidad de Caldas\",\"description\":\"\",\"publisher\":{\"@id\":\"https:\\\/\\\/www.ucaldas.edu.co\\\/portal\\\/#organization\"},\"alternateName\":\"U. de Caldas\",\"potentialAction\":[{\"@type\":\"SearchAction\",\"target\":{\"@type\":\"EntryPoint\",\"urlTemplate\":\"https:\\\/\\\/www.ucaldas.edu.co\\\/portal\\\/?s={search_term_string}\"},\"query-input\":{\"@type\":\"PropertyValueSpecification\",\"valueRequired\":true,\"valueName\":\"search_term_string\"}}],\"inLanguage\":\"es\"},{\"@type\":\"Organization\",\"@id\":\"https:\\\/\\\/www.ucaldas.edu.co\\\/portal\\\/#organization\",\"name\":\"Universidad de Caldas\",\"alternateName\":\"U. de Caldas\",\"url\":\"https:\\\/\\\/www.ucaldas.edu.co\\\/portal\\\/\",\"logo\":{\"@type\":\"ImageObject\",\"inLanguage\":\"es\",\"@id\":\"https:\\\/\\\/www.ucaldas.edu.co\\\/portal\\\/#\\\/schema\\\/logo\\\/image\\\/\",\"url\":\"https:\\\/\\\/www.ucaldas.edu.co\\\/portal\\\/wp-content\\\/uploads\\\/2023\\\/11\\\/Logo_horizontal_oscuroU-2023.png\",\"contentUrl\":\"https:\\\/\\\/www.ucaldas.edu.co\\\/portal\\\/wp-content\\\/uploads\\\/2023\\\/11\\\/Logo_horizontal_oscuroU-2023.png\",\"width\":263,\"height\":101,\"caption\":\"Universidad de Caldas\"},\"image\":{\"@id\":\"https:\\\/\\\/www.ucaldas.edu.co\\\/portal\\\/#\\\/schema\\\/logo\\\/image\\\/\"},\"sameAs\":[\"https:\\\/\\\/www.facebook.com\\\/udecaldas\",\"https:\\\/\\\/x.com\\\/udecaldas\",\"https:\\\/\\\/www.youtube.com\\\/universidadcaldas\",\"https:\\\/\\\/www.instagram.com\\\/udecaldas\\\/\"]},{\"@type\":\"Person\",\"@id\":\"https:\\\/\\\/www.ucaldas.edu.co\\\/portal\\\/#\\\/schema\\\/person\\\/a1b482e23449158b4bc319926c074fdf\",\"name\":\"ofiprensa\",\"image\":{\"@type\":\"ImageObject\",\"inLanguage\":\"es\",\"@id\":\"https:\\\/\\\/www.ucaldas.edu.co\\\/portal\\\/wp-content\\\/litespeed\\\/avatar\\\/09ea5085e600095a7a811142c6944527.jpg?ver=1776892805\",\"url\":\"https:\\\/\\\/www.ucaldas.edu.co\\\/portal\\\/wp-content\\\/litespeed\\\/avatar\\\/09ea5085e600095a7a811142c6944527.jpg?ver=1776892805\",\"contentUrl\":\"https:\\\/\\\/www.ucaldas.edu.co\\\/portal\\\/wp-content\\\/litespeed\\\/avatar\\\/09ea5085e600095a7a811142c6944527.jpg?ver=1776892805\",\"caption\":\"ofiprensa\"},\"url\":\"https:\\\/\\\/www.ucaldas.edu.co\\\/portal\\\/author\\\/ofiprensa\\\/\"}]}<\/script>\n<!-- \/ Yoast SEO plugin. -->","yoast_head_json":{"title":"El programa Colombia Cient\u00edfica entrega balance positivo en su primer a\u00f1o de labores .","robots":{"index":"index","follow":"follow","max-snippet":"max-snippet:-1","max-image-preview":"max-image-preview:large","max-video-preview":"max-video-preview:-1"},"canonical":"https:\/\/www.ucaldas.edu.co\/portal\/el-programa-colombia-cientifica-entrega-balance-positivo-en-su-primer-ano-de-labores\/","schema":{"@context":"https:\/\/schema.org","@graph":[{"@type":"Article","@id":"https:\/\/www.ucaldas.edu.co\/portal\/el-programa-colombia-cientifica-entrega-balance-positivo-en-su-primer-ano-de-labores\/#article","isPartOf":{"@id":"https:\/\/www.ucaldas.edu.co\/portal\/el-programa-colombia-cientifica-entrega-balance-positivo-en-su-primer-ano-de-labores\/"},"author":{"name":"ofiprensa","@id":"https:\/\/www.ucaldas.edu.co\/portal\/#\/schema\/person\/a1b482e23449158b4bc319926c074fdf"},"headline":"El programa Colombia Cient\u00edfica entrega balance positivo en su primer a\u00f1o de labores","datePublished":"2019-09-16T22:58:44+00:00","dateModified":"2019-09-18T13:16:03+00:00","mainEntityOfPage":{"@id":"https:\/\/www.ucaldas.edu.co\/portal\/el-programa-colombia-cientifica-entrega-balance-positivo-en-su-primer-ano-de-labores\/"},"wordCount":520,"publisher":{"@id":"https:\/\/www.ucaldas.edu.co\/portal\/#organization"},"image":{"@id":"https:\/\/www.ucaldas.edu.co\/portal\/el-programa-colombia-cientifica-entrega-balance-positivo-en-su-primer-ano-de-labores\/#primaryimage"},"thumbnailUrl":"https:\/\/www.ucaldas.edu.co\/portal\/wp-content\/uploads\/2019\/09\/COLOMBIA-CIENT\u00cdFICA1.jpg","keywords":["investigaciones","paz","posconflicto","tejido social","cient\u00edficos"],"articleSection":["Actualidad","Universidad al D\u00eda","UCaldas Activa"],"inLanguage":"es"},{"@type":"WebPage","@id":"https:\/\/www.ucaldas.edu.co\/portal\/el-programa-colombia-cientifica-entrega-balance-positivo-en-su-primer-ano-de-labores\/","url":"https:\/\/www.ucaldas.edu.co\/portal\/el-programa-colombia-cientifica-entrega-balance-positivo-en-su-primer-ano-de-labores\/","name":"El programa Colombia Cient\u00edfica entrega balance positivo en su primer a\u00f1o de labores .","isPartOf":{"@id":"https:\/\/www.ucaldas.edu.co\/portal\/#website"},"primaryImageOfPage":{"@id":"https:\/\/www.ucaldas.edu.co\/portal\/el-programa-colombia-cientifica-entrega-balance-positivo-en-su-primer-ano-de-labores\/#primaryimage"},"image":{"@id":"https:\/\/www.ucaldas.edu.co\/portal\/el-programa-colombia-cientifica-entrega-balance-positivo-en-su-primer-ano-de-labores\/#primaryimage"},"thumbnailUrl":"https:\/\/www.ucaldas.edu.co\/portal\/wp-content\/uploads\/2019\/09\/COLOMBIA-CIENT\u00cdFICA1.jpg","datePublished":"2019-09-16T22:58:44+00:00","dateModified":"2019-09-18T13:16:03+00:00","breadcrumb":{"@id":"https:\/\/www.ucaldas.edu.co\/portal\/el-programa-colombia-cientifica-entrega-balance-positivo-en-su-primer-ano-de-labores\/#breadcrumb"},"inLanguage":"es","potentialAction":[{"@type":"ReadAction","target":["https:\/\/www.ucaldas.edu.co\/portal\/el-programa-colombia-cientifica-entrega-balance-positivo-en-su-primer-ano-de-labores\/"]}]},{"@type":"ImageObject","inLanguage":"es","@id":"https:\/\/www.ucaldas.edu.co\/portal\/el-programa-colombia-cientifica-entrega-balance-positivo-en-su-primer-ano-de-labores\/#primaryimage","url":"https:\/\/www.ucaldas.edu.co\/portal\/wp-content\/uploads\/2019\/09\/COLOMBIA-CIENT\u00cdFICA1.jpg","contentUrl":"https:\/\/www.ucaldas.edu.co\/portal\/wp-content\/uploads\/2019\/09\/COLOMBIA-CIENT\u00cdFICA1.jpg","width":2136,"height":827},{"@type":"BreadcrumbList","@id":"https:\/\/www.ucaldas.edu.co\/portal\/el-programa-colombia-cientifica-entrega-balance-positivo-en-su-primer-ano-de-labores\/#breadcrumb","itemListElement":[{"@type":"ListItem","position":1,"name":"Portada","item":"https:\/\/www.ucaldas.edu.co\/portal\/"},{"@type":"ListItem","position":2,"name":"El programa Colombia Cient\u00edfica entrega balance positivo en su primer a\u00f1o de labores"}]},{"@type":"WebSite","@id":"https:\/\/www.ucaldas.edu.co\/portal\/#website","url":"https:\/\/www.ucaldas.edu.co\/portal\/","name":"Universidad de Caldas","description":"","publisher":{"@id":"https:\/\/www.ucaldas.edu.co\/portal\/#organization"},"alternateName":"U. de Caldas","potentialAction":[{"@type":"SearchAction","target":{"@type":"EntryPoint","urlTemplate":"https:\/\/www.ucaldas.edu.co\/portal\/?s={search_term_string}"},"query-input":{"@type":"PropertyValueSpecification","valueRequired":true,"valueName":"search_term_string"}}],"inLanguage":"es"},{"@type":"Organization","@id":"https:\/\/www.ucaldas.edu.co\/portal\/#organization","name":"Universidad de Caldas","alternateName":"U. de Caldas","url":"https:\/\/www.ucaldas.edu.co\/portal\/","logo":{"@type":"ImageObject","inLanguage":"es","@id":"https:\/\/www.ucaldas.edu.co\/portal\/#\/schema\/logo\/image\/","url":"https:\/\/www.ucaldas.edu.co\/portal\/wp-content\/uploads\/2023\/11\/Logo_horizontal_oscuroU-2023.png","contentUrl":"https:\/\/www.ucaldas.edu.co\/portal\/wp-content\/uploads\/2023\/11\/Logo_horizontal_oscuroU-2023.png","width":263,"height":101,"caption":"Universidad de Caldas"},"image":{"@id":"https:\/\/www.ucaldas.edu.co\/portal\/#\/schema\/logo\/image\/"},"sameAs":["https:\/\/www.facebook.com\/udecaldas","https:\/\/x.com\/udecaldas","https:\/\/www.youtube.com\/universidadcaldas","https:\/\/www.instagram.com\/udecaldas\/"]},{"@type":"Person","@id":"https:\/\/www.ucaldas.edu.co\/portal\/#\/schema\/person\/a1b482e23449158b4bc319926c074fdf","name":"ofiprensa","image":{"@type":"ImageObject","inLanguage":"es","@id":"https:\/\/www.ucaldas.edu.co\/portal\/wp-content\/litespeed\/avatar\/09ea5085e600095a7a811142c6944527.jpg?ver=1776892805","url":"https:\/\/www.ucaldas.edu.co\/portal\/wp-content\/litespeed\/avatar\/09ea5085e600095a7a811142c6944527.jpg?ver=1776892805","contentUrl":"https:\/\/www.ucaldas.edu.co\/portal\/wp-content\/litespeed\/avatar\/09ea5085e600095a7a811142c6944527.jpg?ver=1776892805","caption":"ofiprensa"},"url":"https:\/\/www.ucaldas.edu.co\/portal\/author\/ofiprensa\/"}]}},"_links":{"self":[{"href":"https:\/\/www.ucaldas.edu.co\/portal\/wp-json\/wp\/v2\/posts\/51497","targetHints":{"allow":["GET"]}}],"collection":[{"href":"https:\/\/www.ucaldas.edu.co\/portal\/wp-json\/wp\/v2\/posts"}],"about":[{"href":"https:\/\/www.ucaldas.edu.co\/portal\/wp-json\/wp\/v2\/types\/post"}],"author":[{"embeddable":true,"href":"https:\/\/www.ucaldas.edu.co\/portal\/wp-json\/wp\/v2\/users\/2"}],"replies":[{"embeddable":true,"href":"https:\/\/www.ucaldas.edu.co\/portal\/wp-json\/wp\/v2\/comments?post=51497"}],"version-history":[{"count":0,"href":"https:\/\/www.ucaldas.edu.co\/portal\/wp-json\/wp\/v2\/posts\/51497\/revisions"}],"wp:featuredmedia":[{"embeddable":true,"href":"https:\/\/www.ucaldas.edu.co\/portal\/wp-json\/wp\/v2\/media\/51499"}],"wp:attachment":[{"href":"https:\/\/www.ucaldas.edu.co\/portal\/wp-json\/wp\/v2\/media?parent=51497"}],"wp:term":[{"taxonomy":"category","embeddable":true,"href":"https:\/\/www.ucaldas.edu.co\/portal\/wp-json\/wp\/v2\/categories?post=51497"},{"taxonomy":"post_tag","embeddable":true,"href":"https:\/\/www.ucaldas.edu.co\/portal\/wp-json\/wp\/v2\/tags?post=51497"}],"curies":[{"name":"wp","href":"https:\/\/api.w.org\/{rel}","templated":true}]}}