{"id":51458,"date":"2019-09-13T23:03:35","date_gmt":"2019-09-13T23:03:35","guid":{"rendered":"https:\/\/www.ucaldas.edu.co\/portal\/?p=51458"},"modified":"2019-09-13T23:03:35","modified_gmt":"2019-09-13T23:03:35","slug":"en-manizales-se-disfrutara-de-una-semana-de-ciencia-tecnologia-e-innovacion","status":"publish","type":"post","link":"https:\/\/www.ucaldas.edu.co\/portal\/en-manizales-se-disfrutara-de-una-semana-de-ciencia-tecnologia-e-innovacion\/","title":{"rendered":"En Manizales se disfrutar\u00e1 de una semana de ciencia, tecnolog\u00eda e innovaci\u00f3n"},"content":{"rendered":"<p style=\"text-align: center;\">DEL 23 AL 30 DE SEPTIEMBRE DE 2019<\/p>\n<p style=\"text-align: center;\"><strong>En Manizales se disfrutar\u00e1 de una semana de ciencia, tecnolog\u00eda e innovaci\u00f3n<\/strong><\/p>\n<p style=\"text-align: right;\">13\/09\/2019<\/p>\n<p><img loading=\"lazy\" decoding=\"async\" class=\"alignnone size-medium wp-image-51459 aligncenter\" src=\"https:\/\/www.ucaldas.edu.co\/portal\/wp-content\/uploads\/2019\/09\/SEMANA-DE-LA-CIENCIA-compressor-300x171.png\" alt=\"\" width=\"300\" height=\"171\" srcset=\"https:\/\/www.ucaldas.edu.co\/portal\/wp-content\/uploads\/2019\/09\/SEMANA-DE-LA-CIENCIA-compressor-300x171.png 300w, https:\/\/www.ucaldas.edu.co\/portal\/wp-content\/uploads\/2019\/09\/SEMANA-DE-LA-CIENCIA-compressor.png 700w\" sizes=\"auto, (max-width: 300px) 100vw, 300px\" \/><\/p>\n<p>Poner en contexto a los actores del Sistema de Ciencia, Tecnolog\u00eda e Innovaci\u00f3n y acercar a la comunidad a estos temas es el objetivo de la Tercera Semana de la Ciencia, Tecnolog\u00eda e Innovaci\u00f3n en Caldas.<!--more--><\/p>\n<p>El encuentro se realizar\u00e1 del 23 al 30 de septiembre en distintos escenarios de Manizales y en algunos municipios del departamento.<\/p>\n<p>La Universidad de Caldas hace parte del grupo de entidades organizadoras, en el que tambi\u00e9n participa el sector productivo de la ciudad, la sociedad civil y organizaciones gubernamentales.<\/p>\n<p>El Jefe de la Oficina de Investigaciones de la U. de Caldas, Gonzalo Taborda Ocampo, dijo que la Semana de la Ciencia es una apuesta de ciudad y regi\u00f3n, por lo que cada entidad se comprometi\u00f3 con realizar al menos una actividad durante la programaci\u00f3n.<\/p>\n<p>Entre los eventos que se destacan est\u00e1 la apertura, que ser\u00e1 el lunes 23 de septiembre. El director de Colciencias, Diego Fernando Hern\u00e1ndez Losada, presentar\u00e1 el Ministerio de Ciencia y Tecnolog\u00eda. Esta actividad ser\u00e1 en el auditorio del Centro Cultural Universitario Rogelio Salmona.<\/p>\n<p>Adem\u00e1s, se presentar\u00e1 la estrategia Manizales ciudad del aprendizaje y se firmar\u00e1 una carta de intenci\u00f3n para fortalecer la alianza entre el sector productivo del departamento y las universidades de la ciudad, con el fin de generar desarrollo e investigaci\u00f3n.<\/p>\n<p>Los m\u00e1s peque\u00f1os podr\u00e1n disfrutar de la actividad Cient\u00edfico por un d\u00eda, en la que estudiantes de colegios recorrer\u00e1n El Centro de Bioinform\u00e1tica y Biolog\u00eda Computacional de Colombia\u00a0 BIOS. De otro lado, se realizar\u00e1 en la Universidad de Caldas un acercamiento a la ciencia y la tecnolog\u00eda para ni\u00f1os con autismo. Adem\u00e1s, habr\u00e1 un taller para expertos en investigaci\u00f3n sobre formulaci\u00f3n de proyectos, el cual se desarrollar\u00e1 en el Makerspace del Centro Cultural Universitario Rogelio Salmona.<\/p>\n<p>Otra actividad para destacar es el Simposio de Innovaci\u00f3n y Tendencias en la Universidad de Manizales.<\/p>\n<p>La Tercera Semana de la Ciencia, Tecnolog\u00eda e Innovaci\u00f3n se realiza gracias a la Alianza Suma (universidades), mediante su grupo de investigaciones. Tambi\u00e9n se cuenta con el apoyo de la Alcald\u00eda de Manizales, la Gobernaci\u00f3n de Caldas, la C\u00e1mara de Comercio de Manizales por Caldas y la Fundaci\u00f3n Universidad-Empresa-Estado.<\/p>\n<p>El ingreso a la mayor\u00eda de actividades es libre, para otras se necesita hacer preinscripci\u00f3n.<\/p>\n<p>&nbsp;<\/p>\n<p><u><a href=\"https:\/\/www.ucaldas.edu.co\/portal\/agenda-semana-de-cti-caldas-1-2\/\">Consulte aqu\u00ed la programaci\u00f3n completa de la Tercera Semana de la Ciencia<\/a><\/u><\/p>\n<p><strong>\u00a0<\/strong><\/p>\n<p><strong>Informes:<\/strong> Oficina de Comunicaciones y Prensa Universidad de Caldas. Tel\u00e9fono: 8781500 Extensi\u00f3n: 12167<\/p>\n<p><strong>Redacci\u00f3n:<\/strong> Adriana Osorio Garc\u00eda<\/p>\n","protected":false},"excerpt":{"rendered":"<p>DEL 23 AL 30 DE SEPTIEMBRE DE 2019 En Manizales se disfrutar\u00e1 de una semana de ciencia, tecnolog\u00eda e innovaci\u00f3n 13\/09\/2019 Poner en contexto a los actores del Sistema de Ciencia, Tecnolog\u00eda e Innovaci\u00f3n y acercar a la comunidad a estos temas es el objetivo de la Tercera Semana de la Ciencia, Tecnolog\u00eda e Innovaci\u00f3n [&hellip;]<\/p>\n","protected":false},"author":2,"featured_media":51460,"comment_status":"closed","ping_status":"open","sticky":false,"template":"","format":"standard","meta":{"footnotes":""},"categories":[48,53,624],"tags":[130,363,627,642],"class_list":["post-51458","post","type-post","status-publish","format-standard","has-post-thumbnail","hentry","category-actualidad","category-universidad-al-dia","category-ucaldas-activa","tag-ciencia","tag-innovacion","tag-semana","tag-tecnologia"],"yoast_head":"<!-- This site is optimized with the Yoast SEO plugin v27.5 - https:\/\/yoast.com\/product\/yoast-seo-wordpress\/ -->\n<title>En Manizales se disfrutar\u00e1 de una semana de ciencia, tecnolog\u00eda e innovaci\u00f3n .<\/title>\n<meta name=\"robots\" content=\"index, follow, max-snippet:-1, max-image-preview:large, max-video-preview:-1\" \/>\n<link rel=\"canonical\" href=\"https:\/\/www.ucaldas.edu.co\/portal\/en-manizales-se-disfrutara-de-una-semana-de-ciencia-tecnologia-e-innovacion\/\" \/>\n<script type=\"application\/ld+json\" class=\"yoast-schema-graph\">{\"@context\":\"https:\\\/\\\/schema.org\",\"@graph\":[{\"@type\":\"Article\",\"@id\":\"https:\\\/\\\/www.ucaldas.edu.co\\\/portal\\\/en-manizales-se-disfrutara-de-una-semana-de-ciencia-tecnologia-e-innovacion\\\/#article\",\"isPartOf\":{\"@id\":\"https:\\\/\\\/www.ucaldas.edu.co\\\/portal\\\/en-manizales-se-disfrutara-de-una-semana-de-ciencia-tecnologia-e-innovacion\\\/\"},\"author\":{\"name\":\"ofiprensa\",\"@id\":\"https:\\\/\\\/www.ucaldas.edu.co\\\/portal\\\/#\\\/schema\\\/person\\\/a1b482e23449158b4bc319926c074fdf\"},\"headline\":\"En Manizales se disfrutar\u00e1 de una semana de ciencia, tecnolog\u00eda e innovaci\u00f3n\",\"datePublished\":\"2019-09-13T23:03:35+00:00\",\"mainEntityOfPage\":{\"@id\":\"https:\\\/\\\/www.ucaldas.edu.co\\\/portal\\\/en-manizales-se-disfrutara-de-una-semana-de-ciencia-tecnologia-e-innovacion\\\/\"},\"wordCount\":467,\"publisher\":{\"@id\":\"https:\\\/\\\/www.ucaldas.edu.co\\\/portal\\\/#organization\"},\"image\":{\"@id\":\"https:\\\/\\\/www.ucaldas.edu.co\\\/portal\\\/en-manizales-se-disfrutara-de-una-semana-de-ciencia-tecnologia-e-innovacion\\\/#primaryimage\"},\"thumbnailUrl\":\"https:\\\/\\\/www.ucaldas.edu.co\\\/portal\\\/wp-content\\\/uploads\\\/2019\\\/09\\\/SEMANA-DE-LA-CIENCIA-compressor-1.png\",\"keywords\":[\"ciencia\",\"innovaci\u00f3n\",\"Semana\",\"tecnolog\u00eda\"],\"articleSection\":[\"Actualidad\",\"Universidad al D\u00eda\",\"UCaldas Activa\"],\"inLanguage\":\"es\"},{\"@type\":\"WebPage\",\"@id\":\"https:\\\/\\\/www.ucaldas.edu.co\\\/portal\\\/en-manizales-se-disfrutara-de-una-semana-de-ciencia-tecnologia-e-innovacion\\\/\",\"url\":\"https:\\\/\\\/www.ucaldas.edu.co\\\/portal\\\/en-manizales-se-disfrutara-de-una-semana-de-ciencia-tecnologia-e-innovacion\\\/\",\"name\":\"En Manizales se disfrutar\u00e1 de una semana de ciencia, tecnolog\u00eda e innovaci\u00f3n .\",\"isPartOf\":{\"@id\":\"https:\\\/\\\/www.ucaldas.edu.co\\\/portal\\\/#website\"},\"primaryImageOfPage\":{\"@id\":\"https:\\\/\\\/www.ucaldas.edu.co\\\/portal\\\/en-manizales-se-disfrutara-de-una-semana-de-ciencia-tecnologia-e-innovacion\\\/#primaryimage\"},\"image\":{\"@id\":\"https:\\\/\\\/www.ucaldas.edu.co\\\/portal\\\/en-manizales-se-disfrutara-de-una-semana-de-ciencia-tecnologia-e-innovacion\\\/#primaryimage\"},\"thumbnailUrl\":\"https:\\\/\\\/www.ucaldas.edu.co\\\/portal\\\/wp-content\\\/uploads\\\/2019\\\/09\\\/SEMANA-DE-LA-CIENCIA-compressor-1.png\",\"datePublished\":\"2019-09-13T23:03:35+00:00\",\"breadcrumb\":{\"@id\":\"https:\\\/\\\/www.ucaldas.edu.co\\\/portal\\\/en-manizales-se-disfrutara-de-una-semana-de-ciencia-tecnologia-e-innovacion\\\/#breadcrumb\"},\"inLanguage\":\"es\",\"potentialAction\":[{\"@type\":\"ReadAction\",\"target\":[\"https:\\\/\\\/www.ucaldas.edu.co\\\/portal\\\/en-manizales-se-disfrutara-de-una-semana-de-ciencia-tecnologia-e-innovacion\\\/\"]}]},{\"@type\":\"ImageObject\",\"inLanguage\":\"es\",\"@id\":\"https:\\\/\\\/www.ucaldas.edu.co\\\/portal\\\/en-manizales-se-disfrutara-de-una-semana-de-ciencia-tecnologia-e-innovacion\\\/#primaryimage\",\"url\":\"https:\\\/\\\/www.ucaldas.edu.co\\\/portal\\\/wp-content\\\/uploads\\\/2019\\\/09\\\/SEMANA-DE-LA-CIENCIA-compressor-1.png\",\"contentUrl\":\"https:\\\/\\\/www.ucaldas.edu.co\\\/portal\\\/wp-content\\\/uploads\\\/2019\\\/09\\\/SEMANA-DE-LA-CIENCIA-compressor-1.png\",\"width\":700,\"height\":400},{\"@type\":\"BreadcrumbList\",\"@id\":\"https:\\\/\\\/www.ucaldas.edu.co\\\/portal\\\/en-manizales-se-disfrutara-de-una-semana-de-ciencia-tecnologia-e-innovacion\\\/#breadcrumb\",\"itemListElement\":[{\"@type\":\"ListItem\",\"position\":1,\"name\":\"Portada\",\"item\":\"https:\\\/\\\/www.ucaldas.edu.co\\\/portal\\\/\"},{\"@type\":\"ListItem\",\"position\":2,\"name\":\"En Manizales se disfrutar\u00e1 de una semana de ciencia, tecnolog\u00eda e innovaci\u00f3n\"}]},{\"@type\":\"WebSite\",\"@id\":\"https:\\\/\\\/www.ucaldas.edu.co\\\/portal\\\/#website\",\"url\":\"https:\\\/\\\/www.ucaldas.edu.co\\\/portal\\\/\",\"name\":\"Universidad de Caldas\",\"description\":\"\",\"publisher\":{\"@id\":\"https:\\\/\\\/www.ucaldas.edu.co\\\/portal\\\/#organization\"},\"alternateName\":\"U. de Caldas\",\"potentialAction\":[{\"@type\":\"SearchAction\",\"target\":{\"@type\":\"EntryPoint\",\"urlTemplate\":\"https:\\\/\\\/www.ucaldas.edu.co\\\/portal\\\/?s={search_term_string}\"},\"query-input\":{\"@type\":\"PropertyValueSpecification\",\"valueRequired\":true,\"valueName\":\"search_term_string\"}}],\"inLanguage\":\"es\"},{\"@type\":\"Organization\",\"@id\":\"https:\\\/\\\/www.ucaldas.edu.co\\\/portal\\\/#organization\",\"name\":\"Universidad de Caldas\",\"alternateName\":\"U. de Caldas\",\"url\":\"https:\\\/\\\/www.ucaldas.edu.co\\\/portal\\\/\",\"logo\":{\"@type\":\"ImageObject\",\"inLanguage\":\"es\",\"@id\":\"https:\\\/\\\/www.ucaldas.edu.co\\\/portal\\\/#\\\/schema\\\/logo\\\/image\\\/\",\"url\":\"https:\\\/\\\/www.ucaldas.edu.co\\\/portal\\\/wp-content\\\/uploads\\\/2023\\\/11\\\/Logo_horizontal_oscuroU-2023.png\",\"contentUrl\":\"https:\\\/\\\/www.ucaldas.edu.co\\\/portal\\\/wp-content\\\/uploads\\\/2023\\\/11\\\/Logo_horizontal_oscuroU-2023.png\",\"width\":263,\"height\":101,\"caption\":\"Universidad de Caldas\"},\"image\":{\"@id\":\"https:\\\/\\\/www.ucaldas.edu.co\\\/portal\\\/#\\\/schema\\\/logo\\\/image\\\/\"},\"sameAs\":[\"https:\\\/\\\/www.facebook.com\\\/udecaldas\",\"https:\\\/\\\/x.com\\\/udecaldas\",\"https:\\\/\\\/www.youtube.com\\\/universidadcaldas\",\"https:\\\/\\\/www.instagram.com\\\/udecaldas\\\/\"]},{\"@type\":\"Person\",\"@id\":\"https:\\\/\\\/www.ucaldas.edu.co\\\/portal\\\/#\\\/schema\\\/person\\\/a1b482e23449158b4bc319926c074fdf\",\"name\":\"ofiprensa\",\"image\":{\"@type\":\"ImageObject\",\"inLanguage\":\"es\",\"@id\":\"https:\\\/\\\/www.ucaldas.edu.co\\\/portal\\\/wp-content\\\/litespeed\\\/avatar\\\/09ea5085e600095a7a811142c6944527.jpg?ver=1777497608\",\"url\":\"https:\\\/\\\/www.ucaldas.edu.co\\\/portal\\\/wp-content\\\/litespeed\\\/avatar\\\/09ea5085e600095a7a811142c6944527.jpg?ver=1777497608\",\"contentUrl\":\"https:\\\/\\\/www.ucaldas.edu.co\\\/portal\\\/wp-content\\\/litespeed\\\/avatar\\\/09ea5085e600095a7a811142c6944527.jpg?ver=1777497608\",\"caption\":\"ofiprensa\"},\"url\":\"https:\\\/\\\/www.ucaldas.edu.co\\\/portal\\\/author\\\/ofiprensa\\\/\"}]}<\/script>\n<!-- \/ Yoast SEO plugin. -->","yoast_head_json":{"title":"En Manizales se disfrutar\u00e1 de una semana de ciencia, tecnolog\u00eda e innovaci\u00f3n .","robots":{"index":"index","follow":"follow","max-snippet":"max-snippet:-1","max-image-preview":"max-image-preview:large","max-video-preview":"max-video-preview:-1"},"canonical":"https:\/\/www.ucaldas.edu.co\/portal\/en-manizales-se-disfrutara-de-una-semana-de-ciencia-tecnologia-e-innovacion\/","schema":{"@context":"https:\/\/schema.org","@graph":[{"@type":"Article","@id":"https:\/\/www.ucaldas.edu.co\/portal\/en-manizales-se-disfrutara-de-una-semana-de-ciencia-tecnologia-e-innovacion\/#article","isPartOf":{"@id":"https:\/\/www.ucaldas.edu.co\/portal\/en-manizales-se-disfrutara-de-una-semana-de-ciencia-tecnologia-e-innovacion\/"},"author":{"name":"ofiprensa","@id":"https:\/\/www.ucaldas.edu.co\/portal\/#\/schema\/person\/a1b482e23449158b4bc319926c074fdf"},"headline":"En Manizales se disfrutar\u00e1 de una semana de ciencia, tecnolog\u00eda e innovaci\u00f3n","datePublished":"2019-09-13T23:03:35+00:00","mainEntityOfPage":{"@id":"https:\/\/www.ucaldas.edu.co\/portal\/en-manizales-se-disfrutara-de-una-semana-de-ciencia-tecnologia-e-innovacion\/"},"wordCount":467,"publisher":{"@id":"https:\/\/www.ucaldas.edu.co\/portal\/#organization"},"image":{"@id":"https:\/\/www.ucaldas.edu.co\/portal\/en-manizales-se-disfrutara-de-una-semana-de-ciencia-tecnologia-e-innovacion\/#primaryimage"},"thumbnailUrl":"https:\/\/www.ucaldas.edu.co\/portal\/wp-content\/uploads\/2019\/09\/SEMANA-DE-LA-CIENCIA-compressor-1.png","keywords":["ciencia","innovaci\u00f3n","Semana","tecnolog\u00eda"],"articleSection":["Actualidad","Universidad al D\u00eda","UCaldas Activa"],"inLanguage":"es"},{"@type":"WebPage","@id":"https:\/\/www.ucaldas.edu.co\/portal\/en-manizales-se-disfrutara-de-una-semana-de-ciencia-tecnologia-e-innovacion\/","url":"https:\/\/www.ucaldas.edu.co\/portal\/en-manizales-se-disfrutara-de-una-semana-de-ciencia-tecnologia-e-innovacion\/","name":"En Manizales se disfrutar\u00e1 de una semana de ciencia, tecnolog\u00eda e innovaci\u00f3n .","isPartOf":{"@id":"https:\/\/www.ucaldas.edu.co\/portal\/#website"},"primaryImageOfPage":{"@id":"https:\/\/www.ucaldas.edu.co\/portal\/en-manizales-se-disfrutara-de-una-semana-de-ciencia-tecnologia-e-innovacion\/#primaryimage"},"image":{"@id":"https:\/\/www.ucaldas.edu.co\/portal\/en-manizales-se-disfrutara-de-una-semana-de-ciencia-tecnologia-e-innovacion\/#primaryimage"},"thumbnailUrl":"https:\/\/www.ucaldas.edu.co\/portal\/wp-content\/uploads\/2019\/09\/SEMANA-DE-LA-CIENCIA-compressor-1.png","datePublished":"2019-09-13T23:03:35+00:00","breadcrumb":{"@id":"https:\/\/www.ucaldas.edu.co\/portal\/en-manizales-se-disfrutara-de-una-semana-de-ciencia-tecnologia-e-innovacion\/#breadcrumb"},"inLanguage":"es","potentialAction":[{"@type":"ReadAction","target":["https:\/\/www.ucaldas.edu.co\/portal\/en-manizales-se-disfrutara-de-una-semana-de-ciencia-tecnologia-e-innovacion\/"]}]},{"@type":"ImageObject","inLanguage":"es","@id":"https:\/\/www.ucaldas.edu.co\/portal\/en-manizales-se-disfrutara-de-una-semana-de-ciencia-tecnologia-e-innovacion\/#primaryimage","url":"https:\/\/www.ucaldas.edu.co\/portal\/wp-content\/uploads\/2019\/09\/SEMANA-DE-LA-CIENCIA-compressor-1.png","contentUrl":"https:\/\/www.ucaldas.edu.co\/portal\/wp-content\/uploads\/2019\/09\/SEMANA-DE-LA-CIENCIA-compressor-1.png","width":700,"height":400},{"@type":"BreadcrumbList","@id":"https:\/\/www.ucaldas.edu.co\/portal\/en-manizales-se-disfrutara-de-una-semana-de-ciencia-tecnologia-e-innovacion\/#breadcrumb","itemListElement":[{"@type":"ListItem","position":1,"name":"Portada","item":"https:\/\/www.ucaldas.edu.co\/portal\/"},{"@type":"ListItem","position":2,"name":"En Manizales se disfrutar\u00e1 de una semana de ciencia, tecnolog\u00eda e innovaci\u00f3n"}]},{"@type":"WebSite","@id":"https:\/\/www.ucaldas.edu.co\/portal\/#website","url":"https:\/\/www.ucaldas.edu.co\/portal\/","name":"Universidad de Caldas","description":"","publisher":{"@id":"https:\/\/www.ucaldas.edu.co\/portal\/#organization"},"alternateName":"U. de Caldas","potentialAction":[{"@type":"SearchAction","target":{"@type":"EntryPoint","urlTemplate":"https:\/\/www.ucaldas.edu.co\/portal\/?s={search_term_string}"},"query-input":{"@type":"PropertyValueSpecification","valueRequired":true,"valueName":"search_term_string"}}],"inLanguage":"es"},{"@type":"Organization","@id":"https:\/\/www.ucaldas.edu.co\/portal\/#organization","name":"Universidad de Caldas","alternateName":"U. de Caldas","url":"https:\/\/www.ucaldas.edu.co\/portal\/","logo":{"@type":"ImageObject","inLanguage":"es","@id":"https:\/\/www.ucaldas.edu.co\/portal\/#\/schema\/logo\/image\/","url":"https:\/\/www.ucaldas.edu.co\/portal\/wp-content\/uploads\/2023\/11\/Logo_horizontal_oscuroU-2023.png","contentUrl":"https:\/\/www.ucaldas.edu.co\/portal\/wp-content\/uploads\/2023\/11\/Logo_horizontal_oscuroU-2023.png","width":263,"height":101,"caption":"Universidad de Caldas"},"image":{"@id":"https:\/\/www.ucaldas.edu.co\/portal\/#\/schema\/logo\/image\/"},"sameAs":["https:\/\/www.facebook.com\/udecaldas","https:\/\/x.com\/udecaldas","https:\/\/www.youtube.com\/universidadcaldas","https:\/\/www.instagram.com\/udecaldas\/"]},{"@type":"Person","@id":"https:\/\/www.ucaldas.edu.co\/portal\/#\/schema\/person\/a1b482e23449158b4bc319926c074fdf","name":"ofiprensa","image":{"@type":"ImageObject","inLanguage":"es","@id":"https:\/\/www.ucaldas.edu.co\/portal\/wp-content\/litespeed\/avatar\/09ea5085e600095a7a811142c6944527.jpg?ver=1777497608","url":"https:\/\/www.ucaldas.edu.co\/portal\/wp-content\/litespeed\/avatar\/09ea5085e600095a7a811142c6944527.jpg?ver=1777497608","contentUrl":"https:\/\/www.ucaldas.edu.co\/portal\/wp-content\/litespeed\/avatar\/09ea5085e600095a7a811142c6944527.jpg?ver=1777497608","caption":"ofiprensa"},"url":"https:\/\/www.ucaldas.edu.co\/portal\/author\/ofiprensa\/"}]}},"_links":{"self":[{"href":"https:\/\/www.ucaldas.edu.co\/portal\/wp-json\/wp\/v2\/posts\/51458","targetHints":{"allow":["GET"]}}],"collection":[{"href":"https:\/\/www.ucaldas.edu.co\/portal\/wp-json\/wp\/v2\/posts"}],"about":[{"href":"https:\/\/www.ucaldas.edu.co\/portal\/wp-json\/wp\/v2\/types\/post"}],"author":[{"embeddable":true,"href":"https:\/\/www.ucaldas.edu.co\/portal\/wp-json\/wp\/v2\/users\/2"}],"replies":[{"embeddable":true,"href":"https:\/\/www.ucaldas.edu.co\/portal\/wp-json\/wp\/v2\/comments?post=51458"}],"version-history":[{"count":0,"href":"https:\/\/www.ucaldas.edu.co\/portal\/wp-json\/wp\/v2\/posts\/51458\/revisions"}],"wp:featuredmedia":[{"embeddable":true,"href":"https:\/\/www.ucaldas.edu.co\/portal\/wp-json\/wp\/v2\/media\/51460"}],"wp:attachment":[{"href":"https:\/\/www.ucaldas.edu.co\/portal\/wp-json\/wp\/v2\/media?parent=51458"}],"wp:term":[{"taxonomy":"category","embeddable":true,"href":"https:\/\/www.ucaldas.edu.co\/portal\/wp-json\/wp\/v2\/categories?post=51458"},{"taxonomy":"post_tag","embeddable":true,"href":"https:\/\/www.ucaldas.edu.co\/portal\/wp-json\/wp\/v2\/tags?post=51458"}],"curies":[{"name":"wp","href":"https:\/\/api.w.org\/{rel}","templated":true}]}}