{"id":51411,"date":"2019-09-12T23:03:11","date_gmt":"2019-09-12T23:03:11","guid":{"rendered":"https:\/\/www.ucaldas.edu.co\/portal\/?p=51411"},"modified":"2019-09-12T23:03:26","modified_gmt":"2019-09-12T23:03:26","slug":"vicerrectora-administrativa-da-parte-de-confianza-en-el-camino-para-resolver-la-situacion-financiera-de-la-u-de-caldas","status":"publish","type":"post","link":"https:\/\/www.ucaldas.edu.co\/portal\/vicerrectora-administrativa-da-parte-de-confianza-en-el-camino-para-resolver-la-situacion-financiera-de-la-u-de-caldas\/","title":{"rendered":"Vicerrectora Administrativa da parte de confianza en el camino para resolver la situaci\u00f3n financiera de la U. de Caldas"},"content":{"rendered":"<p style=\"text-align: center;\">RESALTA LOS AVANCES EN CUATRO SEMANAS DE TRABAJO DE LA MESA T\u00c9CNICA<\/p>\n<p style=\"text-align: center;\"><strong>Vicerrectora Administrativa da parte de confianza en el camino para resolver la situaci\u00f3n financiera de la U. de Caldas<\/strong><\/p>\n<p style=\"text-align: right;\">12\/09\/2019<\/p>\n<p><img loading=\"lazy\" decoding=\"async\" class=\"alignnone size-medium wp-image-51412 aligncenter\" src=\"https:\/\/www.ucaldas.edu.co\/portal\/wp-content\/uploads\/2019\/09\/MESA-TECNICA-compressor-300x171.png\" alt=\"\" width=\"300\" height=\"171\" srcset=\"https:\/\/www.ucaldas.edu.co\/portal\/wp-content\/uploads\/2019\/09\/MESA-TECNICA-compressor-300x171.png 300w, https:\/\/www.ucaldas.edu.co\/portal\/wp-content\/uploads\/2019\/09\/MESA-TECNICA-compressor.png 700w\" sizes=\"auto, (max-width: 300px) 100vw, 300px\" \/><\/p>\n<p>Un parte de confianza y avances en el trabajo que realiza la Mesa T\u00e9cnica para buscar soluciones a la situaci\u00f3n financiera de la Universidad de Caldas entreg\u00f3 la Vicerrectora Administrativa, Paula Andrea Chica Cort\u00e9s, luego de cuatro semanas de labores de este grupo, que cuenta con representaci\u00f3n de profesores, administrativos, decanos y de la administraci\u00f3n de la instituci\u00f3n.<!--more--><\/p>\n<p>La vicerrectora explic\u00f3 que se conform\u00f3 una Comisi\u00f3n Financiera, mediante la cual se hizo un an\u00e1lisis profundo de las cifras de la universidad, con comparaciones exhaustivas de los informes t\u00e9cnicos que se presentan de manera permanente a las instancias internas, al Ministerio de Educaci\u00f3n y a los entes de control internos y externos.<\/p>\n<p>Asegur\u00f3 que estos datos, conocidos plenamente mediante el an\u00e1lisis, permiten darle a la comunidad universitaria una voz de confianza sobre las cifras, que son la base para plantear estrategias concretas en el camino de solucionar no solo el faltante presupuestal para el 2019, sino tambi\u00e9n para encontrar alternativas en el corto y en el mediano plazo para llevar a la universidad a una situaci\u00f3n financiera m\u00e1s manejable.<\/p>\n<p>Record\u00f3 que las alternativas deben llevarse al Consejo Superior de la instituci\u00f3n para su estudio y aprobaci\u00f3n, y enfatiz\u00f3 en la importancia del acompa\u00f1amiento de la comunidad universitaria para proyectar las alternativas.<\/p>\n<p>La Vicerrectora agradeci\u00f3 el trabajo decidido de los integrantes de la Mesa T\u00e9cnica, fundamental para el reconocimiento p\u00fablico de la situaci\u00f3n de la universidad.<\/p>\n<p>&nbsp;<\/p>\n<p><strong>Informes:<\/strong> Oficina de Comunicaciones y Prensa Universidad de Caldas. Tel\u00e9fono: 8781500 Extensi\u00f3n: 12167<\/p>\n<p><strong>Redacci\u00f3n:<\/strong> Adriana Osorio Garc\u00eda<\/p>\n","protected":false},"excerpt":{"rendered":"<p>RESALTA LOS AVANCES EN CUATRO SEMANAS DE TRABAJO DE LA MESA T\u00c9CNICA Vicerrectora Administrativa da parte de confianza en el camino para resolver la situaci\u00f3n financiera de la U. de Caldas 12\/09\/2019 Un parte de confianza y avances en el trabajo que realiza la Mesa T\u00e9cnica para buscar soluciones a la situaci\u00f3n financiera de la [&hellip;]<\/p>\n","protected":false},"author":2,"featured_media":51413,"comment_status":"closed","ping_status":"open","sticky":false,"template":"","format":"standard","meta":{"footnotes":""},"categories":[48,53,620],"tags":[4352,77,1114,4217],"class_list":["post-51411","post","type-post","status-publish","format-standard","has-post-thumbnail","hentry","category-actualidad","category-universidad-al-dia","category-ucaldas-transparente","tag-mesa-tecnica","tag-administracion","tag-finanzas","tag-soluciones"],"yoast_head":"<!-- This site is optimized with the Yoast SEO plugin v27.5 - https:\/\/yoast.com\/product\/yoast-seo-wordpress\/ -->\n<title>Vicerrectora Administrativa da parte de confianza en el camino para resolver la situaci\u00f3n financiera de la U. de Caldas .<\/title>\n<meta name=\"robots\" content=\"index, follow, max-snippet:-1, max-image-preview:large, max-video-preview:-1\" \/>\n<link rel=\"canonical\" href=\"https:\/\/www.ucaldas.edu.co\/portal\/vicerrectora-administrativa-da-parte-de-confianza-en-el-camino-para-resolver-la-situacion-financiera-de-la-u-de-caldas\/\" \/>\n<script type=\"application\/ld+json\" class=\"yoast-schema-graph\">{\"@context\":\"https:\\\/\\\/schema.org\",\"@graph\":[{\"@type\":\"Article\",\"@id\":\"https:\\\/\\\/www.ucaldas.edu.co\\\/portal\\\/vicerrectora-administrativa-da-parte-de-confianza-en-el-camino-para-resolver-la-situacion-financiera-de-la-u-de-caldas\\\/#article\",\"isPartOf\":{\"@id\":\"https:\\\/\\\/www.ucaldas.edu.co\\\/portal\\\/vicerrectora-administrativa-da-parte-de-confianza-en-el-camino-para-resolver-la-situacion-financiera-de-la-u-de-caldas\\\/\"},\"author\":{\"name\":\"ofiprensa\",\"@id\":\"https:\\\/\\\/www.ucaldas.edu.co\\\/portal\\\/#\\\/schema\\\/person\\\/a1b482e23449158b4bc319926c074fdf\"},\"headline\":\"Vicerrectora Administrativa da parte de confianza en el camino para resolver la situaci\u00f3n financiera de la U. de Caldas\",\"datePublished\":\"2019-09-12T23:03:11+00:00\",\"dateModified\":\"2019-09-12T23:03:26+00:00\",\"mainEntityOfPage\":{\"@id\":\"https:\\\/\\\/www.ucaldas.edu.co\\\/portal\\\/vicerrectora-administrativa-da-parte-de-confianza-en-el-camino-para-resolver-la-situacion-financiera-de-la-u-de-caldas\\\/\"},\"wordCount\":326,\"publisher\":{\"@id\":\"https:\\\/\\\/www.ucaldas.edu.co\\\/portal\\\/#organization\"},\"image\":{\"@id\":\"https:\\\/\\\/www.ucaldas.edu.co\\\/portal\\\/vicerrectora-administrativa-da-parte-de-confianza-en-el-camino-para-resolver-la-situacion-financiera-de-la-u-de-caldas\\\/#primaryimage\"},\"thumbnailUrl\":\"https:\\\/\\\/www.ucaldas.edu.co\\\/portal\\\/wp-content\\\/uploads\\\/2019\\\/09\\\/MESA-TECNICA-compressor-1.png\",\"keywords\":[\"Mesa T\u00e9cnica\",\"Administraci\u00f3n\",\"Finanzas\",\"soluciones\"],\"articleSection\":[\"Actualidad\",\"Universidad al D\u00eda\",\"UCaldas Transparente\"],\"inLanguage\":\"es\"},{\"@type\":\"WebPage\",\"@id\":\"https:\\\/\\\/www.ucaldas.edu.co\\\/portal\\\/vicerrectora-administrativa-da-parte-de-confianza-en-el-camino-para-resolver-la-situacion-financiera-de-la-u-de-caldas\\\/\",\"url\":\"https:\\\/\\\/www.ucaldas.edu.co\\\/portal\\\/vicerrectora-administrativa-da-parte-de-confianza-en-el-camino-para-resolver-la-situacion-financiera-de-la-u-de-caldas\\\/\",\"name\":\"Vicerrectora Administrativa da parte de confianza en el camino para resolver la situaci\u00f3n financiera de la U. de Caldas .\",\"isPartOf\":{\"@id\":\"https:\\\/\\\/www.ucaldas.edu.co\\\/portal\\\/#website\"},\"primaryImageOfPage\":{\"@id\":\"https:\\\/\\\/www.ucaldas.edu.co\\\/portal\\\/vicerrectora-administrativa-da-parte-de-confianza-en-el-camino-para-resolver-la-situacion-financiera-de-la-u-de-caldas\\\/#primaryimage\"},\"image\":{\"@id\":\"https:\\\/\\\/www.ucaldas.edu.co\\\/portal\\\/vicerrectora-administrativa-da-parte-de-confianza-en-el-camino-para-resolver-la-situacion-financiera-de-la-u-de-caldas\\\/#primaryimage\"},\"thumbnailUrl\":\"https:\\\/\\\/www.ucaldas.edu.co\\\/portal\\\/wp-content\\\/uploads\\\/2019\\\/09\\\/MESA-TECNICA-compressor-1.png\",\"datePublished\":\"2019-09-12T23:03:11+00:00\",\"dateModified\":\"2019-09-12T23:03:26+00:00\",\"breadcrumb\":{\"@id\":\"https:\\\/\\\/www.ucaldas.edu.co\\\/portal\\\/vicerrectora-administrativa-da-parte-de-confianza-en-el-camino-para-resolver-la-situacion-financiera-de-la-u-de-caldas\\\/#breadcrumb\"},\"inLanguage\":\"es\",\"potentialAction\":[{\"@type\":\"ReadAction\",\"target\":[\"https:\\\/\\\/www.ucaldas.edu.co\\\/portal\\\/vicerrectora-administrativa-da-parte-de-confianza-en-el-camino-para-resolver-la-situacion-financiera-de-la-u-de-caldas\\\/\"]}]},{\"@type\":\"ImageObject\",\"inLanguage\":\"es\",\"@id\":\"https:\\\/\\\/www.ucaldas.edu.co\\\/portal\\\/vicerrectora-administrativa-da-parte-de-confianza-en-el-camino-para-resolver-la-situacion-financiera-de-la-u-de-caldas\\\/#primaryimage\",\"url\":\"https:\\\/\\\/www.ucaldas.edu.co\\\/portal\\\/wp-content\\\/uploads\\\/2019\\\/09\\\/MESA-TECNICA-compressor-1.png\",\"contentUrl\":\"https:\\\/\\\/www.ucaldas.edu.co\\\/portal\\\/wp-content\\\/uploads\\\/2019\\\/09\\\/MESA-TECNICA-compressor-1.png\",\"width\":700,\"height\":400},{\"@type\":\"BreadcrumbList\",\"@id\":\"https:\\\/\\\/www.ucaldas.edu.co\\\/portal\\\/vicerrectora-administrativa-da-parte-de-confianza-en-el-camino-para-resolver-la-situacion-financiera-de-la-u-de-caldas\\\/#breadcrumb\",\"itemListElement\":[{\"@type\":\"ListItem\",\"position\":1,\"name\":\"Portada\",\"item\":\"https:\\\/\\\/www.ucaldas.edu.co\\\/portal\\\/\"},{\"@type\":\"ListItem\",\"position\":2,\"name\":\"Vicerrectora Administrativa da parte de confianza en el camino para resolver la situaci\u00f3n financiera de la U. de Caldas\"}]},{\"@type\":\"WebSite\",\"@id\":\"https:\\\/\\\/www.ucaldas.edu.co\\\/portal\\\/#website\",\"url\":\"https:\\\/\\\/www.ucaldas.edu.co\\\/portal\\\/\",\"name\":\"Universidad de Caldas\",\"description\":\"\",\"publisher\":{\"@id\":\"https:\\\/\\\/www.ucaldas.edu.co\\\/portal\\\/#organization\"},\"alternateName\":\"U. de Caldas\",\"potentialAction\":[{\"@type\":\"SearchAction\",\"target\":{\"@type\":\"EntryPoint\",\"urlTemplate\":\"https:\\\/\\\/www.ucaldas.edu.co\\\/portal\\\/?s={search_term_string}\"},\"query-input\":{\"@type\":\"PropertyValueSpecification\",\"valueRequired\":true,\"valueName\":\"search_term_string\"}}],\"inLanguage\":\"es\"},{\"@type\":\"Organization\",\"@id\":\"https:\\\/\\\/www.ucaldas.edu.co\\\/portal\\\/#organization\",\"name\":\"Universidad de Caldas\",\"alternateName\":\"U. de Caldas\",\"url\":\"https:\\\/\\\/www.ucaldas.edu.co\\\/portal\\\/\",\"logo\":{\"@type\":\"ImageObject\",\"inLanguage\":\"es\",\"@id\":\"https:\\\/\\\/www.ucaldas.edu.co\\\/portal\\\/#\\\/schema\\\/logo\\\/image\\\/\",\"url\":\"https:\\\/\\\/www.ucaldas.edu.co\\\/portal\\\/wp-content\\\/uploads\\\/2023\\\/11\\\/Logo_horizontal_oscuroU-2023.png\",\"contentUrl\":\"https:\\\/\\\/www.ucaldas.edu.co\\\/portal\\\/wp-content\\\/uploads\\\/2023\\\/11\\\/Logo_horizontal_oscuroU-2023.png\",\"width\":263,\"height\":101,\"caption\":\"Universidad de Caldas\"},\"image\":{\"@id\":\"https:\\\/\\\/www.ucaldas.edu.co\\\/portal\\\/#\\\/schema\\\/logo\\\/image\\\/\"},\"sameAs\":[\"https:\\\/\\\/www.facebook.com\\\/udecaldas\",\"https:\\\/\\\/x.com\\\/udecaldas\",\"https:\\\/\\\/www.youtube.com\\\/universidadcaldas\",\"https:\\\/\\\/www.instagram.com\\\/udecaldas\\\/\"]},{\"@type\":\"Person\",\"@id\":\"https:\\\/\\\/www.ucaldas.edu.co\\\/portal\\\/#\\\/schema\\\/person\\\/a1b482e23449158b4bc319926c074fdf\",\"name\":\"ofiprensa\",\"image\":{\"@type\":\"ImageObject\",\"inLanguage\":\"es\",\"@id\":\"https:\\\/\\\/www.ucaldas.edu.co\\\/portal\\\/wp-content\\\/litespeed\\\/avatar\\\/09ea5085e600095a7a811142c6944527.jpg?ver=1777497608\",\"url\":\"https:\\\/\\\/www.ucaldas.edu.co\\\/portal\\\/wp-content\\\/litespeed\\\/avatar\\\/09ea5085e600095a7a811142c6944527.jpg?ver=1777497608\",\"contentUrl\":\"https:\\\/\\\/www.ucaldas.edu.co\\\/portal\\\/wp-content\\\/litespeed\\\/avatar\\\/09ea5085e600095a7a811142c6944527.jpg?ver=1777497608\",\"caption\":\"ofiprensa\"},\"url\":\"https:\\\/\\\/www.ucaldas.edu.co\\\/portal\\\/author\\\/ofiprensa\\\/\"}]}<\/script>\n<!-- \/ Yoast SEO plugin. -->","yoast_head_json":{"title":"Vicerrectora Administrativa da parte de confianza en el camino para resolver la situaci\u00f3n financiera de la U. de Caldas .","robots":{"index":"index","follow":"follow","max-snippet":"max-snippet:-1","max-image-preview":"max-image-preview:large","max-video-preview":"max-video-preview:-1"},"canonical":"https:\/\/www.ucaldas.edu.co\/portal\/vicerrectora-administrativa-da-parte-de-confianza-en-el-camino-para-resolver-la-situacion-financiera-de-la-u-de-caldas\/","schema":{"@context":"https:\/\/schema.org","@graph":[{"@type":"Article","@id":"https:\/\/www.ucaldas.edu.co\/portal\/vicerrectora-administrativa-da-parte-de-confianza-en-el-camino-para-resolver-la-situacion-financiera-de-la-u-de-caldas\/#article","isPartOf":{"@id":"https:\/\/www.ucaldas.edu.co\/portal\/vicerrectora-administrativa-da-parte-de-confianza-en-el-camino-para-resolver-la-situacion-financiera-de-la-u-de-caldas\/"},"author":{"name":"ofiprensa","@id":"https:\/\/www.ucaldas.edu.co\/portal\/#\/schema\/person\/a1b482e23449158b4bc319926c074fdf"},"headline":"Vicerrectora Administrativa da parte de confianza en el camino para resolver la situaci\u00f3n financiera de la U. de Caldas","datePublished":"2019-09-12T23:03:11+00:00","dateModified":"2019-09-12T23:03:26+00:00","mainEntityOfPage":{"@id":"https:\/\/www.ucaldas.edu.co\/portal\/vicerrectora-administrativa-da-parte-de-confianza-en-el-camino-para-resolver-la-situacion-financiera-de-la-u-de-caldas\/"},"wordCount":326,"publisher":{"@id":"https:\/\/www.ucaldas.edu.co\/portal\/#organization"},"image":{"@id":"https:\/\/www.ucaldas.edu.co\/portal\/vicerrectora-administrativa-da-parte-de-confianza-en-el-camino-para-resolver-la-situacion-financiera-de-la-u-de-caldas\/#primaryimage"},"thumbnailUrl":"https:\/\/www.ucaldas.edu.co\/portal\/wp-content\/uploads\/2019\/09\/MESA-TECNICA-compressor-1.png","keywords":["Mesa T\u00e9cnica","Administraci\u00f3n","Finanzas","soluciones"],"articleSection":["Actualidad","Universidad al D\u00eda","UCaldas Transparente"],"inLanguage":"es"},{"@type":"WebPage","@id":"https:\/\/www.ucaldas.edu.co\/portal\/vicerrectora-administrativa-da-parte-de-confianza-en-el-camino-para-resolver-la-situacion-financiera-de-la-u-de-caldas\/","url":"https:\/\/www.ucaldas.edu.co\/portal\/vicerrectora-administrativa-da-parte-de-confianza-en-el-camino-para-resolver-la-situacion-financiera-de-la-u-de-caldas\/","name":"Vicerrectora Administrativa da parte de confianza en el camino para resolver la situaci\u00f3n financiera de la U. de Caldas .","isPartOf":{"@id":"https:\/\/www.ucaldas.edu.co\/portal\/#website"},"primaryImageOfPage":{"@id":"https:\/\/www.ucaldas.edu.co\/portal\/vicerrectora-administrativa-da-parte-de-confianza-en-el-camino-para-resolver-la-situacion-financiera-de-la-u-de-caldas\/#primaryimage"},"image":{"@id":"https:\/\/www.ucaldas.edu.co\/portal\/vicerrectora-administrativa-da-parte-de-confianza-en-el-camino-para-resolver-la-situacion-financiera-de-la-u-de-caldas\/#primaryimage"},"thumbnailUrl":"https:\/\/www.ucaldas.edu.co\/portal\/wp-content\/uploads\/2019\/09\/MESA-TECNICA-compressor-1.png","datePublished":"2019-09-12T23:03:11+00:00","dateModified":"2019-09-12T23:03:26+00:00","breadcrumb":{"@id":"https:\/\/www.ucaldas.edu.co\/portal\/vicerrectora-administrativa-da-parte-de-confianza-en-el-camino-para-resolver-la-situacion-financiera-de-la-u-de-caldas\/#breadcrumb"},"inLanguage":"es","potentialAction":[{"@type":"ReadAction","target":["https:\/\/www.ucaldas.edu.co\/portal\/vicerrectora-administrativa-da-parte-de-confianza-en-el-camino-para-resolver-la-situacion-financiera-de-la-u-de-caldas\/"]}]},{"@type":"ImageObject","inLanguage":"es","@id":"https:\/\/www.ucaldas.edu.co\/portal\/vicerrectora-administrativa-da-parte-de-confianza-en-el-camino-para-resolver-la-situacion-financiera-de-la-u-de-caldas\/#primaryimage","url":"https:\/\/www.ucaldas.edu.co\/portal\/wp-content\/uploads\/2019\/09\/MESA-TECNICA-compressor-1.png","contentUrl":"https:\/\/www.ucaldas.edu.co\/portal\/wp-content\/uploads\/2019\/09\/MESA-TECNICA-compressor-1.png","width":700,"height":400},{"@type":"BreadcrumbList","@id":"https:\/\/www.ucaldas.edu.co\/portal\/vicerrectora-administrativa-da-parte-de-confianza-en-el-camino-para-resolver-la-situacion-financiera-de-la-u-de-caldas\/#breadcrumb","itemListElement":[{"@type":"ListItem","position":1,"name":"Portada","item":"https:\/\/www.ucaldas.edu.co\/portal\/"},{"@type":"ListItem","position":2,"name":"Vicerrectora Administrativa da parte de confianza en el camino para resolver la situaci\u00f3n financiera de la U. de Caldas"}]},{"@type":"WebSite","@id":"https:\/\/www.ucaldas.edu.co\/portal\/#website","url":"https:\/\/www.ucaldas.edu.co\/portal\/","name":"Universidad de Caldas","description":"","publisher":{"@id":"https:\/\/www.ucaldas.edu.co\/portal\/#organization"},"alternateName":"U. de Caldas","potentialAction":[{"@type":"SearchAction","target":{"@type":"EntryPoint","urlTemplate":"https:\/\/www.ucaldas.edu.co\/portal\/?s={search_term_string}"},"query-input":{"@type":"PropertyValueSpecification","valueRequired":true,"valueName":"search_term_string"}}],"inLanguage":"es"},{"@type":"Organization","@id":"https:\/\/www.ucaldas.edu.co\/portal\/#organization","name":"Universidad de Caldas","alternateName":"U. de Caldas","url":"https:\/\/www.ucaldas.edu.co\/portal\/","logo":{"@type":"ImageObject","inLanguage":"es","@id":"https:\/\/www.ucaldas.edu.co\/portal\/#\/schema\/logo\/image\/","url":"https:\/\/www.ucaldas.edu.co\/portal\/wp-content\/uploads\/2023\/11\/Logo_horizontal_oscuroU-2023.png","contentUrl":"https:\/\/www.ucaldas.edu.co\/portal\/wp-content\/uploads\/2023\/11\/Logo_horizontal_oscuroU-2023.png","width":263,"height":101,"caption":"Universidad de Caldas"},"image":{"@id":"https:\/\/www.ucaldas.edu.co\/portal\/#\/schema\/logo\/image\/"},"sameAs":["https:\/\/www.facebook.com\/udecaldas","https:\/\/x.com\/udecaldas","https:\/\/www.youtube.com\/universidadcaldas","https:\/\/www.instagram.com\/udecaldas\/"]},{"@type":"Person","@id":"https:\/\/www.ucaldas.edu.co\/portal\/#\/schema\/person\/a1b482e23449158b4bc319926c074fdf","name":"ofiprensa","image":{"@type":"ImageObject","inLanguage":"es","@id":"https:\/\/www.ucaldas.edu.co\/portal\/wp-content\/litespeed\/avatar\/09ea5085e600095a7a811142c6944527.jpg?ver=1777497608","url":"https:\/\/www.ucaldas.edu.co\/portal\/wp-content\/litespeed\/avatar\/09ea5085e600095a7a811142c6944527.jpg?ver=1777497608","contentUrl":"https:\/\/www.ucaldas.edu.co\/portal\/wp-content\/litespeed\/avatar\/09ea5085e600095a7a811142c6944527.jpg?ver=1777497608","caption":"ofiprensa"},"url":"https:\/\/www.ucaldas.edu.co\/portal\/author\/ofiprensa\/"}]}},"_links":{"self":[{"href":"https:\/\/www.ucaldas.edu.co\/portal\/wp-json\/wp\/v2\/posts\/51411","targetHints":{"allow":["GET"]}}],"collection":[{"href":"https:\/\/www.ucaldas.edu.co\/portal\/wp-json\/wp\/v2\/posts"}],"about":[{"href":"https:\/\/www.ucaldas.edu.co\/portal\/wp-json\/wp\/v2\/types\/post"}],"author":[{"embeddable":true,"href":"https:\/\/www.ucaldas.edu.co\/portal\/wp-json\/wp\/v2\/users\/2"}],"replies":[{"embeddable":true,"href":"https:\/\/www.ucaldas.edu.co\/portal\/wp-json\/wp\/v2\/comments?post=51411"}],"version-history":[{"count":0,"href":"https:\/\/www.ucaldas.edu.co\/portal\/wp-json\/wp\/v2\/posts\/51411\/revisions"}],"wp:featuredmedia":[{"embeddable":true,"href":"https:\/\/www.ucaldas.edu.co\/portal\/wp-json\/wp\/v2\/media\/51413"}],"wp:attachment":[{"href":"https:\/\/www.ucaldas.edu.co\/portal\/wp-json\/wp\/v2\/media?parent=51411"}],"wp:term":[{"taxonomy":"category","embeddable":true,"href":"https:\/\/www.ucaldas.edu.co\/portal\/wp-json\/wp\/v2\/categories?post=51411"},{"taxonomy":"post_tag","embeddable":true,"href":"https:\/\/www.ucaldas.edu.co\/portal\/wp-json\/wp\/v2\/tags?post=51411"}],"curies":[{"name":"wp","href":"https:\/\/api.w.org\/{rel}","templated":true}]}}