{"id":51314,"date":"2019-09-10T23:20:08","date_gmt":"2019-09-10T23:20:08","guid":{"rendered":"https:\/\/www.ucaldas.edu.co\/portal\/?p=51314"},"modified":"2019-09-10T23:20:12","modified_gmt":"2019-09-10T23:20:12","slug":"con-dos-ponencias-docente-de-lenguas-represento-a-la-u-de-caldas-en-congreso-internacional-en-grecia","status":"publish","type":"post","link":"https:\/\/www.ucaldas.edu.co\/portal\/con-dos-ponencias-docente-de-lenguas-represento-a-la-u-de-caldas-en-congreso-internacional-en-grecia\/","title":{"rendered":"Con dos ponencias, docente de Lenguas represent\u00f3 a la U. de Caldas en congreso internacional en Grecia"},"content":{"rendered":"<p style=\"text-align: center;\">M\u00c9TODOS INNOVADORES Y LAS NUEVAS PR\u00c1CTICAS PARA LA ENSE\u00d1ANZA DEL FRANC\u00c9S<\/p>\n<p style=\"text-align: center;\"><strong>Con dos ponencias, docente de Lenguas represent\u00f3 a la U. de Caldas en congreso internacional en Grecia<\/strong><\/p>\n<p style=\"text-align: right;\">10\/09\/2019<\/p>\n<p><img loading=\"lazy\" decoding=\"async\" class=\"alignnone size-full wp-image-51315 aligncenter\" src=\"https:\/\/www.ucaldas.edu.co\/portal\/wp-content\/uploads\/2019\/09\/GERMANA-compressor.png\" alt=\"\" width=\"700\" height=\"400\" srcset=\"https:\/\/www.ucaldas.edu.co\/portal\/wp-content\/uploads\/2019\/09\/GERMANA-compressor.png 700w, https:\/\/www.ucaldas.edu.co\/portal\/wp-content\/uploads\/2019\/09\/GERMANA-compressor-300x171.png 300w\" sizes=\"auto, (max-width: 700px) 100vw, 700px\" \/><\/p>\n<p>Con las ponencias Interculturalidad en el franc\u00e9s y la Ense\u00f1anza del franc\u00e9s y la literatura, la docente Yermana Carolina Soler Mill\u00e1n, de Lenguas Modernas, represent\u00f3 a la Universidad de Caldas en el Congreso de la Federaci\u00f3n Internacional de Profesores de Franc\u00e9s (FIPF). El evento se realiz\u00f3 en Atenas (Grecia).<!--more--><\/p>\n<p>La docente explic\u00f3 que en esta oportunidad el congreso abord\u00f3 el tema de los de los m\u00e9todos innovadores y las nuevas pr\u00e1cticas para la ense\u00f1anza del franc\u00e9s, por medio de la literatura, el teatro, la m\u00fasica, entre otros.<\/p>\n<p>\u201cLa Federaci\u00f3n es la red m\u00e1s grande del mundo y organiza el congreso mundial cada cuatro a\u00f1os, cada vez en un lugar diferente. Hace cuatro a\u00f1os tambi\u00e9n asist\u00ed, fue en B\u00e9lgica\u201d, expres\u00f3 la docente.<\/p>\n<p>Tambi\u00e9n resalt\u00f3 que otro proceso que se logra en estos viajes es obtener contactos valiosos para la Universidad de Caldas, con el fin de realizar intercambios de conocimientos y recibir visitas de docentes de otros pa\u00edses. Por ejemplo, se cont\u00f3 con la presencia de docentes de la Universidad de Sorbona, de Par\u00eds (Francia) en el Segundo Coloquio Internacional de Socioling\u00fc\u00edstica e Interculturalidad que organiza la docente desde el a\u00f1o pasado.<\/p>\n<p>&nbsp;<\/p>\n<p><strong>Informes:<\/strong> Oficina de Comunicaciones y Prensa Universidad de Caldas. Tel\u00e9fono: 8781500 Extensi\u00f3n: 12167<\/p>\n<p><strong>Redacci\u00f3n:<\/strong> Adriana Osorio Garc\u00eda<\/p>\n","protected":false},"excerpt":{"rendered":"<p>M\u00c9TODOS INNOVADORES Y LAS NUEVAS PR\u00c1CTICAS PARA LA ENSE\u00d1ANZA DEL FRANC\u00c9S Con dos ponencias, docente de Lenguas represent\u00f3 a la U. de Caldas en congreso internacional en Grecia 10\/09\/2019 Con las ponencias Interculturalidad en el franc\u00e9s y la Ense\u00f1anza del franc\u00e9s y la literatura, la docente Yermana Carolina Soler Mill\u00e1n, de Lenguas Modernas, represent\u00f3 a [&hellip;]<\/p>\n","protected":false},"author":2,"featured_media":51315,"comment_status":"closed","ping_status":"open","sticky":false,"template":"","format":"standard","meta":{"footnotes":""},"categories":[48,53,614],"tags":[154,171,327,1887],"class_list":["post-51314","post","type-post","status-publish","format-standard","has-post-thumbnail","hentry","category-actualidad","category-universidad-al-dia","category-ucaldas-internacional","tag-frances","tag-congreso","tag-docente","tag-lenguas-modernas"],"yoast_head":"<!-- This site is optimized with the Yoast SEO plugin v27.5 - https:\/\/yoast.com\/product\/yoast-seo-wordpress\/ -->\n<title>Con dos ponencias, docente de Lenguas represent\u00f3 a la U. de Caldas en congreso internacional en Grecia .<\/title>\n<meta name=\"robots\" content=\"index, follow, max-snippet:-1, max-image-preview:large, max-video-preview:-1\" \/>\n<link rel=\"canonical\" href=\"https:\/\/www.ucaldas.edu.co\/portal\/con-dos-ponencias-docente-de-lenguas-represento-a-la-u-de-caldas-en-congreso-internacional-en-grecia\/\" \/>\n<script type=\"application\/ld+json\" class=\"yoast-schema-graph\">{\"@context\":\"https:\\\/\\\/schema.org\",\"@graph\":[{\"@type\":\"Article\",\"@id\":\"https:\\\/\\\/www.ucaldas.edu.co\\\/portal\\\/con-dos-ponencias-docente-de-lenguas-represento-a-la-u-de-caldas-en-congreso-internacional-en-grecia\\\/#article\",\"isPartOf\":{\"@id\":\"https:\\\/\\\/www.ucaldas.edu.co\\\/portal\\\/con-dos-ponencias-docente-de-lenguas-represento-a-la-u-de-caldas-en-congreso-internacional-en-grecia\\\/\"},\"author\":{\"name\":\"ofiprensa\",\"@id\":\"https:\\\/\\\/www.ucaldas.edu.co\\\/portal\\\/#\\\/schema\\\/person\\\/a1b482e23449158b4bc319926c074fdf\"},\"headline\":\"Con dos ponencias, docente de Lenguas represent\u00f3 a la U. de Caldas en congreso internacional en Grecia\",\"datePublished\":\"2019-09-10T23:20:08+00:00\",\"dateModified\":\"2019-09-10T23:20:12+00:00\",\"mainEntityOfPage\":{\"@id\":\"https:\\\/\\\/www.ucaldas.edu.co\\\/portal\\\/con-dos-ponencias-docente-de-lenguas-represento-a-la-u-de-caldas-en-congreso-internacional-en-grecia\\\/\"},\"wordCount\":282,\"publisher\":{\"@id\":\"https:\\\/\\\/www.ucaldas.edu.co\\\/portal\\\/#organization\"},\"image\":{\"@id\":\"https:\\\/\\\/www.ucaldas.edu.co\\\/portal\\\/con-dos-ponencias-docente-de-lenguas-represento-a-la-u-de-caldas-en-congreso-internacional-en-grecia\\\/#primaryimage\"},\"thumbnailUrl\":\"https:\\\/\\\/www.ucaldas.edu.co\\\/portal\\\/wp-content\\\/uploads\\\/2019\\\/09\\\/GERMANA-compressor.png\",\"keywords\":[\"franc\u00e9s\",\"congreso\",\"docente\",\"lenguas modernas\"],\"articleSection\":[\"Actualidad\",\"Universidad al D\u00eda\",\"Ucaldas Internacional\"],\"inLanguage\":\"es\"},{\"@type\":\"WebPage\",\"@id\":\"https:\\\/\\\/www.ucaldas.edu.co\\\/portal\\\/con-dos-ponencias-docente-de-lenguas-represento-a-la-u-de-caldas-en-congreso-internacional-en-grecia\\\/\",\"url\":\"https:\\\/\\\/www.ucaldas.edu.co\\\/portal\\\/con-dos-ponencias-docente-de-lenguas-represento-a-la-u-de-caldas-en-congreso-internacional-en-grecia\\\/\",\"name\":\"Con dos ponencias, docente de Lenguas represent\u00f3 a la U. de Caldas en congreso internacional en Grecia .\",\"isPartOf\":{\"@id\":\"https:\\\/\\\/www.ucaldas.edu.co\\\/portal\\\/#website\"},\"primaryImageOfPage\":{\"@id\":\"https:\\\/\\\/www.ucaldas.edu.co\\\/portal\\\/con-dos-ponencias-docente-de-lenguas-represento-a-la-u-de-caldas-en-congreso-internacional-en-grecia\\\/#primaryimage\"},\"image\":{\"@id\":\"https:\\\/\\\/www.ucaldas.edu.co\\\/portal\\\/con-dos-ponencias-docente-de-lenguas-represento-a-la-u-de-caldas-en-congreso-internacional-en-grecia\\\/#primaryimage\"},\"thumbnailUrl\":\"https:\\\/\\\/www.ucaldas.edu.co\\\/portal\\\/wp-content\\\/uploads\\\/2019\\\/09\\\/GERMANA-compressor.png\",\"datePublished\":\"2019-09-10T23:20:08+00:00\",\"dateModified\":\"2019-09-10T23:20:12+00:00\",\"breadcrumb\":{\"@id\":\"https:\\\/\\\/www.ucaldas.edu.co\\\/portal\\\/con-dos-ponencias-docente-de-lenguas-represento-a-la-u-de-caldas-en-congreso-internacional-en-grecia\\\/#breadcrumb\"},\"inLanguage\":\"es\",\"potentialAction\":[{\"@type\":\"ReadAction\",\"target\":[\"https:\\\/\\\/www.ucaldas.edu.co\\\/portal\\\/con-dos-ponencias-docente-de-lenguas-represento-a-la-u-de-caldas-en-congreso-internacional-en-grecia\\\/\"]}]},{\"@type\":\"ImageObject\",\"inLanguage\":\"es\",\"@id\":\"https:\\\/\\\/www.ucaldas.edu.co\\\/portal\\\/con-dos-ponencias-docente-de-lenguas-represento-a-la-u-de-caldas-en-congreso-internacional-en-grecia\\\/#primaryimage\",\"url\":\"https:\\\/\\\/www.ucaldas.edu.co\\\/portal\\\/wp-content\\\/uploads\\\/2019\\\/09\\\/GERMANA-compressor.png\",\"contentUrl\":\"https:\\\/\\\/www.ucaldas.edu.co\\\/portal\\\/wp-content\\\/uploads\\\/2019\\\/09\\\/GERMANA-compressor.png\",\"width\":700,\"height\":400},{\"@type\":\"BreadcrumbList\",\"@id\":\"https:\\\/\\\/www.ucaldas.edu.co\\\/portal\\\/con-dos-ponencias-docente-de-lenguas-represento-a-la-u-de-caldas-en-congreso-internacional-en-grecia\\\/#breadcrumb\",\"itemListElement\":[{\"@type\":\"ListItem\",\"position\":1,\"name\":\"Portada\",\"item\":\"https:\\\/\\\/www.ucaldas.edu.co\\\/portal\\\/\"},{\"@type\":\"ListItem\",\"position\":2,\"name\":\"Con dos ponencias, docente de Lenguas represent\u00f3 a la U. de Caldas en congreso internacional en Grecia\"}]},{\"@type\":\"WebSite\",\"@id\":\"https:\\\/\\\/www.ucaldas.edu.co\\\/portal\\\/#website\",\"url\":\"https:\\\/\\\/www.ucaldas.edu.co\\\/portal\\\/\",\"name\":\"Universidad de Caldas\",\"description\":\"\",\"publisher\":{\"@id\":\"https:\\\/\\\/www.ucaldas.edu.co\\\/portal\\\/#organization\"},\"alternateName\":\"U. de Caldas\",\"potentialAction\":[{\"@type\":\"SearchAction\",\"target\":{\"@type\":\"EntryPoint\",\"urlTemplate\":\"https:\\\/\\\/www.ucaldas.edu.co\\\/portal\\\/?s={search_term_string}\"},\"query-input\":{\"@type\":\"PropertyValueSpecification\",\"valueRequired\":true,\"valueName\":\"search_term_string\"}}],\"inLanguage\":\"es\"},{\"@type\":\"Organization\",\"@id\":\"https:\\\/\\\/www.ucaldas.edu.co\\\/portal\\\/#organization\",\"name\":\"Universidad de Caldas\",\"alternateName\":\"U. de Caldas\",\"url\":\"https:\\\/\\\/www.ucaldas.edu.co\\\/portal\\\/\",\"logo\":{\"@type\":\"ImageObject\",\"inLanguage\":\"es\",\"@id\":\"https:\\\/\\\/www.ucaldas.edu.co\\\/portal\\\/#\\\/schema\\\/logo\\\/image\\\/\",\"url\":\"https:\\\/\\\/www.ucaldas.edu.co\\\/portal\\\/wp-content\\\/uploads\\\/2023\\\/11\\\/Logo_horizontal_oscuroU-2023.png\",\"contentUrl\":\"https:\\\/\\\/www.ucaldas.edu.co\\\/portal\\\/wp-content\\\/uploads\\\/2023\\\/11\\\/Logo_horizontal_oscuroU-2023.png\",\"width\":263,\"height\":101,\"caption\":\"Universidad de Caldas\"},\"image\":{\"@id\":\"https:\\\/\\\/www.ucaldas.edu.co\\\/portal\\\/#\\\/schema\\\/logo\\\/image\\\/\"},\"sameAs\":[\"https:\\\/\\\/www.facebook.com\\\/udecaldas\",\"https:\\\/\\\/x.com\\\/udecaldas\",\"https:\\\/\\\/www.youtube.com\\\/universidadcaldas\",\"https:\\\/\\\/www.instagram.com\\\/udecaldas\\\/\"]},{\"@type\":\"Person\",\"@id\":\"https:\\\/\\\/www.ucaldas.edu.co\\\/portal\\\/#\\\/schema\\\/person\\\/a1b482e23449158b4bc319926c074fdf\",\"name\":\"ofiprensa\",\"image\":{\"@type\":\"ImageObject\",\"inLanguage\":\"es\",\"@id\":\"https:\\\/\\\/www.ucaldas.edu.co\\\/portal\\\/wp-content\\\/litespeed\\\/avatar\\\/09ea5085e600095a7a811142c6944527.jpg?ver=1777497608\",\"url\":\"https:\\\/\\\/www.ucaldas.edu.co\\\/portal\\\/wp-content\\\/litespeed\\\/avatar\\\/09ea5085e600095a7a811142c6944527.jpg?ver=1777497608\",\"contentUrl\":\"https:\\\/\\\/www.ucaldas.edu.co\\\/portal\\\/wp-content\\\/litespeed\\\/avatar\\\/09ea5085e600095a7a811142c6944527.jpg?ver=1777497608\",\"caption\":\"ofiprensa\"},\"url\":\"https:\\\/\\\/www.ucaldas.edu.co\\\/portal\\\/author\\\/ofiprensa\\\/\"}]}<\/script>\n<!-- \/ Yoast SEO plugin. -->","yoast_head_json":{"title":"Con dos ponencias, docente de Lenguas represent\u00f3 a la U. de Caldas en congreso internacional en Grecia .","robots":{"index":"index","follow":"follow","max-snippet":"max-snippet:-1","max-image-preview":"max-image-preview:large","max-video-preview":"max-video-preview:-1"},"canonical":"https:\/\/www.ucaldas.edu.co\/portal\/con-dos-ponencias-docente-de-lenguas-represento-a-la-u-de-caldas-en-congreso-internacional-en-grecia\/","schema":{"@context":"https:\/\/schema.org","@graph":[{"@type":"Article","@id":"https:\/\/www.ucaldas.edu.co\/portal\/con-dos-ponencias-docente-de-lenguas-represento-a-la-u-de-caldas-en-congreso-internacional-en-grecia\/#article","isPartOf":{"@id":"https:\/\/www.ucaldas.edu.co\/portal\/con-dos-ponencias-docente-de-lenguas-represento-a-la-u-de-caldas-en-congreso-internacional-en-grecia\/"},"author":{"name":"ofiprensa","@id":"https:\/\/www.ucaldas.edu.co\/portal\/#\/schema\/person\/a1b482e23449158b4bc319926c074fdf"},"headline":"Con dos ponencias, docente de Lenguas represent\u00f3 a la U. de Caldas en congreso internacional en Grecia","datePublished":"2019-09-10T23:20:08+00:00","dateModified":"2019-09-10T23:20:12+00:00","mainEntityOfPage":{"@id":"https:\/\/www.ucaldas.edu.co\/portal\/con-dos-ponencias-docente-de-lenguas-represento-a-la-u-de-caldas-en-congreso-internacional-en-grecia\/"},"wordCount":282,"publisher":{"@id":"https:\/\/www.ucaldas.edu.co\/portal\/#organization"},"image":{"@id":"https:\/\/www.ucaldas.edu.co\/portal\/con-dos-ponencias-docente-de-lenguas-represento-a-la-u-de-caldas-en-congreso-internacional-en-grecia\/#primaryimage"},"thumbnailUrl":"https:\/\/www.ucaldas.edu.co\/portal\/wp-content\/uploads\/2019\/09\/GERMANA-compressor.png","keywords":["franc\u00e9s","congreso","docente","lenguas modernas"],"articleSection":["Actualidad","Universidad al D\u00eda","Ucaldas Internacional"],"inLanguage":"es"},{"@type":"WebPage","@id":"https:\/\/www.ucaldas.edu.co\/portal\/con-dos-ponencias-docente-de-lenguas-represento-a-la-u-de-caldas-en-congreso-internacional-en-grecia\/","url":"https:\/\/www.ucaldas.edu.co\/portal\/con-dos-ponencias-docente-de-lenguas-represento-a-la-u-de-caldas-en-congreso-internacional-en-grecia\/","name":"Con dos ponencias, docente de Lenguas represent\u00f3 a la U. de Caldas en congreso internacional en Grecia .","isPartOf":{"@id":"https:\/\/www.ucaldas.edu.co\/portal\/#website"},"primaryImageOfPage":{"@id":"https:\/\/www.ucaldas.edu.co\/portal\/con-dos-ponencias-docente-de-lenguas-represento-a-la-u-de-caldas-en-congreso-internacional-en-grecia\/#primaryimage"},"image":{"@id":"https:\/\/www.ucaldas.edu.co\/portal\/con-dos-ponencias-docente-de-lenguas-represento-a-la-u-de-caldas-en-congreso-internacional-en-grecia\/#primaryimage"},"thumbnailUrl":"https:\/\/www.ucaldas.edu.co\/portal\/wp-content\/uploads\/2019\/09\/GERMANA-compressor.png","datePublished":"2019-09-10T23:20:08+00:00","dateModified":"2019-09-10T23:20:12+00:00","breadcrumb":{"@id":"https:\/\/www.ucaldas.edu.co\/portal\/con-dos-ponencias-docente-de-lenguas-represento-a-la-u-de-caldas-en-congreso-internacional-en-grecia\/#breadcrumb"},"inLanguage":"es","potentialAction":[{"@type":"ReadAction","target":["https:\/\/www.ucaldas.edu.co\/portal\/con-dos-ponencias-docente-de-lenguas-represento-a-la-u-de-caldas-en-congreso-internacional-en-grecia\/"]}]},{"@type":"ImageObject","inLanguage":"es","@id":"https:\/\/www.ucaldas.edu.co\/portal\/con-dos-ponencias-docente-de-lenguas-represento-a-la-u-de-caldas-en-congreso-internacional-en-grecia\/#primaryimage","url":"https:\/\/www.ucaldas.edu.co\/portal\/wp-content\/uploads\/2019\/09\/GERMANA-compressor.png","contentUrl":"https:\/\/www.ucaldas.edu.co\/portal\/wp-content\/uploads\/2019\/09\/GERMANA-compressor.png","width":700,"height":400},{"@type":"BreadcrumbList","@id":"https:\/\/www.ucaldas.edu.co\/portal\/con-dos-ponencias-docente-de-lenguas-represento-a-la-u-de-caldas-en-congreso-internacional-en-grecia\/#breadcrumb","itemListElement":[{"@type":"ListItem","position":1,"name":"Portada","item":"https:\/\/www.ucaldas.edu.co\/portal\/"},{"@type":"ListItem","position":2,"name":"Con dos ponencias, docente de Lenguas represent\u00f3 a la U. de Caldas en congreso internacional en Grecia"}]},{"@type":"WebSite","@id":"https:\/\/www.ucaldas.edu.co\/portal\/#website","url":"https:\/\/www.ucaldas.edu.co\/portal\/","name":"Universidad de Caldas","description":"","publisher":{"@id":"https:\/\/www.ucaldas.edu.co\/portal\/#organization"},"alternateName":"U. de Caldas","potentialAction":[{"@type":"SearchAction","target":{"@type":"EntryPoint","urlTemplate":"https:\/\/www.ucaldas.edu.co\/portal\/?s={search_term_string}"},"query-input":{"@type":"PropertyValueSpecification","valueRequired":true,"valueName":"search_term_string"}}],"inLanguage":"es"},{"@type":"Organization","@id":"https:\/\/www.ucaldas.edu.co\/portal\/#organization","name":"Universidad de Caldas","alternateName":"U. de Caldas","url":"https:\/\/www.ucaldas.edu.co\/portal\/","logo":{"@type":"ImageObject","inLanguage":"es","@id":"https:\/\/www.ucaldas.edu.co\/portal\/#\/schema\/logo\/image\/","url":"https:\/\/www.ucaldas.edu.co\/portal\/wp-content\/uploads\/2023\/11\/Logo_horizontal_oscuroU-2023.png","contentUrl":"https:\/\/www.ucaldas.edu.co\/portal\/wp-content\/uploads\/2023\/11\/Logo_horizontal_oscuroU-2023.png","width":263,"height":101,"caption":"Universidad de Caldas"},"image":{"@id":"https:\/\/www.ucaldas.edu.co\/portal\/#\/schema\/logo\/image\/"},"sameAs":["https:\/\/www.facebook.com\/udecaldas","https:\/\/x.com\/udecaldas","https:\/\/www.youtube.com\/universidadcaldas","https:\/\/www.instagram.com\/udecaldas\/"]},{"@type":"Person","@id":"https:\/\/www.ucaldas.edu.co\/portal\/#\/schema\/person\/a1b482e23449158b4bc319926c074fdf","name":"ofiprensa","image":{"@type":"ImageObject","inLanguage":"es","@id":"https:\/\/www.ucaldas.edu.co\/portal\/wp-content\/litespeed\/avatar\/09ea5085e600095a7a811142c6944527.jpg?ver=1777497608","url":"https:\/\/www.ucaldas.edu.co\/portal\/wp-content\/litespeed\/avatar\/09ea5085e600095a7a811142c6944527.jpg?ver=1777497608","contentUrl":"https:\/\/www.ucaldas.edu.co\/portal\/wp-content\/litespeed\/avatar\/09ea5085e600095a7a811142c6944527.jpg?ver=1777497608","caption":"ofiprensa"},"url":"https:\/\/www.ucaldas.edu.co\/portal\/author\/ofiprensa\/"}]}},"_links":{"self":[{"href":"https:\/\/www.ucaldas.edu.co\/portal\/wp-json\/wp\/v2\/posts\/51314","targetHints":{"allow":["GET"]}}],"collection":[{"href":"https:\/\/www.ucaldas.edu.co\/portal\/wp-json\/wp\/v2\/posts"}],"about":[{"href":"https:\/\/www.ucaldas.edu.co\/portal\/wp-json\/wp\/v2\/types\/post"}],"author":[{"embeddable":true,"href":"https:\/\/www.ucaldas.edu.co\/portal\/wp-json\/wp\/v2\/users\/2"}],"replies":[{"embeddable":true,"href":"https:\/\/www.ucaldas.edu.co\/portal\/wp-json\/wp\/v2\/comments?post=51314"}],"version-history":[{"count":0,"href":"https:\/\/www.ucaldas.edu.co\/portal\/wp-json\/wp\/v2\/posts\/51314\/revisions"}],"wp:featuredmedia":[{"embeddable":true,"href":"https:\/\/www.ucaldas.edu.co\/portal\/wp-json\/wp\/v2\/media\/51315"}],"wp:attachment":[{"href":"https:\/\/www.ucaldas.edu.co\/portal\/wp-json\/wp\/v2\/media?parent=51314"}],"wp:term":[{"taxonomy":"category","embeddable":true,"href":"https:\/\/www.ucaldas.edu.co\/portal\/wp-json\/wp\/v2\/categories?post=51314"},{"taxonomy":"post_tag","embeddable":true,"href":"https:\/\/www.ucaldas.edu.co\/portal\/wp-json\/wp\/v2\/tags?post=51314"}],"curies":[{"name":"wp","href":"https:\/\/api.w.org\/{rel}","templated":true}]}}