{"id":51245,"date":"2019-09-06T23:00:04","date_gmt":"2019-09-06T23:00:04","guid":{"rendered":"https:\/\/www.ucaldas.edu.co\/portal\/?p=51245"},"modified":"2019-09-09T16:37:26","modified_gmt":"2019-09-09T16:37:26","slug":"mincomercio-destaco-el-centro-de-innovacion-en-la-dorada-como-proyecto-para-la-competitividad-nacional","status":"publish","type":"post","link":"https:\/\/www.ucaldas.edu.co\/portal\/mincomercio-destaco-el-centro-de-innovacion-en-la-dorada-como-proyecto-para-la-competitividad-nacional\/","title":{"rendered":"Mincomercio destac\u00f3 el Centro de Innovaci\u00f3n en La Dorada como proyecto para la competitividad nacional"},"content":{"rendered":"<p style=\"text-align: center;\">RECTOR ASISTI\u00d3 A SOCIALIZACI\u00d3N DE LA OBRA, DONDE QUEDAR\u00c1 LA SEDE DE LA U. DE CALDAS<\/p>\n<p style=\"text-align: center;\"><strong>Mincomercio destac\u00f3 el Centro de Innovaci\u00f3n en La Dorada como proyecto para la competitividad nacional<\/strong><\/p>\n<p style=\"text-align: right;\">6\/09\/2019<\/p>\n<p><img loading=\"lazy\" decoding=\"async\" class=\"alignnone size-full wp-image-51246 aligncenter\" src=\"https:\/\/www.ucaldas.edu.co\/portal\/wp-content\/uploads\/2019\/09\/rector-la-dorada-compressor.png\" alt=\"\" width=\"700\" height=\"400\" srcset=\"https:\/\/www.ucaldas.edu.co\/portal\/wp-content\/uploads\/2019\/09\/rector-la-dorada-compressor.png 700w, https:\/\/www.ucaldas.edu.co\/portal\/wp-content\/uploads\/2019\/09\/rector-la-dorada-compressor-300x171.png 300w\" sizes=\"auto, (max-width: 700px) 100vw, 700px\" \/><\/p>\n<p>Paso a paso se convierte en realidad el Centro de Innovaci\u00f3n en La Dorada, donde ser\u00e1 la sede de la Universidad de Caldas. El rector de la instituci\u00f3n, Alejandro Ceballos M\u00e1rquez, asisti\u00f3 hoy a la socializaci\u00f3n del proyecto con el Ministro de Comercio, Jos\u00e9 Manuel Restrepo; el gobernador de Caldas, Guido Echeverri Piedrah\u00edta, y autoridades locales del puerto caldense.<!--more--><\/p>\n<p>El ministro resalt\u00f3 la iniciativa como una de las que m\u00e1s aportan al desarrollo del Magdalena Medio y que buscan convertir a esta regi\u00f3n en eje para la competitividad nacional. Asegur\u00f3 que desde el Ministerio se trabajar\u00e1 para tener un acercamiento con Innpulsa y lograr llevar a la regi\u00f3n un centro C-Emprende.<\/p>\n<p>Agreg\u00f3 que se buscar\u00e1 una reuni\u00f3n con el Instituto Nacional de Metrolog\u00eda para mejorar \u00a0las mediciones y apalancar asuntos relacionados con la llamada Cuarta Revoluci\u00f3n, teniendo en cuenta que Caldas es un departamento innovador por naturaleza.<\/p>\n<p>El rector de la U. de Caldas, Alejandro Ceballos M\u00e1rquez, celebr\u00f3 la intervenci\u00f3n del ministro y enfatiz\u00f3 que para la universidad el reto es continuar fortaleciendo la uni\u00f3n con emprendedores y empresarios de la regi\u00f3n. \u201cLa universidad unida con el sector productivo\u201d, concluy\u00f3.<\/p>\n<p>Cabe destacar que el Centro de Innovaci\u00f3n en La Dorada tiene una apuesta con contenido de inclusi\u00f3n para la regi\u00f3n, y su formulaci\u00f3n se llev\u00f3 a cabo durante dos a\u00f1os de la mano de la Gobernaci\u00f3n de Caldas. El objetivo es crear una oferta permanente de educaci\u00f3n superior, adem\u00e1s de acercar a los empresarios, comunidades y sociedad para contar con una presencia m\u00e1s fuerte en el Magdalena Centro del pa\u00eds.<\/p>\n<p>Entre las ventajas para la \u00a0Universidad de Caldas es que la obra le permitir\u00e1 recibir a cerca de 3.000 del Magdalena Centro.<\/p>\n<p>&nbsp;<\/p>\n<p><strong>Informes:<\/strong> Oficina de Comunicaciones y Prensa Universidad de Caldas. Tel\u00e9fono: 8781500 Extensi\u00f3n: 12167<\/p>\n<p><strong>Redacci\u00f3n:<\/strong> Adriana Osorio Garc\u00eda<\/p>\n<p>&nbsp;<\/p>\n","protected":false},"excerpt":{"rendered":"<p>RECTOR ASISTI\u00d3 A SOCIALIZACI\u00d3N DE LA OBRA, DONDE QUEDAR\u00c1 LA SEDE DE LA U. DE CALDAS Mincomercio destac\u00f3 el Centro de Innovaci\u00f3n en La Dorada como proyecto para la competitividad nacional 6\/09\/2019 Paso a paso se convierte en realidad el Centro de Innovaci\u00f3n en La Dorada, donde ser\u00e1 la sede de la Universidad de Caldas. [&hellip;]<\/p>\n","protected":false},"author":2,"featured_media":51246,"comment_status":"closed","ping_status":"open","sticky":false,"template":"","format":"standard","meta":{"footnotes":""},"categories":[48,53,600],"tags":[4374,130,486,642,3046],"class_list":["post-51245","post","type-post","status-publish","format-standard","has-post-thumbnail","hentry","category-actualidad","category-universidad-al-dia","category-ucaldas-regional","tag-sede","tag-ciencia","tag-la-dorada","tag-tecnologia","tag-centro-de-innovacion"],"yoast_head":"<!-- This site is optimized with the Yoast SEO plugin v27.5 - https:\/\/yoast.com\/product\/yoast-seo-wordpress\/ -->\n<title>Mincomercio destac\u00f3 el Centro de Innovaci\u00f3n en La Dorada como proyecto para la competitividad nacional .<\/title>\n<meta name=\"robots\" content=\"index, follow, max-snippet:-1, max-image-preview:large, max-video-preview:-1\" \/>\n<link rel=\"canonical\" href=\"https:\/\/www.ucaldas.edu.co\/portal\/mincomercio-destaco-el-centro-de-innovacion-en-la-dorada-como-proyecto-para-la-competitividad-nacional\/\" \/>\n<script type=\"application\/ld+json\" class=\"yoast-schema-graph\">{\"@context\":\"https:\\\/\\\/schema.org\",\"@graph\":[{\"@type\":\"Article\",\"@id\":\"https:\\\/\\\/www.ucaldas.edu.co\\\/portal\\\/mincomercio-destaco-el-centro-de-innovacion-en-la-dorada-como-proyecto-para-la-competitividad-nacional\\\/#article\",\"isPartOf\":{\"@id\":\"https:\\\/\\\/www.ucaldas.edu.co\\\/portal\\\/mincomercio-destaco-el-centro-de-innovacion-en-la-dorada-como-proyecto-para-la-competitividad-nacional\\\/\"},\"author\":{\"name\":\"ofiprensa\",\"@id\":\"https:\\\/\\\/www.ucaldas.edu.co\\\/portal\\\/#\\\/schema\\\/person\\\/a1b482e23449158b4bc319926c074fdf\"},\"headline\":\"Mincomercio destac\u00f3 el Centro de Innovaci\u00f3n en La Dorada como proyecto para la competitividad nacional\",\"datePublished\":\"2019-09-06T23:00:04+00:00\",\"dateModified\":\"2019-09-09T16:37:26+00:00\",\"mainEntityOfPage\":{\"@id\":\"https:\\\/\\\/www.ucaldas.edu.co\\\/portal\\\/mincomercio-destaco-el-centro-de-innovacion-en-la-dorada-como-proyecto-para-la-competitividad-nacional\\\/\"},\"wordCount\":376,\"publisher\":{\"@id\":\"https:\\\/\\\/www.ucaldas.edu.co\\\/portal\\\/#organization\"},\"image\":{\"@id\":\"https:\\\/\\\/www.ucaldas.edu.co\\\/portal\\\/mincomercio-destaco-el-centro-de-innovacion-en-la-dorada-como-proyecto-para-la-competitividad-nacional\\\/#primaryimage\"},\"thumbnailUrl\":\"https:\\\/\\\/www.ucaldas.edu.co\\\/portal\\\/wp-content\\\/uploads\\\/2019\\\/09\\\/rector-la-dorada-compressor.png\",\"keywords\":[\"sede\",\"ciencia\",\"La Dorada\",\"tecnolog\u00eda\",\"centro de innovaci\u00f3n\"],\"articleSection\":[\"Actualidad\",\"Universidad al D\u00eda\",\"UCaldas Regional\"],\"inLanguage\":\"es\"},{\"@type\":\"WebPage\",\"@id\":\"https:\\\/\\\/www.ucaldas.edu.co\\\/portal\\\/mincomercio-destaco-el-centro-de-innovacion-en-la-dorada-como-proyecto-para-la-competitividad-nacional\\\/\",\"url\":\"https:\\\/\\\/www.ucaldas.edu.co\\\/portal\\\/mincomercio-destaco-el-centro-de-innovacion-en-la-dorada-como-proyecto-para-la-competitividad-nacional\\\/\",\"name\":\"Mincomercio destac\u00f3 el Centro de Innovaci\u00f3n en La Dorada como proyecto para la competitividad nacional .\",\"isPartOf\":{\"@id\":\"https:\\\/\\\/www.ucaldas.edu.co\\\/portal\\\/#website\"},\"primaryImageOfPage\":{\"@id\":\"https:\\\/\\\/www.ucaldas.edu.co\\\/portal\\\/mincomercio-destaco-el-centro-de-innovacion-en-la-dorada-como-proyecto-para-la-competitividad-nacional\\\/#primaryimage\"},\"image\":{\"@id\":\"https:\\\/\\\/www.ucaldas.edu.co\\\/portal\\\/mincomercio-destaco-el-centro-de-innovacion-en-la-dorada-como-proyecto-para-la-competitividad-nacional\\\/#primaryimage\"},\"thumbnailUrl\":\"https:\\\/\\\/www.ucaldas.edu.co\\\/portal\\\/wp-content\\\/uploads\\\/2019\\\/09\\\/rector-la-dorada-compressor.png\",\"datePublished\":\"2019-09-06T23:00:04+00:00\",\"dateModified\":\"2019-09-09T16:37:26+00:00\",\"breadcrumb\":{\"@id\":\"https:\\\/\\\/www.ucaldas.edu.co\\\/portal\\\/mincomercio-destaco-el-centro-de-innovacion-en-la-dorada-como-proyecto-para-la-competitividad-nacional\\\/#breadcrumb\"},\"inLanguage\":\"es\",\"potentialAction\":[{\"@type\":\"ReadAction\",\"target\":[\"https:\\\/\\\/www.ucaldas.edu.co\\\/portal\\\/mincomercio-destaco-el-centro-de-innovacion-en-la-dorada-como-proyecto-para-la-competitividad-nacional\\\/\"]}]},{\"@type\":\"ImageObject\",\"inLanguage\":\"es\",\"@id\":\"https:\\\/\\\/www.ucaldas.edu.co\\\/portal\\\/mincomercio-destaco-el-centro-de-innovacion-en-la-dorada-como-proyecto-para-la-competitividad-nacional\\\/#primaryimage\",\"url\":\"https:\\\/\\\/www.ucaldas.edu.co\\\/portal\\\/wp-content\\\/uploads\\\/2019\\\/09\\\/rector-la-dorada-compressor.png\",\"contentUrl\":\"https:\\\/\\\/www.ucaldas.edu.co\\\/portal\\\/wp-content\\\/uploads\\\/2019\\\/09\\\/rector-la-dorada-compressor.png\",\"width\":700,\"height\":400},{\"@type\":\"BreadcrumbList\",\"@id\":\"https:\\\/\\\/www.ucaldas.edu.co\\\/portal\\\/mincomercio-destaco-el-centro-de-innovacion-en-la-dorada-como-proyecto-para-la-competitividad-nacional\\\/#breadcrumb\",\"itemListElement\":[{\"@type\":\"ListItem\",\"position\":1,\"name\":\"Portada\",\"item\":\"https:\\\/\\\/www.ucaldas.edu.co\\\/portal\\\/\"},{\"@type\":\"ListItem\",\"position\":2,\"name\":\"Mincomercio destac\u00f3 el Centro de Innovaci\u00f3n en La Dorada como proyecto para la competitividad nacional\"}]},{\"@type\":\"WebSite\",\"@id\":\"https:\\\/\\\/www.ucaldas.edu.co\\\/portal\\\/#website\",\"url\":\"https:\\\/\\\/www.ucaldas.edu.co\\\/portal\\\/\",\"name\":\"Universidad de Caldas\",\"description\":\"\",\"publisher\":{\"@id\":\"https:\\\/\\\/www.ucaldas.edu.co\\\/portal\\\/#organization\"},\"alternateName\":\"U. de Caldas\",\"potentialAction\":[{\"@type\":\"SearchAction\",\"target\":{\"@type\":\"EntryPoint\",\"urlTemplate\":\"https:\\\/\\\/www.ucaldas.edu.co\\\/portal\\\/?s={search_term_string}\"},\"query-input\":{\"@type\":\"PropertyValueSpecification\",\"valueRequired\":true,\"valueName\":\"search_term_string\"}}],\"inLanguage\":\"es\"},{\"@type\":\"Organization\",\"@id\":\"https:\\\/\\\/www.ucaldas.edu.co\\\/portal\\\/#organization\",\"name\":\"Universidad de Caldas\",\"alternateName\":\"U. de Caldas\",\"url\":\"https:\\\/\\\/www.ucaldas.edu.co\\\/portal\\\/\",\"logo\":{\"@type\":\"ImageObject\",\"inLanguage\":\"es\",\"@id\":\"https:\\\/\\\/www.ucaldas.edu.co\\\/portal\\\/#\\\/schema\\\/logo\\\/image\\\/\",\"url\":\"https:\\\/\\\/www.ucaldas.edu.co\\\/portal\\\/wp-content\\\/uploads\\\/2023\\\/11\\\/Logo_horizontal_oscuroU-2023.png\",\"contentUrl\":\"https:\\\/\\\/www.ucaldas.edu.co\\\/portal\\\/wp-content\\\/uploads\\\/2023\\\/11\\\/Logo_horizontal_oscuroU-2023.png\",\"width\":263,\"height\":101,\"caption\":\"Universidad de Caldas\"},\"image\":{\"@id\":\"https:\\\/\\\/www.ucaldas.edu.co\\\/portal\\\/#\\\/schema\\\/logo\\\/image\\\/\"},\"sameAs\":[\"https:\\\/\\\/www.facebook.com\\\/udecaldas\",\"https:\\\/\\\/x.com\\\/udecaldas\",\"https:\\\/\\\/www.youtube.com\\\/universidadcaldas\",\"https:\\\/\\\/www.instagram.com\\\/udecaldas\\\/\"]},{\"@type\":\"Person\",\"@id\":\"https:\\\/\\\/www.ucaldas.edu.co\\\/portal\\\/#\\\/schema\\\/person\\\/a1b482e23449158b4bc319926c074fdf\",\"name\":\"ofiprensa\",\"image\":{\"@type\":\"ImageObject\",\"inLanguage\":\"es\",\"@id\":\"https:\\\/\\\/www.ucaldas.edu.co\\\/portal\\\/wp-content\\\/litespeed\\\/avatar\\\/09ea5085e600095a7a811142c6944527.jpg?ver=1777497608\",\"url\":\"https:\\\/\\\/www.ucaldas.edu.co\\\/portal\\\/wp-content\\\/litespeed\\\/avatar\\\/09ea5085e600095a7a811142c6944527.jpg?ver=1777497608\",\"contentUrl\":\"https:\\\/\\\/www.ucaldas.edu.co\\\/portal\\\/wp-content\\\/litespeed\\\/avatar\\\/09ea5085e600095a7a811142c6944527.jpg?ver=1777497608\",\"caption\":\"ofiprensa\"},\"url\":\"https:\\\/\\\/www.ucaldas.edu.co\\\/portal\\\/author\\\/ofiprensa\\\/\"}]}<\/script>\n<!-- \/ Yoast SEO plugin. -->","yoast_head_json":{"title":"Mincomercio destac\u00f3 el Centro de Innovaci\u00f3n en La Dorada como proyecto para la competitividad nacional .","robots":{"index":"index","follow":"follow","max-snippet":"max-snippet:-1","max-image-preview":"max-image-preview:large","max-video-preview":"max-video-preview:-1"},"canonical":"https:\/\/www.ucaldas.edu.co\/portal\/mincomercio-destaco-el-centro-de-innovacion-en-la-dorada-como-proyecto-para-la-competitividad-nacional\/","schema":{"@context":"https:\/\/schema.org","@graph":[{"@type":"Article","@id":"https:\/\/www.ucaldas.edu.co\/portal\/mincomercio-destaco-el-centro-de-innovacion-en-la-dorada-como-proyecto-para-la-competitividad-nacional\/#article","isPartOf":{"@id":"https:\/\/www.ucaldas.edu.co\/portal\/mincomercio-destaco-el-centro-de-innovacion-en-la-dorada-como-proyecto-para-la-competitividad-nacional\/"},"author":{"name":"ofiprensa","@id":"https:\/\/www.ucaldas.edu.co\/portal\/#\/schema\/person\/a1b482e23449158b4bc319926c074fdf"},"headline":"Mincomercio destac\u00f3 el Centro de Innovaci\u00f3n en La Dorada como proyecto para la competitividad nacional","datePublished":"2019-09-06T23:00:04+00:00","dateModified":"2019-09-09T16:37:26+00:00","mainEntityOfPage":{"@id":"https:\/\/www.ucaldas.edu.co\/portal\/mincomercio-destaco-el-centro-de-innovacion-en-la-dorada-como-proyecto-para-la-competitividad-nacional\/"},"wordCount":376,"publisher":{"@id":"https:\/\/www.ucaldas.edu.co\/portal\/#organization"},"image":{"@id":"https:\/\/www.ucaldas.edu.co\/portal\/mincomercio-destaco-el-centro-de-innovacion-en-la-dorada-como-proyecto-para-la-competitividad-nacional\/#primaryimage"},"thumbnailUrl":"https:\/\/www.ucaldas.edu.co\/portal\/wp-content\/uploads\/2019\/09\/rector-la-dorada-compressor.png","keywords":["sede","ciencia","La Dorada","tecnolog\u00eda","centro de innovaci\u00f3n"],"articleSection":["Actualidad","Universidad al D\u00eda","UCaldas Regional"],"inLanguage":"es"},{"@type":"WebPage","@id":"https:\/\/www.ucaldas.edu.co\/portal\/mincomercio-destaco-el-centro-de-innovacion-en-la-dorada-como-proyecto-para-la-competitividad-nacional\/","url":"https:\/\/www.ucaldas.edu.co\/portal\/mincomercio-destaco-el-centro-de-innovacion-en-la-dorada-como-proyecto-para-la-competitividad-nacional\/","name":"Mincomercio destac\u00f3 el Centro de Innovaci\u00f3n en La Dorada como proyecto para la competitividad nacional .","isPartOf":{"@id":"https:\/\/www.ucaldas.edu.co\/portal\/#website"},"primaryImageOfPage":{"@id":"https:\/\/www.ucaldas.edu.co\/portal\/mincomercio-destaco-el-centro-de-innovacion-en-la-dorada-como-proyecto-para-la-competitividad-nacional\/#primaryimage"},"image":{"@id":"https:\/\/www.ucaldas.edu.co\/portal\/mincomercio-destaco-el-centro-de-innovacion-en-la-dorada-como-proyecto-para-la-competitividad-nacional\/#primaryimage"},"thumbnailUrl":"https:\/\/www.ucaldas.edu.co\/portal\/wp-content\/uploads\/2019\/09\/rector-la-dorada-compressor.png","datePublished":"2019-09-06T23:00:04+00:00","dateModified":"2019-09-09T16:37:26+00:00","breadcrumb":{"@id":"https:\/\/www.ucaldas.edu.co\/portal\/mincomercio-destaco-el-centro-de-innovacion-en-la-dorada-como-proyecto-para-la-competitividad-nacional\/#breadcrumb"},"inLanguage":"es","potentialAction":[{"@type":"ReadAction","target":["https:\/\/www.ucaldas.edu.co\/portal\/mincomercio-destaco-el-centro-de-innovacion-en-la-dorada-como-proyecto-para-la-competitividad-nacional\/"]}]},{"@type":"ImageObject","inLanguage":"es","@id":"https:\/\/www.ucaldas.edu.co\/portal\/mincomercio-destaco-el-centro-de-innovacion-en-la-dorada-como-proyecto-para-la-competitividad-nacional\/#primaryimage","url":"https:\/\/www.ucaldas.edu.co\/portal\/wp-content\/uploads\/2019\/09\/rector-la-dorada-compressor.png","contentUrl":"https:\/\/www.ucaldas.edu.co\/portal\/wp-content\/uploads\/2019\/09\/rector-la-dorada-compressor.png","width":700,"height":400},{"@type":"BreadcrumbList","@id":"https:\/\/www.ucaldas.edu.co\/portal\/mincomercio-destaco-el-centro-de-innovacion-en-la-dorada-como-proyecto-para-la-competitividad-nacional\/#breadcrumb","itemListElement":[{"@type":"ListItem","position":1,"name":"Portada","item":"https:\/\/www.ucaldas.edu.co\/portal\/"},{"@type":"ListItem","position":2,"name":"Mincomercio destac\u00f3 el Centro de Innovaci\u00f3n en La Dorada como proyecto para la competitividad nacional"}]},{"@type":"WebSite","@id":"https:\/\/www.ucaldas.edu.co\/portal\/#website","url":"https:\/\/www.ucaldas.edu.co\/portal\/","name":"Universidad de Caldas","description":"","publisher":{"@id":"https:\/\/www.ucaldas.edu.co\/portal\/#organization"},"alternateName":"U. de Caldas","potentialAction":[{"@type":"SearchAction","target":{"@type":"EntryPoint","urlTemplate":"https:\/\/www.ucaldas.edu.co\/portal\/?s={search_term_string}"},"query-input":{"@type":"PropertyValueSpecification","valueRequired":true,"valueName":"search_term_string"}}],"inLanguage":"es"},{"@type":"Organization","@id":"https:\/\/www.ucaldas.edu.co\/portal\/#organization","name":"Universidad de Caldas","alternateName":"U. de Caldas","url":"https:\/\/www.ucaldas.edu.co\/portal\/","logo":{"@type":"ImageObject","inLanguage":"es","@id":"https:\/\/www.ucaldas.edu.co\/portal\/#\/schema\/logo\/image\/","url":"https:\/\/www.ucaldas.edu.co\/portal\/wp-content\/uploads\/2023\/11\/Logo_horizontal_oscuroU-2023.png","contentUrl":"https:\/\/www.ucaldas.edu.co\/portal\/wp-content\/uploads\/2023\/11\/Logo_horizontal_oscuroU-2023.png","width":263,"height":101,"caption":"Universidad de Caldas"},"image":{"@id":"https:\/\/www.ucaldas.edu.co\/portal\/#\/schema\/logo\/image\/"},"sameAs":["https:\/\/www.facebook.com\/udecaldas","https:\/\/x.com\/udecaldas","https:\/\/www.youtube.com\/universidadcaldas","https:\/\/www.instagram.com\/udecaldas\/"]},{"@type":"Person","@id":"https:\/\/www.ucaldas.edu.co\/portal\/#\/schema\/person\/a1b482e23449158b4bc319926c074fdf","name":"ofiprensa","image":{"@type":"ImageObject","inLanguage":"es","@id":"https:\/\/www.ucaldas.edu.co\/portal\/wp-content\/litespeed\/avatar\/09ea5085e600095a7a811142c6944527.jpg?ver=1777497608","url":"https:\/\/www.ucaldas.edu.co\/portal\/wp-content\/litespeed\/avatar\/09ea5085e600095a7a811142c6944527.jpg?ver=1777497608","contentUrl":"https:\/\/www.ucaldas.edu.co\/portal\/wp-content\/litespeed\/avatar\/09ea5085e600095a7a811142c6944527.jpg?ver=1777497608","caption":"ofiprensa"},"url":"https:\/\/www.ucaldas.edu.co\/portal\/author\/ofiprensa\/"}]}},"_links":{"self":[{"href":"https:\/\/www.ucaldas.edu.co\/portal\/wp-json\/wp\/v2\/posts\/51245","targetHints":{"allow":["GET"]}}],"collection":[{"href":"https:\/\/www.ucaldas.edu.co\/portal\/wp-json\/wp\/v2\/posts"}],"about":[{"href":"https:\/\/www.ucaldas.edu.co\/portal\/wp-json\/wp\/v2\/types\/post"}],"author":[{"embeddable":true,"href":"https:\/\/www.ucaldas.edu.co\/portal\/wp-json\/wp\/v2\/users\/2"}],"replies":[{"embeddable":true,"href":"https:\/\/www.ucaldas.edu.co\/portal\/wp-json\/wp\/v2\/comments?post=51245"}],"version-history":[{"count":0,"href":"https:\/\/www.ucaldas.edu.co\/portal\/wp-json\/wp\/v2\/posts\/51245\/revisions"}],"wp:featuredmedia":[{"embeddable":true,"href":"https:\/\/www.ucaldas.edu.co\/portal\/wp-json\/wp\/v2\/media\/51246"}],"wp:attachment":[{"href":"https:\/\/www.ucaldas.edu.co\/portal\/wp-json\/wp\/v2\/media?parent=51245"}],"wp:term":[{"taxonomy":"category","embeddable":true,"href":"https:\/\/www.ucaldas.edu.co\/portal\/wp-json\/wp\/v2\/categories?post=51245"},{"taxonomy":"post_tag","embeddable":true,"href":"https:\/\/www.ucaldas.edu.co\/portal\/wp-json\/wp\/v2\/tags?post=51245"}],"curies":[{"name":"wp","href":"https:\/\/api.w.org\/{rel}","templated":true}]}}