{"id":51098,"date":"2019-09-03T23:00:25","date_gmt":"2019-09-03T23:00:25","guid":{"rendered":"https:\/\/www.ucaldas.edu.co\/portal\/?p=51098"},"modified":"2019-09-03T23:00:30","modified_gmt":"2019-09-03T23:00:30","slug":"con-panel-y-mas-conciertos-cima-continua-su-programacion-para-deleitar-a-los-manizalenos","status":"publish","type":"post","link":"https:\/\/www.ucaldas.edu.co\/portal\/con-panel-y-mas-conciertos-cima-continua-su-programacion-para-deleitar-a-los-manizalenos\/","title":{"rendered":"Con panel y m\u00e1s conciertos, CiMa contin\u00faa su programaci\u00f3n para deleitar a los manizale\u00f1os"},"content":{"rendered":"<p style=\"text-align: center;\">CONOZCA LA PROGRAMACI\u00d3N DE MA\u00d1ANA<\/p>\n<p style=\"text-align: center;\"><strong>Con panel y m\u00e1s conciertos, CiMa contin\u00faa su programaci\u00f3n para deleitar a los manizale\u00f1os <\/strong><\/p>\n<p style=\"text-align: right;\">3\/09\/2019<\/p>\n<p><img loading=\"lazy\" decoding=\"async\" class=\"alignnone size-full wp-image-51099 aligncenter\" src=\"https:\/\/www.ucaldas.edu.co\/portal\/wp-content\/uploads\/2019\/09\/CIMA2DODIA-compressor.png\" alt=\"\" width=\"700\" height=\"400\" srcset=\"https:\/\/www.ucaldas.edu.co\/portal\/wp-content\/uploads\/2019\/09\/CIMA2DODIA-compressor.png 700w, https:\/\/www.ucaldas.edu.co\/portal\/wp-content\/uploads\/2019\/09\/CIMA2DODIA-compressor-300x171.png 300w\" sizes=\"auto, (max-width: 700px) 100vw, 700px\" \/><\/p>\n<p>El panel de compositores est\u00e1 entre los eventos que se destacan en la programaci\u00f3n de ma\u00f1ana del Cuarto Festival Internacional de M\u00fasica CiMa, que se realiza desde ayer en la Manizales, organizado por el Departamento de M\u00fasica de la Universidad de Caldas.<!--more--><\/p>\n<p>Este encuentro de compositores se llevar\u00e1 a cabo a las 11:00 de la ma\u00f1ana en el auditorio de Bellas Artes. Luego, en la terraza del mismo campus ser\u00e1 el concierto de Ensamble de Percusi\u00f3n de la Universidad.<\/p>\n<p>Esto sin dejar atr\u00e1s los foros acad\u00e9micos, que ser\u00e1n a las 9:00 y a las 10:00 a.m., tambi\u00e9n en el auditorio de Bellas Artes. El di\u00e1logo se centrar\u00e1 en la historia de los primeros m\u00fasicos en Manizales.<\/p>\n<p>Los conciertos de ma\u00f1ana ser\u00e1n as\u00ed: a las 3:00 p.m. Ensamble Combeima \u2013 Viol\u00edn y Piano, en el auditorio de Bellas Artes; a las 5:00 p.m. M\u00fasica Electroac\u00fastica en el Centro Cultural Universitario Rogelio Salmona, y a las 7:00 p.m. Guitarra rom\u00e1ntica iberoamericana, en el auditorio del Banco de la Rep\u00fablica. La \u00faltima presentaci\u00f3n es la \u00fanica con pago de boleter\u00eda. La entrada cuesta $3.200<\/p>\n<p><u><a href=\"http:\/\/artesyhumanidades.ucaldas.edu.co\/blog\/2019\/03\/29\/festival-internacional-de-musica-cima\/\">Consulte aqu\u00ed la programaci\u00f3n completa de CiMa<\/a><\/u><\/p>\n<p>&nbsp;<\/p>\n<p><strong>Informes:<\/strong> Oficina de Comunicaciones y Prensa Universidad de Caldas. Tel\u00e9fono: 8781500 Extensi\u00f3n: 12167<\/p>\n<p><strong>Redacci\u00f3n:<\/strong> Adriana Osorio Garc\u00eda<\/p>\n","protected":false},"excerpt":{"rendered":"<p>CONOZCA LA PROGRAMACI\u00d3N DE MA\u00d1ANA Con panel y m\u00e1s conciertos, CiMa contin\u00faa su programaci\u00f3n para deleitar a los manizale\u00f1os 3\/09\/2019 El panel de compositores est\u00e1 entre los eventos que se destacan en la programaci\u00f3n de ma\u00f1ana del Cuarto Festival Internacional de M\u00fasica CiMa, que se realiza desde ayer en la Manizales, organizado por el Departamento [&hellip;]<\/p>\n","protected":false},"author":2,"featured_media":51099,"comment_status":"closed","ping_status":"open","sticky":false,"template":"","format":"standard","meta":{"footnotes":""},"categories":[48,53,664],"tags":[194,2698,3659],"class_list":["post-51098","post","type-post","status-publish","format-standard","has-post-thumbnail","hentry","category-actualidad","category-universidad-al-dia","category-ucaldas-cultural","tag-cultura","tag-festival-internacional-de-musica","tag-cima"],"yoast_head":"<!-- This site is optimized with the Yoast SEO plugin v27.5 - https:\/\/yoast.com\/product\/yoast-seo-wordpress\/ -->\n<title>Con panel y m\u00e1s conciertos, CiMa contin\u00faa su programaci\u00f3n para deleitar a los manizale\u00f1os .<\/title>\n<meta name=\"robots\" content=\"index, follow, max-snippet:-1, max-image-preview:large, max-video-preview:-1\" \/>\n<link rel=\"canonical\" href=\"https:\/\/www.ucaldas.edu.co\/portal\/con-panel-y-mas-conciertos-cima-continua-su-programacion-para-deleitar-a-los-manizalenos\/\" \/>\n<script type=\"application\/ld+json\" class=\"yoast-schema-graph\">{\"@context\":\"https:\\\/\\\/schema.org\",\"@graph\":[{\"@type\":\"Article\",\"@id\":\"https:\\\/\\\/www.ucaldas.edu.co\\\/portal\\\/con-panel-y-mas-conciertos-cima-continua-su-programacion-para-deleitar-a-los-manizalenos\\\/#article\",\"isPartOf\":{\"@id\":\"https:\\\/\\\/www.ucaldas.edu.co\\\/portal\\\/con-panel-y-mas-conciertos-cima-continua-su-programacion-para-deleitar-a-los-manizalenos\\\/\"},\"author\":{\"name\":\"ofiprensa\",\"@id\":\"https:\\\/\\\/www.ucaldas.edu.co\\\/portal\\\/#\\\/schema\\\/person\\\/a1b482e23449158b4bc319926c074fdf\"},\"headline\":\"Con panel y m\u00e1s conciertos, CiMa contin\u00faa su programaci\u00f3n para deleitar a los manizale\u00f1os\",\"datePublished\":\"2019-09-03T23:00:25+00:00\",\"dateModified\":\"2019-09-03T23:00:30+00:00\",\"mainEntityOfPage\":{\"@id\":\"https:\\\/\\\/www.ucaldas.edu.co\\\/portal\\\/con-panel-y-mas-conciertos-cima-continua-su-programacion-para-deleitar-a-los-manizalenos\\\/\"},\"wordCount\":269,\"publisher\":{\"@id\":\"https:\\\/\\\/www.ucaldas.edu.co\\\/portal\\\/#organization\"},\"image\":{\"@id\":\"https:\\\/\\\/www.ucaldas.edu.co\\\/portal\\\/con-panel-y-mas-conciertos-cima-continua-su-programacion-para-deleitar-a-los-manizalenos\\\/#primaryimage\"},\"thumbnailUrl\":\"https:\\\/\\\/www.ucaldas.edu.co\\\/portal\\\/wp-content\\\/uploads\\\/2019\\\/09\\\/CIMA2DODIA-compressor.png\",\"keywords\":[\"cultura\",\"Festival Internacional de M\u00fasica\",\"cima\"],\"articleSection\":[\"Actualidad\",\"Universidad al D\u00eda\",\"UCaldas Cultural\"],\"inLanguage\":\"es\"},{\"@type\":\"WebPage\",\"@id\":\"https:\\\/\\\/www.ucaldas.edu.co\\\/portal\\\/con-panel-y-mas-conciertos-cima-continua-su-programacion-para-deleitar-a-los-manizalenos\\\/\",\"url\":\"https:\\\/\\\/www.ucaldas.edu.co\\\/portal\\\/con-panel-y-mas-conciertos-cima-continua-su-programacion-para-deleitar-a-los-manizalenos\\\/\",\"name\":\"Con panel y m\u00e1s conciertos, CiMa contin\u00faa su programaci\u00f3n para deleitar a los manizale\u00f1os .\",\"isPartOf\":{\"@id\":\"https:\\\/\\\/www.ucaldas.edu.co\\\/portal\\\/#website\"},\"primaryImageOfPage\":{\"@id\":\"https:\\\/\\\/www.ucaldas.edu.co\\\/portal\\\/con-panel-y-mas-conciertos-cima-continua-su-programacion-para-deleitar-a-los-manizalenos\\\/#primaryimage\"},\"image\":{\"@id\":\"https:\\\/\\\/www.ucaldas.edu.co\\\/portal\\\/con-panel-y-mas-conciertos-cima-continua-su-programacion-para-deleitar-a-los-manizalenos\\\/#primaryimage\"},\"thumbnailUrl\":\"https:\\\/\\\/www.ucaldas.edu.co\\\/portal\\\/wp-content\\\/uploads\\\/2019\\\/09\\\/CIMA2DODIA-compressor.png\",\"datePublished\":\"2019-09-03T23:00:25+00:00\",\"dateModified\":\"2019-09-03T23:00:30+00:00\",\"breadcrumb\":{\"@id\":\"https:\\\/\\\/www.ucaldas.edu.co\\\/portal\\\/con-panel-y-mas-conciertos-cima-continua-su-programacion-para-deleitar-a-los-manizalenos\\\/#breadcrumb\"},\"inLanguage\":\"es\",\"potentialAction\":[{\"@type\":\"ReadAction\",\"target\":[\"https:\\\/\\\/www.ucaldas.edu.co\\\/portal\\\/con-panel-y-mas-conciertos-cima-continua-su-programacion-para-deleitar-a-los-manizalenos\\\/\"]}]},{\"@type\":\"ImageObject\",\"inLanguage\":\"es\",\"@id\":\"https:\\\/\\\/www.ucaldas.edu.co\\\/portal\\\/con-panel-y-mas-conciertos-cima-continua-su-programacion-para-deleitar-a-los-manizalenos\\\/#primaryimage\",\"url\":\"https:\\\/\\\/www.ucaldas.edu.co\\\/portal\\\/wp-content\\\/uploads\\\/2019\\\/09\\\/CIMA2DODIA-compressor.png\",\"contentUrl\":\"https:\\\/\\\/www.ucaldas.edu.co\\\/portal\\\/wp-content\\\/uploads\\\/2019\\\/09\\\/CIMA2DODIA-compressor.png\",\"width\":700,\"height\":400},{\"@type\":\"BreadcrumbList\",\"@id\":\"https:\\\/\\\/www.ucaldas.edu.co\\\/portal\\\/con-panel-y-mas-conciertos-cima-continua-su-programacion-para-deleitar-a-los-manizalenos\\\/#breadcrumb\",\"itemListElement\":[{\"@type\":\"ListItem\",\"position\":1,\"name\":\"Portada\",\"item\":\"https:\\\/\\\/www.ucaldas.edu.co\\\/portal\\\/\"},{\"@type\":\"ListItem\",\"position\":2,\"name\":\"Con panel y m\u00e1s conciertos, CiMa contin\u00faa su programaci\u00f3n para deleitar a los manizale\u00f1os\"}]},{\"@type\":\"WebSite\",\"@id\":\"https:\\\/\\\/www.ucaldas.edu.co\\\/portal\\\/#website\",\"url\":\"https:\\\/\\\/www.ucaldas.edu.co\\\/portal\\\/\",\"name\":\"Universidad de Caldas\",\"description\":\"\",\"publisher\":{\"@id\":\"https:\\\/\\\/www.ucaldas.edu.co\\\/portal\\\/#organization\"},\"alternateName\":\"U. de Caldas\",\"potentialAction\":[{\"@type\":\"SearchAction\",\"target\":{\"@type\":\"EntryPoint\",\"urlTemplate\":\"https:\\\/\\\/www.ucaldas.edu.co\\\/portal\\\/?s={search_term_string}\"},\"query-input\":{\"@type\":\"PropertyValueSpecification\",\"valueRequired\":true,\"valueName\":\"search_term_string\"}}],\"inLanguage\":\"es\"},{\"@type\":\"Organization\",\"@id\":\"https:\\\/\\\/www.ucaldas.edu.co\\\/portal\\\/#organization\",\"name\":\"Universidad de Caldas\",\"alternateName\":\"U. de Caldas\",\"url\":\"https:\\\/\\\/www.ucaldas.edu.co\\\/portal\\\/\",\"logo\":{\"@type\":\"ImageObject\",\"inLanguage\":\"es\",\"@id\":\"https:\\\/\\\/www.ucaldas.edu.co\\\/portal\\\/#\\\/schema\\\/logo\\\/image\\\/\",\"url\":\"https:\\\/\\\/www.ucaldas.edu.co\\\/portal\\\/wp-content\\\/uploads\\\/2023\\\/11\\\/Logo_horizontal_oscuroU-2023.png\",\"contentUrl\":\"https:\\\/\\\/www.ucaldas.edu.co\\\/portal\\\/wp-content\\\/uploads\\\/2023\\\/11\\\/Logo_horizontal_oscuroU-2023.png\",\"width\":263,\"height\":101,\"caption\":\"Universidad de Caldas\"},\"image\":{\"@id\":\"https:\\\/\\\/www.ucaldas.edu.co\\\/portal\\\/#\\\/schema\\\/logo\\\/image\\\/\"},\"sameAs\":[\"https:\\\/\\\/www.facebook.com\\\/udecaldas\",\"https:\\\/\\\/x.com\\\/udecaldas\",\"https:\\\/\\\/www.youtube.com\\\/universidadcaldas\",\"https:\\\/\\\/www.instagram.com\\\/udecaldas\\\/\"]},{\"@type\":\"Person\",\"@id\":\"https:\\\/\\\/www.ucaldas.edu.co\\\/portal\\\/#\\\/schema\\\/person\\\/a1b482e23449158b4bc319926c074fdf\",\"name\":\"ofiprensa\",\"image\":{\"@type\":\"ImageObject\",\"inLanguage\":\"es\",\"@id\":\"https:\\\/\\\/www.ucaldas.edu.co\\\/portal\\\/wp-content\\\/litespeed\\\/avatar\\\/09ea5085e600095a7a811142c6944527.jpg?ver=1777497608\",\"url\":\"https:\\\/\\\/www.ucaldas.edu.co\\\/portal\\\/wp-content\\\/litespeed\\\/avatar\\\/09ea5085e600095a7a811142c6944527.jpg?ver=1777497608\",\"contentUrl\":\"https:\\\/\\\/www.ucaldas.edu.co\\\/portal\\\/wp-content\\\/litespeed\\\/avatar\\\/09ea5085e600095a7a811142c6944527.jpg?ver=1777497608\",\"caption\":\"ofiprensa\"},\"url\":\"https:\\\/\\\/www.ucaldas.edu.co\\\/portal\\\/author\\\/ofiprensa\\\/\"}]}<\/script>\n<!-- \/ Yoast SEO plugin. -->","yoast_head_json":{"title":"Con panel y m\u00e1s conciertos, CiMa contin\u00faa su programaci\u00f3n para deleitar a los manizale\u00f1os .","robots":{"index":"index","follow":"follow","max-snippet":"max-snippet:-1","max-image-preview":"max-image-preview:large","max-video-preview":"max-video-preview:-1"},"canonical":"https:\/\/www.ucaldas.edu.co\/portal\/con-panel-y-mas-conciertos-cima-continua-su-programacion-para-deleitar-a-los-manizalenos\/","schema":{"@context":"https:\/\/schema.org","@graph":[{"@type":"Article","@id":"https:\/\/www.ucaldas.edu.co\/portal\/con-panel-y-mas-conciertos-cima-continua-su-programacion-para-deleitar-a-los-manizalenos\/#article","isPartOf":{"@id":"https:\/\/www.ucaldas.edu.co\/portal\/con-panel-y-mas-conciertos-cima-continua-su-programacion-para-deleitar-a-los-manizalenos\/"},"author":{"name":"ofiprensa","@id":"https:\/\/www.ucaldas.edu.co\/portal\/#\/schema\/person\/a1b482e23449158b4bc319926c074fdf"},"headline":"Con panel y m\u00e1s conciertos, CiMa contin\u00faa su programaci\u00f3n para deleitar a los manizale\u00f1os","datePublished":"2019-09-03T23:00:25+00:00","dateModified":"2019-09-03T23:00:30+00:00","mainEntityOfPage":{"@id":"https:\/\/www.ucaldas.edu.co\/portal\/con-panel-y-mas-conciertos-cima-continua-su-programacion-para-deleitar-a-los-manizalenos\/"},"wordCount":269,"publisher":{"@id":"https:\/\/www.ucaldas.edu.co\/portal\/#organization"},"image":{"@id":"https:\/\/www.ucaldas.edu.co\/portal\/con-panel-y-mas-conciertos-cima-continua-su-programacion-para-deleitar-a-los-manizalenos\/#primaryimage"},"thumbnailUrl":"https:\/\/www.ucaldas.edu.co\/portal\/wp-content\/uploads\/2019\/09\/CIMA2DODIA-compressor.png","keywords":["cultura","Festival Internacional de M\u00fasica","cima"],"articleSection":["Actualidad","Universidad al D\u00eda","UCaldas Cultural"],"inLanguage":"es"},{"@type":"WebPage","@id":"https:\/\/www.ucaldas.edu.co\/portal\/con-panel-y-mas-conciertos-cima-continua-su-programacion-para-deleitar-a-los-manizalenos\/","url":"https:\/\/www.ucaldas.edu.co\/portal\/con-panel-y-mas-conciertos-cima-continua-su-programacion-para-deleitar-a-los-manizalenos\/","name":"Con panel y m\u00e1s conciertos, CiMa contin\u00faa su programaci\u00f3n para deleitar a los manizale\u00f1os .","isPartOf":{"@id":"https:\/\/www.ucaldas.edu.co\/portal\/#website"},"primaryImageOfPage":{"@id":"https:\/\/www.ucaldas.edu.co\/portal\/con-panel-y-mas-conciertos-cima-continua-su-programacion-para-deleitar-a-los-manizalenos\/#primaryimage"},"image":{"@id":"https:\/\/www.ucaldas.edu.co\/portal\/con-panel-y-mas-conciertos-cima-continua-su-programacion-para-deleitar-a-los-manizalenos\/#primaryimage"},"thumbnailUrl":"https:\/\/www.ucaldas.edu.co\/portal\/wp-content\/uploads\/2019\/09\/CIMA2DODIA-compressor.png","datePublished":"2019-09-03T23:00:25+00:00","dateModified":"2019-09-03T23:00:30+00:00","breadcrumb":{"@id":"https:\/\/www.ucaldas.edu.co\/portal\/con-panel-y-mas-conciertos-cima-continua-su-programacion-para-deleitar-a-los-manizalenos\/#breadcrumb"},"inLanguage":"es","potentialAction":[{"@type":"ReadAction","target":["https:\/\/www.ucaldas.edu.co\/portal\/con-panel-y-mas-conciertos-cima-continua-su-programacion-para-deleitar-a-los-manizalenos\/"]}]},{"@type":"ImageObject","inLanguage":"es","@id":"https:\/\/www.ucaldas.edu.co\/portal\/con-panel-y-mas-conciertos-cima-continua-su-programacion-para-deleitar-a-los-manizalenos\/#primaryimage","url":"https:\/\/www.ucaldas.edu.co\/portal\/wp-content\/uploads\/2019\/09\/CIMA2DODIA-compressor.png","contentUrl":"https:\/\/www.ucaldas.edu.co\/portal\/wp-content\/uploads\/2019\/09\/CIMA2DODIA-compressor.png","width":700,"height":400},{"@type":"BreadcrumbList","@id":"https:\/\/www.ucaldas.edu.co\/portal\/con-panel-y-mas-conciertos-cima-continua-su-programacion-para-deleitar-a-los-manizalenos\/#breadcrumb","itemListElement":[{"@type":"ListItem","position":1,"name":"Portada","item":"https:\/\/www.ucaldas.edu.co\/portal\/"},{"@type":"ListItem","position":2,"name":"Con panel y m\u00e1s conciertos, CiMa contin\u00faa su programaci\u00f3n para deleitar a los manizale\u00f1os"}]},{"@type":"WebSite","@id":"https:\/\/www.ucaldas.edu.co\/portal\/#website","url":"https:\/\/www.ucaldas.edu.co\/portal\/","name":"Universidad de Caldas","description":"","publisher":{"@id":"https:\/\/www.ucaldas.edu.co\/portal\/#organization"},"alternateName":"U. de Caldas","potentialAction":[{"@type":"SearchAction","target":{"@type":"EntryPoint","urlTemplate":"https:\/\/www.ucaldas.edu.co\/portal\/?s={search_term_string}"},"query-input":{"@type":"PropertyValueSpecification","valueRequired":true,"valueName":"search_term_string"}}],"inLanguage":"es"},{"@type":"Organization","@id":"https:\/\/www.ucaldas.edu.co\/portal\/#organization","name":"Universidad de Caldas","alternateName":"U. de Caldas","url":"https:\/\/www.ucaldas.edu.co\/portal\/","logo":{"@type":"ImageObject","inLanguage":"es","@id":"https:\/\/www.ucaldas.edu.co\/portal\/#\/schema\/logo\/image\/","url":"https:\/\/www.ucaldas.edu.co\/portal\/wp-content\/uploads\/2023\/11\/Logo_horizontal_oscuroU-2023.png","contentUrl":"https:\/\/www.ucaldas.edu.co\/portal\/wp-content\/uploads\/2023\/11\/Logo_horizontal_oscuroU-2023.png","width":263,"height":101,"caption":"Universidad de Caldas"},"image":{"@id":"https:\/\/www.ucaldas.edu.co\/portal\/#\/schema\/logo\/image\/"},"sameAs":["https:\/\/www.facebook.com\/udecaldas","https:\/\/x.com\/udecaldas","https:\/\/www.youtube.com\/universidadcaldas","https:\/\/www.instagram.com\/udecaldas\/"]},{"@type":"Person","@id":"https:\/\/www.ucaldas.edu.co\/portal\/#\/schema\/person\/a1b482e23449158b4bc319926c074fdf","name":"ofiprensa","image":{"@type":"ImageObject","inLanguage":"es","@id":"https:\/\/www.ucaldas.edu.co\/portal\/wp-content\/litespeed\/avatar\/09ea5085e600095a7a811142c6944527.jpg?ver=1777497608","url":"https:\/\/www.ucaldas.edu.co\/portal\/wp-content\/litespeed\/avatar\/09ea5085e600095a7a811142c6944527.jpg?ver=1777497608","contentUrl":"https:\/\/www.ucaldas.edu.co\/portal\/wp-content\/litespeed\/avatar\/09ea5085e600095a7a811142c6944527.jpg?ver=1777497608","caption":"ofiprensa"},"url":"https:\/\/www.ucaldas.edu.co\/portal\/author\/ofiprensa\/"}]}},"_links":{"self":[{"href":"https:\/\/www.ucaldas.edu.co\/portal\/wp-json\/wp\/v2\/posts\/51098","targetHints":{"allow":["GET"]}}],"collection":[{"href":"https:\/\/www.ucaldas.edu.co\/portal\/wp-json\/wp\/v2\/posts"}],"about":[{"href":"https:\/\/www.ucaldas.edu.co\/portal\/wp-json\/wp\/v2\/types\/post"}],"author":[{"embeddable":true,"href":"https:\/\/www.ucaldas.edu.co\/portal\/wp-json\/wp\/v2\/users\/2"}],"replies":[{"embeddable":true,"href":"https:\/\/www.ucaldas.edu.co\/portal\/wp-json\/wp\/v2\/comments?post=51098"}],"version-history":[{"count":0,"href":"https:\/\/www.ucaldas.edu.co\/portal\/wp-json\/wp\/v2\/posts\/51098\/revisions"}],"wp:featuredmedia":[{"embeddable":true,"href":"https:\/\/www.ucaldas.edu.co\/portal\/wp-json\/wp\/v2\/media\/51099"}],"wp:attachment":[{"href":"https:\/\/www.ucaldas.edu.co\/portal\/wp-json\/wp\/v2\/media?parent=51098"}],"wp:term":[{"taxonomy":"category","embeddable":true,"href":"https:\/\/www.ucaldas.edu.co\/portal\/wp-json\/wp\/v2\/categories?post=51098"},{"taxonomy":"post_tag","embeddable":true,"href":"https:\/\/www.ucaldas.edu.co\/portal\/wp-json\/wp\/v2\/tags?post=51098"}],"curies":[{"name":"wp","href":"https:\/\/api.w.org\/{rel}","templated":true}]}}