{"id":50929,"date":"2019-08-29T22:11:14","date_gmt":"2019-08-29T22:11:14","guid":{"rendered":"https:\/\/www.ucaldas.edu.co\/portal\/?p=50929"},"modified":"2019-08-29T22:11:14","modified_gmt":"2019-08-29T22:11:14","slug":"academicos-intercambiaron-conocimientos-sobre-la-promocion-de-la-actividad-fisica","status":"publish","type":"post","link":"https:\/\/www.ucaldas.edu.co\/portal\/academicos-intercambiaron-conocimientos-sobre-la-promocion-de-la-actividad-fisica\/","title":{"rendered":"Acad\u00e9micos intercambiaron conocimientos sobre la promoci\u00f3n de la actividad f\u00edsica"},"content":{"rendered":"<p style=\"text-align: center;\">EN ENCUENTRO EN LA FACULTAD DE CIENCIAS PARA LA SALUD<\/p>\n<p style=\"text-align: center;\"><strong>Acad\u00e9micos intercambiaron conocimientos sobre la promoci\u00f3n de la actividad f\u00edsica <\/strong><\/p>\n<p style=\"text-align: right;\">29\/08\/2019<\/p>\n<p><img loading=\"lazy\" decoding=\"async\" class=\"alignnone size-full wp-image-50930 aligncenter\" src=\"https:\/\/www.ucaldas.edu.co\/portal\/wp-content\/uploads\/2019\/08\/ACTIVIDAD-FISICA-compressor.png\" alt=\"\" width=\"700\" height=\"399\" srcset=\"https:\/\/www.ucaldas.edu.co\/portal\/wp-content\/uploads\/2019\/08\/ACTIVIDAD-FISICA-compressor.png 700w, https:\/\/www.ucaldas.edu.co\/portal\/wp-content\/uploads\/2019\/08\/ACTIVIDAD-FISICA-compressor-300x171.png 300w\" sizes=\"auto, (max-width: 700px) 100vw, 700px\" \/><\/p>\n<p>Transferir conocimientos relacionados con la actividad f\u00edsica en la naturaleza, con \u00e9nfasis en el concepto de voy e inclusi\u00f3n, es el objetivo del el encuentro \u201cEl Reto de las Actividades F\u00edsicas en la Naturaleza, Ocio e Inclusi\u00f3n\u201d. El evento se realiz\u00f3 hoy en la Facultad de Ciencias para la Salud de la Universidad de Caldas.<!--more--><\/p>\n<p>Manuel Armayones Ruiz, director de Desarrollo del e-Health Center de la Universidad Oberta de Catalunya y docente de psicolog\u00eda, explic\u00f3 que mostr\u00f3 c\u00f3mo el dise\u00f1o persuasivo puede promover la promoci\u00f3n de la actividad f\u00edsica. Esto aplica tanto para el dise\u00f1o del comportamiento de las personas como el de las ciudades y sus elementos urban\u00edsticos.<\/p>\n<p>\u201cNos basamos en expertos que se dieron cuenta de la disonancia entre la teor\u00eda de lo que todos sabemos que debemos hacer, alimentarnos bien y hacer ejercicio, y la pr\u00e1ctica, pues somos seres mucho menos racionales de lo que pensamos. Desde la psicolog\u00eda se han abordado las variables para dise\u00f1ar intervenciones o empujoncitos para que las personas vivamos de manera saludable\u201d, dijo el experto espa\u00f1ol.<\/p>\n<p>Armayones Ruiz dijo que el reto est\u00e1 en hacer que las personas tengan la voluntad de cambiar su manera de vivir y realizar acciones m\u00e1s saludables. \u201cLa idea es ayudar a dise\u00f1ar el entorno para que promueva la actividad f\u00edsica, sin que tengamos que pensar mucho. Por ejemplo, aqu\u00ed en la Universidad de Caldas vi unas escalas que dicen cu\u00e1ntas calor\u00edas quemamos por cada escala que subimos. Este tipo de elementos son dise\u00f1os que se incorporan para vivir de saludablemente\u201d, agreg\u00f3.<\/p>\n<p>Lina Carranza, abogada y t\u00e9cnico de la Federaci\u00f3n Espa\u00f1ola de Enfermedades Raras, dijo que su objetivo es explicar el derecho al ocio y del ocio inclusivo, pues falta mucho camino para que los derechos de todas las personas sean respetados. Una parte de la vida es el ocio y deber\u00eda ser accesible para todas las personas.<\/p>\n<p>El ocio inclusivo es el que est\u00e1 pensado para todos los ciudadanos. Las enfermedades raras implican alta discapacidad en muchos casos y estas personas generalmente no encuentran espacios de esparcimiento<\/p>\n<p>El director de la Maestr\u00eda en Actividad F\u00edsica para Salud, Eder Pe\u00f1a, dijo que el encuentro enfatiz\u00f3 en el concepto de ocio e inclusi\u00f3n. La propuesta de realizar el evento sali\u00f3 de los semilleros de investigaci\u00f3n de prevenci\u00f3n en salud y prevenci\u00f3n de la enfermedad y Telesalud de la Universidad de Caldas.<\/p>\n<p><strong>Anexo:<\/strong><\/p>\n<ul>\n<li><strong><u><a href=\"https:\/\/www.ivoox.com\/manuel-armayones-ruiz-experto-espanol-retos-las-audios-mp3_rf_40602530_1.html\">Audio Manuel Armayones Ruiz, director de Desarrollo del e-Health Center de la Universidad Oberta de Catalunya y docente de psicolog\u00eda<\/a><\/u><\/strong><\/li>\n<\/ul>\n<p><strong>Informes:<\/strong> Oficina de Comunicaciones y Prensa Universidad de Caldas. Tel\u00e9fono: 8781500 Extensi\u00f3n: 12167<\/p>\n<p><strong>Redacci\u00f3n:<\/strong> Adriana Osorio Garc\u00eda<\/p>\n","protected":false},"excerpt":{"rendered":"<p>EN ENCUENTRO EN LA FACULTAD DE CIENCIAS PARA LA SALUD Acad\u00e9micos intercambiaron conocimientos sobre la promoci\u00f3n de la actividad f\u00edsica 29\/08\/2019 Transferir conocimientos relacionados con la actividad f\u00edsica en la naturaleza, con \u00e9nfasis en el concepto de voy e inclusi\u00f3n, es el objetivo del el encuentro \u201cEl Reto de las Actividades F\u00edsicas en la Naturaleza, [&hellip;]<\/p>\n","protected":false},"author":2,"featured_media":50930,"comment_status":"closed","ping_status":"open","sticky":false,"template":"","format":"standard","meta":{"footnotes":""},"categories":[48,53,624],"tags":[114,342,2257],"class_list":["post-50929","post","type-post","status-publish","format-standard","has-post-thumbnail","hentry","category-actualidad","category-universidad-al-dia","category-ucaldas-activa","tag-actividad-fisica-2","tag-prevencion","tag-inclusion"],"yoast_head":"<!-- This site is optimized with the Yoast SEO plugin v27.5 - https:\/\/yoast.com\/product\/yoast-seo-wordpress\/ -->\n<title>Acad\u00e9micos intercambiaron conocimientos sobre la promoci\u00f3n de la actividad f\u00edsica .<\/title>\n<meta name=\"robots\" content=\"index, follow, max-snippet:-1, max-image-preview:large, max-video-preview:-1\" \/>\n<link rel=\"canonical\" href=\"https:\/\/www.ucaldas.edu.co\/portal\/academicos-intercambiaron-conocimientos-sobre-la-promocion-de-la-actividad-fisica\/\" \/>\n<script type=\"application\/ld+json\" class=\"yoast-schema-graph\">{\"@context\":\"https:\\\/\\\/schema.org\",\"@graph\":[{\"@type\":\"Article\",\"@id\":\"https:\\\/\\\/www.ucaldas.edu.co\\\/portal\\\/academicos-intercambiaron-conocimientos-sobre-la-promocion-de-la-actividad-fisica\\\/#article\",\"isPartOf\":{\"@id\":\"https:\\\/\\\/www.ucaldas.edu.co\\\/portal\\\/academicos-intercambiaron-conocimientos-sobre-la-promocion-de-la-actividad-fisica\\\/\"},\"author\":{\"name\":\"ofiprensa\",\"@id\":\"https:\\\/\\\/www.ucaldas.edu.co\\\/portal\\\/#\\\/schema\\\/person\\\/a1b482e23449158b4bc319926c074fdf\"},\"headline\":\"Acad\u00e9micos intercambiaron conocimientos sobre la promoci\u00f3n de la actividad f\u00edsica\",\"datePublished\":\"2019-08-29T22:11:14+00:00\",\"mainEntityOfPage\":{\"@id\":\"https:\\\/\\\/www.ucaldas.edu.co\\\/portal\\\/academicos-intercambiaron-conocimientos-sobre-la-promocion-de-la-actividad-fisica\\\/\"},\"wordCount\":503,\"publisher\":{\"@id\":\"https:\\\/\\\/www.ucaldas.edu.co\\\/portal\\\/#organization\"},\"image\":{\"@id\":\"https:\\\/\\\/www.ucaldas.edu.co\\\/portal\\\/academicos-intercambiaron-conocimientos-sobre-la-promocion-de-la-actividad-fisica\\\/#primaryimage\"},\"thumbnailUrl\":\"https:\\\/\\\/www.ucaldas.edu.co\\\/portal\\\/wp-content\\\/uploads\\\/2019\\\/08\\\/ACTIVIDAD-FISICA-compressor.png\",\"keywords\":[\"Actividad F\u00edsica\",\"prevenci\u00f3n\",\"inclusi\u00f3n\"],\"articleSection\":[\"Actualidad\",\"Universidad al D\u00eda\",\"UCaldas Activa\"],\"inLanguage\":\"es\"},{\"@type\":\"WebPage\",\"@id\":\"https:\\\/\\\/www.ucaldas.edu.co\\\/portal\\\/academicos-intercambiaron-conocimientos-sobre-la-promocion-de-la-actividad-fisica\\\/\",\"url\":\"https:\\\/\\\/www.ucaldas.edu.co\\\/portal\\\/academicos-intercambiaron-conocimientos-sobre-la-promocion-de-la-actividad-fisica\\\/\",\"name\":\"Acad\u00e9micos intercambiaron conocimientos sobre la promoci\u00f3n de la actividad f\u00edsica .\",\"isPartOf\":{\"@id\":\"https:\\\/\\\/www.ucaldas.edu.co\\\/portal\\\/#website\"},\"primaryImageOfPage\":{\"@id\":\"https:\\\/\\\/www.ucaldas.edu.co\\\/portal\\\/academicos-intercambiaron-conocimientos-sobre-la-promocion-de-la-actividad-fisica\\\/#primaryimage\"},\"image\":{\"@id\":\"https:\\\/\\\/www.ucaldas.edu.co\\\/portal\\\/academicos-intercambiaron-conocimientos-sobre-la-promocion-de-la-actividad-fisica\\\/#primaryimage\"},\"thumbnailUrl\":\"https:\\\/\\\/www.ucaldas.edu.co\\\/portal\\\/wp-content\\\/uploads\\\/2019\\\/08\\\/ACTIVIDAD-FISICA-compressor.png\",\"datePublished\":\"2019-08-29T22:11:14+00:00\",\"breadcrumb\":{\"@id\":\"https:\\\/\\\/www.ucaldas.edu.co\\\/portal\\\/academicos-intercambiaron-conocimientos-sobre-la-promocion-de-la-actividad-fisica\\\/#breadcrumb\"},\"inLanguage\":\"es\",\"potentialAction\":[{\"@type\":\"ReadAction\",\"target\":[\"https:\\\/\\\/www.ucaldas.edu.co\\\/portal\\\/academicos-intercambiaron-conocimientos-sobre-la-promocion-de-la-actividad-fisica\\\/\"]}]},{\"@type\":\"ImageObject\",\"inLanguage\":\"es\",\"@id\":\"https:\\\/\\\/www.ucaldas.edu.co\\\/portal\\\/academicos-intercambiaron-conocimientos-sobre-la-promocion-de-la-actividad-fisica\\\/#primaryimage\",\"url\":\"https:\\\/\\\/www.ucaldas.edu.co\\\/portal\\\/wp-content\\\/uploads\\\/2019\\\/08\\\/ACTIVIDAD-FISICA-compressor.png\",\"contentUrl\":\"https:\\\/\\\/www.ucaldas.edu.co\\\/portal\\\/wp-content\\\/uploads\\\/2019\\\/08\\\/ACTIVIDAD-FISICA-compressor.png\",\"width\":700,\"height\":399},{\"@type\":\"BreadcrumbList\",\"@id\":\"https:\\\/\\\/www.ucaldas.edu.co\\\/portal\\\/academicos-intercambiaron-conocimientos-sobre-la-promocion-de-la-actividad-fisica\\\/#breadcrumb\",\"itemListElement\":[{\"@type\":\"ListItem\",\"position\":1,\"name\":\"Portada\",\"item\":\"https:\\\/\\\/www.ucaldas.edu.co\\\/portal\\\/\"},{\"@type\":\"ListItem\",\"position\":2,\"name\":\"Acad\u00e9micos intercambiaron conocimientos sobre la promoci\u00f3n de la actividad f\u00edsica\"}]},{\"@type\":\"WebSite\",\"@id\":\"https:\\\/\\\/www.ucaldas.edu.co\\\/portal\\\/#website\",\"url\":\"https:\\\/\\\/www.ucaldas.edu.co\\\/portal\\\/\",\"name\":\"Universidad de Caldas\",\"description\":\"\",\"publisher\":{\"@id\":\"https:\\\/\\\/www.ucaldas.edu.co\\\/portal\\\/#organization\"},\"alternateName\":\"U. de Caldas\",\"potentialAction\":[{\"@type\":\"SearchAction\",\"target\":{\"@type\":\"EntryPoint\",\"urlTemplate\":\"https:\\\/\\\/www.ucaldas.edu.co\\\/portal\\\/?s={search_term_string}\"},\"query-input\":{\"@type\":\"PropertyValueSpecification\",\"valueRequired\":true,\"valueName\":\"search_term_string\"}}],\"inLanguage\":\"es\"},{\"@type\":\"Organization\",\"@id\":\"https:\\\/\\\/www.ucaldas.edu.co\\\/portal\\\/#organization\",\"name\":\"Universidad de Caldas\",\"alternateName\":\"U. de Caldas\",\"url\":\"https:\\\/\\\/www.ucaldas.edu.co\\\/portal\\\/\",\"logo\":{\"@type\":\"ImageObject\",\"inLanguage\":\"es\",\"@id\":\"https:\\\/\\\/www.ucaldas.edu.co\\\/portal\\\/#\\\/schema\\\/logo\\\/image\\\/\",\"url\":\"https:\\\/\\\/www.ucaldas.edu.co\\\/portal\\\/wp-content\\\/uploads\\\/2023\\\/11\\\/Logo_horizontal_oscuroU-2023.png\",\"contentUrl\":\"https:\\\/\\\/www.ucaldas.edu.co\\\/portal\\\/wp-content\\\/uploads\\\/2023\\\/11\\\/Logo_horizontal_oscuroU-2023.png\",\"width\":263,\"height\":101,\"caption\":\"Universidad de Caldas\"},\"image\":{\"@id\":\"https:\\\/\\\/www.ucaldas.edu.co\\\/portal\\\/#\\\/schema\\\/logo\\\/image\\\/\"},\"sameAs\":[\"https:\\\/\\\/www.facebook.com\\\/udecaldas\",\"https:\\\/\\\/x.com\\\/udecaldas\",\"https:\\\/\\\/www.youtube.com\\\/universidadcaldas\",\"https:\\\/\\\/www.instagram.com\\\/udecaldas\\\/\"]},{\"@type\":\"Person\",\"@id\":\"https:\\\/\\\/www.ucaldas.edu.co\\\/portal\\\/#\\\/schema\\\/person\\\/a1b482e23449158b4bc319926c074fdf\",\"name\":\"ofiprensa\",\"image\":{\"@type\":\"ImageObject\",\"inLanguage\":\"es\",\"@id\":\"https:\\\/\\\/www.ucaldas.edu.co\\\/portal\\\/wp-content\\\/litespeed\\\/avatar\\\/09ea5085e600095a7a811142c6944527.jpg?ver=1777497608\",\"url\":\"https:\\\/\\\/www.ucaldas.edu.co\\\/portal\\\/wp-content\\\/litespeed\\\/avatar\\\/09ea5085e600095a7a811142c6944527.jpg?ver=1777497608\",\"contentUrl\":\"https:\\\/\\\/www.ucaldas.edu.co\\\/portal\\\/wp-content\\\/litespeed\\\/avatar\\\/09ea5085e600095a7a811142c6944527.jpg?ver=1777497608\",\"caption\":\"ofiprensa\"},\"url\":\"https:\\\/\\\/www.ucaldas.edu.co\\\/portal\\\/author\\\/ofiprensa\\\/\"}]}<\/script>\n<!-- \/ Yoast SEO plugin. -->","yoast_head_json":{"title":"Acad\u00e9micos intercambiaron conocimientos sobre la promoci\u00f3n de la actividad f\u00edsica .","robots":{"index":"index","follow":"follow","max-snippet":"max-snippet:-1","max-image-preview":"max-image-preview:large","max-video-preview":"max-video-preview:-1"},"canonical":"https:\/\/www.ucaldas.edu.co\/portal\/academicos-intercambiaron-conocimientos-sobre-la-promocion-de-la-actividad-fisica\/","schema":{"@context":"https:\/\/schema.org","@graph":[{"@type":"Article","@id":"https:\/\/www.ucaldas.edu.co\/portal\/academicos-intercambiaron-conocimientos-sobre-la-promocion-de-la-actividad-fisica\/#article","isPartOf":{"@id":"https:\/\/www.ucaldas.edu.co\/portal\/academicos-intercambiaron-conocimientos-sobre-la-promocion-de-la-actividad-fisica\/"},"author":{"name":"ofiprensa","@id":"https:\/\/www.ucaldas.edu.co\/portal\/#\/schema\/person\/a1b482e23449158b4bc319926c074fdf"},"headline":"Acad\u00e9micos intercambiaron conocimientos sobre la promoci\u00f3n de la actividad f\u00edsica","datePublished":"2019-08-29T22:11:14+00:00","mainEntityOfPage":{"@id":"https:\/\/www.ucaldas.edu.co\/portal\/academicos-intercambiaron-conocimientos-sobre-la-promocion-de-la-actividad-fisica\/"},"wordCount":503,"publisher":{"@id":"https:\/\/www.ucaldas.edu.co\/portal\/#organization"},"image":{"@id":"https:\/\/www.ucaldas.edu.co\/portal\/academicos-intercambiaron-conocimientos-sobre-la-promocion-de-la-actividad-fisica\/#primaryimage"},"thumbnailUrl":"https:\/\/www.ucaldas.edu.co\/portal\/wp-content\/uploads\/2019\/08\/ACTIVIDAD-FISICA-compressor.png","keywords":["Actividad F\u00edsica","prevenci\u00f3n","inclusi\u00f3n"],"articleSection":["Actualidad","Universidad al D\u00eda","UCaldas Activa"],"inLanguage":"es"},{"@type":"WebPage","@id":"https:\/\/www.ucaldas.edu.co\/portal\/academicos-intercambiaron-conocimientos-sobre-la-promocion-de-la-actividad-fisica\/","url":"https:\/\/www.ucaldas.edu.co\/portal\/academicos-intercambiaron-conocimientos-sobre-la-promocion-de-la-actividad-fisica\/","name":"Acad\u00e9micos intercambiaron conocimientos sobre la promoci\u00f3n de la actividad f\u00edsica .","isPartOf":{"@id":"https:\/\/www.ucaldas.edu.co\/portal\/#website"},"primaryImageOfPage":{"@id":"https:\/\/www.ucaldas.edu.co\/portal\/academicos-intercambiaron-conocimientos-sobre-la-promocion-de-la-actividad-fisica\/#primaryimage"},"image":{"@id":"https:\/\/www.ucaldas.edu.co\/portal\/academicos-intercambiaron-conocimientos-sobre-la-promocion-de-la-actividad-fisica\/#primaryimage"},"thumbnailUrl":"https:\/\/www.ucaldas.edu.co\/portal\/wp-content\/uploads\/2019\/08\/ACTIVIDAD-FISICA-compressor.png","datePublished":"2019-08-29T22:11:14+00:00","breadcrumb":{"@id":"https:\/\/www.ucaldas.edu.co\/portal\/academicos-intercambiaron-conocimientos-sobre-la-promocion-de-la-actividad-fisica\/#breadcrumb"},"inLanguage":"es","potentialAction":[{"@type":"ReadAction","target":["https:\/\/www.ucaldas.edu.co\/portal\/academicos-intercambiaron-conocimientos-sobre-la-promocion-de-la-actividad-fisica\/"]}]},{"@type":"ImageObject","inLanguage":"es","@id":"https:\/\/www.ucaldas.edu.co\/portal\/academicos-intercambiaron-conocimientos-sobre-la-promocion-de-la-actividad-fisica\/#primaryimage","url":"https:\/\/www.ucaldas.edu.co\/portal\/wp-content\/uploads\/2019\/08\/ACTIVIDAD-FISICA-compressor.png","contentUrl":"https:\/\/www.ucaldas.edu.co\/portal\/wp-content\/uploads\/2019\/08\/ACTIVIDAD-FISICA-compressor.png","width":700,"height":399},{"@type":"BreadcrumbList","@id":"https:\/\/www.ucaldas.edu.co\/portal\/academicos-intercambiaron-conocimientos-sobre-la-promocion-de-la-actividad-fisica\/#breadcrumb","itemListElement":[{"@type":"ListItem","position":1,"name":"Portada","item":"https:\/\/www.ucaldas.edu.co\/portal\/"},{"@type":"ListItem","position":2,"name":"Acad\u00e9micos intercambiaron conocimientos sobre la promoci\u00f3n de la actividad f\u00edsica"}]},{"@type":"WebSite","@id":"https:\/\/www.ucaldas.edu.co\/portal\/#website","url":"https:\/\/www.ucaldas.edu.co\/portal\/","name":"Universidad de Caldas","description":"","publisher":{"@id":"https:\/\/www.ucaldas.edu.co\/portal\/#organization"},"alternateName":"U. de Caldas","potentialAction":[{"@type":"SearchAction","target":{"@type":"EntryPoint","urlTemplate":"https:\/\/www.ucaldas.edu.co\/portal\/?s={search_term_string}"},"query-input":{"@type":"PropertyValueSpecification","valueRequired":true,"valueName":"search_term_string"}}],"inLanguage":"es"},{"@type":"Organization","@id":"https:\/\/www.ucaldas.edu.co\/portal\/#organization","name":"Universidad de Caldas","alternateName":"U. de Caldas","url":"https:\/\/www.ucaldas.edu.co\/portal\/","logo":{"@type":"ImageObject","inLanguage":"es","@id":"https:\/\/www.ucaldas.edu.co\/portal\/#\/schema\/logo\/image\/","url":"https:\/\/www.ucaldas.edu.co\/portal\/wp-content\/uploads\/2023\/11\/Logo_horizontal_oscuroU-2023.png","contentUrl":"https:\/\/www.ucaldas.edu.co\/portal\/wp-content\/uploads\/2023\/11\/Logo_horizontal_oscuroU-2023.png","width":263,"height":101,"caption":"Universidad de Caldas"},"image":{"@id":"https:\/\/www.ucaldas.edu.co\/portal\/#\/schema\/logo\/image\/"},"sameAs":["https:\/\/www.facebook.com\/udecaldas","https:\/\/x.com\/udecaldas","https:\/\/www.youtube.com\/universidadcaldas","https:\/\/www.instagram.com\/udecaldas\/"]},{"@type":"Person","@id":"https:\/\/www.ucaldas.edu.co\/portal\/#\/schema\/person\/a1b482e23449158b4bc319926c074fdf","name":"ofiprensa","image":{"@type":"ImageObject","inLanguage":"es","@id":"https:\/\/www.ucaldas.edu.co\/portal\/wp-content\/litespeed\/avatar\/09ea5085e600095a7a811142c6944527.jpg?ver=1777497608","url":"https:\/\/www.ucaldas.edu.co\/portal\/wp-content\/litespeed\/avatar\/09ea5085e600095a7a811142c6944527.jpg?ver=1777497608","contentUrl":"https:\/\/www.ucaldas.edu.co\/portal\/wp-content\/litespeed\/avatar\/09ea5085e600095a7a811142c6944527.jpg?ver=1777497608","caption":"ofiprensa"},"url":"https:\/\/www.ucaldas.edu.co\/portal\/author\/ofiprensa\/"}]}},"_links":{"self":[{"href":"https:\/\/www.ucaldas.edu.co\/portal\/wp-json\/wp\/v2\/posts\/50929","targetHints":{"allow":["GET"]}}],"collection":[{"href":"https:\/\/www.ucaldas.edu.co\/portal\/wp-json\/wp\/v2\/posts"}],"about":[{"href":"https:\/\/www.ucaldas.edu.co\/portal\/wp-json\/wp\/v2\/types\/post"}],"author":[{"embeddable":true,"href":"https:\/\/www.ucaldas.edu.co\/portal\/wp-json\/wp\/v2\/users\/2"}],"replies":[{"embeddable":true,"href":"https:\/\/www.ucaldas.edu.co\/portal\/wp-json\/wp\/v2\/comments?post=50929"}],"version-history":[{"count":0,"href":"https:\/\/www.ucaldas.edu.co\/portal\/wp-json\/wp\/v2\/posts\/50929\/revisions"}],"wp:featuredmedia":[{"embeddable":true,"href":"https:\/\/www.ucaldas.edu.co\/portal\/wp-json\/wp\/v2\/media\/50930"}],"wp:attachment":[{"href":"https:\/\/www.ucaldas.edu.co\/portal\/wp-json\/wp\/v2\/media?parent=50929"}],"wp:term":[{"taxonomy":"category","embeddable":true,"href":"https:\/\/www.ucaldas.edu.co\/portal\/wp-json\/wp\/v2\/categories?post=50929"},{"taxonomy":"post_tag","embeddable":true,"href":"https:\/\/www.ucaldas.edu.co\/portal\/wp-json\/wp\/v2\/tags?post=50929"}],"curies":[{"name":"wp","href":"https:\/\/api.w.org\/{rel}","templated":true}]}}