{"id":50926,"date":"2019-08-29T22:09:54","date_gmt":"2019-08-29T22:09:54","guid":{"rendered":"https:\/\/www.ucaldas.edu.co\/portal\/?p=50926"},"modified":"2019-08-29T22:10:08","modified_gmt":"2019-08-29T22:10:08","slug":"abierta-convocatoria-para-integrar-el-semillero-de-investigacion-usable","status":"publish","type":"post","link":"https:\/\/www.ucaldas.edu.co\/portal\/abierta-convocatoria-para-integrar-el-semillero-de-investigacion-usable\/","title":{"rendered":"Abierta convocatoria para integrar el semillero de investigaci\u00f3n USABLE"},"content":{"rendered":"<p style=\"text-align: center;\">ENFOCADO A LA CAPACITACI\u00d3N DE ADULTOS MAYORES<\/p>\n<p style=\"text-align: center;\"><strong>Abierta convocatoria para integrar el semillero de investigaci\u00f3n USABLE<\/strong><\/p>\n<p style=\"text-align: right;\">29\/08\/2019<\/p>\n<p><img loading=\"lazy\" decoding=\"async\" class=\"alignnone size-full wp-image-50927 aligncenter\" src=\"https:\/\/www.ucaldas.edu.co\/portal\/wp-content\/uploads\/2019\/08\/SEMILLERO-ADULTOS-MAYORES-compressor.png\" alt=\"\" width=\"700\" height=\"399\" srcset=\"https:\/\/www.ucaldas.edu.co\/portal\/wp-content\/uploads\/2019\/08\/SEMILLERO-ADULTOS-MAYORES-compressor.png 700w, https:\/\/www.ucaldas.edu.co\/portal\/wp-content\/uploads\/2019\/08\/SEMILLERO-ADULTOS-MAYORES-compressor-300x171.png 300w\" sizes=\"auto, (max-width: 700px) 100vw, 700px\" \/><\/p>\n<p>El semillero de Investigaci\u00f3n USABLE adscrito al programa de Dise\u00f1o Visual de la Facultad de Artes y Humanidades, tiene como objetivo, establecer una oferta de servicios de aprendizaje desde la usabilidad y la accesibilidad, que permita a los adultos mayores y personas con discapacidad, el uso intuitivo de las interfaces web a trav\u00e9s de los recursos del dise\u00f1o visual.<!--more--><\/p>\n<p>En la actualidad el grupo est\u00e1 conformado por 10 personas entre profesores, estudiantes y egresados de la Universidad de Caldas y se encuentra abierta la convocatoria para las personas interesadas en pertenecer a esta iniciativa que busca apuntarle a la reducci\u00f3n de las desigualdades a trav\u00e9s de un proyecto de extensi\u00f3n denominado \u201cInclusi\u00f3n digital para el adulto mayor\u201d.<\/p>\n<p>El semillero contribuye al desarrollo de la investigaci\u00f3n aplicada, para dar respuestas a la complejidad cognitiva en t\u00f3picos que demanden las clases m\u00e1s vulnerables de la ciudad para generar articulaci\u00f3n entre el sector acad\u00e9mico, productivo y el Estado.<\/p>\n<p>Actualmente el Semillero capacita semana a semana en el Centro de Ciencia Francisco Jos\u00e9 de Caldas y en el Edificio Orlando Sierra, a un grupo de adultos mayores de la ciudad de Manizales en herramientas b\u00e1sicas digitales, buscando integrarlos a la sociedad actual a trav\u00e9s del uso de las nuevas tecnolog\u00edas,\u00a0 teniendo en cuenta que este grupo poblacional es uno de los que menos oportunidades tienen en acceder al uso de las tecnolog\u00edas de la informaci\u00f3n y la comunicaci\u00f3n (TIC).<\/p>\n<p>&nbsp;<\/p>\n<p><strong>Informes:<\/strong> Oficina de Comunicaciones y Prensa Universidad de Caldas. Tel\u00e9fono: 8781500 Extensi\u00f3n: 12167<\/p>\n<p><strong>Redacci\u00f3n:<\/strong> Diego Fernando R\u00edos Laserna<\/p>\n","protected":false},"excerpt":{"rendered":"<p>ENFOCADO A LA CAPACITACI\u00d3N DE ADULTOS MAYORES Abierta convocatoria para integrar el semillero de investigaci\u00f3n USABLE 29\/08\/2019 El semillero de Investigaci\u00f3n USABLE adscrito al programa de Dise\u00f1o Visual de la Facultad de Artes y Humanidades, tiene como objetivo, establecer una oferta de servicios de aprendizaje desde la usabilidad y la accesibilidad, que permita a los [&hellip;]<\/p>\n","protected":false},"author":2,"featured_media":50927,"comment_status":"closed","ping_status":"open","sticky":false,"template":"","format":"standard","meta":{"footnotes":""},"categories":[48,53,617],"tags":[4343,500,2257,2283,3156],"class_list":["post-50926","post","type-post","status-publish","format-standard","has-post-thumbnail","hentry","category-actualidad","category-universidad-al-dia","category-ucaldas-colaborativa","tag-adulto-mayor","tag-semillero","tag-inclusion","tag-convocatorias","tag-centro-de-ciencias"],"yoast_head":"<!-- This site is optimized with the Yoast SEO plugin v27.5 - https:\/\/yoast.com\/product\/yoast-seo-wordpress\/ -->\n<title>Abierta convocatoria para integrar el semillero de investigaci\u00f3n USABLE .<\/title>\n<meta name=\"robots\" content=\"index, follow, max-snippet:-1, max-image-preview:large, max-video-preview:-1\" \/>\n<link rel=\"canonical\" href=\"https:\/\/www.ucaldas.edu.co\/portal\/abierta-convocatoria-para-integrar-el-semillero-de-investigacion-usable\/\" \/>\n<script type=\"application\/ld+json\" class=\"yoast-schema-graph\">{\"@context\":\"https:\\\/\\\/schema.org\",\"@graph\":[{\"@type\":\"Article\",\"@id\":\"https:\\\/\\\/www.ucaldas.edu.co\\\/portal\\\/abierta-convocatoria-para-integrar-el-semillero-de-investigacion-usable\\\/#article\",\"isPartOf\":{\"@id\":\"https:\\\/\\\/www.ucaldas.edu.co\\\/portal\\\/abierta-convocatoria-para-integrar-el-semillero-de-investigacion-usable\\\/\"},\"author\":{\"name\":\"ofiprensa\",\"@id\":\"https:\\\/\\\/www.ucaldas.edu.co\\\/portal\\\/#\\\/schema\\\/person\\\/a1b482e23449158b4bc319926c074fdf\"},\"headline\":\"Abierta convocatoria para integrar el semillero de investigaci\u00f3n USABLE\",\"datePublished\":\"2019-08-29T22:09:54+00:00\",\"dateModified\":\"2019-08-29T22:10:08+00:00\",\"mainEntityOfPage\":{\"@id\":\"https:\\\/\\\/www.ucaldas.edu.co\\\/portal\\\/abierta-convocatoria-para-integrar-el-semillero-de-investigacion-usable\\\/\"},\"wordCount\":302,\"publisher\":{\"@id\":\"https:\\\/\\\/www.ucaldas.edu.co\\\/portal\\\/#organization\"},\"image\":{\"@id\":\"https:\\\/\\\/www.ucaldas.edu.co\\\/portal\\\/abierta-convocatoria-para-integrar-el-semillero-de-investigacion-usable\\\/#primaryimage\"},\"thumbnailUrl\":\"https:\\\/\\\/www.ucaldas.edu.co\\\/portal\\\/wp-content\\\/uploads\\\/2019\\\/08\\\/SEMILLERO-ADULTOS-MAYORES-compressor.png\",\"keywords\":[\"adulto mayor\",\"semillero\",\"inclusi\u00f3n\",\"convocatorias\",\"Centro de Ciencias\"],\"articleSection\":[\"Actualidad\",\"Universidad al D\u00eda\",\"UCaldas Colaborativa\"],\"inLanguage\":\"es\"},{\"@type\":\"WebPage\",\"@id\":\"https:\\\/\\\/www.ucaldas.edu.co\\\/portal\\\/abierta-convocatoria-para-integrar-el-semillero-de-investigacion-usable\\\/\",\"url\":\"https:\\\/\\\/www.ucaldas.edu.co\\\/portal\\\/abierta-convocatoria-para-integrar-el-semillero-de-investigacion-usable\\\/\",\"name\":\"Abierta convocatoria para integrar el semillero de investigaci\u00f3n USABLE .\",\"isPartOf\":{\"@id\":\"https:\\\/\\\/www.ucaldas.edu.co\\\/portal\\\/#website\"},\"primaryImageOfPage\":{\"@id\":\"https:\\\/\\\/www.ucaldas.edu.co\\\/portal\\\/abierta-convocatoria-para-integrar-el-semillero-de-investigacion-usable\\\/#primaryimage\"},\"image\":{\"@id\":\"https:\\\/\\\/www.ucaldas.edu.co\\\/portal\\\/abierta-convocatoria-para-integrar-el-semillero-de-investigacion-usable\\\/#primaryimage\"},\"thumbnailUrl\":\"https:\\\/\\\/www.ucaldas.edu.co\\\/portal\\\/wp-content\\\/uploads\\\/2019\\\/08\\\/SEMILLERO-ADULTOS-MAYORES-compressor.png\",\"datePublished\":\"2019-08-29T22:09:54+00:00\",\"dateModified\":\"2019-08-29T22:10:08+00:00\",\"breadcrumb\":{\"@id\":\"https:\\\/\\\/www.ucaldas.edu.co\\\/portal\\\/abierta-convocatoria-para-integrar-el-semillero-de-investigacion-usable\\\/#breadcrumb\"},\"inLanguage\":\"es\",\"potentialAction\":[{\"@type\":\"ReadAction\",\"target\":[\"https:\\\/\\\/www.ucaldas.edu.co\\\/portal\\\/abierta-convocatoria-para-integrar-el-semillero-de-investigacion-usable\\\/\"]}]},{\"@type\":\"ImageObject\",\"inLanguage\":\"es\",\"@id\":\"https:\\\/\\\/www.ucaldas.edu.co\\\/portal\\\/abierta-convocatoria-para-integrar-el-semillero-de-investigacion-usable\\\/#primaryimage\",\"url\":\"https:\\\/\\\/www.ucaldas.edu.co\\\/portal\\\/wp-content\\\/uploads\\\/2019\\\/08\\\/SEMILLERO-ADULTOS-MAYORES-compressor.png\",\"contentUrl\":\"https:\\\/\\\/www.ucaldas.edu.co\\\/portal\\\/wp-content\\\/uploads\\\/2019\\\/08\\\/SEMILLERO-ADULTOS-MAYORES-compressor.png\",\"width\":700,\"height\":399},{\"@type\":\"BreadcrumbList\",\"@id\":\"https:\\\/\\\/www.ucaldas.edu.co\\\/portal\\\/abierta-convocatoria-para-integrar-el-semillero-de-investigacion-usable\\\/#breadcrumb\",\"itemListElement\":[{\"@type\":\"ListItem\",\"position\":1,\"name\":\"Portada\",\"item\":\"https:\\\/\\\/www.ucaldas.edu.co\\\/portal\\\/\"},{\"@type\":\"ListItem\",\"position\":2,\"name\":\"Abierta convocatoria para integrar el semillero de investigaci\u00f3n USABLE\"}]},{\"@type\":\"WebSite\",\"@id\":\"https:\\\/\\\/www.ucaldas.edu.co\\\/portal\\\/#website\",\"url\":\"https:\\\/\\\/www.ucaldas.edu.co\\\/portal\\\/\",\"name\":\"Universidad de Caldas\",\"description\":\"\",\"publisher\":{\"@id\":\"https:\\\/\\\/www.ucaldas.edu.co\\\/portal\\\/#organization\"},\"alternateName\":\"U. de Caldas\",\"potentialAction\":[{\"@type\":\"SearchAction\",\"target\":{\"@type\":\"EntryPoint\",\"urlTemplate\":\"https:\\\/\\\/www.ucaldas.edu.co\\\/portal\\\/?s={search_term_string}\"},\"query-input\":{\"@type\":\"PropertyValueSpecification\",\"valueRequired\":true,\"valueName\":\"search_term_string\"}}],\"inLanguage\":\"es\"},{\"@type\":\"Organization\",\"@id\":\"https:\\\/\\\/www.ucaldas.edu.co\\\/portal\\\/#organization\",\"name\":\"Universidad de Caldas\",\"alternateName\":\"U. de Caldas\",\"url\":\"https:\\\/\\\/www.ucaldas.edu.co\\\/portal\\\/\",\"logo\":{\"@type\":\"ImageObject\",\"inLanguage\":\"es\",\"@id\":\"https:\\\/\\\/www.ucaldas.edu.co\\\/portal\\\/#\\\/schema\\\/logo\\\/image\\\/\",\"url\":\"https:\\\/\\\/www.ucaldas.edu.co\\\/portal\\\/wp-content\\\/uploads\\\/2023\\\/11\\\/Logo_horizontal_oscuroU-2023.png\",\"contentUrl\":\"https:\\\/\\\/www.ucaldas.edu.co\\\/portal\\\/wp-content\\\/uploads\\\/2023\\\/11\\\/Logo_horizontal_oscuroU-2023.png\",\"width\":263,\"height\":101,\"caption\":\"Universidad de Caldas\"},\"image\":{\"@id\":\"https:\\\/\\\/www.ucaldas.edu.co\\\/portal\\\/#\\\/schema\\\/logo\\\/image\\\/\"},\"sameAs\":[\"https:\\\/\\\/www.facebook.com\\\/udecaldas\",\"https:\\\/\\\/x.com\\\/udecaldas\",\"https:\\\/\\\/www.youtube.com\\\/universidadcaldas\",\"https:\\\/\\\/www.instagram.com\\\/udecaldas\\\/\"]},{\"@type\":\"Person\",\"@id\":\"https:\\\/\\\/www.ucaldas.edu.co\\\/portal\\\/#\\\/schema\\\/person\\\/a1b482e23449158b4bc319926c074fdf\",\"name\":\"ofiprensa\",\"image\":{\"@type\":\"ImageObject\",\"inLanguage\":\"es\",\"@id\":\"https:\\\/\\\/www.ucaldas.edu.co\\\/portal\\\/wp-content\\\/litespeed\\\/avatar\\\/09ea5085e600095a7a811142c6944527.jpg?ver=1777497608\",\"url\":\"https:\\\/\\\/www.ucaldas.edu.co\\\/portal\\\/wp-content\\\/litespeed\\\/avatar\\\/09ea5085e600095a7a811142c6944527.jpg?ver=1777497608\",\"contentUrl\":\"https:\\\/\\\/www.ucaldas.edu.co\\\/portal\\\/wp-content\\\/litespeed\\\/avatar\\\/09ea5085e600095a7a811142c6944527.jpg?ver=1777497608\",\"caption\":\"ofiprensa\"},\"url\":\"https:\\\/\\\/www.ucaldas.edu.co\\\/portal\\\/author\\\/ofiprensa\\\/\"}]}<\/script>\n<!-- \/ Yoast SEO plugin. -->","yoast_head_json":{"title":"Abierta convocatoria para integrar el semillero de investigaci\u00f3n USABLE .","robots":{"index":"index","follow":"follow","max-snippet":"max-snippet:-1","max-image-preview":"max-image-preview:large","max-video-preview":"max-video-preview:-1"},"canonical":"https:\/\/www.ucaldas.edu.co\/portal\/abierta-convocatoria-para-integrar-el-semillero-de-investigacion-usable\/","schema":{"@context":"https:\/\/schema.org","@graph":[{"@type":"Article","@id":"https:\/\/www.ucaldas.edu.co\/portal\/abierta-convocatoria-para-integrar-el-semillero-de-investigacion-usable\/#article","isPartOf":{"@id":"https:\/\/www.ucaldas.edu.co\/portal\/abierta-convocatoria-para-integrar-el-semillero-de-investigacion-usable\/"},"author":{"name":"ofiprensa","@id":"https:\/\/www.ucaldas.edu.co\/portal\/#\/schema\/person\/a1b482e23449158b4bc319926c074fdf"},"headline":"Abierta convocatoria para integrar el semillero de investigaci\u00f3n USABLE","datePublished":"2019-08-29T22:09:54+00:00","dateModified":"2019-08-29T22:10:08+00:00","mainEntityOfPage":{"@id":"https:\/\/www.ucaldas.edu.co\/portal\/abierta-convocatoria-para-integrar-el-semillero-de-investigacion-usable\/"},"wordCount":302,"publisher":{"@id":"https:\/\/www.ucaldas.edu.co\/portal\/#organization"},"image":{"@id":"https:\/\/www.ucaldas.edu.co\/portal\/abierta-convocatoria-para-integrar-el-semillero-de-investigacion-usable\/#primaryimage"},"thumbnailUrl":"https:\/\/www.ucaldas.edu.co\/portal\/wp-content\/uploads\/2019\/08\/SEMILLERO-ADULTOS-MAYORES-compressor.png","keywords":["adulto mayor","semillero","inclusi\u00f3n","convocatorias","Centro de Ciencias"],"articleSection":["Actualidad","Universidad al D\u00eda","UCaldas Colaborativa"],"inLanguage":"es"},{"@type":"WebPage","@id":"https:\/\/www.ucaldas.edu.co\/portal\/abierta-convocatoria-para-integrar-el-semillero-de-investigacion-usable\/","url":"https:\/\/www.ucaldas.edu.co\/portal\/abierta-convocatoria-para-integrar-el-semillero-de-investigacion-usable\/","name":"Abierta convocatoria para integrar el semillero de investigaci\u00f3n USABLE .","isPartOf":{"@id":"https:\/\/www.ucaldas.edu.co\/portal\/#website"},"primaryImageOfPage":{"@id":"https:\/\/www.ucaldas.edu.co\/portal\/abierta-convocatoria-para-integrar-el-semillero-de-investigacion-usable\/#primaryimage"},"image":{"@id":"https:\/\/www.ucaldas.edu.co\/portal\/abierta-convocatoria-para-integrar-el-semillero-de-investigacion-usable\/#primaryimage"},"thumbnailUrl":"https:\/\/www.ucaldas.edu.co\/portal\/wp-content\/uploads\/2019\/08\/SEMILLERO-ADULTOS-MAYORES-compressor.png","datePublished":"2019-08-29T22:09:54+00:00","dateModified":"2019-08-29T22:10:08+00:00","breadcrumb":{"@id":"https:\/\/www.ucaldas.edu.co\/portal\/abierta-convocatoria-para-integrar-el-semillero-de-investigacion-usable\/#breadcrumb"},"inLanguage":"es","potentialAction":[{"@type":"ReadAction","target":["https:\/\/www.ucaldas.edu.co\/portal\/abierta-convocatoria-para-integrar-el-semillero-de-investigacion-usable\/"]}]},{"@type":"ImageObject","inLanguage":"es","@id":"https:\/\/www.ucaldas.edu.co\/portal\/abierta-convocatoria-para-integrar-el-semillero-de-investigacion-usable\/#primaryimage","url":"https:\/\/www.ucaldas.edu.co\/portal\/wp-content\/uploads\/2019\/08\/SEMILLERO-ADULTOS-MAYORES-compressor.png","contentUrl":"https:\/\/www.ucaldas.edu.co\/portal\/wp-content\/uploads\/2019\/08\/SEMILLERO-ADULTOS-MAYORES-compressor.png","width":700,"height":399},{"@type":"BreadcrumbList","@id":"https:\/\/www.ucaldas.edu.co\/portal\/abierta-convocatoria-para-integrar-el-semillero-de-investigacion-usable\/#breadcrumb","itemListElement":[{"@type":"ListItem","position":1,"name":"Portada","item":"https:\/\/www.ucaldas.edu.co\/portal\/"},{"@type":"ListItem","position":2,"name":"Abierta convocatoria para integrar el semillero de investigaci\u00f3n USABLE"}]},{"@type":"WebSite","@id":"https:\/\/www.ucaldas.edu.co\/portal\/#website","url":"https:\/\/www.ucaldas.edu.co\/portal\/","name":"Universidad de Caldas","description":"","publisher":{"@id":"https:\/\/www.ucaldas.edu.co\/portal\/#organization"},"alternateName":"U. de Caldas","potentialAction":[{"@type":"SearchAction","target":{"@type":"EntryPoint","urlTemplate":"https:\/\/www.ucaldas.edu.co\/portal\/?s={search_term_string}"},"query-input":{"@type":"PropertyValueSpecification","valueRequired":true,"valueName":"search_term_string"}}],"inLanguage":"es"},{"@type":"Organization","@id":"https:\/\/www.ucaldas.edu.co\/portal\/#organization","name":"Universidad de Caldas","alternateName":"U. de Caldas","url":"https:\/\/www.ucaldas.edu.co\/portal\/","logo":{"@type":"ImageObject","inLanguage":"es","@id":"https:\/\/www.ucaldas.edu.co\/portal\/#\/schema\/logo\/image\/","url":"https:\/\/www.ucaldas.edu.co\/portal\/wp-content\/uploads\/2023\/11\/Logo_horizontal_oscuroU-2023.png","contentUrl":"https:\/\/www.ucaldas.edu.co\/portal\/wp-content\/uploads\/2023\/11\/Logo_horizontal_oscuroU-2023.png","width":263,"height":101,"caption":"Universidad de Caldas"},"image":{"@id":"https:\/\/www.ucaldas.edu.co\/portal\/#\/schema\/logo\/image\/"},"sameAs":["https:\/\/www.facebook.com\/udecaldas","https:\/\/x.com\/udecaldas","https:\/\/www.youtube.com\/universidadcaldas","https:\/\/www.instagram.com\/udecaldas\/"]},{"@type":"Person","@id":"https:\/\/www.ucaldas.edu.co\/portal\/#\/schema\/person\/a1b482e23449158b4bc319926c074fdf","name":"ofiprensa","image":{"@type":"ImageObject","inLanguage":"es","@id":"https:\/\/www.ucaldas.edu.co\/portal\/wp-content\/litespeed\/avatar\/09ea5085e600095a7a811142c6944527.jpg?ver=1777497608","url":"https:\/\/www.ucaldas.edu.co\/portal\/wp-content\/litespeed\/avatar\/09ea5085e600095a7a811142c6944527.jpg?ver=1777497608","contentUrl":"https:\/\/www.ucaldas.edu.co\/portal\/wp-content\/litespeed\/avatar\/09ea5085e600095a7a811142c6944527.jpg?ver=1777497608","caption":"ofiprensa"},"url":"https:\/\/www.ucaldas.edu.co\/portal\/author\/ofiprensa\/"}]}},"_links":{"self":[{"href":"https:\/\/www.ucaldas.edu.co\/portal\/wp-json\/wp\/v2\/posts\/50926","targetHints":{"allow":["GET"]}}],"collection":[{"href":"https:\/\/www.ucaldas.edu.co\/portal\/wp-json\/wp\/v2\/posts"}],"about":[{"href":"https:\/\/www.ucaldas.edu.co\/portal\/wp-json\/wp\/v2\/types\/post"}],"author":[{"embeddable":true,"href":"https:\/\/www.ucaldas.edu.co\/portal\/wp-json\/wp\/v2\/users\/2"}],"replies":[{"embeddable":true,"href":"https:\/\/www.ucaldas.edu.co\/portal\/wp-json\/wp\/v2\/comments?post=50926"}],"version-history":[{"count":0,"href":"https:\/\/www.ucaldas.edu.co\/portal\/wp-json\/wp\/v2\/posts\/50926\/revisions"}],"wp:featuredmedia":[{"embeddable":true,"href":"https:\/\/www.ucaldas.edu.co\/portal\/wp-json\/wp\/v2\/media\/50927"}],"wp:attachment":[{"href":"https:\/\/www.ucaldas.edu.co\/portal\/wp-json\/wp\/v2\/media?parent=50926"}],"wp:term":[{"taxonomy":"category","embeddable":true,"href":"https:\/\/www.ucaldas.edu.co\/portal\/wp-json\/wp\/v2\/categories?post=50926"},{"taxonomy":"post_tag","embeddable":true,"href":"https:\/\/www.ucaldas.edu.co\/portal\/wp-json\/wp\/v2\/tags?post=50926"}],"curies":[{"name":"wp","href":"https:\/\/api.w.org\/{rel}","templated":true}]}}