{"id":50772,"date":"2019-08-26T23:03:57","date_gmt":"2019-08-26T23:03:57","guid":{"rendered":"https:\/\/www.ucaldas.edu.co\/portal\/?p=50772"},"modified":"2019-08-26T23:04:02","modified_gmt":"2019-08-26T23:04:02","slug":"telesalud-de-la-u-de-caldas-ofrece-curso-virtual-de-cancer-de-mama","status":"publish","type":"post","link":"https:\/\/www.ucaldas.edu.co\/portal\/telesalud-de-la-u-de-caldas-ofrece-curso-virtual-de-cancer-de-mama\/","title":{"rendered":"Telesalud de la U. de Caldas ofrece curso virtual de c\u00e1ncer de mama"},"content":{"rendered":"<p style=\"text-align: center;\">INCLUYE NUEVE M\u00d3DULOS CON ACTIVIDADES<\/p>\n<p style=\"text-align: center;\"><strong>Telesalud de la U. de Caldas ofrece curso virtual de c\u00e1ncer de mama<\/strong><\/p>\n<p style=\"text-align: right;\">26\/08\/2019<\/p>\n<p><img loading=\"lazy\" decoding=\"async\" class=\"alignnone size-full wp-image-50773 aligncenter\" src=\"https:\/\/www.ucaldas.edu.co\/portal\/wp-content\/uploads\/2019\/08\/CANCER-DE-MAMA-compressor.png\" alt=\"\" width=\"700\" height=\"400\" srcset=\"https:\/\/www.ucaldas.edu.co\/portal\/wp-content\/uploads\/2019\/08\/CANCER-DE-MAMA-compressor.png 700w, https:\/\/www.ucaldas.edu.co\/portal\/wp-content\/uploads\/2019\/08\/CANCER-DE-MAMA-compressor-300x171.png 300w\" sizes=\"auto, (max-width: 700px) 100vw, 700px\" \/><\/p>\n<p>Est\u00e1n abiertas las inscripciones para los interesados en hacer el curso virtual de c\u00e1ncer de mama, que ofrece el programa Telesalud de la Universidad de Caldas.<!--more--><\/p>\n<p>Esteban Granada, director de Telesalud, se\u00f1al\u00f3 que el espacio de formaci\u00f3n, 100% virtual, incluye nueve m\u00f3dulos de plataforma abierta, que da acceso inmediato para realizar las respectivas actividades educativas.<\/p>\n<p>El curso estar\u00e1 disponible las 24 horas del d\u00eda hasta el d\u00eda 31 de octubre de 2019. Esa es la fecha l\u00edmite para la realizaci\u00f3n de todas las actividades. A partir de ese d\u00eda\u00a0 se env\u00eda el link para la videoconferencia y un tutor ser\u00e1 el encargado de resolver inquietudes. Adem\u00e1s, se podr\u00e1 realizar la actividad pr\u00e1ctica.<\/p>\n<p>Cabe resaltar que los egresados de la U. de Caldas tienen tarifa especial de $100 mil para el curso.<\/p>\n<p>Para m\u00e1s informaci\u00f3n sobre el curso virtual de c\u00e1ncer de mama, los interesados pueden llamar al 3217601951 o escribir al correo <a href=\"mailto:telesalud@ucaldas.edu.co\">telesalud@ucaldas.edu.co<\/a><\/p>\n<p>&nbsp;<\/p>\n<p><strong>Informes:<\/strong> Oficina de Comunicaciones y Prensa Universidad de Caldas. Tel\u00e9fono: 8781500 Extensi\u00f3n: 12167<\/p>\n<p><strong>Redacci\u00f3n:<\/strong> Adriana Osorio Garc\u00eda<\/p>\n","protected":false},"excerpt":{"rendered":"<p>INCLUYE NUEVE M\u00d3DULOS CON ACTIVIDADES Telesalud de la U. de Caldas ofrece curso virtual de c\u00e1ncer de mama 26\/08\/2019 Est\u00e1n abiertas las inscripciones para los interesados en hacer el curso virtual de c\u00e1ncer de mama, que ofrece el programa Telesalud de la Universidad de Caldas.<\/p>\n","protected":false},"author":2,"featured_media":50773,"comment_status":"closed","ping_status":"open","sticky":false,"template":"","format":"standard","meta":{"footnotes":"","_members_access_role":[],"_members_access_error":""},"categories":[48,53,682],"tags":[110,275,1077],"class_list":["post-50772","post","type-post","status-publish","format-standard","has-post-thumbnail","hentry","category-actualidad","category-universidad-al-dia","category-ucaldas-virtual","tag-curso","tag-telesalud","tag-cancer-de-mama"],"yoast_head":"<!-- This site is optimized with the Yoast SEO plugin v28.3 - https:\/\/yoast.com\/product\/yoast-seo-wordpress\/ -->\n<title>Telesalud de la U. de Caldas ofrece curso virtual de c\u00e1ncer de mama .<\/title>\n<meta name=\"robots\" content=\"index, follow, max-snippet:-1, max-image-preview:large, max-video-preview:-1\" \/>\n<link rel=\"canonical\" href=\"https:\/\/www.ucaldas.edu.co\/portal\/telesalud-de-la-u-de-caldas-ofrece-curso-virtual-de-cancer-de-mama\/\" \/>\n<script type=\"application\/ld+json\" class=\"yoast-schema-graph\">{\"@context\":\"https:\\\/\\\/schema.org\",\"@graph\":[{\"@type\":\"Article\",\"@id\":\"https:\\\/\\\/www.ucaldas.edu.co\\\/portal\\\/telesalud-de-la-u-de-caldas-ofrece-curso-virtual-de-cancer-de-mama\\\/#article\",\"isPartOf\":{\"@id\":\"https:\\\/\\\/www.ucaldas.edu.co\\\/portal\\\/telesalud-de-la-u-de-caldas-ofrece-curso-virtual-de-cancer-de-mama\\\/\"},\"author\":{\"name\":\"ofiprensa\",\"@id\":\"https:\\\/\\\/www.ucaldas.edu.co\\\/portal\\\/#\\\/schema\\\/person\\\/a1b482e23449158b4bc319926c074fdf\"},\"headline\":\"Telesalud de la U. de Caldas ofrece curso virtual de c\u00e1ncer de mama\",\"datePublished\":\"2019-08-26T23:03:57+00:00\",\"dateModified\":\"2019-08-26T23:04:02+00:00\",\"mainEntityOfPage\":{\"@id\":\"https:\\\/\\\/www.ucaldas.edu.co\\\/portal\\\/telesalud-de-la-u-de-caldas-ofrece-curso-virtual-de-cancer-de-mama\\\/\"},\"wordCount\":220,\"publisher\":{\"@id\":\"https:\\\/\\\/www.ucaldas.edu.co\\\/portal\\\/#organization\"},\"image\":{\"@id\":\"https:\\\/\\\/www.ucaldas.edu.co\\\/portal\\\/telesalud-de-la-u-de-caldas-ofrece-curso-virtual-de-cancer-de-mama\\\/#primaryimage\"},\"thumbnailUrl\":\"https:\\\/\\\/www.ucaldas.edu.co\\\/portal\\\/wp-content\\\/uploads\\\/2019\\\/08\\\/CANCER-DE-MAMA-compressor.png\",\"keywords\":[\"curso\",\"Telesalud\",\"c\u00e1ncer de mama\"],\"articleSection\":[\"Actualidad\",\"Universidad al D\u00eda\",\"UCaldas Virtual\"],\"inLanguage\":\"es\"},{\"@type\":\"WebPage\",\"@id\":\"https:\\\/\\\/www.ucaldas.edu.co\\\/portal\\\/telesalud-de-la-u-de-caldas-ofrece-curso-virtual-de-cancer-de-mama\\\/\",\"url\":\"https:\\\/\\\/www.ucaldas.edu.co\\\/portal\\\/telesalud-de-la-u-de-caldas-ofrece-curso-virtual-de-cancer-de-mama\\\/\",\"name\":\"Telesalud de la U. de Caldas ofrece curso virtual de c\u00e1ncer de mama .\",\"isPartOf\":{\"@id\":\"https:\\\/\\\/www.ucaldas.edu.co\\\/portal\\\/#website\"},\"primaryImageOfPage\":{\"@id\":\"https:\\\/\\\/www.ucaldas.edu.co\\\/portal\\\/telesalud-de-la-u-de-caldas-ofrece-curso-virtual-de-cancer-de-mama\\\/#primaryimage\"},\"image\":{\"@id\":\"https:\\\/\\\/www.ucaldas.edu.co\\\/portal\\\/telesalud-de-la-u-de-caldas-ofrece-curso-virtual-de-cancer-de-mama\\\/#primaryimage\"},\"thumbnailUrl\":\"https:\\\/\\\/www.ucaldas.edu.co\\\/portal\\\/wp-content\\\/uploads\\\/2019\\\/08\\\/CANCER-DE-MAMA-compressor.png\",\"datePublished\":\"2019-08-26T23:03:57+00:00\",\"dateModified\":\"2019-08-26T23:04:02+00:00\",\"breadcrumb\":{\"@id\":\"https:\\\/\\\/www.ucaldas.edu.co\\\/portal\\\/telesalud-de-la-u-de-caldas-ofrece-curso-virtual-de-cancer-de-mama\\\/#breadcrumb\"},\"inLanguage\":\"es\",\"potentialAction\":[{\"@type\":\"ReadAction\",\"target\":[\"https:\\\/\\\/www.ucaldas.edu.co\\\/portal\\\/telesalud-de-la-u-de-caldas-ofrece-curso-virtual-de-cancer-de-mama\\\/\"]}]},{\"@type\":\"ImageObject\",\"inLanguage\":\"es\",\"@id\":\"https:\\\/\\\/www.ucaldas.edu.co\\\/portal\\\/telesalud-de-la-u-de-caldas-ofrece-curso-virtual-de-cancer-de-mama\\\/#primaryimage\",\"url\":\"https:\\\/\\\/www.ucaldas.edu.co\\\/portal\\\/wp-content\\\/uploads\\\/2019\\\/08\\\/CANCER-DE-MAMA-compressor.png\",\"contentUrl\":\"https:\\\/\\\/www.ucaldas.edu.co\\\/portal\\\/wp-content\\\/uploads\\\/2019\\\/08\\\/CANCER-DE-MAMA-compressor.png\",\"width\":700,\"height\":400},{\"@type\":\"BreadcrumbList\",\"@id\":\"https:\\\/\\\/www.ucaldas.edu.co\\\/portal\\\/telesalud-de-la-u-de-caldas-ofrece-curso-virtual-de-cancer-de-mama\\\/#breadcrumb\",\"itemListElement\":[{\"@type\":\"ListItem\",\"position\":1,\"name\":\"Portada\",\"item\":\"https:\\\/\\\/www.ucaldas.edu.co\\\/portal\\\/\"},{\"@type\":\"ListItem\",\"position\":2,\"name\":\"Telesalud de la U. de Caldas ofrece curso virtual de c\u00e1ncer de mama\"}]},{\"@type\":\"WebSite\",\"@id\":\"https:\\\/\\\/www.ucaldas.edu.co\\\/portal\\\/#website\",\"url\":\"https:\\\/\\\/www.ucaldas.edu.co\\\/portal\\\/\",\"name\":\"Universidad de Caldas\",\"description\":\"\",\"publisher\":{\"@id\":\"https:\\\/\\\/www.ucaldas.edu.co\\\/portal\\\/#organization\"},\"alternateName\":\"U. de Caldas\",\"potentialAction\":[{\"@type\":\"SearchAction\",\"target\":{\"@type\":\"EntryPoint\",\"urlTemplate\":\"https:\\\/\\\/www.ucaldas.edu.co\\\/portal\\\/?s={search_term_string}\"},\"query-input\":{\"@type\":\"PropertyValueSpecification\",\"valueRequired\":true,\"valueName\":\"search_term_string\"}}],\"inLanguage\":\"es\"},{\"@type\":\"Organization\",\"@id\":\"https:\\\/\\\/www.ucaldas.edu.co\\\/portal\\\/#organization\",\"name\":\"Universidad de Caldas\",\"alternateName\":\"U. de Caldas\",\"url\":\"https:\\\/\\\/www.ucaldas.edu.co\\\/portal\\\/\",\"logo\":{\"@type\":\"ImageObject\",\"inLanguage\":\"es\",\"@id\":\"https:\\\/\\\/www.ucaldas.edu.co\\\/portal\\\/#\\\/schema\\\/logo\\\/image\\\/\",\"url\":\"https:\\\/\\\/www.ucaldas.edu.co\\\/portal\\\/wp-content\\\/uploads\\\/2023\\\/11\\\/Logo_horizontal_oscuroU-2023.png\",\"contentUrl\":\"https:\\\/\\\/www.ucaldas.edu.co\\\/portal\\\/wp-content\\\/uploads\\\/2023\\\/11\\\/Logo_horizontal_oscuroU-2023.png\",\"width\":263,\"height\":101,\"caption\":\"Universidad de Caldas\"},\"image\":{\"@id\":\"https:\\\/\\\/www.ucaldas.edu.co\\\/portal\\\/#\\\/schema\\\/logo\\\/image\\\/\"},\"sameAs\":[\"https:\\\/\\\/www.facebook.com\\\/udecaldas\",\"https:\\\/\\\/x.com\\\/udecaldas\",\"https:\\\/\\\/www.youtube.com\\\/universidadcaldas\",\"https:\\\/\\\/www.instagram.com\\\/udecaldas\\\/\"]},{\"@type\":\"Person\",\"@id\":\"https:\\\/\\\/www.ucaldas.edu.co\\\/portal\\\/#\\\/schema\\\/person\\\/a1b482e23449158b4bc319926c074fdf\",\"name\":\"ofiprensa\",\"image\":{\"@type\":\"ImageObject\",\"inLanguage\":\"es\",\"@id\":\"https:\\\/\\\/www.ucaldas.edu.co\\\/portal\\\/wp-content\\\/litespeed\\\/avatar\\\/09ea5085e600095a7a811142c6944527.jpg?ver=1787779368\",\"url\":\"https:\\\/\\\/www.ucaldas.edu.co\\\/portal\\\/wp-content\\\/litespeed\\\/avatar\\\/09ea5085e600095a7a811142c6944527.jpg?ver=1787779368\",\"contentUrl\":\"https:\\\/\\\/www.ucaldas.edu.co\\\/portal\\\/wp-content\\\/litespeed\\\/avatar\\\/09ea5085e600095a7a811142c6944527.jpg?ver=1787779368\",\"caption\":\"ofiprensa\"},\"url\":\"https:\\\/\\\/www.ucaldas.edu.co\\\/portal\\\/author\\\/ofiprensa\\\/\"}]}<\/script>\n<!-- \/ Yoast SEO plugin. -->","yoast_head_json":{"title":"Telesalud de la U. de Caldas ofrece curso virtual de c\u00e1ncer de mama .","robots":{"index":"index","follow":"follow","max-snippet":"max-snippet:-1","max-image-preview":"max-image-preview:large","max-video-preview":"max-video-preview:-1"},"canonical":"https:\/\/www.ucaldas.edu.co\/portal\/telesalud-de-la-u-de-caldas-ofrece-curso-virtual-de-cancer-de-mama\/","schema":{"@context":"https:\/\/schema.org","@graph":[{"@type":"Article","@id":"https:\/\/www.ucaldas.edu.co\/portal\/telesalud-de-la-u-de-caldas-ofrece-curso-virtual-de-cancer-de-mama\/#article","isPartOf":{"@id":"https:\/\/www.ucaldas.edu.co\/portal\/telesalud-de-la-u-de-caldas-ofrece-curso-virtual-de-cancer-de-mama\/"},"author":{"name":"ofiprensa","@id":"https:\/\/www.ucaldas.edu.co\/portal\/#\/schema\/person\/a1b482e23449158b4bc319926c074fdf"},"headline":"Telesalud de la U. de Caldas ofrece curso virtual de c\u00e1ncer de mama","datePublished":"2019-08-26T23:03:57+00:00","dateModified":"2019-08-26T23:04:02+00:00","mainEntityOfPage":{"@id":"https:\/\/www.ucaldas.edu.co\/portal\/telesalud-de-la-u-de-caldas-ofrece-curso-virtual-de-cancer-de-mama\/"},"wordCount":220,"publisher":{"@id":"https:\/\/www.ucaldas.edu.co\/portal\/#organization"},"image":{"@id":"https:\/\/www.ucaldas.edu.co\/portal\/telesalud-de-la-u-de-caldas-ofrece-curso-virtual-de-cancer-de-mama\/#primaryimage"},"thumbnailUrl":"https:\/\/www.ucaldas.edu.co\/portal\/wp-content\/uploads\/2019\/08\/CANCER-DE-MAMA-compressor.png","keywords":["curso","Telesalud","c\u00e1ncer de mama"],"articleSection":["Actualidad","Universidad al D\u00eda","UCaldas Virtual"],"inLanguage":"es"},{"@type":"WebPage","@id":"https:\/\/www.ucaldas.edu.co\/portal\/telesalud-de-la-u-de-caldas-ofrece-curso-virtual-de-cancer-de-mama\/","url":"https:\/\/www.ucaldas.edu.co\/portal\/telesalud-de-la-u-de-caldas-ofrece-curso-virtual-de-cancer-de-mama\/","name":"Telesalud de la U. de Caldas ofrece curso virtual de c\u00e1ncer de mama .","isPartOf":{"@id":"https:\/\/www.ucaldas.edu.co\/portal\/#website"},"primaryImageOfPage":{"@id":"https:\/\/www.ucaldas.edu.co\/portal\/telesalud-de-la-u-de-caldas-ofrece-curso-virtual-de-cancer-de-mama\/#primaryimage"},"image":{"@id":"https:\/\/www.ucaldas.edu.co\/portal\/telesalud-de-la-u-de-caldas-ofrece-curso-virtual-de-cancer-de-mama\/#primaryimage"},"thumbnailUrl":"https:\/\/www.ucaldas.edu.co\/portal\/wp-content\/uploads\/2019\/08\/CANCER-DE-MAMA-compressor.png","datePublished":"2019-08-26T23:03:57+00:00","dateModified":"2019-08-26T23:04:02+00:00","breadcrumb":{"@id":"https:\/\/www.ucaldas.edu.co\/portal\/telesalud-de-la-u-de-caldas-ofrece-curso-virtual-de-cancer-de-mama\/#breadcrumb"},"inLanguage":"es","potentialAction":[{"@type":"ReadAction","target":["https:\/\/www.ucaldas.edu.co\/portal\/telesalud-de-la-u-de-caldas-ofrece-curso-virtual-de-cancer-de-mama\/"]}]},{"@type":"ImageObject","inLanguage":"es","@id":"https:\/\/www.ucaldas.edu.co\/portal\/telesalud-de-la-u-de-caldas-ofrece-curso-virtual-de-cancer-de-mama\/#primaryimage","url":"https:\/\/www.ucaldas.edu.co\/portal\/wp-content\/uploads\/2019\/08\/CANCER-DE-MAMA-compressor.png","contentUrl":"https:\/\/www.ucaldas.edu.co\/portal\/wp-content\/uploads\/2019\/08\/CANCER-DE-MAMA-compressor.png","width":700,"height":400},{"@type":"BreadcrumbList","@id":"https:\/\/www.ucaldas.edu.co\/portal\/telesalud-de-la-u-de-caldas-ofrece-curso-virtual-de-cancer-de-mama\/#breadcrumb","itemListElement":[{"@type":"ListItem","position":1,"name":"Portada","item":"https:\/\/www.ucaldas.edu.co\/portal\/"},{"@type":"ListItem","position":2,"name":"Telesalud de la U. de Caldas ofrece curso virtual de c\u00e1ncer de mama"}]},{"@type":"WebSite","@id":"https:\/\/www.ucaldas.edu.co\/portal\/#website","url":"https:\/\/www.ucaldas.edu.co\/portal\/","name":"Universidad de Caldas","description":"","publisher":{"@id":"https:\/\/www.ucaldas.edu.co\/portal\/#organization"},"alternateName":"U. de Caldas","potentialAction":[{"@type":"SearchAction","target":{"@type":"EntryPoint","urlTemplate":"https:\/\/www.ucaldas.edu.co\/portal\/?s={search_term_string}"},"query-input":{"@type":"PropertyValueSpecification","valueRequired":true,"valueName":"search_term_string"}}],"inLanguage":"es"},{"@type":"Organization","@id":"https:\/\/www.ucaldas.edu.co\/portal\/#organization","name":"Universidad de Caldas","alternateName":"U. de Caldas","url":"https:\/\/www.ucaldas.edu.co\/portal\/","logo":{"@type":"ImageObject","inLanguage":"es","@id":"https:\/\/www.ucaldas.edu.co\/portal\/#\/schema\/logo\/image\/","url":"https:\/\/www.ucaldas.edu.co\/portal\/wp-content\/uploads\/2023\/11\/Logo_horizontal_oscuroU-2023.png","contentUrl":"https:\/\/www.ucaldas.edu.co\/portal\/wp-content\/uploads\/2023\/11\/Logo_horizontal_oscuroU-2023.png","width":263,"height":101,"caption":"Universidad de Caldas"},"image":{"@id":"https:\/\/www.ucaldas.edu.co\/portal\/#\/schema\/logo\/image\/"},"sameAs":["https:\/\/www.facebook.com\/udecaldas","https:\/\/x.com\/udecaldas","https:\/\/www.youtube.com\/universidadcaldas","https:\/\/www.instagram.com\/udecaldas\/"]},{"@type":"Person","@id":"https:\/\/www.ucaldas.edu.co\/portal\/#\/schema\/person\/a1b482e23449158b4bc319926c074fdf","name":"ofiprensa","image":{"@type":"ImageObject","inLanguage":"es","@id":"https:\/\/www.ucaldas.edu.co\/portal\/wp-content\/litespeed\/avatar\/09ea5085e600095a7a811142c6944527.jpg?ver=1787779368","url":"https:\/\/www.ucaldas.edu.co\/portal\/wp-content\/litespeed\/avatar\/09ea5085e600095a7a811142c6944527.jpg?ver=1787779368","contentUrl":"https:\/\/www.ucaldas.edu.co\/portal\/wp-content\/litespeed\/avatar\/09ea5085e600095a7a811142c6944527.jpg?ver=1787779368","caption":"ofiprensa"},"url":"https:\/\/www.ucaldas.edu.co\/portal\/author\/ofiprensa\/"}]}},"_links":{"self":[{"href":"https:\/\/www.ucaldas.edu.co\/portal\/wp-json\/wp\/v2\/posts\/50772","targetHints":{"allow":["GET"]}}],"collection":[{"href":"https:\/\/www.ucaldas.edu.co\/portal\/wp-json\/wp\/v2\/posts"}],"about":[{"href":"https:\/\/www.ucaldas.edu.co\/portal\/wp-json\/wp\/v2\/types\/post"}],"author":[{"embeddable":true,"href":"https:\/\/www.ucaldas.edu.co\/portal\/wp-json\/wp\/v2\/users\/2"}],"replies":[{"embeddable":true,"href":"https:\/\/www.ucaldas.edu.co\/portal\/wp-json\/wp\/v2\/comments?post=50772"}],"version-history":[{"count":0,"href":"https:\/\/www.ucaldas.edu.co\/portal\/wp-json\/wp\/v2\/posts\/50772\/revisions"}],"wp:featuredmedia":[{"embeddable":true,"href":"https:\/\/www.ucaldas.edu.co\/portal\/wp-json\/wp\/v2\/media\/50773"}],"wp:attachment":[{"href":"https:\/\/www.ucaldas.edu.co\/portal\/wp-json\/wp\/v2\/media?parent=50772"}],"wp:term":[{"taxonomy":"category","embeddable":true,"href":"https:\/\/www.ucaldas.edu.co\/portal\/wp-json\/wp\/v2\/categories?post=50772"},{"taxonomy":"post_tag","embeddable":true,"href":"https:\/\/www.ucaldas.edu.co\/portal\/wp-json\/wp\/v2\/tags?post=50772"}],"curies":[{"name":"wp","href":"https:\/\/api.w.org\/{rel}","templated":true}]}}