{"id":50694,"date":"2019-08-23T22:46:51","date_gmt":"2019-08-23T22:46:51","guid":{"rendered":"https:\/\/www.ucaldas.edu.co\/portal\/?p=50694"},"modified":"2019-08-23T22:46:56","modified_gmt":"2019-08-23T22:46:56","slug":"mision-del-banco-mundial-conoce-avances-del-programa-colombia-cientifica","status":"publish","type":"post","link":"https:\/\/www.ucaldas.edu.co\/portal\/mision-del-banco-mundial-conoce-avances-del-programa-colombia-cientifica\/","title":{"rendered":"Misi\u00f3n del Banco Mundial\u00a0conoce avances del Programa Colombia Cient\u00edfica"},"content":{"rendered":"<p style=\"text-align: center;\">BALANCE CIENT\u00cdFICO- T\u00c9CNICO<\/p>\n<p style=\"text-align: center;\"><strong>Misi\u00f3n del Banco Mundial\u00a0conoce avances del Programa Colombia Cient\u00edfica<\/strong><\/p>\n<p style=\"text-align: right;\">23\/08\/2019<\/p>\n<p><img loading=\"lazy\" decoding=\"async\" class=\"alignnone size-full wp-image-50695 aligncenter\" src=\"https:\/\/www.ucaldas.edu.co\/portal\/wp-content\/uploads\/2019\/08\/BANCO-MUNDIAL-FINAL-compressor.png\" alt=\"\" width=\"700\" height=\"400\" srcset=\"https:\/\/www.ucaldas.edu.co\/portal\/wp-content\/uploads\/2019\/08\/BANCO-MUNDIAL-FINAL-compressor.png 700w, https:\/\/www.ucaldas.edu.co\/portal\/wp-content\/uploads\/2019\/08\/BANCO-MUNDIAL-FINAL-compressor-300x171.png 300w\" sizes=\"auto, (max-width: 700px) 100vw, 700px\" \/><\/p>\n<p>Delegados \u00a0del Banco Mundial \u00a0se reunieron con los miembros del programa Colombia Cient\u00edfica \u2018reconstrucci\u00f3n del tejido social en zonas de posconflicto en Colombia\u2019, con el fin de conocer los avances,\u00a0 retos y dificultades que se han presentado durante 2019.\u00a0<!--more--><\/p>\n<p>Pedro Cerdan Infantes, economista senior y gerente del proyecto PACES del Banco Mundial, afirm\u00f3: \u201cel proyecto Colombia Cient\u00edfica \u2018reconstrucci\u00f3n del tejido social en zonas de posconflicto en Colombia\u2019, es de gran importancia para el pa\u00eds y para el banco, porque es un programa distinto a los dem\u00e1s, pues se enfoca en temas sociales y se trabaja con las comunidades\u201d.<\/p>\n<p>As\u00ed mismo, Cerdan Infantes\u00a0 agrega: \u201cpara el Banco Mundial es de gran relevancia estos programas, pues con estos se contribuye a la construcci\u00f3n de paz, teniendo encuentra su enfoque en reducci\u00f3n de pobreza y\u00a0 considerando el contexto que tiene Colombia.\u201d<\/p>\n<p>Maria del Pilar Botero Rend\u00f3n, coordinadora administrativa del programa, afirma que en la visita \u201cse present\u00f3 el balance\u00a0 desde lo cient\u00edfico-t\u00e9cnico, en donde se relacionaron todas las actividades que se han ejecutado durante este periodo y las que est\u00e1n programadas\u201d, agrega, \u201cdesde lo administrativo se expuso un balance general de la ejecuci\u00f3n financiera y contractual del programa y las proyecciones de ejecuci\u00f3n\u201d.<\/p>\n<p>Por otra parte, Javier Botero \u00c1lvarez, coordinador de educaci\u00f3n superior, ciencia y tecnolog\u00eda para Am\u00e9rica Latina y el Caribe del Banco Mundial, afirm\u00f3: \u201cTuve la oportunidad de estar en la preparaci\u00f3n y ahora en la implementaci\u00f3n\u00a0 de Colombia Cient\u00edfica, y estoy seguro de que este programa va a ser un programa bandera para el Banco Mundial, por cuanto est\u00e1n apoyando una serie de proyectos que se est\u00e1n ejecutando por alianzas entre diferentes universidades de diferentes niveles de desarrollo y sector productivo\u201d.<\/p>\n<p><strong>Informes:<\/strong> Oficina Programa Colombia Cientifica Reconstrucci\u00f3n del Tejido Social en Zonas de Posconflicto en Colombia\u00a0\u00a0\u00a0 &#8211; 8781500 extensi\u00f3n: 11701<\/p>\n<p><strong>Redacci\u00f3n:<\/strong> Laura Milena Cardona V\u00e1squez<\/p>\n","protected":false},"excerpt":{"rendered":"<p>BALANCE CIENT\u00cdFICO- T\u00c9CNICO Misi\u00f3n del Banco Mundial\u00a0conoce avances del Programa Colombia Cient\u00edfica 23\/08\/2019 Delegados \u00a0del Banco Mundial \u00a0se reunieron con los miembros del programa Colombia Cient\u00edfica \u2018reconstrucci\u00f3n del tejido social en zonas de posconflicto en Colombia\u2019, con el fin de conocer los avances,\u00a0 retos y dificultades que se han presentado durante 2019.\u00a0<\/p>\n","protected":false},"author":2,"featured_media":50695,"comment_status":"closed","ping_status":"open","sticky":false,"template":"","format":"standard","meta":{"footnotes":""},"categories":[48,53,617],"tags":[95,168,418,4330,4331],"class_list":["post-50694","post","type-post","status-publish","format-standard","has-post-thumbnail","hentry","category-actualidad","category-universidad-al-dia","category-ucaldas-colaborativa","tag-universidad-de-caldas","tag-paz","tag-colombia-cientifica","tag-banco-mundial","tag-programa-colombia-cientifica-reconstruccion-del-tejido-social-en-zonas-de-posconflicto"],"yoast_head":"<!-- This site is optimized with the Yoast SEO plugin v27.5 - https:\/\/yoast.com\/product\/yoast-seo-wordpress\/ -->\n<title>Misi\u00f3n del Banco Mundial\u00a0conoce avances del Programa Colombia Cient\u00edfica .<\/title>\n<meta name=\"robots\" content=\"index, follow, max-snippet:-1, max-image-preview:large, max-video-preview:-1\" \/>\n<link rel=\"canonical\" href=\"https:\/\/www.ucaldas.edu.co\/portal\/mision-del-banco-mundial-conoce-avances-del-programa-colombia-cientifica\/\" \/>\n<script type=\"application\/ld+json\" class=\"yoast-schema-graph\">{\"@context\":\"https:\\\/\\\/schema.org\",\"@graph\":[{\"@type\":\"Article\",\"@id\":\"https:\\\/\\\/www.ucaldas.edu.co\\\/portal\\\/mision-del-banco-mundial-conoce-avances-del-programa-colombia-cientifica\\\/#article\",\"isPartOf\":{\"@id\":\"https:\\\/\\\/www.ucaldas.edu.co\\\/portal\\\/mision-del-banco-mundial-conoce-avances-del-programa-colombia-cientifica\\\/\"},\"author\":{\"name\":\"ofiprensa\",\"@id\":\"https:\\\/\\\/www.ucaldas.edu.co\\\/portal\\\/#\\\/schema\\\/person\\\/a1b482e23449158b4bc319926c074fdf\"},\"headline\":\"Misi\u00f3n del Banco Mundial\u00a0conoce avances del Programa Colombia Cient\u00edfica\",\"datePublished\":\"2019-08-23T22:46:51+00:00\",\"dateModified\":\"2019-08-23T22:46:56+00:00\",\"mainEntityOfPage\":{\"@id\":\"https:\\\/\\\/www.ucaldas.edu.co\\\/portal\\\/mision-del-banco-mundial-conoce-avances-del-programa-colombia-cientifica\\\/\"},\"wordCount\":357,\"publisher\":{\"@id\":\"https:\\\/\\\/www.ucaldas.edu.co\\\/portal\\\/#organization\"},\"image\":{\"@id\":\"https:\\\/\\\/www.ucaldas.edu.co\\\/portal\\\/mision-del-banco-mundial-conoce-avances-del-programa-colombia-cientifica\\\/#primaryimage\"},\"thumbnailUrl\":\"https:\\\/\\\/www.ucaldas.edu.co\\\/portal\\\/wp-content\\\/uploads\\\/2019\\\/08\\\/BANCO-MUNDIAL-FINAL-compressor.png\",\"keywords\":[\"Universidad De Caldas\",\"paz\",\"Colombia Cient\u00edfica\",\"Banco Mundial\",\"Programa Colombia Cient\u00edfica Reconstrucci\u00f3n del Tejido Social en Zonas de Posconflicto\"],\"articleSection\":[\"Actualidad\",\"Universidad al D\u00eda\",\"UCaldas Colaborativa\"],\"inLanguage\":\"es\"},{\"@type\":\"WebPage\",\"@id\":\"https:\\\/\\\/www.ucaldas.edu.co\\\/portal\\\/mision-del-banco-mundial-conoce-avances-del-programa-colombia-cientifica\\\/\",\"url\":\"https:\\\/\\\/www.ucaldas.edu.co\\\/portal\\\/mision-del-banco-mundial-conoce-avances-del-programa-colombia-cientifica\\\/\",\"name\":\"Misi\u00f3n del Banco Mundial\u00a0conoce avances del Programa Colombia Cient\u00edfica .\",\"isPartOf\":{\"@id\":\"https:\\\/\\\/www.ucaldas.edu.co\\\/portal\\\/#website\"},\"primaryImageOfPage\":{\"@id\":\"https:\\\/\\\/www.ucaldas.edu.co\\\/portal\\\/mision-del-banco-mundial-conoce-avances-del-programa-colombia-cientifica\\\/#primaryimage\"},\"image\":{\"@id\":\"https:\\\/\\\/www.ucaldas.edu.co\\\/portal\\\/mision-del-banco-mundial-conoce-avances-del-programa-colombia-cientifica\\\/#primaryimage\"},\"thumbnailUrl\":\"https:\\\/\\\/www.ucaldas.edu.co\\\/portal\\\/wp-content\\\/uploads\\\/2019\\\/08\\\/BANCO-MUNDIAL-FINAL-compressor.png\",\"datePublished\":\"2019-08-23T22:46:51+00:00\",\"dateModified\":\"2019-08-23T22:46:56+00:00\",\"breadcrumb\":{\"@id\":\"https:\\\/\\\/www.ucaldas.edu.co\\\/portal\\\/mision-del-banco-mundial-conoce-avances-del-programa-colombia-cientifica\\\/#breadcrumb\"},\"inLanguage\":\"es\",\"potentialAction\":[{\"@type\":\"ReadAction\",\"target\":[\"https:\\\/\\\/www.ucaldas.edu.co\\\/portal\\\/mision-del-banco-mundial-conoce-avances-del-programa-colombia-cientifica\\\/\"]}]},{\"@type\":\"ImageObject\",\"inLanguage\":\"es\",\"@id\":\"https:\\\/\\\/www.ucaldas.edu.co\\\/portal\\\/mision-del-banco-mundial-conoce-avances-del-programa-colombia-cientifica\\\/#primaryimage\",\"url\":\"https:\\\/\\\/www.ucaldas.edu.co\\\/portal\\\/wp-content\\\/uploads\\\/2019\\\/08\\\/BANCO-MUNDIAL-FINAL-compressor.png\",\"contentUrl\":\"https:\\\/\\\/www.ucaldas.edu.co\\\/portal\\\/wp-content\\\/uploads\\\/2019\\\/08\\\/BANCO-MUNDIAL-FINAL-compressor.png\",\"width\":700,\"height\":400},{\"@type\":\"BreadcrumbList\",\"@id\":\"https:\\\/\\\/www.ucaldas.edu.co\\\/portal\\\/mision-del-banco-mundial-conoce-avances-del-programa-colombia-cientifica\\\/#breadcrumb\",\"itemListElement\":[{\"@type\":\"ListItem\",\"position\":1,\"name\":\"Portada\",\"item\":\"https:\\\/\\\/www.ucaldas.edu.co\\\/portal\\\/\"},{\"@type\":\"ListItem\",\"position\":2,\"name\":\"Misi\u00f3n del Banco Mundial\u00a0conoce avances del Programa Colombia Cient\u00edfica\"}]},{\"@type\":\"WebSite\",\"@id\":\"https:\\\/\\\/www.ucaldas.edu.co\\\/portal\\\/#website\",\"url\":\"https:\\\/\\\/www.ucaldas.edu.co\\\/portal\\\/\",\"name\":\"Universidad de Caldas\",\"description\":\"\",\"publisher\":{\"@id\":\"https:\\\/\\\/www.ucaldas.edu.co\\\/portal\\\/#organization\"},\"alternateName\":\"U. de Caldas\",\"potentialAction\":[{\"@type\":\"SearchAction\",\"target\":{\"@type\":\"EntryPoint\",\"urlTemplate\":\"https:\\\/\\\/www.ucaldas.edu.co\\\/portal\\\/?s={search_term_string}\"},\"query-input\":{\"@type\":\"PropertyValueSpecification\",\"valueRequired\":true,\"valueName\":\"search_term_string\"}}],\"inLanguage\":\"es\"},{\"@type\":\"Organization\",\"@id\":\"https:\\\/\\\/www.ucaldas.edu.co\\\/portal\\\/#organization\",\"name\":\"Universidad de Caldas\",\"alternateName\":\"U. de Caldas\",\"url\":\"https:\\\/\\\/www.ucaldas.edu.co\\\/portal\\\/\",\"logo\":{\"@type\":\"ImageObject\",\"inLanguage\":\"es\",\"@id\":\"https:\\\/\\\/www.ucaldas.edu.co\\\/portal\\\/#\\\/schema\\\/logo\\\/image\\\/\",\"url\":\"https:\\\/\\\/www.ucaldas.edu.co\\\/portal\\\/wp-content\\\/uploads\\\/2023\\\/11\\\/Logo_horizontal_oscuroU-2023.png\",\"contentUrl\":\"https:\\\/\\\/www.ucaldas.edu.co\\\/portal\\\/wp-content\\\/uploads\\\/2023\\\/11\\\/Logo_horizontal_oscuroU-2023.png\",\"width\":263,\"height\":101,\"caption\":\"Universidad de Caldas\"},\"image\":{\"@id\":\"https:\\\/\\\/www.ucaldas.edu.co\\\/portal\\\/#\\\/schema\\\/logo\\\/image\\\/\"},\"sameAs\":[\"https:\\\/\\\/www.facebook.com\\\/udecaldas\",\"https:\\\/\\\/x.com\\\/udecaldas\",\"https:\\\/\\\/www.youtube.com\\\/universidadcaldas\",\"https:\\\/\\\/www.instagram.com\\\/udecaldas\\\/\"]},{\"@type\":\"Person\",\"@id\":\"https:\\\/\\\/www.ucaldas.edu.co\\\/portal\\\/#\\\/schema\\\/person\\\/a1b482e23449158b4bc319926c074fdf\",\"name\":\"ofiprensa\",\"image\":{\"@type\":\"ImageObject\",\"inLanguage\":\"es\",\"@id\":\"https:\\\/\\\/www.ucaldas.edu.co\\\/portal\\\/wp-content\\\/litespeed\\\/avatar\\\/09ea5085e600095a7a811142c6944527.jpg?ver=1777497608\",\"url\":\"https:\\\/\\\/www.ucaldas.edu.co\\\/portal\\\/wp-content\\\/litespeed\\\/avatar\\\/09ea5085e600095a7a811142c6944527.jpg?ver=1777497608\",\"contentUrl\":\"https:\\\/\\\/www.ucaldas.edu.co\\\/portal\\\/wp-content\\\/litespeed\\\/avatar\\\/09ea5085e600095a7a811142c6944527.jpg?ver=1777497608\",\"caption\":\"ofiprensa\"},\"url\":\"https:\\\/\\\/www.ucaldas.edu.co\\\/portal\\\/author\\\/ofiprensa\\\/\"}]}<\/script>\n<!-- \/ Yoast SEO plugin. -->","yoast_head_json":{"title":"Misi\u00f3n del Banco Mundial\u00a0conoce avances del Programa Colombia Cient\u00edfica .","robots":{"index":"index","follow":"follow","max-snippet":"max-snippet:-1","max-image-preview":"max-image-preview:large","max-video-preview":"max-video-preview:-1"},"canonical":"https:\/\/www.ucaldas.edu.co\/portal\/mision-del-banco-mundial-conoce-avances-del-programa-colombia-cientifica\/","schema":{"@context":"https:\/\/schema.org","@graph":[{"@type":"Article","@id":"https:\/\/www.ucaldas.edu.co\/portal\/mision-del-banco-mundial-conoce-avances-del-programa-colombia-cientifica\/#article","isPartOf":{"@id":"https:\/\/www.ucaldas.edu.co\/portal\/mision-del-banco-mundial-conoce-avances-del-programa-colombia-cientifica\/"},"author":{"name":"ofiprensa","@id":"https:\/\/www.ucaldas.edu.co\/portal\/#\/schema\/person\/a1b482e23449158b4bc319926c074fdf"},"headline":"Misi\u00f3n del Banco Mundial\u00a0conoce avances del Programa Colombia Cient\u00edfica","datePublished":"2019-08-23T22:46:51+00:00","dateModified":"2019-08-23T22:46:56+00:00","mainEntityOfPage":{"@id":"https:\/\/www.ucaldas.edu.co\/portal\/mision-del-banco-mundial-conoce-avances-del-programa-colombia-cientifica\/"},"wordCount":357,"publisher":{"@id":"https:\/\/www.ucaldas.edu.co\/portal\/#organization"},"image":{"@id":"https:\/\/www.ucaldas.edu.co\/portal\/mision-del-banco-mundial-conoce-avances-del-programa-colombia-cientifica\/#primaryimage"},"thumbnailUrl":"https:\/\/www.ucaldas.edu.co\/portal\/wp-content\/uploads\/2019\/08\/BANCO-MUNDIAL-FINAL-compressor.png","keywords":["Universidad De Caldas","paz","Colombia Cient\u00edfica","Banco Mundial","Programa Colombia Cient\u00edfica Reconstrucci\u00f3n del Tejido Social en Zonas de Posconflicto"],"articleSection":["Actualidad","Universidad al D\u00eda","UCaldas Colaborativa"],"inLanguage":"es"},{"@type":"WebPage","@id":"https:\/\/www.ucaldas.edu.co\/portal\/mision-del-banco-mundial-conoce-avances-del-programa-colombia-cientifica\/","url":"https:\/\/www.ucaldas.edu.co\/portal\/mision-del-banco-mundial-conoce-avances-del-programa-colombia-cientifica\/","name":"Misi\u00f3n del Banco Mundial\u00a0conoce avances del Programa Colombia Cient\u00edfica .","isPartOf":{"@id":"https:\/\/www.ucaldas.edu.co\/portal\/#website"},"primaryImageOfPage":{"@id":"https:\/\/www.ucaldas.edu.co\/portal\/mision-del-banco-mundial-conoce-avances-del-programa-colombia-cientifica\/#primaryimage"},"image":{"@id":"https:\/\/www.ucaldas.edu.co\/portal\/mision-del-banco-mundial-conoce-avances-del-programa-colombia-cientifica\/#primaryimage"},"thumbnailUrl":"https:\/\/www.ucaldas.edu.co\/portal\/wp-content\/uploads\/2019\/08\/BANCO-MUNDIAL-FINAL-compressor.png","datePublished":"2019-08-23T22:46:51+00:00","dateModified":"2019-08-23T22:46:56+00:00","breadcrumb":{"@id":"https:\/\/www.ucaldas.edu.co\/portal\/mision-del-banco-mundial-conoce-avances-del-programa-colombia-cientifica\/#breadcrumb"},"inLanguage":"es","potentialAction":[{"@type":"ReadAction","target":["https:\/\/www.ucaldas.edu.co\/portal\/mision-del-banco-mundial-conoce-avances-del-programa-colombia-cientifica\/"]}]},{"@type":"ImageObject","inLanguage":"es","@id":"https:\/\/www.ucaldas.edu.co\/portal\/mision-del-banco-mundial-conoce-avances-del-programa-colombia-cientifica\/#primaryimage","url":"https:\/\/www.ucaldas.edu.co\/portal\/wp-content\/uploads\/2019\/08\/BANCO-MUNDIAL-FINAL-compressor.png","contentUrl":"https:\/\/www.ucaldas.edu.co\/portal\/wp-content\/uploads\/2019\/08\/BANCO-MUNDIAL-FINAL-compressor.png","width":700,"height":400},{"@type":"BreadcrumbList","@id":"https:\/\/www.ucaldas.edu.co\/portal\/mision-del-banco-mundial-conoce-avances-del-programa-colombia-cientifica\/#breadcrumb","itemListElement":[{"@type":"ListItem","position":1,"name":"Portada","item":"https:\/\/www.ucaldas.edu.co\/portal\/"},{"@type":"ListItem","position":2,"name":"Misi\u00f3n del Banco Mundial\u00a0conoce avances del Programa Colombia Cient\u00edfica"}]},{"@type":"WebSite","@id":"https:\/\/www.ucaldas.edu.co\/portal\/#website","url":"https:\/\/www.ucaldas.edu.co\/portal\/","name":"Universidad de Caldas","description":"","publisher":{"@id":"https:\/\/www.ucaldas.edu.co\/portal\/#organization"},"alternateName":"U. de Caldas","potentialAction":[{"@type":"SearchAction","target":{"@type":"EntryPoint","urlTemplate":"https:\/\/www.ucaldas.edu.co\/portal\/?s={search_term_string}"},"query-input":{"@type":"PropertyValueSpecification","valueRequired":true,"valueName":"search_term_string"}}],"inLanguage":"es"},{"@type":"Organization","@id":"https:\/\/www.ucaldas.edu.co\/portal\/#organization","name":"Universidad de Caldas","alternateName":"U. de Caldas","url":"https:\/\/www.ucaldas.edu.co\/portal\/","logo":{"@type":"ImageObject","inLanguage":"es","@id":"https:\/\/www.ucaldas.edu.co\/portal\/#\/schema\/logo\/image\/","url":"https:\/\/www.ucaldas.edu.co\/portal\/wp-content\/uploads\/2023\/11\/Logo_horizontal_oscuroU-2023.png","contentUrl":"https:\/\/www.ucaldas.edu.co\/portal\/wp-content\/uploads\/2023\/11\/Logo_horizontal_oscuroU-2023.png","width":263,"height":101,"caption":"Universidad de Caldas"},"image":{"@id":"https:\/\/www.ucaldas.edu.co\/portal\/#\/schema\/logo\/image\/"},"sameAs":["https:\/\/www.facebook.com\/udecaldas","https:\/\/x.com\/udecaldas","https:\/\/www.youtube.com\/universidadcaldas","https:\/\/www.instagram.com\/udecaldas\/"]},{"@type":"Person","@id":"https:\/\/www.ucaldas.edu.co\/portal\/#\/schema\/person\/a1b482e23449158b4bc319926c074fdf","name":"ofiprensa","image":{"@type":"ImageObject","inLanguage":"es","@id":"https:\/\/www.ucaldas.edu.co\/portal\/wp-content\/litespeed\/avatar\/09ea5085e600095a7a811142c6944527.jpg?ver=1777497608","url":"https:\/\/www.ucaldas.edu.co\/portal\/wp-content\/litespeed\/avatar\/09ea5085e600095a7a811142c6944527.jpg?ver=1777497608","contentUrl":"https:\/\/www.ucaldas.edu.co\/portal\/wp-content\/litespeed\/avatar\/09ea5085e600095a7a811142c6944527.jpg?ver=1777497608","caption":"ofiprensa"},"url":"https:\/\/www.ucaldas.edu.co\/portal\/author\/ofiprensa\/"}]}},"_links":{"self":[{"href":"https:\/\/www.ucaldas.edu.co\/portal\/wp-json\/wp\/v2\/posts\/50694","targetHints":{"allow":["GET"]}}],"collection":[{"href":"https:\/\/www.ucaldas.edu.co\/portal\/wp-json\/wp\/v2\/posts"}],"about":[{"href":"https:\/\/www.ucaldas.edu.co\/portal\/wp-json\/wp\/v2\/types\/post"}],"author":[{"embeddable":true,"href":"https:\/\/www.ucaldas.edu.co\/portal\/wp-json\/wp\/v2\/users\/2"}],"replies":[{"embeddable":true,"href":"https:\/\/www.ucaldas.edu.co\/portal\/wp-json\/wp\/v2\/comments?post=50694"}],"version-history":[{"count":0,"href":"https:\/\/www.ucaldas.edu.co\/portal\/wp-json\/wp\/v2\/posts\/50694\/revisions"}],"wp:featuredmedia":[{"embeddable":true,"href":"https:\/\/www.ucaldas.edu.co\/portal\/wp-json\/wp\/v2\/media\/50695"}],"wp:attachment":[{"href":"https:\/\/www.ucaldas.edu.co\/portal\/wp-json\/wp\/v2\/media?parent=50694"}],"wp:term":[{"taxonomy":"category","embeddable":true,"href":"https:\/\/www.ucaldas.edu.co\/portal\/wp-json\/wp\/v2\/categories?post=50694"},{"taxonomy":"post_tag","embeddable":true,"href":"https:\/\/www.ucaldas.edu.co\/portal\/wp-json\/wp\/v2\/tags?post=50694"}],"curies":[{"name":"wp","href":"https:\/\/api.w.org\/{rel}","templated":true}]}}