{"id":50598,"date":"2019-08-21T00:20:13","date_gmt":"2019-08-21T00:20:13","guid":{"rendered":"https:\/\/www.ucaldas.edu.co\/portal\/?p=50598"},"modified":"2019-08-21T00:20:32","modified_gmt":"2019-08-21T00:20:32","slug":"con-seminario-se-conmemoran-los-250-anos-de-nacimiento-de-alexander-von-humboldt","status":"publish","type":"post","link":"https:\/\/www.ucaldas.edu.co\/portal\/con-seminario-se-conmemoran-los-250-anos-de-nacimiento-de-alexander-von-humboldt\/","title":{"rendered":"Con seminario se conmemoran los 250 a\u00f1os de nacimiento de Alexander von Humboldt"},"content":{"rendered":"<p style=\"text-align: center;\">PR\u00d3XIMO \u00a0JUEVES EN EL CENTRO DE CIENCIAS FRANCISCO JOS\u00c9 DE CALDAS<\/p>\n<p style=\"text-align: center;\"><strong>Con seminario se conmemoran los 250 a\u00f1os de nacimiento de Alexander von Humboldt<\/strong><\/p>\n<p style=\"text-align: right;\">20\/08\/2019<\/p>\n<p>&nbsp;<\/p>\n<p><img loading=\"lazy\" decoding=\"async\" class=\"alignnone wp-image-50600 aligncenter\" src=\"https:\/\/www.ucaldas.edu.co\/portal\/wp-content\/uploads\/2019\/08\/SEMINARIO.png\" alt=\"\" width=\"382\" height=\"218\" srcset=\"https:\/\/www.ucaldas.edu.co\/portal\/wp-content\/uploads\/2019\/08\/SEMINARIO.png 700w, https:\/\/www.ucaldas.edu.co\/portal\/wp-content\/uploads\/2019\/08\/SEMINARIO-300x171.png 300w\" sizes=\"auto, (max-width: 382px) 100vw, 382px\" \/><\/p>\n<p>Conmemorar los 250 a\u00f1os de nacimiento de Alexander von Humboldt y divulgar la importancia de su trabajo es el objetivo del Seminario Estudios Humboltdtianos, que se realizar\u00e1 este jueves 22 de agosto en Centro de Ciencias Francisco Jos\u00e9 de Caldas de la Universidad de Caldas.<\/p>\n<p><!--more--><\/p>\n<p>&nbsp;<\/p>\n<p>Felipe C\u00e9sar Londo\u00f1o, moderador del seminario y director del Centro de Ciencias Francisco Jos\u00e9 de Caldas, se\u00f1al\u00f3 que este evento se ha realizado en varias ciudades del pa\u00eds y la sesi\u00f3n de Manizales es la cuarta.<\/p>\n<p>El espacio acad\u00e9mico est\u00e1 dirigido a docentes, cient\u00edficos, estudiantes y los interesados en las investigaciones y la vida de Alexander von Humboldt. La actividad la realizan la Academia Colombiana de Ciencias Exactas, F\u00edsicas y Naturales y el Instituto Humboldt, en alianza con el Centro de Ciencias.<\/p>\n<p>Londo\u00f1o resalt\u00f3 que Alexander von Humboldt es considerado entre los m\u00e1s grandes ec\u00f3logos, pues mira de manera integral la naturaleza. Tambi\u00e9n destac\u00f3 su cercan\u00eda con el sabio Francisco Jos\u00e9 de Caldas, para quien fue un referente. \u201cEs importante recordar sus aportes para descubrir la naturaleza y explorar los procesos biol\u00f3gicos, fue un gran divulgador de la riqueza natural de Am\u00e9rica\u201d, agreg\u00f3 Londo\u00f1o.<\/p>\n<p>El seminario ser\u00e1 el jueves a partir de las 2:30 de la tarde en el Centro de Ciencias Francisco Jos\u00e9 de Caldas. Entre los conferencistas est\u00e1n Alberto G\u00f3mez Guti\u00e9rrez, del Instituto de Gen\u00e9tica Humana de la Pontificia Universidad Javeriana; el ec\u00f3logo alem\u00e1n Volker Heck, y el editor de la Revista Aleph, Carlos Enrique Ruiz.<\/p>\n<p><strong>Informes:<\/strong> Oficina de Comunicaciones y Prensa Universidad de Caldas. Tel\u00e9fono: 8781500 Extensi\u00f3n: 12167<\/p>\n<p><strong>Redacci\u00f3n:<\/strong> Adriana Osorio Garc\u00eda<\/p>\n","protected":false},"excerpt":{"rendered":"<p>PR\u00d3XIMO \u00a0JUEVES EN EL CENTRO DE CIENCIAS FRANCISCO JOS\u00c9 DE CALDAS Con seminario se conmemoran los 250 a\u00f1os de nacimiento de Alexander von Humboldt 20\/08\/2019 &nbsp; Conmemorar los 250 a\u00f1os de nacimiento de Alexander von Humboldt y divulgar la importancia de su trabajo es el objetivo del Seminario Estudios Humboltdtianos, que se realizar\u00e1 este jueves [&hellip;]<\/p>\n","protected":false},"author":2,"featured_media":50600,"comment_status":"closed","ping_status":"open","sticky":false,"template":"","format":"standard","meta":{"footnotes":""},"categories":[48,53,62],"tags":[130,176,3156],"class_list":["post-50598","post","type-post","status-publish","format-standard","has-post-thumbnail","hentry","category-actualidad","category-universidad-al-dia","category-eventos","tag-ciencia","tag-historia","tag-centro-de-ciencias"],"yoast_head":"<!-- This site is optimized with the Yoast SEO plugin v27.5 - https:\/\/yoast.com\/product\/yoast-seo-wordpress\/ -->\n<title>Con seminario se conmemoran los 250 a\u00f1os de nacimiento de Alexander von Humboldt .<\/title>\n<meta name=\"robots\" content=\"index, follow, max-snippet:-1, max-image-preview:large, max-video-preview:-1\" \/>\n<link rel=\"canonical\" href=\"https:\/\/www.ucaldas.edu.co\/portal\/con-seminario-se-conmemoran-los-250-anos-de-nacimiento-de-alexander-von-humboldt\/\" \/>\n<script type=\"application\/ld+json\" class=\"yoast-schema-graph\">{\"@context\":\"https:\\\/\\\/schema.org\",\"@graph\":[{\"@type\":\"Article\",\"@id\":\"https:\\\/\\\/www.ucaldas.edu.co\\\/portal\\\/con-seminario-se-conmemoran-los-250-anos-de-nacimiento-de-alexander-von-humboldt\\\/#article\",\"isPartOf\":{\"@id\":\"https:\\\/\\\/www.ucaldas.edu.co\\\/portal\\\/con-seminario-se-conmemoran-los-250-anos-de-nacimiento-de-alexander-von-humboldt\\\/\"},\"author\":{\"name\":\"ofiprensa\",\"@id\":\"https:\\\/\\\/www.ucaldas.edu.co\\\/portal\\\/#\\\/schema\\\/person\\\/a1b482e23449158b4bc319926c074fdf\"},\"headline\":\"Con seminario se conmemoran los 250 a\u00f1os de nacimiento de Alexander von Humboldt\",\"datePublished\":\"2019-08-21T00:20:13+00:00\",\"dateModified\":\"2019-08-21T00:20:32+00:00\",\"mainEntityOfPage\":{\"@id\":\"https:\\\/\\\/www.ucaldas.edu.co\\\/portal\\\/con-seminario-se-conmemoran-los-250-anos-de-nacimiento-de-alexander-von-humboldt\\\/\"},\"wordCount\":322,\"publisher\":{\"@id\":\"https:\\\/\\\/www.ucaldas.edu.co\\\/portal\\\/#organization\"},\"image\":{\"@id\":\"https:\\\/\\\/www.ucaldas.edu.co\\\/portal\\\/con-seminario-se-conmemoran-los-250-anos-de-nacimiento-de-alexander-von-humboldt\\\/#primaryimage\"},\"thumbnailUrl\":\"https:\\\/\\\/www.ucaldas.edu.co\\\/portal\\\/wp-content\\\/uploads\\\/2019\\\/08\\\/SEMINARIO.png\",\"keywords\":[\"ciencia\",\"historia\",\"Centro de Ciencias\"],\"articleSection\":[\"Actualidad\",\"Universidad al D\u00eda\",\"Eventos\"],\"inLanguage\":\"es\"},{\"@type\":\"WebPage\",\"@id\":\"https:\\\/\\\/www.ucaldas.edu.co\\\/portal\\\/con-seminario-se-conmemoran-los-250-anos-de-nacimiento-de-alexander-von-humboldt\\\/\",\"url\":\"https:\\\/\\\/www.ucaldas.edu.co\\\/portal\\\/con-seminario-se-conmemoran-los-250-anos-de-nacimiento-de-alexander-von-humboldt\\\/\",\"name\":\"Con seminario se conmemoran los 250 a\u00f1os de nacimiento de Alexander von Humboldt .\",\"isPartOf\":{\"@id\":\"https:\\\/\\\/www.ucaldas.edu.co\\\/portal\\\/#website\"},\"primaryImageOfPage\":{\"@id\":\"https:\\\/\\\/www.ucaldas.edu.co\\\/portal\\\/con-seminario-se-conmemoran-los-250-anos-de-nacimiento-de-alexander-von-humboldt\\\/#primaryimage\"},\"image\":{\"@id\":\"https:\\\/\\\/www.ucaldas.edu.co\\\/portal\\\/con-seminario-se-conmemoran-los-250-anos-de-nacimiento-de-alexander-von-humboldt\\\/#primaryimage\"},\"thumbnailUrl\":\"https:\\\/\\\/www.ucaldas.edu.co\\\/portal\\\/wp-content\\\/uploads\\\/2019\\\/08\\\/SEMINARIO.png\",\"datePublished\":\"2019-08-21T00:20:13+00:00\",\"dateModified\":\"2019-08-21T00:20:32+00:00\",\"breadcrumb\":{\"@id\":\"https:\\\/\\\/www.ucaldas.edu.co\\\/portal\\\/con-seminario-se-conmemoran-los-250-anos-de-nacimiento-de-alexander-von-humboldt\\\/#breadcrumb\"},\"inLanguage\":\"es\",\"potentialAction\":[{\"@type\":\"ReadAction\",\"target\":[\"https:\\\/\\\/www.ucaldas.edu.co\\\/portal\\\/con-seminario-se-conmemoran-los-250-anos-de-nacimiento-de-alexander-von-humboldt\\\/\"]}]},{\"@type\":\"ImageObject\",\"inLanguage\":\"es\",\"@id\":\"https:\\\/\\\/www.ucaldas.edu.co\\\/portal\\\/con-seminario-se-conmemoran-los-250-anos-de-nacimiento-de-alexander-von-humboldt\\\/#primaryimage\",\"url\":\"https:\\\/\\\/www.ucaldas.edu.co\\\/portal\\\/wp-content\\\/uploads\\\/2019\\\/08\\\/SEMINARIO.png\",\"contentUrl\":\"https:\\\/\\\/www.ucaldas.edu.co\\\/portal\\\/wp-content\\\/uploads\\\/2019\\\/08\\\/SEMINARIO.png\",\"width\":700,\"height\":400},{\"@type\":\"BreadcrumbList\",\"@id\":\"https:\\\/\\\/www.ucaldas.edu.co\\\/portal\\\/con-seminario-se-conmemoran-los-250-anos-de-nacimiento-de-alexander-von-humboldt\\\/#breadcrumb\",\"itemListElement\":[{\"@type\":\"ListItem\",\"position\":1,\"name\":\"Portada\",\"item\":\"https:\\\/\\\/www.ucaldas.edu.co\\\/portal\\\/\"},{\"@type\":\"ListItem\",\"position\":2,\"name\":\"Con seminario se conmemoran los 250 a\u00f1os de nacimiento de Alexander von Humboldt\"}]},{\"@type\":\"WebSite\",\"@id\":\"https:\\\/\\\/www.ucaldas.edu.co\\\/portal\\\/#website\",\"url\":\"https:\\\/\\\/www.ucaldas.edu.co\\\/portal\\\/\",\"name\":\"Universidad de Caldas\",\"description\":\"\",\"publisher\":{\"@id\":\"https:\\\/\\\/www.ucaldas.edu.co\\\/portal\\\/#organization\"},\"alternateName\":\"U. de Caldas\",\"potentialAction\":[{\"@type\":\"SearchAction\",\"target\":{\"@type\":\"EntryPoint\",\"urlTemplate\":\"https:\\\/\\\/www.ucaldas.edu.co\\\/portal\\\/?s={search_term_string}\"},\"query-input\":{\"@type\":\"PropertyValueSpecification\",\"valueRequired\":true,\"valueName\":\"search_term_string\"}}],\"inLanguage\":\"es\"},{\"@type\":\"Organization\",\"@id\":\"https:\\\/\\\/www.ucaldas.edu.co\\\/portal\\\/#organization\",\"name\":\"Universidad de Caldas\",\"alternateName\":\"U. de Caldas\",\"url\":\"https:\\\/\\\/www.ucaldas.edu.co\\\/portal\\\/\",\"logo\":{\"@type\":\"ImageObject\",\"inLanguage\":\"es\",\"@id\":\"https:\\\/\\\/www.ucaldas.edu.co\\\/portal\\\/#\\\/schema\\\/logo\\\/image\\\/\",\"url\":\"https:\\\/\\\/www.ucaldas.edu.co\\\/portal\\\/wp-content\\\/uploads\\\/2023\\\/11\\\/Logo_horizontal_oscuroU-2023.png\",\"contentUrl\":\"https:\\\/\\\/www.ucaldas.edu.co\\\/portal\\\/wp-content\\\/uploads\\\/2023\\\/11\\\/Logo_horizontal_oscuroU-2023.png\",\"width\":263,\"height\":101,\"caption\":\"Universidad de Caldas\"},\"image\":{\"@id\":\"https:\\\/\\\/www.ucaldas.edu.co\\\/portal\\\/#\\\/schema\\\/logo\\\/image\\\/\"},\"sameAs\":[\"https:\\\/\\\/www.facebook.com\\\/udecaldas\",\"https:\\\/\\\/x.com\\\/udecaldas\",\"https:\\\/\\\/www.youtube.com\\\/universidadcaldas\",\"https:\\\/\\\/www.instagram.com\\\/udecaldas\\\/\"]},{\"@type\":\"Person\",\"@id\":\"https:\\\/\\\/www.ucaldas.edu.co\\\/portal\\\/#\\\/schema\\\/person\\\/a1b482e23449158b4bc319926c074fdf\",\"name\":\"ofiprensa\",\"image\":{\"@type\":\"ImageObject\",\"inLanguage\":\"es\",\"@id\":\"https:\\\/\\\/www.ucaldas.edu.co\\\/portal\\\/wp-content\\\/litespeed\\\/avatar\\\/09ea5085e600095a7a811142c6944527.jpg?ver=1777497608\",\"url\":\"https:\\\/\\\/www.ucaldas.edu.co\\\/portal\\\/wp-content\\\/litespeed\\\/avatar\\\/09ea5085e600095a7a811142c6944527.jpg?ver=1777497608\",\"contentUrl\":\"https:\\\/\\\/www.ucaldas.edu.co\\\/portal\\\/wp-content\\\/litespeed\\\/avatar\\\/09ea5085e600095a7a811142c6944527.jpg?ver=1777497608\",\"caption\":\"ofiprensa\"},\"url\":\"https:\\\/\\\/www.ucaldas.edu.co\\\/portal\\\/author\\\/ofiprensa\\\/\"}]}<\/script>\n<!-- \/ Yoast SEO plugin. -->","yoast_head_json":{"title":"Con seminario se conmemoran los 250 a\u00f1os de nacimiento de Alexander von Humboldt .","robots":{"index":"index","follow":"follow","max-snippet":"max-snippet:-1","max-image-preview":"max-image-preview:large","max-video-preview":"max-video-preview:-1"},"canonical":"https:\/\/www.ucaldas.edu.co\/portal\/con-seminario-se-conmemoran-los-250-anos-de-nacimiento-de-alexander-von-humboldt\/","schema":{"@context":"https:\/\/schema.org","@graph":[{"@type":"Article","@id":"https:\/\/www.ucaldas.edu.co\/portal\/con-seminario-se-conmemoran-los-250-anos-de-nacimiento-de-alexander-von-humboldt\/#article","isPartOf":{"@id":"https:\/\/www.ucaldas.edu.co\/portal\/con-seminario-se-conmemoran-los-250-anos-de-nacimiento-de-alexander-von-humboldt\/"},"author":{"name":"ofiprensa","@id":"https:\/\/www.ucaldas.edu.co\/portal\/#\/schema\/person\/a1b482e23449158b4bc319926c074fdf"},"headline":"Con seminario se conmemoran los 250 a\u00f1os de nacimiento de Alexander von Humboldt","datePublished":"2019-08-21T00:20:13+00:00","dateModified":"2019-08-21T00:20:32+00:00","mainEntityOfPage":{"@id":"https:\/\/www.ucaldas.edu.co\/portal\/con-seminario-se-conmemoran-los-250-anos-de-nacimiento-de-alexander-von-humboldt\/"},"wordCount":322,"publisher":{"@id":"https:\/\/www.ucaldas.edu.co\/portal\/#organization"},"image":{"@id":"https:\/\/www.ucaldas.edu.co\/portal\/con-seminario-se-conmemoran-los-250-anos-de-nacimiento-de-alexander-von-humboldt\/#primaryimage"},"thumbnailUrl":"https:\/\/www.ucaldas.edu.co\/portal\/wp-content\/uploads\/2019\/08\/SEMINARIO.png","keywords":["ciencia","historia","Centro de Ciencias"],"articleSection":["Actualidad","Universidad al D\u00eda","Eventos"],"inLanguage":"es"},{"@type":"WebPage","@id":"https:\/\/www.ucaldas.edu.co\/portal\/con-seminario-se-conmemoran-los-250-anos-de-nacimiento-de-alexander-von-humboldt\/","url":"https:\/\/www.ucaldas.edu.co\/portal\/con-seminario-se-conmemoran-los-250-anos-de-nacimiento-de-alexander-von-humboldt\/","name":"Con seminario se conmemoran los 250 a\u00f1os de nacimiento de Alexander von Humboldt .","isPartOf":{"@id":"https:\/\/www.ucaldas.edu.co\/portal\/#website"},"primaryImageOfPage":{"@id":"https:\/\/www.ucaldas.edu.co\/portal\/con-seminario-se-conmemoran-los-250-anos-de-nacimiento-de-alexander-von-humboldt\/#primaryimage"},"image":{"@id":"https:\/\/www.ucaldas.edu.co\/portal\/con-seminario-se-conmemoran-los-250-anos-de-nacimiento-de-alexander-von-humboldt\/#primaryimage"},"thumbnailUrl":"https:\/\/www.ucaldas.edu.co\/portal\/wp-content\/uploads\/2019\/08\/SEMINARIO.png","datePublished":"2019-08-21T00:20:13+00:00","dateModified":"2019-08-21T00:20:32+00:00","breadcrumb":{"@id":"https:\/\/www.ucaldas.edu.co\/portal\/con-seminario-se-conmemoran-los-250-anos-de-nacimiento-de-alexander-von-humboldt\/#breadcrumb"},"inLanguage":"es","potentialAction":[{"@type":"ReadAction","target":["https:\/\/www.ucaldas.edu.co\/portal\/con-seminario-se-conmemoran-los-250-anos-de-nacimiento-de-alexander-von-humboldt\/"]}]},{"@type":"ImageObject","inLanguage":"es","@id":"https:\/\/www.ucaldas.edu.co\/portal\/con-seminario-se-conmemoran-los-250-anos-de-nacimiento-de-alexander-von-humboldt\/#primaryimage","url":"https:\/\/www.ucaldas.edu.co\/portal\/wp-content\/uploads\/2019\/08\/SEMINARIO.png","contentUrl":"https:\/\/www.ucaldas.edu.co\/portal\/wp-content\/uploads\/2019\/08\/SEMINARIO.png","width":700,"height":400},{"@type":"BreadcrumbList","@id":"https:\/\/www.ucaldas.edu.co\/portal\/con-seminario-se-conmemoran-los-250-anos-de-nacimiento-de-alexander-von-humboldt\/#breadcrumb","itemListElement":[{"@type":"ListItem","position":1,"name":"Portada","item":"https:\/\/www.ucaldas.edu.co\/portal\/"},{"@type":"ListItem","position":2,"name":"Con seminario se conmemoran los 250 a\u00f1os de nacimiento de Alexander von Humboldt"}]},{"@type":"WebSite","@id":"https:\/\/www.ucaldas.edu.co\/portal\/#website","url":"https:\/\/www.ucaldas.edu.co\/portal\/","name":"Universidad de Caldas","description":"","publisher":{"@id":"https:\/\/www.ucaldas.edu.co\/portal\/#organization"},"alternateName":"U. de Caldas","potentialAction":[{"@type":"SearchAction","target":{"@type":"EntryPoint","urlTemplate":"https:\/\/www.ucaldas.edu.co\/portal\/?s={search_term_string}"},"query-input":{"@type":"PropertyValueSpecification","valueRequired":true,"valueName":"search_term_string"}}],"inLanguage":"es"},{"@type":"Organization","@id":"https:\/\/www.ucaldas.edu.co\/portal\/#organization","name":"Universidad de Caldas","alternateName":"U. de Caldas","url":"https:\/\/www.ucaldas.edu.co\/portal\/","logo":{"@type":"ImageObject","inLanguage":"es","@id":"https:\/\/www.ucaldas.edu.co\/portal\/#\/schema\/logo\/image\/","url":"https:\/\/www.ucaldas.edu.co\/portal\/wp-content\/uploads\/2023\/11\/Logo_horizontal_oscuroU-2023.png","contentUrl":"https:\/\/www.ucaldas.edu.co\/portal\/wp-content\/uploads\/2023\/11\/Logo_horizontal_oscuroU-2023.png","width":263,"height":101,"caption":"Universidad de Caldas"},"image":{"@id":"https:\/\/www.ucaldas.edu.co\/portal\/#\/schema\/logo\/image\/"},"sameAs":["https:\/\/www.facebook.com\/udecaldas","https:\/\/x.com\/udecaldas","https:\/\/www.youtube.com\/universidadcaldas","https:\/\/www.instagram.com\/udecaldas\/"]},{"@type":"Person","@id":"https:\/\/www.ucaldas.edu.co\/portal\/#\/schema\/person\/a1b482e23449158b4bc319926c074fdf","name":"ofiprensa","image":{"@type":"ImageObject","inLanguage":"es","@id":"https:\/\/www.ucaldas.edu.co\/portal\/wp-content\/litespeed\/avatar\/09ea5085e600095a7a811142c6944527.jpg?ver=1777497608","url":"https:\/\/www.ucaldas.edu.co\/portal\/wp-content\/litespeed\/avatar\/09ea5085e600095a7a811142c6944527.jpg?ver=1777497608","contentUrl":"https:\/\/www.ucaldas.edu.co\/portal\/wp-content\/litespeed\/avatar\/09ea5085e600095a7a811142c6944527.jpg?ver=1777497608","caption":"ofiprensa"},"url":"https:\/\/www.ucaldas.edu.co\/portal\/author\/ofiprensa\/"}]}},"_links":{"self":[{"href":"https:\/\/www.ucaldas.edu.co\/portal\/wp-json\/wp\/v2\/posts\/50598","targetHints":{"allow":["GET"]}}],"collection":[{"href":"https:\/\/www.ucaldas.edu.co\/portal\/wp-json\/wp\/v2\/posts"}],"about":[{"href":"https:\/\/www.ucaldas.edu.co\/portal\/wp-json\/wp\/v2\/types\/post"}],"author":[{"embeddable":true,"href":"https:\/\/www.ucaldas.edu.co\/portal\/wp-json\/wp\/v2\/users\/2"}],"replies":[{"embeddable":true,"href":"https:\/\/www.ucaldas.edu.co\/portal\/wp-json\/wp\/v2\/comments?post=50598"}],"version-history":[{"count":0,"href":"https:\/\/www.ucaldas.edu.co\/portal\/wp-json\/wp\/v2\/posts\/50598\/revisions"}],"wp:featuredmedia":[{"embeddable":true,"href":"https:\/\/www.ucaldas.edu.co\/portal\/wp-json\/wp\/v2\/media\/50600"}],"wp:attachment":[{"href":"https:\/\/www.ucaldas.edu.co\/portal\/wp-json\/wp\/v2\/media?parent=50598"}],"wp:term":[{"taxonomy":"category","embeddable":true,"href":"https:\/\/www.ucaldas.edu.co\/portal\/wp-json\/wp\/v2\/categories?post=50598"},{"taxonomy":"post_tag","embeddable":true,"href":"https:\/\/www.ucaldas.edu.co\/portal\/wp-json\/wp\/v2\/tags?post=50598"}],"curies":[{"name":"wp","href":"https:\/\/api.w.org\/{rel}","templated":true}]}}