{"id":49874,"date":"2019-07-26T22:15:21","date_gmt":"2019-07-26T22:15:21","guid":{"rendered":"https:\/\/www.ucaldas.edu.co\/portal\/?p=49874"},"modified":"2019-07-26T22:15:21","modified_gmt":"2019-07-26T22:15:21","slug":"decima-segunda-convocatoria-para-becas-de-la-alianza-pacifico","status":"publish","type":"post","link":"https:\/\/www.ucaldas.edu.co\/portal\/decima-segunda-convocatoria-para-becas-de-la-alianza-pacifico\/","title":{"rendered":"D\u00e9cima segunda convocatoria para Becas de la Alianza Pac\u00edfico"},"content":{"rendered":"<p style=\"text-align: center;\">SE EVALUAR\u00c1N PROMEDIOS SUPERIORES A 4.0<\/p>\n<p style=\"text-align: center;\"><strong>D\u00e9cima segunda convocatoria para Becas de la Alianza Pac\u00edfico<\/strong><\/p>\n<p style=\"text-align: right;\">26\/07\/2019<\/p>\n<p><img loading=\"lazy\" decoding=\"async\" class=\"size-full wp-image-49870 aligncenter\" src=\"https:\/\/www.ucaldas.edu.co\/portal\/wp-content\/uploads\/2019\/07\/alianz-pacifico.jpg\" alt=\"\" width=\"500\" height=\"260\" srcset=\"https:\/\/www.ucaldas.edu.co\/portal\/wp-content\/uploads\/2019\/07\/alianz-pacifico.jpg 500w, https:\/\/www.ucaldas.edu.co\/portal\/wp-content\/uploads\/2019\/07\/alianz-pacifico-300x156.jpg 300w\" sizes=\"auto, (max-width: 500px) 100vw, 500px\" \/><\/p>\n<p>Hasta el 8 de noviembre de 2019, se encuentra abierta la \u00a0Convocatoria Anual de Becas Alianzas del Pacifico, dirigida a estudiantes de pregrado en modalidades de carreras, profesional, t\u00e9cnicas y tecnol\u00f3gicas, doctorado, profesores universitarios, invitados e Investigadores de Colombia, relacionados con las siguientes \u00e1reas de programas:<\/p>\n<p><!--more--><\/p>\n<ol>\n<li>Administraci\u00f3n P\u00fablica<\/li>\n<li>Ciencias Pol\u00edticas<\/li>\n<li>Comercio Internacional<\/li>\n<li>Econom\u00eda<\/li>\n<li>Finanzas<\/li>\n<li>Ingenier\u00edas<\/li>\n<li>Innovaci\u00f3n, Ciencia y Tecnolog\u00eda<\/li>\n<li>Medio ambiente y Cambio Clim\u00e1tico<\/li>\n<li>Negocios y Relaciones Internacionales<\/li>\n<li>Turismo (Gastronom\u00eda y otros relacionados)<\/li>\n<\/ol>\n<p>Las becas s\u00f3lo podr\u00e1n otorgarse a alumnos regulares que acrediten haber aprobado al menos el 50% de su carrera en la Instituci\u00f3n de origen al momento de la postulaci\u00f3n. Esta tendr\u00e1 una duraci\u00f3n m\u00e1xima de un periodo acad\u00e9mico (m\u00e1ximo seis meses); el becario deber\u00e1 cursar y acreditar un m\u00ednimo de cuatro (4) materias, para carreras de 2 a\u00f1os o m\u00e1s de duraci\u00f3n.<\/p>\n<p>Todas las candidaturas ser\u00e1n recibidas a trav\u00e9s de la Plataforma \u00danica de Postulaci\u00f3n ya que ning\u00fan Punto Focal recibir\u00e1 expedientes en f\u00edsico ni subir\u00e1 la informaci\u00f3n del interesado. Este proceso ser\u00e1 responsabilidad exclusiva del candidato y podr\u00e1 ser verificado por la oficina de cooperaci\u00f3n o de relaciones internacionales de su instituci\u00f3n educativa, durante el proceso previo a la postulaci\u00f3n.<\/p>\n<p>&nbsp;<\/p>\n<p>Consulte m\u00e1s informaci\u00f3n:<\/p>\n<p><a href=\"https:\/\/becas.alianzapacifico.net\/XII_Convocatoria_2020_VF.pdf\">https:\/\/becas.alianzapacifico.net\/XII_Convocatoria_2020_VF.pdf<\/a><\/p>\n<p>&nbsp;<\/p>\n<p><strong>Informes:<\/strong> Oficina de Comunicaciones y Prensa Universidad de Caldas. Tel\u00e9fono: 8781500 Extensi\u00f3n: 12167<\/p>\n<p><strong>Redacci\u00f3n:<\/strong> Daniela S\u00e1nchez R\u00edos<\/p>\n<p>&nbsp;<\/p>\n","protected":false},"excerpt":{"rendered":"<p>SE EVALUAR\u00c1N PROMEDIOS SUPERIORES A 4.0 D\u00e9cima segunda convocatoria para Becas de la Alianza Pac\u00edfico 26\/07\/2019 Hasta el 8 de noviembre de 2019, se encuentra abierta la \u00a0Convocatoria Anual de Becas Alianzas del Pacifico, dirigida a estudiantes de pregrado en modalidades de carreras, profesional, t\u00e9cnicas y tecnol\u00f3gicas, doctorado, profesores universitarios, invitados e Investigadores de Colombia, [&hellip;]<\/p>\n","protected":false},"author":2,"featured_media":49870,"comment_status":"closed","ping_status":"open","sticky":false,"template":"","format":"standard","meta":{"footnotes":"","_members_access_role":[],"_members_access_error":""},"categories":[48,53],"tags":[141,288,534,1930,3674],"class_list":["post-49874","post","type-post","status-publish","format-standard","has-post-thumbnail","hentry","category-actualidad","category-universidad-al-dia","tag-convocatoria","tag-colombia","tag-becas","tag-alianza","tag-pacifico"],"yoast_head":"<!-- This site is optimized with the Yoast SEO plugin v28.3 - https:\/\/yoast.com\/product\/yoast-seo-wordpress\/ -->\n<title>D\u00e9cima segunda convocatoria para Becas de la Alianza Pac\u00edfico .<\/title>\n<meta name=\"robots\" content=\"index, follow, max-snippet:-1, max-image-preview:large, max-video-preview:-1\" \/>\n<link rel=\"canonical\" href=\"https:\/\/www.ucaldas.edu.co\/portal\/decima-segunda-convocatoria-para-becas-de-la-alianza-pacifico\/\" \/>\n<script type=\"application\/ld+json\" class=\"yoast-schema-graph\">{\"@context\":\"https:\\\/\\\/schema.org\",\"@graph\":[{\"@type\":\"Article\",\"@id\":\"https:\\\/\\\/www.ucaldas.edu.co\\\/portal\\\/decima-segunda-convocatoria-para-becas-de-la-alianza-pacifico\\\/#article\",\"isPartOf\":{\"@id\":\"https:\\\/\\\/www.ucaldas.edu.co\\\/portal\\\/decima-segunda-convocatoria-para-becas-de-la-alianza-pacifico\\\/\"},\"author\":{\"name\":\"ofiprensa\",\"@id\":\"https:\\\/\\\/www.ucaldas.edu.co\\\/portal\\\/#\\\/schema\\\/person\\\/a1b482e23449158b4bc319926c074fdf\"},\"headline\":\"D\u00e9cima segunda convocatoria para Becas de la Alianza Pac\u00edfico\",\"datePublished\":\"2019-07-26T22:15:21+00:00\",\"mainEntityOfPage\":{\"@id\":\"https:\\\/\\\/www.ucaldas.edu.co\\\/portal\\\/decima-segunda-convocatoria-para-becas-de-la-alianza-pacifico\\\/\"},\"wordCount\":285,\"publisher\":{\"@id\":\"https:\\\/\\\/www.ucaldas.edu.co\\\/portal\\\/#organization\"},\"image\":{\"@id\":\"https:\\\/\\\/www.ucaldas.edu.co\\\/portal\\\/decima-segunda-convocatoria-para-becas-de-la-alianza-pacifico\\\/#primaryimage\"},\"thumbnailUrl\":\"https:\\\/\\\/www.ucaldas.edu.co\\\/portal\\\/wp-content\\\/uploads\\\/2019\\\/07\\\/alianz-pacifico.jpg\",\"keywords\":[\"Convocatoria\",\"Colombia\",\"Becas\",\"alianza\",\"pac\u00edfico\"],\"articleSection\":[\"Actualidad\",\"Universidad al D\u00eda\"],\"inLanguage\":\"es\"},{\"@type\":\"WebPage\",\"@id\":\"https:\\\/\\\/www.ucaldas.edu.co\\\/portal\\\/decima-segunda-convocatoria-para-becas-de-la-alianza-pacifico\\\/\",\"url\":\"https:\\\/\\\/www.ucaldas.edu.co\\\/portal\\\/decima-segunda-convocatoria-para-becas-de-la-alianza-pacifico\\\/\",\"name\":\"D\u00e9cima segunda convocatoria para Becas de la Alianza Pac\u00edfico .\",\"isPartOf\":{\"@id\":\"https:\\\/\\\/www.ucaldas.edu.co\\\/portal\\\/#website\"},\"primaryImageOfPage\":{\"@id\":\"https:\\\/\\\/www.ucaldas.edu.co\\\/portal\\\/decima-segunda-convocatoria-para-becas-de-la-alianza-pacifico\\\/#primaryimage\"},\"image\":{\"@id\":\"https:\\\/\\\/www.ucaldas.edu.co\\\/portal\\\/decima-segunda-convocatoria-para-becas-de-la-alianza-pacifico\\\/#primaryimage\"},\"thumbnailUrl\":\"https:\\\/\\\/www.ucaldas.edu.co\\\/portal\\\/wp-content\\\/uploads\\\/2019\\\/07\\\/alianz-pacifico.jpg\",\"datePublished\":\"2019-07-26T22:15:21+00:00\",\"breadcrumb\":{\"@id\":\"https:\\\/\\\/www.ucaldas.edu.co\\\/portal\\\/decima-segunda-convocatoria-para-becas-de-la-alianza-pacifico\\\/#breadcrumb\"},\"inLanguage\":\"es\",\"potentialAction\":[{\"@type\":\"ReadAction\",\"target\":[\"https:\\\/\\\/www.ucaldas.edu.co\\\/portal\\\/decima-segunda-convocatoria-para-becas-de-la-alianza-pacifico\\\/\"]}]},{\"@type\":\"ImageObject\",\"inLanguage\":\"es\",\"@id\":\"https:\\\/\\\/www.ucaldas.edu.co\\\/portal\\\/decima-segunda-convocatoria-para-becas-de-la-alianza-pacifico\\\/#primaryimage\",\"url\":\"https:\\\/\\\/www.ucaldas.edu.co\\\/portal\\\/wp-content\\\/uploads\\\/2019\\\/07\\\/alianz-pacifico.jpg\",\"contentUrl\":\"https:\\\/\\\/www.ucaldas.edu.co\\\/portal\\\/wp-content\\\/uploads\\\/2019\\\/07\\\/alianz-pacifico.jpg\",\"width\":500,\"height\":260},{\"@type\":\"BreadcrumbList\",\"@id\":\"https:\\\/\\\/www.ucaldas.edu.co\\\/portal\\\/decima-segunda-convocatoria-para-becas-de-la-alianza-pacifico\\\/#breadcrumb\",\"itemListElement\":[{\"@type\":\"ListItem\",\"position\":1,\"name\":\"Portada\",\"item\":\"https:\\\/\\\/www.ucaldas.edu.co\\\/portal\\\/\"},{\"@type\":\"ListItem\",\"position\":2,\"name\":\"D\u00e9cima segunda convocatoria para Becas de la Alianza Pac\u00edfico\"}]},{\"@type\":\"WebSite\",\"@id\":\"https:\\\/\\\/www.ucaldas.edu.co\\\/portal\\\/#website\",\"url\":\"https:\\\/\\\/www.ucaldas.edu.co\\\/portal\\\/\",\"name\":\"Universidad de Caldas\",\"description\":\"\",\"publisher\":{\"@id\":\"https:\\\/\\\/www.ucaldas.edu.co\\\/portal\\\/#organization\"},\"alternateName\":\"U. de Caldas\",\"potentialAction\":[{\"@type\":\"SearchAction\",\"target\":{\"@type\":\"EntryPoint\",\"urlTemplate\":\"https:\\\/\\\/www.ucaldas.edu.co\\\/portal\\\/?s={search_term_string}\"},\"query-input\":{\"@type\":\"PropertyValueSpecification\",\"valueRequired\":true,\"valueName\":\"search_term_string\"}}],\"inLanguage\":\"es\"},{\"@type\":\"Organization\",\"@id\":\"https:\\\/\\\/www.ucaldas.edu.co\\\/portal\\\/#organization\",\"name\":\"Universidad de Caldas\",\"alternateName\":\"U. de Caldas\",\"url\":\"https:\\\/\\\/www.ucaldas.edu.co\\\/portal\\\/\",\"logo\":{\"@type\":\"ImageObject\",\"inLanguage\":\"es\",\"@id\":\"https:\\\/\\\/www.ucaldas.edu.co\\\/portal\\\/#\\\/schema\\\/logo\\\/image\\\/\",\"url\":\"https:\\\/\\\/www.ucaldas.edu.co\\\/portal\\\/wp-content\\\/uploads\\\/2023\\\/11\\\/Logo_horizontal_oscuroU-2023.png\",\"contentUrl\":\"https:\\\/\\\/www.ucaldas.edu.co\\\/portal\\\/wp-content\\\/uploads\\\/2023\\\/11\\\/Logo_horizontal_oscuroU-2023.png\",\"width\":263,\"height\":101,\"caption\":\"Universidad de Caldas\"},\"image\":{\"@id\":\"https:\\\/\\\/www.ucaldas.edu.co\\\/portal\\\/#\\\/schema\\\/logo\\\/image\\\/\"},\"sameAs\":[\"https:\\\/\\\/www.facebook.com\\\/udecaldas\",\"https:\\\/\\\/x.com\\\/udecaldas\",\"https:\\\/\\\/www.youtube.com\\\/universidadcaldas\",\"https:\\\/\\\/www.instagram.com\\\/udecaldas\\\/\"]},{\"@type\":\"Person\",\"@id\":\"https:\\\/\\\/www.ucaldas.edu.co\\\/portal\\\/#\\\/schema\\\/person\\\/a1b482e23449158b4bc319926c074fdf\",\"name\":\"ofiprensa\",\"image\":{\"@type\":\"ImageObject\",\"inLanguage\":\"es\",\"@id\":\"https:\\\/\\\/www.ucaldas.edu.co\\\/portal\\\/wp-content\\\/litespeed\\\/avatar\\\/09ea5085e600095a7a811142c6944527.jpg?ver=1787779368\",\"url\":\"https:\\\/\\\/www.ucaldas.edu.co\\\/portal\\\/wp-content\\\/litespeed\\\/avatar\\\/09ea5085e600095a7a811142c6944527.jpg?ver=1787779368\",\"contentUrl\":\"https:\\\/\\\/www.ucaldas.edu.co\\\/portal\\\/wp-content\\\/litespeed\\\/avatar\\\/09ea5085e600095a7a811142c6944527.jpg?ver=1787779368\",\"caption\":\"ofiprensa\"},\"url\":\"https:\\\/\\\/www.ucaldas.edu.co\\\/portal\\\/author\\\/ofiprensa\\\/\"}]}<\/script>\n<!-- \/ Yoast SEO plugin. -->","yoast_head_json":{"title":"D\u00e9cima segunda convocatoria para Becas de la Alianza Pac\u00edfico .","robots":{"index":"index","follow":"follow","max-snippet":"max-snippet:-1","max-image-preview":"max-image-preview:large","max-video-preview":"max-video-preview:-1"},"canonical":"https:\/\/www.ucaldas.edu.co\/portal\/decima-segunda-convocatoria-para-becas-de-la-alianza-pacifico\/","schema":{"@context":"https:\/\/schema.org","@graph":[{"@type":"Article","@id":"https:\/\/www.ucaldas.edu.co\/portal\/decima-segunda-convocatoria-para-becas-de-la-alianza-pacifico\/#article","isPartOf":{"@id":"https:\/\/www.ucaldas.edu.co\/portal\/decima-segunda-convocatoria-para-becas-de-la-alianza-pacifico\/"},"author":{"name":"ofiprensa","@id":"https:\/\/www.ucaldas.edu.co\/portal\/#\/schema\/person\/a1b482e23449158b4bc319926c074fdf"},"headline":"D\u00e9cima segunda convocatoria para Becas de la Alianza Pac\u00edfico","datePublished":"2019-07-26T22:15:21+00:00","mainEntityOfPage":{"@id":"https:\/\/www.ucaldas.edu.co\/portal\/decima-segunda-convocatoria-para-becas-de-la-alianza-pacifico\/"},"wordCount":285,"publisher":{"@id":"https:\/\/www.ucaldas.edu.co\/portal\/#organization"},"image":{"@id":"https:\/\/www.ucaldas.edu.co\/portal\/decima-segunda-convocatoria-para-becas-de-la-alianza-pacifico\/#primaryimage"},"thumbnailUrl":"https:\/\/www.ucaldas.edu.co\/portal\/wp-content\/uploads\/2019\/07\/alianz-pacifico.jpg","keywords":["Convocatoria","Colombia","Becas","alianza","pac\u00edfico"],"articleSection":["Actualidad","Universidad al D\u00eda"],"inLanguage":"es"},{"@type":"WebPage","@id":"https:\/\/www.ucaldas.edu.co\/portal\/decima-segunda-convocatoria-para-becas-de-la-alianza-pacifico\/","url":"https:\/\/www.ucaldas.edu.co\/portal\/decima-segunda-convocatoria-para-becas-de-la-alianza-pacifico\/","name":"D\u00e9cima segunda convocatoria para Becas de la Alianza Pac\u00edfico .","isPartOf":{"@id":"https:\/\/www.ucaldas.edu.co\/portal\/#website"},"primaryImageOfPage":{"@id":"https:\/\/www.ucaldas.edu.co\/portal\/decima-segunda-convocatoria-para-becas-de-la-alianza-pacifico\/#primaryimage"},"image":{"@id":"https:\/\/www.ucaldas.edu.co\/portal\/decima-segunda-convocatoria-para-becas-de-la-alianza-pacifico\/#primaryimage"},"thumbnailUrl":"https:\/\/www.ucaldas.edu.co\/portal\/wp-content\/uploads\/2019\/07\/alianz-pacifico.jpg","datePublished":"2019-07-26T22:15:21+00:00","breadcrumb":{"@id":"https:\/\/www.ucaldas.edu.co\/portal\/decima-segunda-convocatoria-para-becas-de-la-alianza-pacifico\/#breadcrumb"},"inLanguage":"es","potentialAction":[{"@type":"ReadAction","target":["https:\/\/www.ucaldas.edu.co\/portal\/decima-segunda-convocatoria-para-becas-de-la-alianza-pacifico\/"]}]},{"@type":"ImageObject","inLanguage":"es","@id":"https:\/\/www.ucaldas.edu.co\/portal\/decima-segunda-convocatoria-para-becas-de-la-alianza-pacifico\/#primaryimage","url":"https:\/\/www.ucaldas.edu.co\/portal\/wp-content\/uploads\/2019\/07\/alianz-pacifico.jpg","contentUrl":"https:\/\/www.ucaldas.edu.co\/portal\/wp-content\/uploads\/2019\/07\/alianz-pacifico.jpg","width":500,"height":260},{"@type":"BreadcrumbList","@id":"https:\/\/www.ucaldas.edu.co\/portal\/decima-segunda-convocatoria-para-becas-de-la-alianza-pacifico\/#breadcrumb","itemListElement":[{"@type":"ListItem","position":1,"name":"Portada","item":"https:\/\/www.ucaldas.edu.co\/portal\/"},{"@type":"ListItem","position":2,"name":"D\u00e9cima segunda convocatoria para Becas de la Alianza Pac\u00edfico"}]},{"@type":"WebSite","@id":"https:\/\/www.ucaldas.edu.co\/portal\/#website","url":"https:\/\/www.ucaldas.edu.co\/portal\/","name":"Universidad de Caldas","description":"","publisher":{"@id":"https:\/\/www.ucaldas.edu.co\/portal\/#organization"},"alternateName":"U. de Caldas","potentialAction":[{"@type":"SearchAction","target":{"@type":"EntryPoint","urlTemplate":"https:\/\/www.ucaldas.edu.co\/portal\/?s={search_term_string}"},"query-input":{"@type":"PropertyValueSpecification","valueRequired":true,"valueName":"search_term_string"}}],"inLanguage":"es"},{"@type":"Organization","@id":"https:\/\/www.ucaldas.edu.co\/portal\/#organization","name":"Universidad de Caldas","alternateName":"U. de Caldas","url":"https:\/\/www.ucaldas.edu.co\/portal\/","logo":{"@type":"ImageObject","inLanguage":"es","@id":"https:\/\/www.ucaldas.edu.co\/portal\/#\/schema\/logo\/image\/","url":"https:\/\/www.ucaldas.edu.co\/portal\/wp-content\/uploads\/2023\/11\/Logo_horizontal_oscuroU-2023.png","contentUrl":"https:\/\/www.ucaldas.edu.co\/portal\/wp-content\/uploads\/2023\/11\/Logo_horizontal_oscuroU-2023.png","width":263,"height":101,"caption":"Universidad de Caldas"},"image":{"@id":"https:\/\/www.ucaldas.edu.co\/portal\/#\/schema\/logo\/image\/"},"sameAs":["https:\/\/www.facebook.com\/udecaldas","https:\/\/x.com\/udecaldas","https:\/\/www.youtube.com\/universidadcaldas","https:\/\/www.instagram.com\/udecaldas\/"]},{"@type":"Person","@id":"https:\/\/www.ucaldas.edu.co\/portal\/#\/schema\/person\/a1b482e23449158b4bc319926c074fdf","name":"ofiprensa","image":{"@type":"ImageObject","inLanguage":"es","@id":"https:\/\/www.ucaldas.edu.co\/portal\/wp-content\/litespeed\/avatar\/09ea5085e600095a7a811142c6944527.jpg?ver=1787779368","url":"https:\/\/www.ucaldas.edu.co\/portal\/wp-content\/litespeed\/avatar\/09ea5085e600095a7a811142c6944527.jpg?ver=1787779368","contentUrl":"https:\/\/www.ucaldas.edu.co\/portal\/wp-content\/litespeed\/avatar\/09ea5085e600095a7a811142c6944527.jpg?ver=1787779368","caption":"ofiprensa"},"url":"https:\/\/www.ucaldas.edu.co\/portal\/author\/ofiprensa\/"}]}},"_links":{"self":[{"href":"https:\/\/www.ucaldas.edu.co\/portal\/wp-json\/wp\/v2\/posts\/49874","targetHints":{"allow":["GET"]}}],"collection":[{"href":"https:\/\/www.ucaldas.edu.co\/portal\/wp-json\/wp\/v2\/posts"}],"about":[{"href":"https:\/\/www.ucaldas.edu.co\/portal\/wp-json\/wp\/v2\/types\/post"}],"author":[{"embeddable":true,"href":"https:\/\/www.ucaldas.edu.co\/portal\/wp-json\/wp\/v2\/users\/2"}],"replies":[{"embeddable":true,"href":"https:\/\/www.ucaldas.edu.co\/portal\/wp-json\/wp\/v2\/comments?post=49874"}],"version-history":[{"count":0,"href":"https:\/\/www.ucaldas.edu.co\/portal\/wp-json\/wp\/v2\/posts\/49874\/revisions"}],"wp:featuredmedia":[{"embeddable":true,"href":"https:\/\/www.ucaldas.edu.co\/portal\/wp-json\/wp\/v2\/media\/49870"}],"wp:attachment":[{"href":"https:\/\/www.ucaldas.edu.co\/portal\/wp-json\/wp\/v2\/media?parent=49874"}],"wp:term":[{"taxonomy":"category","embeddable":true,"href":"https:\/\/www.ucaldas.edu.co\/portal\/wp-json\/wp\/v2\/categories?post=49874"},{"taxonomy":"post_tag","embeddable":true,"href":"https:\/\/www.ucaldas.edu.co\/portal\/wp-json\/wp\/v2\/tags?post=49874"}],"curies":[{"name":"wp","href":"https:\/\/api.w.org\/{rel}","templated":true}]}}