{"id":49684,"date":"2019-07-18T22:28:49","date_gmt":"2019-07-18T22:28:49","guid":{"rendered":"https:\/\/www.ucaldas.edu.co\/portal\/?p=49684"},"modified":"2019-07-18T22:28:49","modified_gmt":"2019-07-18T22:28:49","slug":"jurista-argentina-visito-la-universidad-de-caldas-durante-las-jornadas-de-derecho","status":"publish","type":"post","link":"https:\/\/www.ucaldas.edu.co\/portal\/jurista-argentina-visito-la-universidad-de-caldas-durante-las-jornadas-de-derecho\/","title":{"rendered":"Jurista Argentina visit\u00f3 la Universidad de Caldas durante las Jornadas de Derecho"},"content":{"rendered":"<p style=\"text-align: center;\">SE TRATA DE AIDA KEMELMAJER DE CARLUCCI<\/p>\n<p style=\"text-align: center;\"><strong>Jurista Argentina visit\u00f3 la Universidad de Caldas durante las Jornadas de Derecho <\/strong><\/p>\n<p style=\"text-align: right;\">18\/07\/2019<\/p>\n<p><img loading=\"lazy\" decoding=\"async\" class=\"size-full wp-image-49673 aligncenter\" src=\"https:\/\/www.ucaldas.edu.co\/portal\/wp-content\/uploads\/2019\/07\/argentina.png\" alt=\"\" width=\"700\" height=\"400\" srcset=\"https:\/\/www.ucaldas.edu.co\/portal\/wp-content\/uploads\/2019\/07\/argentina.png 700w, https:\/\/www.ucaldas.edu.co\/portal\/wp-content\/uploads\/2019\/07\/argentina-300x171.png 300w\" sizes=\"auto, (max-width: 700px) 100vw, 700px\" \/>La abogada y Doctora en Derecho de la Universidad de Mendoza en Argentina, Ex Ministra de la <strong>Suprema Corte de Justicia de Mendoza<\/strong> y Conjuez de la <strong>Corte Suprema de la Naci\u00f3n, <\/strong>Aida Kemelmajer De Carlucci, asisti\u00f3 como conferencista invitada a las Jornadas de Derecho organizadas por la Facultad de Ciencias Jur\u00eddicas y Sociales de la U. de Caldas.<\/p>\n<p><!--more--><\/p>\n<p>Durante su visita, Kemelmajer De Carlucci abord\u00f3\u00a0 diversos temas en materia de Derecho de Familia seg\u00fan la legislaci\u00f3n argentina y los tratados internacionales, analiz\u00f3 figuras inexistentes en la legislaci\u00f3n colombiana como el divorcio no causal y sin culpa, las compensaciones econ\u00f3micas, la filiaci\u00f3n derivada de las t\u00e9cnicas de reproducci\u00f3n humana asistida, entre otros.<\/p>\n<p>\u201cEsto una forma de advertir como las nuevas formas familiares requieren nuevas respuestas del sistema jur\u00eddico y que esas respuestas no pueden estar desconectadas del sistema general de los derechos humanos, en esto nuestra intenci\u00f3n es que los estudiantes de la U. de Caldas, se preocupen por estudiar la jurisprudencia de la corte interamericana de los derechos humanos que viene abriendo pasos muy significativos\u201d explic\u00f3 Kemelmajer De Carlucci.<\/p>\n<p>Cabe destacar que su presencia en la Universidad de Caldas, se dio gracias al programa Fellows Colombia ofrecido por el Icetex, el cual fomenta y fortalece la internacionalizaci\u00f3n y la calidad de la educaci\u00f3n superior.<\/p>\n<p>Este encuentro acad\u00e9mico tambi\u00e9n permitir\u00e1 establecer v\u00ednculos acad\u00e9micos e investigativos con las universidades argentinas con el fin de crear agendas conjuntas de investigaci\u00f3n, favorecer la participaci\u00f3n de investigadores argentinos en proyectos de investigaci\u00f3n en Colombia como co-investigadores, asesores externos o evaluadores y ampliar la movilidad internacional de docentes y estudiantes de la Universidad de Caldas.<\/p>\n<p>&nbsp;<\/p>\n<p><strong>Informes:<\/strong> Oficina de Comunicaciones y Prensa Universidad de Caldas. Tel\u00e9fono: 8781500 Extensi\u00f3n: 12167<\/p>\n<p><strong>Redacci\u00f3n:<\/strong> Daniela S\u00e1nchez R\u00edos<\/p>\n<p>&nbsp;<\/p>\n","protected":false},"excerpt":{"rendered":"<p>SE TRATA DE AIDA KEMELMAJER DE CARLUCCI Jurista Argentina visit\u00f3 la Universidad de Caldas durante las Jornadas de Derecho 18\/07\/2019 La abogada y Doctora en Derecho de la Universidad de Mendoza en Argentina, Ex Ministra de la Suprema Corte de Justicia de Mendoza y Conjuez de la Corte Suprema de la Naci\u00f3n, Aida Kemelmajer De [&hellip;]<\/p>\n","protected":false},"author":2,"featured_media":49673,"comment_status":"closed","ping_status":"open","sticky":false,"template":"","format":"standard","meta":{"footnotes":""},"categories":[48,53],"tags":[1093,2110,2362,4229,4230],"class_list":["post-49684","post","type-post","status-publish","format-standard","has-post-thumbnail","hentry","category-actualidad","category-universidad-al-dia","tag-argentina","tag-legislacion","tag-invitada","tag-jurista","tag-fellows"],"yoast_head":"<!-- This site is optimized with the Yoast SEO plugin v27.5 - https:\/\/yoast.com\/product\/yoast-seo-wordpress\/ -->\n<title>Jurista Argentina visit\u00f3 la Universidad de Caldas durante las Jornadas de Derecho .<\/title>\n<meta name=\"robots\" content=\"index, follow, max-snippet:-1, max-image-preview:large, max-video-preview:-1\" \/>\n<link rel=\"canonical\" href=\"https:\/\/www.ucaldas.edu.co\/portal\/jurista-argentina-visito-la-universidad-de-caldas-durante-las-jornadas-de-derecho\/\" \/>\n<script type=\"application\/ld+json\" class=\"yoast-schema-graph\">{\"@context\":\"https:\\\/\\\/schema.org\",\"@graph\":[{\"@type\":\"Article\",\"@id\":\"https:\\\/\\\/www.ucaldas.edu.co\\\/portal\\\/jurista-argentina-visito-la-universidad-de-caldas-durante-las-jornadas-de-derecho\\\/#article\",\"isPartOf\":{\"@id\":\"https:\\\/\\\/www.ucaldas.edu.co\\\/portal\\\/jurista-argentina-visito-la-universidad-de-caldas-durante-las-jornadas-de-derecho\\\/\"},\"author\":{\"name\":\"ofiprensa\",\"@id\":\"https:\\\/\\\/www.ucaldas.edu.co\\\/portal\\\/#\\\/schema\\\/person\\\/a1b482e23449158b4bc319926c074fdf\"},\"headline\":\"Jurista Argentina visit\u00f3 la Universidad de Caldas durante las Jornadas de Derecho\",\"datePublished\":\"2019-07-18T22:28:49+00:00\",\"mainEntityOfPage\":{\"@id\":\"https:\\\/\\\/www.ucaldas.edu.co\\\/portal\\\/jurista-argentina-visito-la-universidad-de-caldas-durante-las-jornadas-de-derecho\\\/\"},\"wordCount\":343,\"publisher\":{\"@id\":\"https:\\\/\\\/www.ucaldas.edu.co\\\/portal\\\/#organization\"},\"image\":{\"@id\":\"https:\\\/\\\/www.ucaldas.edu.co\\\/portal\\\/jurista-argentina-visito-la-universidad-de-caldas-durante-las-jornadas-de-derecho\\\/#primaryimage\"},\"thumbnailUrl\":\"https:\\\/\\\/www.ucaldas.edu.co\\\/portal\\\/wp-content\\\/uploads\\\/2019\\\/07\\\/argentina.png\",\"keywords\":[\"Argentina\",\"legislaci\u00f3n\",\"invitada\",\"jurista\",\"fellows\"],\"articleSection\":[\"Actualidad\",\"Universidad al D\u00eda\"],\"inLanguage\":\"es\"},{\"@type\":\"WebPage\",\"@id\":\"https:\\\/\\\/www.ucaldas.edu.co\\\/portal\\\/jurista-argentina-visito-la-universidad-de-caldas-durante-las-jornadas-de-derecho\\\/\",\"url\":\"https:\\\/\\\/www.ucaldas.edu.co\\\/portal\\\/jurista-argentina-visito-la-universidad-de-caldas-durante-las-jornadas-de-derecho\\\/\",\"name\":\"Jurista Argentina visit\u00f3 la Universidad de Caldas durante las Jornadas de Derecho .\",\"isPartOf\":{\"@id\":\"https:\\\/\\\/www.ucaldas.edu.co\\\/portal\\\/#website\"},\"primaryImageOfPage\":{\"@id\":\"https:\\\/\\\/www.ucaldas.edu.co\\\/portal\\\/jurista-argentina-visito-la-universidad-de-caldas-durante-las-jornadas-de-derecho\\\/#primaryimage\"},\"image\":{\"@id\":\"https:\\\/\\\/www.ucaldas.edu.co\\\/portal\\\/jurista-argentina-visito-la-universidad-de-caldas-durante-las-jornadas-de-derecho\\\/#primaryimage\"},\"thumbnailUrl\":\"https:\\\/\\\/www.ucaldas.edu.co\\\/portal\\\/wp-content\\\/uploads\\\/2019\\\/07\\\/argentina.png\",\"datePublished\":\"2019-07-18T22:28:49+00:00\",\"breadcrumb\":{\"@id\":\"https:\\\/\\\/www.ucaldas.edu.co\\\/portal\\\/jurista-argentina-visito-la-universidad-de-caldas-durante-las-jornadas-de-derecho\\\/#breadcrumb\"},\"inLanguage\":\"es\",\"potentialAction\":[{\"@type\":\"ReadAction\",\"target\":[\"https:\\\/\\\/www.ucaldas.edu.co\\\/portal\\\/jurista-argentina-visito-la-universidad-de-caldas-durante-las-jornadas-de-derecho\\\/\"]}]},{\"@type\":\"ImageObject\",\"inLanguage\":\"es\",\"@id\":\"https:\\\/\\\/www.ucaldas.edu.co\\\/portal\\\/jurista-argentina-visito-la-universidad-de-caldas-durante-las-jornadas-de-derecho\\\/#primaryimage\",\"url\":\"https:\\\/\\\/www.ucaldas.edu.co\\\/portal\\\/wp-content\\\/uploads\\\/2019\\\/07\\\/argentina.png\",\"contentUrl\":\"https:\\\/\\\/www.ucaldas.edu.co\\\/portal\\\/wp-content\\\/uploads\\\/2019\\\/07\\\/argentina.png\",\"width\":700,\"height\":400},{\"@type\":\"BreadcrumbList\",\"@id\":\"https:\\\/\\\/www.ucaldas.edu.co\\\/portal\\\/jurista-argentina-visito-la-universidad-de-caldas-durante-las-jornadas-de-derecho\\\/#breadcrumb\",\"itemListElement\":[{\"@type\":\"ListItem\",\"position\":1,\"name\":\"Portada\",\"item\":\"https:\\\/\\\/www.ucaldas.edu.co\\\/portal\\\/\"},{\"@type\":\"ListItem\",\"position\":2,\"name\":\"Jurista Argentina visit\u00f3 la Universidad de Caldas durante las Jornadas de Derecho\"}]},{\"@type\":\"WebSite\",\"@id\":\"https:\\\/\\\/www.ucaldas.edu.co\\\/portal\\\/#website\",\"url\":\"https:\\\/\\\/www.ucaldas.edu.co\\\/portal\\\/\",\"name\":\"Universidad de Caldas\",\"description\":\"\",\"publisher\":{\"@id\":\"https:\\\/\\\/www.ucaldas.edu.co\\\/portal\\\/#organization\"},\"alternateName\":\"U. de Caldas\",\"potentialAction\":[{\"@type\":\"SearchAction\",\"target\":{\"@type\":\"EntryPoint\",\"urlTemplate\":\"https:\\\/\\\/www.ucaldas.edu.co\\\/portal\\\/?s={search_term_string}\"},\"query-input\":{\"@type\":\"PropertyValueSpecification\",\"valueRequired\":true,\"valueName\":\"search_term_string\"}}],\"inLanguage\":\"es\"},{\"@type\":\"Organization\",\"@id\":\"https:\\\/\\\/www.ucaldas.edu.co\\\/portal\\\/#organization\",\"name\":\"Universidad de Caldas\",\"alternateName\":\"U. de Caldas\",\"url\":\"https:\\\/\\\/www.ucaldas.edu.co\\\/portal\\\/\",\"logo\":{\"@type\":\"ImageObject\",\"inLanguage\":\"es\",\"@id\":\"https:\\\/\\\/www.ucaldas.edu.co\\\/portal\\\/#\\\/schema\\\/logo\\\/image\\\/\",\"url\":\"https:\\\/\\\/www.ucaldas.edu.co\\\/portal\\\/wp-content\\\/uploads\\\/2023\\\/11\\\/Logo_horizontal_oscuroU-2023.png\",\"contentUrl\":\"https:\\\/\\\/www.ucaldas.edu.co\\\/portal\\\/wp-content\\\/uploads\\\/2023\\\/11\\\/Logo_horizontal_oscuroU-2023.png\",\"width\":263,\"height\":101,\"caption\":\"Universidad de Caldas\"},\"image\":{\"@id\":\"https:\\\/\\\/www.ucaldas.edu.co\\\/portal\\\/#\\\/schema\\\/logo\\\/image\\\/\"},\"sameAs\":[\"https:\\\/\\\/www.facebook.com\\\/udecaldas\",\"https:\\\/\\\/x.com\\\/udecaldas\",\"https:\\\/\\\/www.youtube.com\\\/universidadcaldas\",\"https:\\\/\\\/www.instagram.com\\\/udecaldas\\\/\"]},{\"@type\":\"Person\",\"@id\":\"https:\\\/\\\/www.ucaldas.edu.co\\\/portal\\\/#\\\/schema\\\/person\\\/a1b482e23449158b4bc319926c074fdf\",\"name\":\"ofiprensa\",\"image\":{\"@type\":\"ImageObject\",\"inLanguage\":\"es\",\"@id\":\"https:\\\/\\\/www.ucaldas.edu.co\\\/portal\\\/wp-content\\\/litespeed\\\/avatar\\\/09ea5085e600095a7a811142c6944527.jpg?ver=1777497608\",\"url\":\"https:\\\/\\\/www.ucaldas.edu.co\\\/portal\\\/wp-content\\\/litespeed\\\/avatar\\\/09ea5085e600095a7a811142c6944527.jpg?ver=1777497608\",\"contentUrl\":\"https:\\\/\\\/www.ucaldas.edu.co\\\/portal\\\/wp-content\\\/litespeed\\\/avatar\\\/09ea5085e600095a7a811142c6944527.jpg?ver=1777497608\",\"caption\":\"ofiprensa\"},\"url\":\"https:\\\/\\\/www.ucaldas.edu.co\\\/portal\\\/author\\\/ofiprensa\\\/\"}]}<\/script>\n<!-- \/ Yoast SEO plugin. -->","yoast_head_json":{"title":"Jurista Argentina visit\u00f3 la Universidad de Caldas durante las Jornadas de Derecho .","robots":{"index":"index","follow":"follow","max-snippet":"max-snippet:-1","max-image-preview":"max-image-preview:large","max-video-preview":"max-video-preview:-1"},"canonical":"https:\/\/www.ucaldas.edu.co\/portal\/jurista-argentina-visito-la-universidad-de-caldas-durante-las-jornadas-de-derecho\/","schema":{"@context":"https:\/\/schema.org","@graph":[{"@type":"Article","@id":"https:\/\/www.ucaldas.edu.co\/portal\/jurista-argentina-visito-la-universidad-de-caldas-durante-las-jornadas-de-derecho\/#article","isPartOf":{"@id":"https:\/\/www.ucaldas.edu.co\/portal\/jurista-argentina-visito-la-universidad-de-caldas-durante-las-jornadas-de-derecho\/"},"author":{"name":"ofiprensa","@id":"https:\/\/www.ucaldas.edu.co\/portal\/#\/schema\/person\/a1b482e23449158b4bc319926c074fdf"},"headline":"Jurista Argentina visit\u00f3 la Universidad de Caldas durante las Jornadas de Derecho","datePublished":"2019-07-18T22:28:49+00:00","mainEntityOfPage":{"@id":"https:\/\/www.ucaldas.edu.co\/portal\/jurista-argentina-visito-la-universidad-de-caldas-durante-las-jornadas-de-derecho\/"},"wordCount":343,"publisher":{"@id":"https:\/\/www.ucaldas.edu.co\/portal\/#organization"},"image":{"@id":"https:\/\/www.ucaldas.edu.co\/portal\/jurista-argentina-visito-la-universidad-de-caldas-durante-las-jornadas-de-derecho\/#primaryimage"},"thumbnailUrl":"https:\/\/www.ucaldas.edu.co\/portal\/wp-content\/uploads\/2019\/07\/argentina.png","keywords":["Argentina","legislaci\u00f3n","invitada","jurista","fellows"],"articleSection":["Actualidad","Universidad al D\u00eda"],"inLanguage":"es"},{"@type":"WebPage","@id":"https:\/\/www.ucaldas.edu.co\/portal\/jurista-argentina-visito-la-universidad-de-caldas-durante-las-jornadas-de-derecho\/","url":"https:\/\/www.ucaldas.edu.co\/portal\/jurista-argentina-visito-la-universidad-de-caldas-durante-las-jornadas-de-derecho\/","name":"Jurista Argentina visit\u00f3 la Universidad de Caldas durante las Jornadas de Derecho .","isPartOf":{"@id":"https:\/\/www.ucaldas.edu.co\/portal\/#website"},"primaryImageOfPage":{"@id":"https:\/\/www.ucaldas.edu.co\/portal\/jurista-argentina-visito-la-universidad-de-caldas-durante-las-jornadas-de-derecho\/#primaryimage"},"image":{"@id":"https:\/\/www.ucaldas.edu.co\/portal\/jurista-argentina-visito-la-universidad-de-caldas-durante-las-jornadas-de-derecho\/#primaryimage"},"thumbnailUrl":"https:\/\/www.ucaldas.edu.co\/portal\/wp-content\/uploads\/2019\/07\/argentina.png","datePublished":"2019-07-18T22:28:49+00:00","breadcrumb":{"@id":"https:\/\/www.ucaldas.edu.co\/portal\/jurista-argentina-visito-la-universidad-de-caldas-durante-las-jornadas-de-derecho\/#breadcrumb"},"inLanguage":"es","potentialAction":[{"@type":"ReadAction","target":["https:\/\/www.ucaldas.edu.co\/portal\/jurista-argentina-visito-la-universidad-de-caldas-durante-las-jornadas-de-derecho\/"]}]},{"@type":"ImageObject","inLanguage":"es","@id":"https:\/\/www.ucaldas.edu.co\/portal\/jurista-argentina-visito-la-universidad-de-caldas-durante-las-jornadas-de-derecho\/#primaryimage","url":"https:\/\/www.ucaldas.edu.co\/portal\/wp-content\/uploads\/2019\/07\/argentina.png","contentUrl":"https:\/\/www.ucaldas.edu.co\/portal\/wp-content\/uploads\/2019\/07\/argentina.png","width":700,"height":400},{"@type":"BreadcrumbList","@id":"https:\/\/www.ucaldas.edu.co\/portal\/jurista-argentina-visito-la-universidad-de-caldas-durante-las-jornadas-de-derecho\/#breadcrumb","itemListElement":[{"@type":"ListItem","position":1,"name":"Portada","item":"https:\/\/www.ucaldas.edu.co\/portal\/"},{"@type":"ListItem","position":2,"name":"Jurista Argentina visit\u00f3 la Universidad de Caldas durante las Jornadas de Derecho"}]},{"@type":"WebSite","@id":"https:\/\/www.ucaldas.edu.co\/portal\/#website","url":"https:\/\/www.ucaldas.edu.co\/portal\/","name":"Universidad de Caldas","description":"","publisher":{"@id":"https:\/\/www.ucaldas.edu.co\/portal\/#organization"},"alternateName":"U. de Caldas","potentialAction":[{"@type":"SearchAction","target":{"@type":"EntryPoint","urlTemplate":"https:\/\/www.ucaldas.edu.co\/portal\/?s={search_term_string}"},"query-input":{"@type":"PropertyValueSpecification","valueRequired":true,"valueName":"search_term_string"}}],"inLanguage":"es"},{"@type":"Organization","@id":"https:\/\/www.ucaldas.edu.co\/portal\/#organization","name":"Universidad de Caldas","alternateName":"U. de Caldas","url":"https:\/\/www.ucaldas.edu.co\/portal\/","logo":{"@type":"ImageObject","inLanguage":"es","@id":"https:\/\/www.ucaldas.edu.co\/portal\/#\/schema\/logo\/image\/","url":"https:\/\/www.ucaldas.edu.co\/portal\/wp-content\/uploads\/2023\/11\/Logo_horizontal_oscuroU-2023.png","contentUrl":"https:\/\/www.ucaldas.edu.co\/portal\/wp-content\/uploads\/2023\/11\/Logo_horizontal_oscuroU-2023.png","width":263,"height":101,"caption":"Universidad de Caldas"},"image":{"@id":"https:\/\/www.ucaldas.edu.co\/portal\/#\/schema\/logo\/image\/"},"sameAs":["https:\/\/www.facebook.com\/udecaldas","https:\/\/x.com\/udecaldas","https:\/\/www.youtube.com\/universidadcaldas","https:\/\/www.instagram.com\/udecaldas\/"]},{"@type":"Person","@id":"https:\/\/www.ucaldas.edu.co\/portal\/#\/schema\/person\/a1b482e23449158b4bc319926c074fdf","name":"ofiprensa","image":{"@type":"ImageObject","inLanguage":"es","@id":"https:\/\/www.ucaldas.edu.co\/portal\/wp-content\/litespeed\/avatar\/09ea5085e600095a7a811142c6944527.jpg?ver=1777497608","url":"https:\/\/www.ucaldas.edu.co\/portal\/wp-content\/litespeed\/avatar\/09ea5085e600095a7a811142c6944527.jpg?ver=1777497608","contentUrl":"https:\/\/www.ucaldas.edu.co\/portal\/wp-content\/litespeed\/avatar\/09ea5085e600095a7a811142c6944527.jpg?ver=1777497608","caption":"ofiprensa"},"url":"https:\/\/www.ucaldas.edu.co\/portal\/author\/ofiprensa\/"}]}},"_links":{"self":[{"href":"https:\/\/www.ucaldas.edu.co\/portal\/wp-json\/wp\/v2\/posts\/49684","targetHints":{"allow":["GET"]}}],"collection":[{"href":"https:\/\/www.ucaldas.edu.co\/portal\/wp-json\/wp\/v2\/posts"}],"about":[{"href":"https:\/\/www.ucaldas.edu.co\/portal\/wp-json\/wp\/v2\/types\/post"}],"author":[{"embeddable":true,"href":"https:\/\/www.ucaldas.edu.co\/portal\/wp-json\/wp\/v2\/users\/2"}],"replies":[{"embeddable":true,"href":"https:\/\/www.ucaldas.edu.co\/portal\/wp-json\/wp\/v2\/comments?post=49684"}],"version-history":[{"count":0,"href":"https:\/\/www.ucaldas.edu.co\/portal\/wp-json\/wp\/v2\/posts\/49684\/revisions"}],"wp:featuredmedia":[{"embeddable":true,"href":"https:\/\/www.ucaldas.edu.co\/portal\/wp-json\/wp\/v2\/media\/49673"}],"wp:attachment":[{"href":"https:\/\/www.ucaldas.edu.co\/portal\/wp-json\/wp\/v2\/media?parent=49684"}],"wp:term":[{"taxonomy":"category","embeddable":true,"href":"https:\/\/www.ucaldas.edu.co\/portal\/wp-json\/wp\/v2\/categories?post=49684"},{"taxonomy":"post_tag","embeddable":true,"href":"https:\/\/www.ucaldas.edu.co\/portal\/wp-json\/wp\/v2\/tags?post=49684"}],"curies":[{"name":"wp","href":"https:\/\/api.w.org\/{rel}","templated":true}]}}