{"id":49680,"date":"2019-07-18T22:26:42","date_gmt":"2019-07-18T22:26:42","guid":{"rendered":"https:\/\/www.ucaldas.edu.co\/portal\/?p=49680"},"modified":"2019-07-18T22:26:42","modified_gmt":"2019-07-18T22:26:42","slug":"invitacion-a-presentar-proyectos-de-investigacion-creacion-en-artes-investigarte","status":"publish","type":"post","link":"https:\/\/www.ucaldas.edu.co\/portal\/invitacion-a-presentar-proyectos-de-investigacion-creacion-en-artes-investigarte\/","title":{"rendered":"Invitaci\u00f3n a presentar proyectos de Investigaci\u00f3n + Creaci\u00f3n en Artes \u2013 InvestigARTE"},"content":{"rendered":"<p style=\"text-align: center;\">CONVOCATORIA DE COLCIENCIAS<\/p>\n<p style=\"text-align: center;\"><strong>Invitaci\u00f3n a presentar proyectos de Investigaci\u00f3n + Creaci\u00f3n en Artes \u2013 InvestigARTE<\/strong><\/p>\n<p style=\"text-align: right;\">18\/07\/2019<\/p>\n<p><img loading=\"lazy\" decoding=\"async\" class=\"size-full wp-image-49675 aligncenter\" src=\"https:\/\/www.ucaldas.edu.co\/portal\/wp-content\/uploads\/2019\/07\/colciencias.jpg\" alt=\"\" width=\"578\" height=\"281\" srcset=\"https:\/\/www.ucaldas.edu.co\/portal\/wp-content\/uploads\/2019\/07\/colciencias.jpg 578w, https:\/\/www.ucaldas.edu.co\/portal\/wp-content\/uploads\/2019\/07\/colciencias-300x146.jpg 300w\" sizes=\"auto, (max-width: 578px) 100vw, 578px\" \/>La Vicerrector\u00eda de Investigaciones y Posgrados de la Universidad de Caldas, invita a la comunidad cient\u00edfica a presentar proyectos de Investigaci\u00f3n + Creaci\u00f3n en Artes: InvestigARTE liderado por Colciencias, el cual busca fortalecer los grupos de investigaci\u00f3n en las \u00e1reas art\u00edsticas con miras a disminuir la brecha en la generaci\u00f3n de conocimiento en el sector de las artes y el patrimonio cultural.<\/p>\n<p><!--more--><\/p>\n<p>A trav\u00e9s de esta invitaci\u00f3n se busca financiar proyectos de Investigaci\u00f3n + Creaci\u00f3n que favorezcan, estimulen y fomenten la generaci\u00f3n del conocimiento en el \u00e1mbito de saberes y pr\u00e1cticas que visibilicen el quehacer cultural y art\u00edstico en\u00a0 las siguientes l\u00edneas tem\u00e1ticas:<\/p>\n<ul>\n<li>Artes visuales\u00a0(pintura, escultura,\u00a0 fotograf\u00eda, instalaci\u00f3n, nuevos medios, artes gr\u00e1ficas e ilustraci\u00f3n y arte en movimiento)<\/li>\n<li>Artes esc\u00e9nicas\u00a0(teatro,\u00a0 danza,\u00a0 marionetas,\u00a0 moda, m\u00fasica y circo)<\/li>\n<li>Patrimonio cultural material e inmaterial\u00a0(artesan\u00edas, antig\u00fcedades, luter\u00eda, productos t\u00edpicos, gastronom\u00eda, restauraci\u00f3n y patrimonio arquitect\u00f3nico, conocimientos tradicionales, festivales y carnavales)<\/li>\n<\/ul>\n<p>&nbsp;<\/p>\n<p>La propuesta presentada deber\u00e1 ser por grupos de investigaci\u00f3n con reconocimiento vigente al cierre de la invitaci\u00f3n, es decir, aquellos categorizados en A1, A y B cuya \u00e1rea de investigaci\u00f3n est\u00e1 enmarcada en artes.<\/p>\n<p>El cierre de la convocatoria ser\u00e1 el 30 de agosto de 2019. La propuesta no podr\u00e1 exceder los $210.000.000 de pesos y el plazo de ejecuci\u00f3n ser\u00e1 entre 18 y 24 meses.<\/p>\n<p><strong>Informes:<\/strong> Oficina de Comunicaciones y Prensa Universidad de Caldas. Tel\u00e9fono: 8781500 Extensi\u00f3n: 12167<\/p>\n<p><strong>Redacci\u00f3n:<\/strong> Daniela S\u00e1nchez R\u00edos<\/p>\n<p>&nbsp;<\/p>\n","protected":false},"excerpt":{"rendered":"<p>CONVOCATORIA DE COLCIENCIAS Invitaci\u00f3n a presentar proyectos de Investigaci\u00f3n + Creaci\u00f3n en Artes \u2013 InvestigARTE 18\/07\/2019 La Vicerrector\u00eda de Investigaciones y Posgrados de la Universidad de Caldas, invita a la comunidad cient\u00edfica a presentar proyectos de Investigaci\u00f3n + Creaci\u00f3n en Artes: InvestigARTE liderado por Colciencias, el cual busca fortalecer los grupos de investigaci\u00f3n en las [&hellip;]<\/p>\n","protected":false},"author":2,"featured_media":49675,"comment_status":"closed","ping_status":"open","sticky":false,"template":"","format":"standard","meta":{"footnotes":""},"categories":[48,53],"tags":[141,188,191,577,928],"class_list":["post-49680","post","type-post","status-publish","format-standard","has-post-thumbnail","hentry","category-actualidad","category-universidad-al-dia","tag-convocatoria","tag-artes","tag-investigacion","tag-colciencias","tag-creacion"],"yoast_head":"<!-- This site is optimized with the Yoast SEO plugin v27.5 - https:\/\/yoast.com\/product\/yoast-seo-wordpress\/ -->\n<title>Invitaci\u00f3n a presentar proyectos de Investigaci\u00f3n + Creaci\u00f3n en Artes \u2013 InvestigARTE .<\/title>\n<meta name=\"robots\" content=\"index, follow, max-snippet:-1, max-image-preview:large, max-video-preview:-1\" \/>\n<link rel=\"canonical\" href=\"https:\/\/www.ucaldas.edu.co\/portal\/invitacion-a-presentar-proyectos-de-investigacion-creacion-en-artes-investigarte\/\" \/>\n<script type=\"application\/ld+json\" class=\"yoast-schema-graph\">{\"@context\":\"https:\\\/\\\/schema.org\",\"@graph\":[{\"@type\":\"Article\",\"@id\":\"https:\\\/\\\/www.ucaldas.edu.co\\\/portal\\\/invitacion-a-presentar-proyectos-de-investigacion-creacion-en-artes-investigarte\\\/#article\",\"isPartOf\":{\"@id\":\"https:\\\/\\\/www.ucaldas.edu.co\\\/portal\\\/invitacion-a-presentar-proyectos-de-investigacion-creacion-en-artes-investigarte\\\/\"},\"author\":{\"name\":\"ofiprensa\",\"@id\":\"https:\\\/\\\/www.ucaldas.edu.co\\\/portal\\\/#\\\/schema\\\/person\\\/a1b482e23449158b4bc319926c074fdf\"},\"headline\":\"Invitaci\u00f3n a presentar proyectos de Investigaci\u00f3n + Creaci\u00f3n en Artes \u2013 InvestigARTE\",\"datePublished\":\"2019-07-18T22:26:42+00:00\",\"mainEntityOfPage\":{\"@id\":\"https:\\\/\\\/www.ucaldas.edu.co\\\/portal\\\/invitacion-a-presentar-proyectos-de-investigacion-creacion-en-artes-investigarte\\\/\"},\"wordCount\":291,\"publisher\":{\"@id\":\"https:\\\/\\\/www.ucaldas.edu.co\\\/portal\\\/#organization\"},\"image\":{\"@id\":\"https:\\\/\\\/www.ucaldas.edu.co\\\/portal\\\/invitacion-a-presentar-proyectos-de-investigacion-creacion-en-artes-investigarte\\\/#primaryimage\"},\"thumbnailUrl\":\"https:\\\/\\\/www.ucaldas.edu.co\\\/portal\\\/wp-content\\\/uploads\\\/2019\\\/07\\\/colciencias.jpg\",\"keywords\":[\"Convocatoria\",\"artes\",\"investigaci\u00f3n\",\"Colciencias\",\"creaci\u00f3n\"],\"articleSection\":[\"Actualidad\",\"Universidad al D\u00eda\"],\"inLanguage\":\"es\"},{\"@type\":\"WebPage\",\"@id\":\"https:\\\/\\\/www.ucaldas.edu.co\\\/portal\\\/invitacion-a-presentar-proyectos-de-investigacion-creacion-en-artes-investigarte\\\/\",\"url\":\"https:\\\/\\\/www.ucaldas.edu.co\\\/portal\\\/invitacion-a-presentar-proyectos-de-investigacion-creacion-en-artes-investigarte\\\/\",\"name\":\"Invitaci\u00f3n a presentar proyectos de Investigaci\u00f3n + Creaci\u00f3n en Artes \u2013 InvestigARTE .\",\"isPartOf\":{\"@id\":\"https:\\\/\\\/www.ucaldas.edu.co\\\/portal\\\/#website\"},\"primaryImageOfPage\":{\"@id\":\"https:\\\/\\\/www.ucaldas.edu.co\\\/portal\\\/invitacion-a-presentar-proyectos-de-investigacion-creacion-en-artes-investigarte\\\/#primaryimage\"},\"image\":{\"@id\":\"https:\\\/\\\/www.ucaldas.edu.co\\\/portal\\\/invitacion-a-presentar-proyectos-de-investigacion-creacion-en-artes-investigarte\\\/#primaryimage\"},\"thumbnailUrl\":\"https:\\\/\\\/www.ucaldas.edu.co\\\/portal\\\/wp-content\\\/uploads\\\/2019\\\/07\\\/colciencias.jpg\",\"datePublished\":\"2019-07-18T22:26:42+00:00\",\"breadcrumb\":{\"@id\":\"https:\\\/\\\/www.ucaldas.edu.co\\\/portal\\\/invitacion-a-presentar-proyectos-de-investigacion-creacion-en-artes-investigarte\\\/#breadcrumb\"},\"inLanguage\":\"es\",\"potentialAction\":[{\"@type\":\"ReadAction\",\"target\":[\"https:\\\/\\\/www.ucaldas.edu.co\\\/portal\\\/invitacion-a-presentar-proyectos-de-investigacion-creacion-en-artes-investigarte\\\/\"]}]},{\"@type\":\"ImageObject\",\"inLanguage\":\"es\",\"@id\":\"https:\\\/\\\/www.ucaldas.edu.co\\\/portal\\\/invitacion-a-presentar-proyectos-de-investigacion-creacion-en-artes-investigarte\\\/#primaryimage\",\"url\":\"https:\\\/\\\/www.ucaldas.edu.co\\\/portal\\\/wp-content\\\/uploads\\\/2019\\\/07\\\/colciencias.jpg\",\"contentUrl\":\"https:\\\/\\\/www.ucaldas.edu.co\\\/portal\\\/wp-content\\\/uploads\\\/2019\\\/07\\\/colciencias.jpg\",\"width\":578,\"height\":281},{\"@type\":\"BreadcrumbList\",\"@id\":\"https:\\\/\\\/www.ucaldas.edu.co\\\/portal\\\/invitacion-a-presentar-proyectos-de-investigacion-creacion-en-artes-investigarte\\\/#breadcrumb\",\"itemListElement\":[{\"@type\":\"ListItem\",\"position\":1,\"name\":\"Portada\",\"item\":\"https:\\\/\\\/www.ucaldas.edu.co\\\/portal\\\/\"},{\"@type\":\"ListItem\",\"position\":2,\"name\":\"Invitaci\u00f3n a presentar proyectos de Investigaci\u00f3n + Creaci\u00f3n en Artes \u2013 InvestigARTE\"}]},{\"@type\":\"WebSite\",\"@id\":\"https:\\\/\\\/www.ucaldas.edu.co\\\/portal\\\/#website\",\"url\":\"https:\\\/\\\/www.ucaldas.edu.co\\\/portal\\\/\",\"name\":\"Universidad de Caldas\",\"description\":\"\",\"publisher\":{\"@id\":\"https:\\\/\\\/www.ucaldas.edu.co\\\/portal\\\/#organization\"},\"alternateName\":\"U. de Caldas\",\"potentialAction\":[{\"@type\":\"SearchAction\",\"target\":{\"@type\":\"EntryPoint\",\"urlTemplate\":\"https:\\\/\\\/www.ucaldas.edu.co\\\/portal\\\/?s={search_term_string}\"},\"query-input\":{\"@type\":\"PropertyValueSpecification\",\"valueRequired\":true,\"valueName\":\"search_term_string\"}}],\"inLanguage\":\"es\"},{\"@type\":\"Organization\",\"@id\":\"https:\\\/\\\/www.ucaldas.edu.co\\\/portal\\\/#organization\",\"name\":\"Universidad de Caldas\",\"alternateName\":\"U. de Caldas\",\"url\":\"https:\\\/\\\/www.ucaldas.edu.co\\\/portal\\\/\",\"logo\":{\"@type\":\"ImageObject\",\"inLanguage\":\"es\",\"@id\":\"https:\\\/\\\/www.ucaldas.edu.co\\\/portal\\\/#\\\/schema\\\/logo\\\/image\\\/\",\"url\":\"https:\\\/\\\/www.ucaldas.edu.co\\\/portal\\\/wp-content\\\/uploads\\\/2023\\\/11\\\/Logo_horizontal_oscuroU-2023.png\",\"contentUrl\":\"https:\\\/\\\/www.ucaldas.edu.co\\\/portal\\\/wp-content\\\/uploads\\\/2023\\\/11\\\/Logo_horizontal_oscuroU-2023.png\",\"width\":263,\"height\":101,\"caption\":\"Universidad de Caldas\"},\"image\":{\"@id\":\"https:\\\/\\\/www.ucaldas.edu.co\\\/portal\\\/#\\\/schema\\\/logo\\\/image\\\/\"},\"sameAs\":[\"https:\\\/\\\/www.facebook.com\\\/udecaldas\",\"https:\\\/\\\/x.com\\\/udecaldas\",\"https:\\\/\\\/www.youtube.com\\\/universidadcaldas\",\"https:\\\/\\\/www.instagram.com\\\/udecaldas\\\/\"]},{\"@type\":\"Person\",\"@id\":\"https:\\\/\\\/www.ucaldas.edu.co\\\/portal\\\/#\\\/schema\\\/person\\\/a1b482e23449158b4bc319926c074fdf\",\"name\":\"ofiprensa\",\"image\":{\"@type\":\"ImageObject\",\"inLanguage\":\"es\",\"@id\":\"https:\\\/\\\/www.ucaldas.edu.co\\\/portal\\\/wp-content\\\/litespeed\\\/avatar\\\/09ea5085e600095a7a811142c6944527.jpg?ver=1777497608\",\"url\":\"https:\\\/\\\/www.ucaldas.edu.co\\\/portal\\\/wp-content\\\/litespeed\\\/avatar\\\/09ea5085e600095a7a811142c6944527.jpg?ver=1777497608\",\"contentUrl\":\"https:\\\/\\\/www.ucaldas.edu.co\\\/portal\\\/wp-content\\\/litespeed\\\/avatar\\\/09ea5085e600095a7a811142c6944527.jpg?ver=1777497608\",\"caption\":\"ofiprensa\"},\"url\":\"https:\\\/\\\/www.ucaldas.edu.co\\\/portal\\\/author\\\/ofiprensa\\\/\"}]}<\/script>\n<!-- \/ Yoast SEO plugin. -->","yoast_head_json":{"title":"Invitaci\u00f3n a presentar proyectos de Investigaci\u00f3n + Creaci\u00f3n en Artes \u2013 InvestigARTE .","robots":{"index":"index","follow":"follow","max-snippet":"max-snippet:-1","max-image-preview":"max-image-preview:large","max-video-preview":"max-video-preview:-1"},"canonical":"https:\/\/www.ucaldas.edu.co\/portal\/invitacion-a-presentar-proyectos-de-investigacion-creacion-en-artes-investigarte\/","schema":{"@context":"https:\/\/schema.org","@graph":[{"@type":"Article","@id":"https:\/\/www.ucaldas.edu.co\/portal\/invitacion-a-presentar-proyectos-de-investigacion-creacion-en-artes-investigarte\/#article","isPartOf":{"@id":"https:\/\/www.ucaldas.edu.co\/portal\/invitacion-a-presentar-proyectos-de-investigacion-creacion-en-artes-investigarte\/"},"author":{"name":"ofiprensa","@id":"https:\/\/www.ucaldas.edu.co\/portal\/#\/schema\/person\/a1b482e23449158b4bc319926c074fdf"},"headline":"Invitaci\u00f3n a presentar proyectos de Investigaci\u00f3n + Creaci\u00f3n en Artes \u2013 InvestigARTE","datePublished":"2019-07-18T22:26:42+00:00","mainEntityOfPage":{"@id":"https:\/\/www.ucaldas.edu.co\/portal\/invitacion-a-presentar-proyectos-de-investigacion-creacion-en-artes-investigarte\/"},"wordCount":291,"publisher":{"@id":"https:\/\/www.ucaldas.edu.co\/portal\/#organization"},"image":{"@id":"https:\/\/www.ucaldas.edu.co\/portal\/invitacion-a-presentar-proyectos-de-investigacion-creacion-en-artes-investigarte\/#primaryimage"},"thumbnailUrl":"https:\/\/www.ucaldas.edu.co\/portal\/wp-content\/uploads\/2019\/07\/colciencias.jpg","keywords":["Convocatoria","artes","investigaci\u00f3n","Colciencias","creaci\u00f3n"],"articleSection":["Actualidad","Universidad al D\u00eda"],"inLanguage":"es"},{"@type":"WebPage","@id":"https:\/\/www.ucaldas.edu.co\/portal\/invitacion-a-presentar-proyectos-de-investigacion-creacion-en-artes-investigarte\/","url":"https:\/\/www.ucaldas.edu.co\/portal\/invitacion-a-presentar-proyectos-de-investigacion-creacion-en-artes-investigarte\/","name":"Invitaci\u00f3n a presentar proyectos de Investigaci\u00f3n + Creaci\u00f3n en Artes \u2013 InvestigARTE .","isPartOf":{"@id":"https:\/\/www.ucaldas.edu.co\/portal\/#website"},"primaryImageOfPage":{"@id":"https:\/\/www.ucaldas.edu.co\/portal\/invitacion-a-presentar-proyectos-de-investigacion-creacion-en-artes-investigarte\/#primaryimage"},"image":{"@id":"https:\/\/www.ucaldas.edu.co\/portal\/invitacion-a-presentar-proyectos-de-investigacion-creacion-en-artes-investigarte\/#primaryimage"},"thumbnailUrl":"https:\/\/www.ucaldas.edu.co\/portal\/wp-content\/uploads\/2019\/07\/colciencias.jpg","datePublished":"2019-07-18T22:26:42+00:00","breadcrumb":{"@id":"https:\/\/www.ucaldas.edu.co\/portal\/invitacion-a-presentar-proyectos-de-investigacion-creacion-en-artes-investigarte\/#breadcrumb"},"inLanguage":"es","potentialAction":[{"@type":"ReadAction","target":["https:\/\/www.ucaldas.edu.co\/portal\/invitacion-a-presentar-proyectos-de-investigacion-creacion-en-artes-investigarte\/"]}]},{"@type":"ImageObject","inLanguage":"es","@id":"https:\/\/www.ucaldas.edu.co\/portal\/invitacion-a-presentar-proyectos-de-investigacion-creacion-en-artes-investigarte\/#primaryimage","url":"https:\/\/www.ucaldas.edu.co\/portal\/wp-content\/uploads\/2019\/07\/colciencias.jpg","contentUrl":"https:\/\/www.ucaldas.edu.co\/portal\/wp-content\/uploads\/2019\/07\/colciencias.jpg","width":578,"height":281},{"@type":"BreadcrumbList","@id":"https:\/\/www.ucaldas.edu.co\/portal\/invitacion-a-presentar-proyectos-de-investigacion-creacion-en-artes-investigarte\/#breadcrumb","itemListElement":[{"@type":"ListItem","position":1,"name":"Portada","item":"https:\/\/www.ucaldas.edu.co\/portal\/"},{"@type":"ListItem","position":2,"name":"Invitaci\u00f3n a presentar proyectos de Investigaci\u00f3n + Creaci\u00f3n en Artes \u2013 InvestigARTE"}]},{"@type":"WebSite","@id":"https:\/\/www.ucaldas.edu.co\/portal\/#website","url":"https:\/\/www.ucaldas.edu.co\/portal\/","name":"Universidad de Caldas","description":"","publisher":{"@id":"https:\/\/www.ucaldas.edu.co\/portal\/#organization"},"alternateName":"U. de Caldas","potentialAction":[{"@type":"SearchAction","target":{"@type":"EntryPoint","urlTemplate":"https:\/\/www.ucaldas.edu.co\/portal\/?s={search_term_string}"},"query-input":{"@type":"PropertyValueSpecification","valueRequired":true,"valueName":"search_term_string"}}],"inLanguage":"es"},{"@type":"Organization","@id":"https:\/\/www.ucaldas.edu.co\/portal\/#organization","name":"Universidad de Caldas","alternateName":"U. de Caldas","url":"https:\/\/www.ucaldas.edu.co\/portal\/","logo":{"@type":"ImageObject","inLanguage":"es","@id":"https:\/\/www.ucaldas.edu.co\/portal\/#\/schema\/logo\/image\/","url":"https:\/\/www.ucaldas.edu.co\/portal\/wp-content\/uploads\/2023\/11\/Logo_horizontal_oscuroU-2023.png","contentUrl":"https:\/\/www.ucaldas.edu.co\/portal\/wp-content\/uploads\/2023\/11\/Logo_horizontal_oscuroU-2023.png","width":263,"height":101,"caption":"Universidad de Caldas"},"image":{"@id":"https:\/\/www.ucaldas.edu.co\/portal\/#\/schema\/logo\/image\/"},"sameAs":["https:\/\/www.facebook.com\/udecaldas","https:\/\/x.com\/udecaldas","https:\/\/www.youtube.com\/universidadcaldas","https:\/\/www.instagram.com\/udecaldas\/"]},{"@type":"Person","@id":"https:\/\/www.ucaldas.edu.co\/portal\/#\/schema\/person\/a1b482e23449158b4bc319926c074fdf","name":"ofiprensa","image":{"@type":"ImageObject","inLanguage":"es","@id":"https:\/\/www.ucaldas.edu.co\/portal\/wp-content\/litespeed\/avatar\/09ea5085e600095a7a811142c6944527.jpg?ver=1777497608","url":"https:\/\/www.ucaldas.edu.co\/portal\/wp-content\/litespeed\/avatar\/09ea5085e600095a7a811142c6944527.jpg?ver=1777497608","contentUrl":"https:\/\/www.ucaldas.edu.co\/portal\/wp-content\/litespeed\/avatar\/09ea5085e600095a7a811142c6944527.jpg?ver=1777497608","caption":"ofiprensa"},"url":"https:\/\/www.ucaldas.edu.co\/portal\/author\/ofiprensa\/"}]}},"_links":{"self":[{"href":"https:\/\/www.ucaldas.edu.co\/portal\/wp-json\/wp\/v2\/posts\/49680","targetHints":{"allow":["GET"]}}],"collection":[{"href":"https:\/\/www.ucaldas.edu.co\/portal\/wp-json\/wp\/v2\/posts"}],"about":[{"href":"https:\/\/www.ucaldas.edu.co\/portal\/wp-json\/wp\/v2\/types\/post"}],"author":[{"embeddable":true,"href":"https:\/\/www.ucaldas.edu.co\/portal\/wp-json\/wp\/v2\/users\/2"}],"replies":[{"embeddable":true,"href":"https:\/\/www.ucaldas.edu.co\/portal\/wp-json\/wp\/v2\/comments?post=49680"}],"version-history":[{"count":0,"href":"https:\/\/www.ucaldas.edu.co\/portal\/wp-json\/wp\/v2\/posts\/49680\/revisions"}],"wp:featuredmedia":[{"embeddable":true,"href":"https:\/\/www.ucaldas.edu.co\/portal\/wp-json\/wp\/v2\/media\/49675"}],"wp:attachment":[{"href":"https:\/\/www.ucaldas.edu.co\/portal\/wp-json\/wp\/v2\/media?parent=49680"}],"wp:term":[{"taxonomy":"category","embeddable":true,"href":"https:\/\/www.ucaldas.edu.co\/portal\/wp-json\/wp\/v2\/categories?post=49680"},{"taxonomy":"post_tag","embeddable":true,"href":"https:\/\/www.ucaldas.edu.co\/portal\/wp-json\/wp\/v2\/tags?post=49680"}],"curies":[{"name":"wp","href":"https:\/\/api.w.org\/{rel}","templated":true}]}}