{"id":49592,"date":"2019-07-15T23:08:05","date_gmt":"2019-07-15T23:08:05","guid":{"rendered":"https:\/\/www.ucaldas.edu.co\/portal\/?p=49592"},"modified":"2019-07-15T23:08:05","modified_gmt":"2019-07-15T23:08:05","slug":"rector-u-de-caldas-presento-situacion-financiera-de-la-institucion-ante-el-consejo-de-facultad-de-ciencias-juridicas-y-sociales","status":"publish","type":"post","link":"https:\/\/www.ucaldas.edu.co\/portal\/rector-u-de-caldas-presento-situacion-financiera-de-la-institucion-ante-el-consejo-de-facultad-de-ciencias-juridicas-y-sociales\/","title":{"rendered":"Rector U. de Caldas present\u00f3 situaci\u00f3n financiera de la instituci\u00f3n ante el Consejo de Facultad de Ciencias Jur\u00eddicas y Sociales"},"content":{"rendered":"<p style=\"text-align: center;\"><strong>\u00a0<\/strong>ACTIVIDAD QUE PROMUEVE LA TRANSPARENCIA EN LA UNIVERSIDAD DE CALDAS<\/p>\n<p style=\"text-align: center;\"><strong>Rector U. de Caldas present\u00f3 situaci\u00f3n financiera de la instituci\u00f3n ante el Consejo de Facultad de Ciencias Jur\u00eddicas y Sociales<\/strong><\/p>\n<p style=\"text-align: right;\"><img loading=\"lazy\" decoding=\"async\" class=\"alignnone size-full wp-image-49580\" src=\"https:\/\/www.ucaldas.edu.co\/portal\/wp-content\/uploads\/2019\/07\/financiera-compressor.png\" alt=\"\" width=\"700\" height=\"400\" srcset=\"https:\/\/www.ucaldas.edu.co\/portal\/wp-content\/uploads\/2019\/07\/financiera-compressor.png 700w, https:\/\/www.ucaldas.edu.co\/portal\/wp-content\/uploads\/2019\/07\/financiera-compressor-300x171.png 300w\" sizes=\"auto, (max-width: 700px) 100vw, 700px\" \/>15\/07\/2019<\/p>\n<p>&nbsp;<\/p>\n<p>Durante el Consejo de la Facultad de Ciencias Jur\u00eddicas y Sociales, Alejandro Ceballos M\u00e1rquez, Rector de la Universidad de Caldas, present\u00f3 ante los asistentes la actual situaci\u00f3n financiera de la instituci\u00f3n.<\/p>\n<p><!--more--><\/p>\n<p>Carlos Alberto Agudelo Agudelo, Decano Facultad de Ciencias Jur\u00eddicas y Sociales, coment\u00f3 que estos espacios son relevantes para que la comunidad universitaria tenga mayor informaci\u00f3n en cuanto a datos y presupuestos. Agreg\u00f3 que tambi\u00e9n era importante poner en conocimiento el plan de acci\u00f3n que la administraci\u00f3n tiene para mitigar el d\u00e9ficit financiero.<\/p>\n<p>&nbsp;<\/p>\n<p>Durante la presentaci\u00f3n del rector U. de Caldas, expuso la ejecuci\u00f3n presupuestal que se lleva a cabo, exponiendo los ingresos y gastos que anualmente debe cumplir la universidad. Finalmente se mostraron los requerimientos que la instituci\u00f3n demanda para su funcionamiento durante el presente a\u00f1o.<\/p>\n<p>&nbsp;<\/p>\n<p><strong>Informes:<\/strong> Oficina de Comunicaciones y Prensa Universidad de Caldas. Tel\u00e9fono: 8781500 Extensi\u00f3n: 12167<\/p>\n<p><strong>Redacci\u00f3n:<\/strong> Mateo Buritic\u00e1 Giraldo<\/p>\n<p>&nbsp;<\/p>\n","protected":false},"excerpt":{"rendered":"<p>\u00a0ACTIVIDAD QUE PROMUEVE LA TRANSPARENCIA EN LA UNIVERSIDAD DE CALDAS Rector U. de Caldas present\u00f3 situaci\u00f3n financiera de la instituci\u00f3n ante el Consejo de Facultad de Ciencias Jur\u00eddicas y Sociales 15\/07\/2019 &nbsp; Durante el Consejo de la Facultad de Ciencias Jur\u00eddicas y Sociales, Alejandro Ceballos M\u00e1rquez, Rector de la Universidad de Caldas, present\u00f3 ante los [&hellip;]<\/p>\n","protected":false},"author":2,"featured_media":49580,"comment_status":"closed","ping_status":"open","sticky":false,"template":"","format":"standard","meta":{"footnotes":""},"categories":[53,48],"tags":[3030,3076,3346,2130],"class_list":["post-49592","post","type-post","status-publish","format-standard","has-post-thumbnail","hentry","category-universidad-al-dia","category-actualidad","tag-deficit","tag-situacion-financiera","tag-rector-u-caldas","tag-consejo-de-facultad"],"yoast_head":"<!-- This site is optimized with the Yoast SEO plugin v27.5 - https:\/\/yoast.com\/product\/yoast-seo-wordpress\/ -->\n<title>Rector U. de Caldas present\u00f3 situaci\u00f3n financiera de la instituci\u00f3n ante el Consejo de Facultad de Ciencias Jur\u00eddicas y Sociales .<\/title>\n<meta name=\"robots\" content=\"index, follow, max-snippet:-1, max-image-preview:large, max-video-preview:-1\" \/>\n<link rel=\"canonical\" href=\"https:\/\/www.ucaldas.edu.co\/portal\/rector-u-de-caldas-presento-situacion-financiera-de-la-institucion-ante-el-consejo-de-facultad-de-ciencias-juridicas-y-sociales\/\" \/>\n<script type=\"application\/ld+json\" class=\"yoast-schema-graph\">{\"@context\":\"https:\\\/\\\/schema.org\",\"@graph\":[{\"@type\":\"Article\",\"@id\":\"https:\\\/\\\/www.ucaldas.edu.co\\\/portal\\\/rector-u-de-caldas-presento-situacion-financiera-de-la-institucion-ante-el-consejo-de-facultad-de-ciencias-juridicas-y-sociales\\\/#article\",\"isPartOf\":{\"@id\":\"https:\\\/\\\/www.ucaldas.edu.co\\\/portal\\\/rector-u-de-caldas-presento-situacion-financiera-de-la-institucion-ante-el-consejo-de-facultad-de-ciencias-juridicas-y-sociales\\\/\"},\"author\":{\"name\":\"ofiprensa\",\"@id\":\"https:\\\/\\\/www.ucaldas.edu.co\\\/portal\\\/#\\\/schema\\\/person\\\/a1b482e23449158b4bc319926c074fdf\"},\"headline\":\"Rector U. de Caldas present\u00f3 situaci\u00f3n financiera de la instituci\u00f3n ante el Consejo de Facultad de Ciencias Jur\u00eddicas y Sociales\",\"datePublished\":\"2019-07-15T23:08:05+00:00\",\"mainEntityOfPage\":{\"@id\":\"https:\\\/\\\/www.ucaldas.edu.co\\\/portal\\\/rector-u-de-caldas-presento-situacion-financiera-de-la-institucion-ante-el-consejo-de-facultad-de-ciencias-juridicas-y-sociales\\\/\"},\"wordCount\":219,\"publisher\":{\"@id\":\"https:\\\/\\\/www.ucaldas.edu.co\\\/portal\\\/#organization\"},\"image\":{\"@id\":\"https:\\\/\\\/www.ucaldas.edu.co\\\/portal\\\/rector-u-de-caldas-presento-situacion-financiera-de-la-institucion-ante-el-consejo-de-facultad-de-ciencias-juridicas-y-sociales\\\/#primaryimage\"},\"thumbnailUrl\":\"https:\\\/\\\/www.ucaldas.edu.co\\\/portal\\\/wp-content\\\/uploads\\\/2019\\\/07\\\/financiera-compressor.png\",\"keywords\":[\"d\u00e9ficit\",\"situaci\u00f3n financiera\",\"rector u. caldas\",\"consejo de facultad\"],\"articleSection\":[\"Universidad al D\u00eda\",\"Actualidad\"],\"inLanguage\":\"es\"},{\"@type\":\"WebPage\",\"@id\":\"https:\\\/\\\/www.ucaldas.edu.co\\\/portal\\\/rector-u-de-caldas-presento-situacion-financiera-de-la-institucion-ante-el-consejo-de-facultad-de-ciencias-juridicas-y-sociales\\\/\",\"url\":\"https:\\\/\\\/www.ucaldas.edu.co\\\/portal\\\/rector-u-de-caldas-presento-situacion-financiera-de-la-institucion-ante-el-consejo-de-facultad-de-ciencias-juridicas-y-sociales\\\/\",\"name\":\"Rector U. de Caldas present\u00f3 situaci\u00f3n financiera de la instituci\u00f3n ante el Consejo de Facultad de Ciencias Jur\u00eddicas y Sociales .\",\"isPartOf\":{\"@id\":\"https:\\\/\\\/www.ucaldas.edu.co\\\/portal\\\/#website\"},\"primaryImageOfPage\":{\"@id\":\"https:\\\/\\\/www.ucaldas.edu.co\\\/portal\\\/rector-u-de-caldas-presento-situacion-financiera-de-la-institucion-ante-el-consejo-de-facultad-de-ciencias-juridicas-y-sociales\\\/#primaryimage\"},\"image\":{\"@id\":\"https:\\\/\\\/www.ucaldas.edu.co\\\/portal\\\/rector-u-de-caldas-presento-situacion-financiera-de-la-institucion-ante-el-consejo-de-facultad-de-ciencias-juridicas-y-sociales\\\/#primaryimage\"},\"thumbnailUrl\":\"https:\\\/\\\/www.ucaldas.edu.co\\\/portal\\\/wp-content\\\/uploads\\\/2019\\\/07\\\/financiera-compressor.png\",\"datePublished\":\"2019-07-15T23:08:05+00:00\",\"breadcrumb\":{\"@id\":\"https:\\\/\\\/www.ucaldas.edu.co\\\/portal\\\/rector-u-de-caldas-presento-situacion-financiera-de-la-institucion-ante-el-consejo-de-facultad-de-ciencias-juridicas-y-sociales\\\/#breadcrumb\"},\"inLanguage\":\"es\",\"potentialAction\":[{\"@type\":\"ReadAction\",\"target\":[\"https:\\\/\\\/www.ucaldas.edu.co\\\/portal\\\/rector-u-de-caldas-presento-situacion-financiera-de-la-institucion-ante-el-consejo-de-facultad-de-ciencias-juridicas-y-sociales\\\/\"]}]},{\"@type\":\"ImageObject\",\"inLanguage\":\"es\",\"@id\":\"https:\\\/\\\/www.ucaldas.edu.co\\\/portal\\\/rector-u-de-caldas-presento-situacion-financiera-de-la-institucion-ante-el-consejo-de-facultad-de-ciencias-juridicas-y-sociales\\\/#primaryimage\",\"url\":\"https:\\\/\\\/www.ucaldas.edu.co\\\/portal\\\/wp-content\\\/uploads\\\/2019\\\/07\\\/financiera-compressor.png\",\"contentUrl\":\"https:\\\/\\\/www.ucaldas.edu.co\\\/portal\\\/wp-content\\\/uploads\\\/2019\\\/07\\\/financiera-compressor.png\",\"width\":700,\"height\":400},{\"@type\":\"BreadcrumbList\",\"@id\":\"https:\\\/\\\/www.ucaldas.edu.co\\\/portal\\\/rector-u-de-caldas-presento-situacion-financiera-de-la-institucion-ante-el-consejo-de-facultad-de-ciencias-juridicas-y-sociales\\\/#breadcrumb\",\"itemListElement\":[{\"@type\":\"ListItem\",\"position\":1,\"name\":\"Portada\",\"item\":\"https:\\\/\\\/www.ucaldas.edu.co\\\/portal\\\/\"},{\"@type\":\"ListItem\",\"position\":2,\"name\":\"Rector U. de Caldas present\u00f3 situaci\u00f3n financiera de la instituci\u00f3n ante el Consejo de Facultad de Ciencias Jur\u00eddicas y Sociales\"}]},{\"@type\":\"WebSite\",\"@id\":\"https:\\\/\\\/www.ucaldas.edu.co\\\/portal\\\/#website\",\"url\":\"https:\\\/\\\/www.ucaldas.edu.co\\\/portal\\\/\",\"name\":\"Universidad de Caldas\",\"description\":\"\",\"publisher\":{\"@id\":\"https:\\\/\\\/www.ucaldas.edu.co\\\/portal\\\/#organization\"},\"alternateName\":\"U. de Caldas\",\"potentialAction\":[{\"@type\":\"SearchAction\",\"target\":{\"@type\":\"EntryPoint\",\"urlTemplate\":\"https:\\\/\\\/www.ucaldas.edu.co\\\/portal\\\/?s={search_term_string}\"},\"query-input\":{\"@type\":\"PropertyValueSpecification\",\"valueRequired\":true,\"valueName\":\"search_term_string\"}}],\"inLanguage\":\"es\"},{\"@type\":\"Organization\",\"@id\":\"https:\\\/\\\/www.ucaldas.edu.co\\\/portal\\\/#organization\",\"name\":\"Universidad de Caldas\",\"alternateName\":\"U. de Caldas\",\"url\":\"https:\\\/\\\/www.ucaldas.edu.co\\\/portal\\\/\",\"logo\":{\"@type\":\"ImageObject\",\"inLanguage\":\"es\",\"@id\":\"https:\\\/\\\/www.ucaldas.edu.co\\\/portal\\\/#\\\/schema\\\/logo\\\/image\\\/\",\"url\":\"https:\\\/\\\/www.ucaldas.edu.co\\\/portal\\\/wp-content\\\/uploads\\\/2023\\\/11\\\/Logo_horizontal_oscuroU-2023.png\",\"contentUrl\":\"https:\\\/\\\/www.ucaldas.edu.co\\\/portal\\\/wp-content\\\/uploads\\\/2023\\\/11\\\/Logo_horizontal_oscuroU-2023.png\",\"width\":263,\"height\":101,\"caption\":\"Universidad de Caldas\"},\"image\":{\"@id\":\"https:\\\/\\\/www.ucaldas.edu.co\\\/portal\\\/#\\\/schema\\\/logo\\\/image\\\/\"},\"sameAs\":[\"https:\\\/\\\/www.facebook.com\\\/udecaldas\",\"https:\\\/\\\/x.com\\\/udecaldas\",\"https:\\\/\\\/www.youtube.com\\\/universidadcaldas\",\"https:\\\/\\\/www.instagram.com\\\/udecaldas\\\/\"]},{\"@type\":\"Person\",\"@id\":\"https:\\\/\\\/www.ucaldas.edu.co\\\/portal\\\/#\\\/schema\\\/person\\\/a1b482e23449158b4bc319926c074fdf\",\"name\":\"ofiprensa\",\"image\":{\"@type\":\"ImageObject\",\"inLanguage\":\"es\",\"@id\":\"https:\\\/\\\/www.ucaldas.edu.co\\\/portal\\\/wp-content\\\/litespeed\\\/avatar\\\/09ea5085e600095a7a811142c6944527.jpg?ver=1777497608\",\"url\":\"https:\\\/\\\/www.ucaldas.edu.co\\\/portal\\\/wp-content\\\/litespeed\\\/avatar\\\/09ea5085e600095a7a811142c6944527.jpg?ver=1777497608\",\"contentUrl\":\"https:\\\/\\\/www.ucaldas.edu.co\\\/portal\\\/wp-content\\\/litespeed\\\/avatar\\\/09ea5085e600095a7a811142c6944527.jpg?ver=1777497608\",\"caption\":\"ofiprensa\"},\"url\":\"https:\\\/\\\/www.ucaldas.edu.co\\\/portal\\\/author\\\/ofiprensa\\\/\"}]}<\/script>\n<!-- \/ Yoast SEO plugin. -->","yoast_head_json":{"title":"Rector U. de Caldas present\u00f3 situaci\u00f3n financiera de la instituci\u00f3n ante el Consejo de Facultad de Ciencias Jur\u00eddicas y Sociales .","robots":{"index":"index","follow":"follow","max-snippet":"max-snippet:-1","max-image-preview":"max-image-preview:large","max-video-preview":"max-video-preview:-1"},"canonical":"https:\/\/www.ucaldas.edu.co\/portal\/rector-u-de-caldas-presento-situacion-financiera-de-la-institucion-ante-el-consejo-de-facultad-de-ciencias-juridicas-y-sociales\/","schema":{"@context":"https:\/\/schema.org","@graph":[{"@type":"Article","@id":"https:\/\/www.ucaldas.edu.co\/portal\/rector-u-de-caldas-presento-situacion-financiera-de-la-institucion-ante-el-consejo-de-facultad-de-ciencias-juridicas-y-sociales\/#article","isPartOf":{"@id":"https:\/\/www.ucaldas.edu.co\/portal\/rector-u-de-caldas-presento-situacion-financiera-de-la-institucion-ante-el-consejo-de-facultad-de-ciencias-juridicas-y-sociales\/"},"author":{"name":"ofiprensa","@id":"https:\/\/www.ucaldas.edu.co\/portal\/#\/schema\/person\/a1b482e23449158b4bc319926c074fdf"},"headline":"Rector U. de Caldas present\u00f3 situaci\u00f3n financiera de la instituci\u00f3n ante el Consejo de Facultad de Ciencias Jur\u00eddicas y Sociales","datePublished":"2019-07-15T23:08:05+00:00","mainEntityOfPage":{"@id":"https:\/\/www.ucaldas.edu.co\/portal\/rector-u-de-caldas-presento-situacion-financiera-de-la-institucion-ante-el-consejo-de-facultad-de-ciencias-juridicas-y-sociales\/"},"wordCount":219,"publisher":{"@id":"https:\/\/www.ucaldas.edu.co\/portal\/#organization"},"image":{"@id":"https:\/\/www.ucaldas.edu.co\/portal\/rector-u-de-caldas-presento-situacion-financiera-de-la-institucion-ante-el-consejo-de-facultad-de-ciencias-juridicas-y-sociales\/#primaryimage"},"thumbnailUrl":"https:\/\/www.ucaldas.edu.co\/portal\/wp-content\/uploads\/2019\/07\/financiera-compressor.png","keywords":["d\u00e9ficit","situaci\u00f3n financiera","rector u. caldas","consejo de facultad"],"articleSection":["Universidad al D\u00eda","Actualidad"],"inLanguage":"es"},{"@type":"WebPage","@id":"https:\/\/www.ucaldas.edu.co\/portal\/rector-u-de-caldas-presento-situacion-financiera-de-la-institucion-ante-el-consejo-de-facultad-de-ciencias-juridicas-y-sociales\/","url":"https:\/\/www.ucaldas.edu.co\/portal\/rector-u-de-caldas-presento-situacion-financiera-de-la-institucion-ante-el-consejo-de-facultad-de-ciencias-juridicas-y-sociales\/","name":"Rector U. de Caldas present\u00f3 situaci\u00f3n financiera de la instituci\u00f3n ante el Consejo de Facultad de Ciencias Jur\u00eddicas y Sociales .","isPartOf":{"@id":"https:\/\/www.ucaldas.edu.co\/portal\/#website"},"primaryImageOfPage":{"@id":"https:\/\/www.ucaldas.edu.co\/portal\/rector-u-de-caldas-presento-situacion-financiera-de-la-institucion-ante-el-consejo-de-facultad-de-ciencias-juridicas-y-sociales\/#primaryimage"},"image":{"@id":"https:\/\/www.ucaldas.edu.co\/portal\/rector-u-de-caldas-presento-situacion-financiera-de-la-institucion-ante-el-consejo-de-facultad-de-ciencias-juridicas-y-sociales\/#primaryimage"},"thumbnailUrl":"https:\/\/www.ucaldas.edu.co\/portal\/wp-content\/uploads\/2019\/07\/financiera-compressor.png","datePublished":"2019-07-15T23:08:05+00:00","breadcrumb":{"@id":"https:\/\/www.ucaldas.edu.co\/portal\/rector-u-de-caldas-presento-situacion-financiera-de-la-institucion-ante-el-consejo-de-facultad-de-ciencias-juridicas-y-sociales\/#breadcrumb"},"inLanguage":"es","potentialAction":[{"@type":"ReadAction","target":["https:\/\/www.ucaldas.edu.co\/portal\/rector-u-de-caldas-presento-situacion-financiera-de-la-institucion-ante-el-consejo-de-facultad-de-ciencias-juridicas-y-sociales\/"]}]},{"@type":"ImageObject","inLanguage":"es","@id":"https:\/\/www.ucaldas.edu.co\/portal\/rector-u-de-caldas-presento-situacion-financiera-de-la-institucion-ante-el-consejo-de-facultad-de-ciencias-juridicas-y-sociales\/#primaryimage","url":"https:\/\/www.ucaldas.edu.co\/portal\/wp-content\/uploads\/2019\/07\/financiera-compressor.png","contentUrl":"https:\/\/www.ucaldas.edu.co\/portal\/wp-content\/uploads\/2019\/07\/financiera-compressor.png","width":700,"height":400},{"@type":"BreadcrumbList","@id":"https:\/\/www.ucaldas.edu.co\/portal\/rector-u-de-caldas-presento-situacion-financiera-de-la-institucion-ante-el-consejo-de-facultad-de-ciencias-juridicas-y-sociales\/#breadcrumb","itemListElement":[{"@type":"ListItem","position":1,"name":"Portada","item":"https:\/\/www.ucaldas.edu.co\/portal\/"},{"@type":"ListItem","position":2,"name":"Rector U. de Caldas present\u00f3 situaci\u00f3n financiera de la instituci\u00f3n ante el Consejo de Facultad de Ciencias Jur\u00eddicas y Sociales"}]},{"@type":"WebSite","@id":"https:\/\/www.ucaldas.edu.co\/portal\/#website","url":"https:\/\/www.ucaldas.edu.co\/portal\/","name":"Universidad de Caldas","description":"","publisher":{"@id":"https:\/\/www.ucaldas.edu.co\/portal\/#organization"},"alternateName":"U. de Caldas","potentialAction":[{"@type":"SearchAction","target":{"@type":"EntryPoint","urlTemplate":"https:\/\/www.ucaldas.edu.co\/portal\/?s={search_term_string}"},"query-input":{"@type":"PropertyValueSpecification","valueRequired":true,"valueName":"search_term_string"}}],"inLanguage":"es"},{"@type":"Organization","@id":"https:\/\/www.ucaldas.edu.co\/portal\/#organization","name":"Universidad de Caldas","alternateName":"U. de Caldas","url":"https:\/\/www.ucaldas.edu.co\/portal\/","logo":{"@type":"ImageObject","inLanguage":"es","@id":"https:\/\/www.ucaldas.edu.co\/portal\/#\/schema\/logo\/image\/","url":"https:\/\/www.ucaldas.edu.co\/portal\/wp-content\/uploads\/2023\/11\/Logo_horizontal_oscuroU-2023.png","contentUrl":"https:\/\/www.ucaldas.edu.co\/portal\/wp-content\/uploads\/2023\/11\/Logo_horizontal_oscuroU-2023.png","width":263,"height":101,"caption":"Universidad de Caldas"},"image":{"@id":"https:\/\/www.ucaldas.edu.co\/portal\/#\/schema\/logo\/image\/"},"sameAs":["https:\/\/www.facebook.com\/udecaldas","https:\/\/x.com\/udecaldas","https:\/\/www.youtube.com\/universidadcaldas","https:\/\/www.instagram.com\/udecaldas\/"]},{"@type":"Person","@id":"https:\/\/www.ucaldas.edu.co\/portal\/#\/schema\/person\/a1b482e23449158b4bc319926c074fdf","name":"ofiprensa","image":{"@type":"ImageObject","inLanguage":"es","@id":"https:\/\/www.ucaldas.edu.co\/portal\/wp-content\/litespeed\/avatar\/09ea5085e600095a7a811142c6944527.jpg?ver=1777497608","url":"https:\/\/www.ucaldas.edu.co\/portal\/wp-content\/litespeed\/avatar\/09ea5085e600095a7a811142c6944527.jpg?ver=1777497608","contentUrl":"https:\/\/www.ucaldas.edu.co\/portal\/wp-content\/litespeed\/avatar\/09ea5085e600095a7a811142c6944527.jpg?ver=1777497608","caption":"ofiprensa"},"url":"https:\/\/www.ucaldas.edu.co\/portal\/author\/ofiprensa\/"}]}},"_links":{"self":[{"href":"https:\/\/www.ucaldas.edu.co\/portal\/wp-json\/wp\/v2\/posts\/49592","targetHints":{"allow":["GET"]}}],"collection":[{"href":"https:\/\/www.ucaldas.edu.co\/portal\/wp-json\/wp\/v2\/posts"}],"about":[{"href":"https:\/\/www.ucaldas.edu.co\/portal\/wp-json\/wp\/v2\/types\/post"}],"author":[{"embeddable":true,"href":"https:\/\/www.ucaldas.edu.co\/portal\/wp-json\/wp\/v2\/users\/2"}],"replies":[{"embeddable":true,"href":"https:\/\/www.ucaldas.edu.co\/portal\/wp-json\/wp\/v2\/comments?post=49592"}],"version-history":[{"count":0,"href":"https:\/\/www.ucaldas.edu.co\/portal\/wp-json\/wp\/v2\/posts\/49592\/revisions"}],"wp:featuredmedia":[{"embeddable":true,"href":"https:\/\/www.ucaldas.edu.co\/portal\/wp-json\/wp\/v2\/media\/49580"}],"wp:attachment":[{"href":"https:\/\/www.ucaldas.edu.co\/portal\/wp-json\/wp\/v2\/media?parent=49592"}],"wp:term":[{"taxonomy":"category","embeddable":true,"href":"https:\/\/www.ucaldas.edu.co\/portal\/wp-json\/wp\/v2\/categories?post=49592"},{"taxonomy":"post_tag","embeddable":true,"href":"https:\/\/www.ucaldas.edu.co\/portal\/wp-json\/wp\/v2\/tags?post=49592"}],"curies":[{"name":"wp","href":"https:\/\/api.w.org\/{rel}","templated":true}]}}