{"id":49418,"date":"2019-07-08T21:27:51","date_gmt":"2019-07-08T21:27:51","guid":{"rendered":"https:\/\/www.ucaldas.edu.co\/portal\/?p=49418"},"modified":"2019-07-08T21:27:51","modified_gmt":"2019-07-08T21:27:51","slug":"universidad-de-caldas-estara-presente-en-el-congreso-mundial-de-federacion-internacional-de-asociaciones-de-anatomia-ifaa-2019","status":"publish","type":"post","link":"https:\/\/www.ucaldas.edu.co\/portal\/universidad-de-caldas-estara-presente-en-el-congreso-mundial-de-federacion-internacional-de-asociaciones-de-anatomia-ifaa-2019\/","title":{"rendered":"Universidad de Caldas estar\u00e1 presente en el Congreso Mundial de Federaci\u00f3n Internacional de Asociaciones de Anatom\u00eda \u2013 IFAA 2019"},"content":{"rendered":"<p style=\"text-align: center;\">ENTRE EL 9 Y EL 11 DE AGOSTO DE 2019<\/p>\n<p style=\"text-align: center;\"><strong>Universidad de Caldas estar\u00e1 presente en el Congreso Mundial de Federaci\u00f3n Internacional de Asociaciones de Anatom\u00eda \u2013 IFAA 2019<\/strong><\/p>\n<p style=\"text-align: right;\">08\/07\/2019<\/p>\n<p><img loading=\"lazy\" decoding=\"async\" class=\"size-full wp-image-49408 aligncenter\" src=\"https:\/\/www.ucaldas.edu.co\/portal\/wp-content\/uploads\/2019\/07\/IFAA-compressor.png\" alt=\"\" width=\"700\" height=\"400\" srcset=\"https:\/\/www.ucaldas.edu.co\/portal\/wp-content\/uploads\/2019\/07\/IFAA-compressor.png 700w, https:\/\/www.ucaldas.edu.co\/portal\/wp-content\/uploads\/2019\/07\/IFAA-compressor-300x171.png 300w\" sizes=\"auto, (max-width: 700px) 100vw, 700px\" \/>Los profesores del Programa de Medicina de la Universidad de Caldas, Jorge Eduardo Duque Parra y Jhon Barco R\u00edos, asistir\u00e1n al Congreso Mundial de Federaci\u00f3n Internacional de Asociaciones de Anatom\u00eda \u2013 IFAA 2019 que tendr\u00e1 lugar en Londres entre el 9 y el 11 de agosto del presente a\u00f1o.<\/p>\n<p><!--more--><\/p>\n<p>Seg\u00fan Duque Parra presentar\u00e1n dos trabajos anat\u00f3micos y la aplicaci\u00f3n para la cirug\u00eda y la cl\u00ednica en el campo m\u00e9dico: \u201cel primero habla sobre una aproximaci\u00f3n de anatom\u00eda macrosc\u00f3pica e histolog\u00eda de lo que pasa en la medula espinal de los seres humanos y el segundo sobre un musculo supernumerario y que algunas personas tienen en el pecho que se llama musculo esternal\u201d dijo el docente.<\/p>\n<p>IFAA 2019, contar\u00e1 con una excelente l\u00ednea de oradores plenarios de renombre internacional, adem\u00e1s de una serie de simposios que abarcan la amplitud de las actividades en las ciencias anat\u00f3micas. Estos incluir\u00e1n simposios sobre morfolog\u00eda humana y animal, anatom\u00eda cl\u00ednica y del desarrollo, neurociencia, educaci\u00f3n en ingenier\u00eda de tejidos y arte en anatom\u00eda, entre otros.<\/p>\n<p>&nbsp;<\/p>\n<p><strong>Informes:<\/strong> Oficina de Comunicaciones y Prensa Universidad de Caldas. Tel\u00e9fono: 8781500 Extensi\u00f3n: 12167<\/p>\n<p><strong>Redacci\u00f3n:<\/strong> Daniela S\u00e1nchez R\u00edos<\/p>\n<p>&nbsp;<\/p>\n","protected":false},"excerpt":{"rendered":"<p>ENTRE EL 9 Y EL 11 DE AGOSTO DE 2019 Universidad de Caldas estar\u00e1 presente en el Congreso Mundial de Federaci\u00f3n Internacional de Asociaciones de Anatom\u00eda \u2013 IFAA 2019 08\/07\/2019 Los profesores del Programa de Medicina de la Universidad de Caldas, Jorge Eduardo Duque Parra y Jhon Barco R\u00edos, asistir\u00e1n al Congreso Mundial de Federaci\u00f3n [&hellip;]<\/p>\n","protected":false},"author":2,"featured_media":49408,"comment_status":"closed","ping_status":"open","sticky":false,"template":"","format":"standard","meta":{"footnotes":""},"categories":[48,53],"tags":[171,2183,4181],"class_list":["post-49418","post","type-post","status-publish","format-standard","has-post-thumbnail","hentry","category-actualidad","category-universidad-al-dia","tag-congreso","tag-anatomia","tag-ifaa"],"yoast_head":"<!-- This site is optimized with the Yoast SEO plugin v27.5 - https:\/\/yoast.com\/product\/yoast-seo-wordpress\/ -->\n<title>Universidad de Caldas estar\u00e1 presente en el Congreso Mundial de Federaci\u00f3n Internacional de Asociaciones de Anatom\u00eda \u2013 IFAA 2019 .<\/title>\n<meta name=\"robots\" content=\"index, follow, max-snippet:-1, max-image-preview:large, max-video-preview:-1\" \/>\n<link rel=\"canonical\" href=\"https:\/\/www.ucaldas.edu.co\/portal\/universidad-de-caldas-estara-presente-en-el-congreso-mundial-de-federacion-internacional-de-asociaciones-de-anatomia-ifaa-2019\/\" \/>\n<script type=\"application\/ld+json\" class=\"yoast-schema-graph\">{\"@context\":\"https:\\\/\\\/schema.org\",\"@graph\":[{\"@type\":\"Article\",\"@id\":\"https:\\\/\\\/www.ucaldas.edu.co\\\/portal\\\/universidad-de-caldas-estara-presente-en-el-congreso-mundial-de-federacion-internacional-de-asociaciones-de-anatomia-ifaa-2019\\\/#article\",\"isPartOf\":{\"@id\":\"https:\\\/\\\/www.ucaldas.edu.co\\\/portal\\\/universidad-de-caldas-estara-presente-en-el-congreso-mundial-de-federacion-internacional-de-asociaciones-de-anatomia-ifaa-2019\\\/\"},\"author\":{\"name\":\"ofiprensa\",\"@id\":\"https:\\\/\\\/www.ucaldas.edu.co\\\/portal\\\/#\\\/schema\\\/person\\\/a1b482e23449158b4bc319926c074fdf\"},\"headline\":\"Universidad de Caldas estar\u00e1 presente en el Congreso Mundial de Federaci\u00f3n Internacional de Asociaciones de Anatom\u00eda \u2013 IFAA 2019\",\"datePublished\":\"2019-07-08T21:27:51+00:00\",\"mainEntityOfPage\":{\"@id\":\"https:\\\/\\\/www.ucaldas.edu.co\\\/portal\\\/universidad-de-caldas-estara-presente-en-el-congreso-mundial-de-federacion-internacional-de-asociaciones-de-anatomia-ifaa-2019\\\/\"},\"wordCount\":258,\"publisher\":{\"@id\":\"https:\\\/\\\/www.ucaldas.edu.co\\\/portal\\\/#organization\"},\"image\":{\"@id\":\"https:\\\/\\\/www.ucaldas.edu.co\\\/portal\\\/universidad-de-caldas-estara-presente-en-el-congreso-mundial-de-federacion-internacional-de-asociaciones-de-anatomia-ifaa-2019\\\/#primaryimage\"},\"thumbnailUrl\":\"https:\\\/\\\/www.ucaldas.edu.co\\\/portal\\\/wp-content\\\/uploads\\\/2019\\\/07\\\/IFAA-compressor.png\",\"keywords\":[\"congreso\",\"anatom\u00eda\",\"IFAA\"],\"articleSection\":[\"Actualidad\",\"Universidad al D\u00eda\"],\"inLanguage\":\"es\"},{\"@type\":\"WebPage\",\"@id\":\"https:\\\/\\\/www.ucaldas.edu.co\\\/portal\\\/universidad-de-caldas-estara-presente-en-el-congreso-mundial-de-federacion-internacional-de-asociaciones-de-anatomia-ifaa-2019\\\/\",\"url\":\"https:\\\/\\\/www.ucaldas.edu.co\\\/portal\\\/universidad-de-caldas-estara-presente-en-el-congreso-mundial-de-federacion-internacional-de-asociaciones-de-anatomia-ifaa-2019\\\/\",\"name\":\"Universidad de Caldas estar\u00e1 presente en el Congreso Mundial de Federaci\u00f3n Internacional de Asociaciones de Anatom\u00eda \u2013 IFAA 2019 .\",\"isPartOf\":{\"@id\":\"https:\\\/\\\/www.ucaldas.edu.co\\\/portal\\\/#website\"},\"primaryImageOfPage\":{\"@id\":\"https:\\\/\\\/www.ucaldas.edu.co\\\/portal\\\/universidad-de-caldas-estara-presente-en-el-congreso-mundial-de-federacion-internacional-de-asociaciones-de-anatomia-ifaa-2019\\\/#primaryimage\"},\"image\":{\"@id\":\"https:\\\/\\\/www.ucaldas.edu.co\\\/portal\\\/universidad-de-caldas-estara-presente-en-el-congreso-mundial-de-federacion-internacional-de-asociaciones-de-anatomia-ifaa-2019\\\/#primaryimage\"},\"thumbnailUrl\":\"https:\\\/\\\/www.ucaldas.edu.co\\\/portal\\\/wp-content\\\/uploads\\\/2019\\\/07\\\/IFAA-compressor.png\",\"datePublished\":\"2019-07-08T21:27:51+00:00\",\"breadcrumb\":{\"@id\":\"https:\\\/\\\/www.ucaldas.edu.co\\\/portal\\\/universidad-de-caldas-estara-presente-en-el-congreso-mundial-de-federacion-internacional-de-asociaciones-de-anatomia-ifaa-2019\\\/#breadcrumb\"},\"inLanguage\":\"es\",\"potentialAction\":[{\"@type\":\"ReadAction\",\"target\":[\"https:\\\/\\\/www.ucaldas.edu.co\\\/portal\\\/universidad-de-caldas-estara-presente-en-el-congreso-mundial-de-federacion-internacional-de-asociaciones-de-anatomia-ifaa-2019\\\/\"]}]},{\"@type\":\"ImageObject\",\"inLanguage\":\"es\",\"@id\":\"https:\\\/\\\/www.ucaldas.edu.co\\\/portal\\\/universidad-de-caldas-estara-presente-en-el-congreso-mundial-de-federacion-internacional-de-asociaciones-de-anatomia-ifaa-2019\\\/#primaryimage\",\"url\":\"https:\\\/\\\/www.ucaldas.edu.co\\\/portal\\\/wp-content\\\/uploads\\\/2019\\\/07\\\/IFAA-compressor.png\",\"contentUrl\":\"https:\\\/\\\/www.ucaldas.edu.co\\\/portal\\\/wp-content\\\/uploads\\\/2019\\\/07\\\/IFAA-compressor.png\",\"width\":700,\"height\":400},{\"@type\":\"BreadcrumbList\",\"@id\":\"https:\\\/\\\/www.ucaldas.edu.co\\\/portal\\\/universidad-de-caldas-estara-presente-en-el-congreso-mundial-de-federacion-internacional-de-asociaciones-de-anatomia-ifaa-2019\\\/#breadcrumb\",\"itemListElement\":[{\"@type\":\"ListItem\",\"position\":1,\"name\":\"Portada\",\"item\":\"https:\\\/\\\/www.ucaldas.edu.co\\\/portal\\\/\"},{\"@type\":\"ListItem\",\"position\":2,\"name\":\"Universidad de Caldas estar\u00e1 presente en el Congreso Mundial de Federaci\u00f3n Internacional de Asociaciones de Anatom\u00eda \u2013 IFAA 2019\"}]},{\"@type\":\"WebSite\",\"@id\":\"https:\\\/\\\/www.ucaldas.edu.co\\\/portal\\\/#website\",\"url\":\"https:\\\/\\\/www.ucaldas.edu.co\\\/portal\\\/\",\"name\":\"Universidad de Caldas\",\"description\":\"\",\"publisher\":{\"@id\":\"https:\\\/\\\/www.ucaldas.edu.co\\\/portal\\\/#organization\"},\"alternateName\":\"U. de Caldas\",\"potentialAction\":[{\"@type\":\"SearchAction\",\"target\":{\"@type\":\"EntryPoint\",\"urlTemplate\":\"https:\\\/\\\/www.ucaldas.edu.co\\\/portal\\\/?s={search_term_string}\"},\"query-input\":{\"@type\":\"PropertyValueSpecification\",\"valueRequired\":true,\"valueName\":\"search_term_string\"}}],\"inLanguage\":\"es\"},{\"@type\":\"Organization\",\"@id\":\"https:\\\/\\\/www.ucaldas.edu.co\\\/portal\\\/#organization\",\"name\":\"Universidad de Caldas\",\"alternateName\":\"U. de Caldas\",\"url\":\"https:\\\/\\\/www.ucaldas.edu.co\\\/portal\\\/\",\"logo\":{\"@type\":\"ImageObject\",\"inLanguage\":\"es\",\"@id\":\"https:\\\/\\\/www.ucaldas.edu.co\\\/portal\\\/#\\\/schema\\\/logo\\\/image\\\/\",\"url\":\"https:\\\/\\\/www.ucaldas.edu.co\\\/portal\\\/wp-content\\\/uploads\\\/2023\\\/11\\\/Logo_horizontal_oscuroU-2023.png\",\"contentUrl\":\"https:\\\/\\\/www.ucaldas.edu.co\\\/portal\\\/wp-content\\\/uploads\\\/2023\\\/11\\\/Logo_horizontal_oscuroU-2023.png\",\"width\":263,\"height\":101,\"caption\":\"Universidad de Caldas\"},\"image\":{\"@id\":\"https:\\\/\\\/www.ucaldas.edu.co\\\/portal\\\/#\\\/schema\\\/logo\\\/image\\\/\"},\"sameAs\":[\"https:\\\/\\\/www.facebook.com\\\/udecaldas\",\"https:\\\/\\\/x.com\\\/udecaldas\",\"https:\\\/\\\/www.youtube.com\\\/universidadcaldas\",\"https:\\\/\\\/www.instagram.com\\\/udecaldas\\\/\"]},{\"@type\":\"Person\",\"@id\":\"https:\\\/\\\/www.ucaldas.edu.co\\\/portal\\\/#\\\/schema\\\/person\\\/a1b482e23449158b4bc319926c074fdf\",\"name\":\"ofiprensa\",\"image\":{\"@type\":\"ImageObject\",\"inLanguage\":\"es\",\"@id\":\"https:\\\/\\\/www.ucaldas.edu.co\\\/portal\\\/wp-content\\\/litespeed\\\/avatar\\\/09ea5085e600095a7a811142c6944527.jpg?ver=1777497608\",\"url\":\"https:\\\/\\\/www.ucaldas.edu.co\\\/portal\\\/wp-content\\\/litespeed\\\/avatar\\\/09ea5085e600095a7a811142c6944527.jpg?ver=1777497608\",\"contentUrl\":\"https:\\\/\\\/www.ucaldas.edu.co\\\/portal\\\/wp-content\\\/litespeed\\\/avatar\\\/09ea5085e600095a7a811142c6944527.jpg?ver=1777497608\",\"caption\":\"ofiprensa\"},\"url\":\"https:\\\/\\\/www.ucaldas.edu.co\\\/portal\\\/author\\\/ofiprensa\\\/\"}]}<\/script>\n<!-- \/ Yoast SEO plugin. -->","yoast_head_json":{"title":"Universidad de Caldas estar\u00e1 presente en el Congreso Mundial de Federaci\u00f3n Internacional de Asociaciones de Anatom\u00eda \u2013 IFAA 2019 .","robots":{"index":"index","follow":"follow","max-snippet":"max-snippet:-1","max-image-preview":"max-image-preview:large","max-video-preview":"max-video-preview:-1"},"canonical":"https:\/\/www.ucaldas.edu.co\/portal\/universidad-de-caldas-estara-presente-en-el-congreso-mundial-de-federacion-internacional-de-asociaciones-de-anatomia-ifaa-2019\/","schema":{"@context":"https:\/\/schema.org","@graph":[{"@type":"Article","@id":"https:\/\/www.ucaldas.edu.co\/portal\/universidad-de-caldas-estara-presente-en-el-congreso-mundial-de-federacion-internacional-de-asociaciones-de-anatomia-ifaa-2019\/#article","isPartOf":{"@id":"https:\/\/www.ucaldas.edu.co\/portal\/universidad-de-caldas-estara-presente-en-el-congreso-mundial-de-federacion-internacional-de-asociaciones-de-anatomia-ifaa-2019\/"},"author":{"name":"ofiprensa","@id":"https:\/\/www.ucaldas.edu.co\/portal\/#\/schema\/person\/a1b482e23449158b4bc319926c074fdf"},"headline":"Universidad de Caldas estar\u00e1 presente en el Congreso Mundial de Federaci\u00f3n Internacional de Asociaciones de Anatom\u00eda \u2013 IFAA 2019","datePublished":"2019-07-08T21:27:51+00:00","mainEntityOfPage":{"@id":"https:\/\/www.ucaldas.edu.co\/portal\/universidad-de-caldas-estara-presente-en-el-congreso-mundial-de-federacion-internacional-de-asociaciones-de-anatomia-ifaa-2019\/"},"wordCount":258,"publisher":{"@id":"https:\/\/www.ucaldas.edu.co\/portal\/#organization"},"image":{"@id":"https:\/\/www.ucaldas.edu.co\/portal\/universidad-de-caldas-estara-presente-en-el-congreso-mundial-de-federacion-internacional-de-asociaciones-de-anatomia-ifaa-2019\/#primaryimage"},"thumbnailUrl":"https:\/\/www.ucaldas.edu.co\/portal\/wp-content\/uploads\/2019\/07\/IFAA-compressor.png","keywords":["congreso","anatom\u00eda","IFAA"],"articleSection":["Actualidad","Universidad al D\u00eda"],"inLanguage":"es"},{"@type":"WebPage","@id":"https:\/\/www.ucaldas.edu.co\/portal\/universidad-de-caldas-estara-presente-en-el-congreso-mundial-de-federacion-internacional-de-asociaciones-de-anatomia-ifaa-2019\/","url":"https:\/\/www.ucaldas.edu.co\/portal\/universidad-de-caldas-estara-presente-en-el-congreso-mundial-de-federacion-internacional-de-asociaciones-de-anatomia-ifaa-2019\/","name":"Universidad de Caldas estar\u00e1 presente en el Congreso Mundial de Federaci\u00f3n Internacional de Asociaciones de Anatom\u00eda \u2013 IFAA 2019 .","isPartOf":{"@id":"https:\/\/www.ucaldas.edu.co\/portal\/#website"},"primaryImageOfPage":{"@id":"https:\/\/www.ucaldas.edu.co\/portal\/universidad-de-caldas-estara-presente-en-el-congreso-mundial-de-federacion-internacional-de-asociaciones-de-anatomia-ifaa-2019\/#primaryimage"},"image":{"@id":"https:\/\/www.ucaldas.edu.co\/portal\/universidad-de-caldas-estara-presente-en-el-congreso-mundial-de-federacion-internacional-de-asociaciones-de-anatomia-ifaa-2019\/#primaryimage"},"thumbnailUrl":"https:\/\/www.ucaldas.edu.co\/portal\/wp-content\/uploads\/2019\/07\/IFAA-compressor.png","datePublished":"2019-07-08T21:27:51+00:00","breadcrumb":{"@id":"https:\/\/www.ucaldas.edu.co\/portal\/universidad-de-caldas-estara-presente-en-el-congreso-mundial-de-federacion-internacional-de-asociaciones-de-anatomia-ifaa-2019\/#breadcrumb"},"inLanguage":"es","potentialAction":[{"@type":"ReadAction","target":["https:\/\/www.ucaldas.edu.co\/portal\/universidad-de-caldas-estara-presente-en-el-congreso-mundial-de-federacion-internacional-de-asociaciones-de-anatomia-ifaa-2019\/"]}]},{"@type":"ImageObject","inLanguage":"es","@id":"https:\/\/www.ucaldas.edu.co\/portal\/universidad-de-caldas-estara-presente-en-el-congreso-mundial-de-federacion-internacional-de-asociaciones-de-anatomia-ifaa-2019\/#primaryimage","url":"https:\/\/www.ucaldas.edu.co\/portal\/wp-content\/uploads\/2019\/07\/IFAA-compressor.png","contentUrl":"https:\/\/www.ucaldas.edu.co\/portal\/wp-content\/uploads\/2019\/07\/IFAA-compressor.png","width":700,"height":400},{"@type":"BreadcrumbList","@id":"https:\/\/www.ucaldas.edu.co\/portal\/universidad-de-caldas-estara-presente-en-el-congreso-mundial-de-federacion-internacional-de-asociaciones-de-anatomia-ifaa-2019\/#breadcrumb","itemListElement":[{"@type":"ListItem","position":1,"name":"Portada","item":"https:\/\/www.ucaldas.edu.co\/portal\/"},{"@type":"ListItem","position":2,"name":"Universidad de Caldas estar\u00e1 presente en el Congreso Mundial de Federaci\u00f3n Internacional de Asociaciones de Anatom\u00eda \u2013 IFAA 2019"}]},{"@type":"WebSite","@id":"https:\/\/www.ucaldas.edu.co\/portal\/#website","url":"https:\/\/www.ucaldas.edu.co\/portal\/","name":"Universidad de Caldas","description":"","publisher":{"@id":"https:\/\/www.ucaldas.edu.co\/portal\/#organization"},"alternateName":"U. de Caldas","potentialAction":[{"@type":"SearchAction","target":{"@type":"EntryPoint","urlTemplate":"https:\/\/www.ucaldas.edu.co\/portal\/?s={search_term_string}"},"query-input":{"@type":"PropertyValueSpecification","valueRequired":true,"valueName":"search_term_string"}}],"inLanguage":"es"},{"@type":"Organization","@id":"https:\/\/www.ucaldas.edu.co\/portal\/#organization","name":"Universidad de Caldas","alternateName":"U. de Caldas","url":"https:\/\/www.ucaldas.edu.co\/portal\/","logo":{"@type":"ImageObject","inLanguage":"es","@id":"https:\/\/www.ucaldas.edu.co\/portal\/#\/schema\/logo\/image\/","url":"https:\/\/www.ucaldas.edu.co\/portal\/wp-content\/uploads\/2023\/11\/Logo_horizontal_oscuroU-2023.png","contentUrl":"https:\/\/www.ucaldas.edu.co\/portal\/wp-content\/uploads\/2023\/11\/Logo_horizontal_oscuroU-2023.png","width":263,"height":101,"caption":"Universidad de Caldas"},"image":{"@id":"https:\/\/www.ucaldas.edu.co\/portal\/#\/schema\/logo\/image\/"},"sameAs":["https:\/\/www.facebook.com\/udecaldas","https:\/\/x.com\/udecaldas","https:\/\/www.youtube.com\/universidadcaldas","https:\/\/www.instagram.com\/udecaldas\/"]},{"@type":"Person","@id":"https:\/\/www.ucaldas.edu.co\/portal\/#\/schema\/person\/a1b482e23449158b4bc319926c074fdf","name":"ofiprensa","image":{"@type":"ImageObject","inLanguage":"es","@id":"https:\/\/www.ucaldas.edu.co\/portal\/wp-content\/litespeed\/avatar\/09ea5085e600095a7a811142c6944527.jpg?ver=1777497608","url":"https:\/\/www.ucaldas.edu.co\/portal\/wp-content\/litespeed\/avatar\/09ea5085e600095a7a811142c6944527.jpg?ver=1777497608","contentUrl":"https:\/\/www.ucaldas.edu.co\/portal\/wp-content\/litespeed\/avatar\/09ea5085e600095a7a811142c6944527.jpg?ver=1777497608","caption":"ofiprensa"},"url":"https:\/\/www.ucaldas.edu.co\/portal\/author\/ofiprensa\/"}]}},"_links":{"self":[{"href":"https:\/\/www.ucaldas.edu.co\/portal\/wp-json\/wp\/v2\/posts\/49418","targetHints":{"allow":["GET"]}}],"collection":[{"href":"https:\/\/www.ucaldas.edu.co\/portal\/wp-json\/wp\/v2\/posts"}],"about":[{"href":"https:\/\/www.ucaldas.edu.co\/portal\/wp-json\/wp\/v2\/types\/post"}],"author":[{"embeddable":true,"href":"https:\/\/www.ucaldas.edu.co\/portal\/wp-json\/wp\/v2\/users\/2"}],"replies":[{"embeddable":true,"href":"https:\/\/www.ucaldas.edu.co\/portal\/wp-json\/wp\/v2\/comments?post=49418"}],"version-history":[{"count":0,"href":"https:\/\/www.ucaldas.edu.co\/portal\/wp-json\/wp\/v2\/posts\/49418\/revisions"}],"wp:featuredmedia":[{"embeddable":true,"href":"https:\/\/www.ucaldas.edu.co\/portal\/wp-json\/wp\/v2\/media\/49408"}],"wp:attachment":[{"href":"https:\/\/www.ucaldas.edu.co\/portal\/wp-json\/wp\/v2\/media?parent=49418"}],"wp:term":[{"taxonomy":"category","embeddable":true,"href":"https:\/\/www.ucaldas.edu.co\/portal\/wp-json\/wp\/v2\/categories?post=49418"},{"taxonomy":"post_tag","embeddable":true,"href":"https:\/\/www.ucaldas.edu.co\/portal\/wp-json\/wp\/v2\/tags?post=49418"}],"curies":[{"name":"wp","href":"https:\/\/api.w.org\/{rel}","templated":true}]}}