{"id":4935,"date":"2010-02-17T08:55:06","date_gmt":"2010-02-17T13:55:06","guid":{"rendered":"https:\/\/www.ucaldas.edu.co\/portal\/?p=4935"},"modified":"2010-02-17T08:55:06","modified_gmt":"2010-02-17T13:55:06","slug":"capacitacion-para-jurados-de-votacion-en-la-u-de-caldas","status":"publish","type":"post","link":"https:\/\/www.ucaldas.edu.co\/portal\/capacitacion-para-jurados-de-votacion-en-la-u-de-caldas\/","title":{"rendered":"Capacitaci\u00f3n para jurados de votaci\u00f3n en la U. de Caldas"},"content":{"rendered":"<p><span style=\"font-family: Calibri;font-size: medium\">Enviado por la Registradur\u00eda Nacional del estado civil <\/span><\/p>\n<hr id=\"system-readmore\" \/>\n<p align=\"justify\"><span style=\"font-family: Calibri;font-size: medium\">La Oficina de Gesti\u00f3n Humana de la Universidad de Caldas\u00a0 invita a la comunidad universitaria para que se acerquen a la cartelera informativa (ubicada en la entrada principal de la Oficina) y observen el listado enviado por la Registradur\u00eda Nacional del Estado Civil, para verificar si fueron elegidos como jurado de votaci\u00f3n en las elecciones del pr\u00f3ximo 14 de marzo.<\/span><\/p>\n<p align=\"justify\"><span style=\"font-family: Calibri;font-size: medium\">\u00a0<\/span><\/p>\n<p align=\"justify\"><span style=\"font-family: Calibri;font-size: medium\">Los funcionarios seleccionados deben asistir a una capacitaci\u00f3n que orientar\u00e1\u00a0la Registradur\u00eda, el pr\u00f3ximo jueves 25 de febrero en la Sala Carlos N\u00e1der N\u00e1der de la Sede Central. La hora de la capacitaci\u00f3n est\u00e1\u00a0adjunta en la citaci\u00f3n que se encuentra en la oficina de Gesti\u00f3n Humana y que posteriormente ser\u00e1 enviada a su sitio de trabajo a trav\u00e9s del correo interno institucional.<\/span><\/p>\n<p align=\"justify\"><span style=\"font-family: Calibri;font-size: medium\">\u00a0<\/span><\/p>\n<p align=\"justify\"><span style=\"font-family: Calibri;font-size: medium\">Los horarios de la capacitaci\u00f3n:<\/span><\/p>\n<p>&nbsp;<\/p>\n<ul>\n<li><span style=\"font-family: Calibri;font-size: medium\">GRUPO 1: De 8:00 a.m. a 9:30 a.m.<\/span><\/li>\n<li><span style=\"font-family: Calibri;font-size: medium\">GRUPO 2: De 10:00 a.m. a 11:30 a.m<\/span><\/li>\n<li><span style=\"font-family: Calibri;font-size: medium\">GRUPO 3: De 2:00 a.m. a 3:30 p.m<\/span><\/li>\n<li><span style=\"font-family: Calibri;font-size: medium\">GRUPO 4: De 4:00 a.m. a 5:30 p.m<\/span><\/li>\n<\/ul>\n<p align=\"justify\"><span style=\"font-family: Calibri;font-size: medium\">\u00a0<\/span><\/p>\n<p align=\"justify\"><span style=\"font-family: Calibri;font-size: medium\">Se sugiere verificar tambi\u00e9n la informaci\u00f3n en la p\u00e1gina web <\/span><a href=\"http:\/\/www.registraduria.gov.co\/servicios\/jurados.htm\" target=\"_blank\"><span style=\"color: #0000ff;font-family: Calibri;font-size: medium\"><span style=\"text-decoration: underline\">www.registraduria.gov.co\/servicios\/jurados.htm<\/span><\/span><\/a><span style=\"font-family: Calibri;font-size: medium\"> porque se han encontrado funcionarios que han sido seleccionados como jurados y no est\u00e1n en los listados oficiales enviados por la Registradur\u00eda. <\/span><\/p>\n<p align=\"justify\"><span style=\"font-family: Calibri;font-size: medium\">Informes: Oficina de Gesti\u00f3n Humana de la Universidad de Caldas. Tel\u00e9fono 878 15 00. Ext. 11118.<\/span><\/p>\n","protected":false},"excerpt":{"rendered":"<p>Enviado por la Registradur\u00eda Nacional del estado civil La Oficina de Gesti\u00f3n Humana de la Universidad de Caldas\u00a0 invita a la comunidad universitaria para que se acerquen a la cartelera informativa (ubicada en la entrada principal de la Oficina) y observen el listado enviado por la Registradur\u00eda Nacional del Estado Civil, para verificar si fueron [&hellip;]<\/p>\n","protected":false},"author":2,"featured_media":0,"comment_status":"closed","ping_status":"closed","sticky":false,"template":"","format":"standard","meta":{"footnotes":""},"categories":[48,53],"tags":[],"class_list":["post-4935","post","type-post","status-publish","format-standard","hentry","category-actualidad","category-universidad-al-dia"],"yoast_head":"<!-- This site is optimized with the Yoast SEO plugin v27.5 - https:\/\/yoast.com\/product\/yoast-seo-wordpress\/ -->\n<title>Capacitaci\u00f3n para jurados de votaci\u00f3n en la U. de Caldas .<\/title>\n<meta name=\"robots\" content=\"index, follow, max-snippet:-1, max-image-preview:large, max-video-preview:-1\" \/>\n<link rel=\"canonical\" href=\"https:\/\/www.ucaldas.edu.co\/portal\/capacitacion-para-jurados-de-votacion-en-la-u-de-caldas\/\" \/>\n<script type=\"application\/ld+json\" class=\"yoast-schema-graph\">{\"@context\":\"https:\\\/\\\/schema.org\",\"@graph\":[{\"@type\":\"Article\",\"@id\":\"https:\\\/\\\/www.ucaldas.edu.co\\\/portal\\\/capacitacion-para-jurados-de-votacion-en-la-u-de-caldas\\\/#article\",\"isPartOf\":{\"@id\":\"https:\\\/\\\/www.ucaldas.edu.co\\\/portal\\\/capacitacion-para-jurados-de-votacion-en-la-u-de-caldas\\\/\"},\"author\":{\"name\":\"ofiprensa\",\"@id\":\"https:\\\/\\\/www.ucaldas.edu.co\\\/portal\\\/#\\\/schema\\\/person\\\/a1b482e23449158b4bc319926c074fdf\"},\"headline\":\"Capacitaci\u00f3n para jurados de votaci\u00f3n en la U. de Caldas\",\"datePublished\":\"2010-02-17T13:55:06+00:00\",\"mainEntityOfPage\":{\"@id\":\"https:\\\/\\\/www.ucaldas.edu.co\\\/portal\\\/capacitacion-para-jurados-de-votacion-en-la-u-de-caldas\\\/\"},\"wordCount\":248,\"publisher\":{\"@id\":\"https:\\\/\\\/www.ucaldas.edu.co\\\/portal\\\/#organization\"},\"articleSection\":[\"Actualidad\",\"Universidad al D\u00eda\"],\"inLanguage\":\"es\"},{\"@type\":\"WebPage\",\"@id\":\"https:\\\/\\\/www.ucaldas.edu.co\\\/portal\\\/capacitacion-para-jurados-de-votacion-en-la-u-de-caldas\\\/\",\"url\":\"https:\\\/\\\/www.ucaldas.edu.co\\\/portal\\\/capacitacion-para-jurados-de-votacion-en-la-u-de-caldas\\\/\",\"name\":\"Capacitaci\u00f3n para jurados de votaci\u00f3n en la U. de Caldas .\",\"isPartOf\":{\"@id\":\"https:\\\/\\\/www.ucaldas.edu.co\\\/portal\\\/#website\"},\"datePublished\":\"2010-02-17T13:55:06+00:00\",\"breadcrumb\":{\"@id\":\"https:\\\/\\\/www.ucaldas.edu.co\\\/portal\\\/capacitacion-para-jurados-de-votacion-en-la-u-de-caldas\\\/#breadcrumb\"},\"inLanguage\":\"es\",\"potentialAction\":[{\"@type\":\"ReadAction\",\"target\":[\"https:\\\/\\\/www.ucaldas.edu.co\\\/portal\\\/capacitacion-para-jurados-de-votacion-en-la-u-de-caldas\\\/\"]}]},{\"@type\":\"BreadcrumbList\",\"@id\":\"https:\\\/\\\/www.ucaldas.edu.co\\\/portal\\\/capacitacion-para-jurados-de-votacion-en-la-u-de-caldas\\\/#breadcrumb\",\"itemListElement\":[{\"@type\":\"ListItem\",\"position\":1,\"name\":\"Portada\",\"item\":\"https:\\\/\\\/www.ucaldas.edu.co\\\/portal\\\/\"},{\"@type\":\"ListItem\",\"position\":2,\"name\":\"Capacitaci\u00f3n para jurados de votaci\u00f3n en la U. de Caldas\"}]},{\"@type\":\"WebSite\",\"@id\":\"https:\\\/\\\/www.ucaldas.edu.co\\\/portal\\\/#website\",\"url\":\"https:\\\/\\\/www.ucaldas.edu.co\\\/portal\\\/\",\"name\":\"Universidad de Caldas\",\"description\":\"\",\"publisher\":{\"@id\":\"https:\\\/\\\/www.ucaldas.edu.co\\\/portal\\\/#organization\"},\"alternateName\":\"U. de Caldas\",\"potentialAction\":[{\"@type\":\"SearchAction\",\"target\":{\"@type\":\"EntryPoint\",\"urlTemplate\":\"https:\\\/\\\/www.ucaldas.edu.co\\\/portal\\\/?s={search_term_string}\"},\"query-input\":{\"@type\":\"PropertyValueSpecification\",\"valueRequired\":true,\"valueName\":\"search_term_string\"}}],\"inLanguage\":\"es\"},{\"@type\":\"Organization\",\"@id\":\"https:\\\/\\\/www.ucaldas.edu.co\\\/portal\\\/#organization\",\"name\":\"Universidad de Caldas\",\"alternateName\":\"U. de Caldas\",\"url\":\"https:\\\/\\\/www.ucaldas.edu.co\\\/portal\\\/\",\"logo\":{\"@type\":\"ImageObject\",\"inLanguage\":\"es\",\"@id\":\"https:\\\/\\\/www.ucaldas.edu.co\\\/portal\\\/#\\\/schema\\\/logo\\\/image\\\/\",\"url\":\"https:\\\/\\\/www.ucaldas.edu.co\\\/portal\\\/wp-content\\\/uploads\\\/2023\\\/11\\\/Logo_horizontal_oscuroU-2023.png\",\"contentUrl\":\"https:\\\/\\\/www.ucaldas.edu.co\\\/portal\\\/wp-content\\\/uploads\\\/2023\\\/11\\\/Logo_horizontal_oscuroU-2023.png\",\"width\":263,\"height\":101,\"caption\":\"Universidad de Caldas\"},\"image\":{\"@id\":\"https:\\\/\\\/www.ucaldas.edu.co\\\/portal\\\/#\\\/schema\\\/logo\\\/image\\\/\"},\"sameAs\":[\"https:\\\/\\\/www.facebook.com\\\/udecaldas\",\"https:\\\/\\\/x.com\\\/udecaldas\",\"https:\\\/\\\/www.youtube.com\\\/universidadcaldas\",\"https:\\\/\\\/www.instagram.com\\\/udecaldas\\\/\"]},{\"@type\":\"Person\",\"@id\":\"https:\\\/\\\/www.ucaldas.edu.co\\\/portal\\\/#\\\/schema\\\/person\\\/a1b482e23449158b4bc319926c074fdf\",\"name\":\"ofiprensa\",\"image\":{\"@type\":\"ImageObject\",\"inLanguage\":\"es\",\"@id\":\"https:\\\/\\\/www.ucaldas.edu.co\\\/portal\\\/wp-content\\\/litespeed\\\/avatar\\\/09ea5085e600095a7a811142c6944527.jpg?ver=1777497608\",\"url\":\"https:\\\/\\\/www.ucaldas.edu.co\\\/portal\\\/wp-content\\\/litespeed\\\/avatar\\\/09ea5085e600095a7a811142c6944527.jpg?ver=1777497608\",\"contentUrl\":\"https:\\\/\\\/www.ucaldas.edu.co\\\/portal\\\/wp-content\\\/litespeed\\\/avatar\\\/09ea5085e600095a7a811142c6944527.jpg?ver=1777497608\",\"caption\":\"ofiprensa\"},\"url\":\"https:\\\/\\\/www.ucaldas.edu.co\\\/portal\\\/author\\\/ofiprensa\\\/\"}]}<\/script>\n<!-- \/ Yoast SEO plugin. -->","yoast_head_json":{"title":"Capacitaci\u00f3n para jurados de votaci\u00f3n en la U. de Caldas .","robots":{"index":"index","follow":"follow","max-snippet":"max-snippet:-1","max-image-preview":"max-image-preview:large","max-video-preview":"max-video-preview:-1"},"canonical":"https:\/\/www.ucaldas.edu.co\/portal\/capacitacion-para-jurados-de-votacion-en-la-u-de-caldas\/","schema":{"@context":"https:\/\/schema.org","@graph":[{"@type":"Article","@id":"https:\/\/www.ucaldas.edu.co\/portal\/capacitacion-para-jurados-de-votacion-en-la-u-de-caldas\/#article","isPartOf":{"@id":"https:\/\/www.ucaldas.edu.co\/portal\/capacitacion-para-jurados-de-votacion-en-la-u-de-caldas\/"},"author":{"name":"ofiprensa","@id":"https:\/\/www.ucaldas.edu.co\/portal\/#\/schema\/person\/a1b482e23449158b4bc319926c074fdf"},"headline":"Capacitaci\u00f3n para jurados de votaci\u00f3n en la U. de Caldas","datePublished":"2010-02-17T13:55:06+00:00","mainEntityOfPage":{"@id":"https:\/\/www.ucaldas.edu.co\/portal\/capacitacion-para-jurados-de-votacion-en-la-u-de-caldas\/"},"wordCount":248,"publisher":{"@id":"https:\/\/www.ucaldas.edu.co\/portal\/#organization"},"articleSection":["Actualidad","Universidad al D\u00eda"],"inLanguage":"es"},{"@type":"WebPage","@id":"https:\/\/www.ucaldas.edu.co\/portal\/capacitacion-para-jurados-de-votacion-en-la-u-de-caldas\/","url":"https:\/\/www.ucaldas.edu.co\/portal\/capacitacion-para-jurados-de-votacion-en-la-u-de-caldas\/","name":"Capacitaci\u00f3n para jurados de votaci\u00f3n en la U. de Caldas .","isPartOf":{"@id":"https:\/\/www.ucaldas.edu.co\/portal\/#website"},"datePublished":"2010-02-17T13:55:06+00:00","breadcrumb":{"@id":"https:\/\/www.ucaldas.edu.co\/portal\/capacitacion-para-jurados-de-votacion-en-la-u-de-caldas\/#breadcrumb"},"inLanguage":"es","potentialAction":[{"@type":"ReadAction","target":["https:\/\/www.ucaldas.edu.co\/portal\/capacitacion-para-jurados-de-votacion-en-la-u-de-caldas\/"]}]},{"@type":"BreadcrumbList","@id":"https:\/\/www.ucaldas.edu.co\/portal\/capacitacion-para-jurados-de-votacion-en-la-u-de-caldas\/#breadcrumb","itemListElement":[{"@type":"ListItem","position":1,"name":"Portada","item":"https:\/\/www.ucaldas.edu.co\/portal\/"},{"@type":"ListItem","position":2,"name":"Capacitaci\u00f3n para jurados de votaci\u00f3n en la U. de Caldas"}]},{"@type":"WebSite","@id":"https:\/\/www.ucaldas.edu.co\/portal\/#website","url":"https:\/\/www.ucaldas.edu.co\/portal\/","name":"Universidad de Caldas","description":"","publisher":{"@id":"https:\/\/www.ucaldas.edu.co\/portal\/#organization"},"alternateName":"U. de Caldas","potentialAction":[{"@type":"SearchAction","target":{"@type":"EntryPoint","urlTemplate":"https:\/\/www.ucaldas.edu.co\/portal\/?s={search_term_string}"},"query-input":{"@type":"PropertyValueSpecification","valueRequired":true,"valueName":"search_term_string"}}],"inLanguage":"es"},{"@type":"Organization","@id":"https:\/\/www.ucaldas.edu.co\/portal\/#organization","name":"Universidad de Caldas","alternateName":"U. de Caldas","url":"https:\/\/www.ucaldas.edu.co\/portal\/","logo":{"@type":"ImageObject","inLanguage":"es","@id":"https:\/\/www.ucaldas.edu.co\/portal\/#\/schema\/logo\/image\/","url":"https:\/\/www.ucaldas.edu.co\/portal\/wp-content\/uploads\/2023\/11\/Logo_horizontal_oscuroU-2023.png","contentUrl":"https:\/\/www.ucaldas.edu.co\/portal\/wp-content\/uploads\/2023\/11\/Logo_horizontal_oscuroU-2023.png","width":263,"height":101,"caption":"Universidad de Caldas"},"image":{"@id":"https:\/\/www.ucaldas.edu.co\/portal\/#\/schema\/logo\/image\/"},"sameAs":["https:\/\/www.facebook.com\/udecaldas","https:\/\/x.com\/udecaldas","https:\/\/www.youtube.com\/universidadcaldas","https:\/\/www.instagram.com\/udecaldas\/"]},{"@type":"Person","@id":"https:\/\/www.ucaldas.edu.co\/portal\/#\/schema\/person\/a1b482e23449158b4bc319926c074fdf","name":"ofiprensa","image":{"@type":"ImageObject","inLanguage":"es","@id":"https:\/\/www.ucaldas.edu.co\/portal\/wp-content\/litespeed\/avatar\/09ea5085e600095a7a811142c6944527.jpg?ver=1777497608","url":"https:\/\/www.ucaldas.edu.co\/portal\/wp-content\/litespeed\/avatar\/09ea5085e600095a7a811142c6944527.jpg?ver=1777497608","contentUrl":"https:\/\/www.ucaldas.edu.co\/portal\/wp-content\/litespeed\/avatar\/09ea5085e600095a7a811142c6944527.jpg?ver=1777497608","caption":"ofiprensa"},"url":"https:\/\/www.ucaldas.edu.co\/portal\/author\/ofiprensa\/"}]}},"_links":{"self":[{"href":"https:\/\/www.ucaldas.edu.co\/portal\/wp-json\/wp\/v2\/posts\/4935","targetHints":{"allow":["GET"]}}],"collection":[{"href":"https:\/\/www.ucaldas.edu.co\/portal\/wp-json\/wp\/v2\/posts"}],"about":[{"href":"https:\/\/www.ucaldas.edu.co\/portal\/wp-json\/wp\/v2\/types\/post"}],"author":[{"embeddable":true,"href":"https:\/\/www.ucaldas.edu.co\/portal\/wp-json\/wp\/v2\/users\/2"}],"replies":[{"embeddable":true,"href":"https:\/\/www.ucaldas.edu.co\/portal\/wp-json\/wp\/v2\/comments?post=4935"}],"version-history":[{"count":0,"href":"https:\/\/www.ucaldas.edu.co\/portal\/wp-json\/wp\/v2\/posts\/4935\/revisions"}],"wp:attachment":[{"href":"https:\/\/www.ucaldas.edu.co\/portal\/wp-json\/wp\/v2\/media?parent=4935"}],"wp:term":[{"taxonomy":"category","embeddable":true,"href":"https:\/\/www.ucaldas.edu.co\/portal\/wp-json\/wp\/v2\/categories?post=4935"},{"taxonomy":"post_tag","embeddable":true,"href":"https:\/\/www.ucaldas.edu.co\/portal\/wp-json\/wp\/v2\/tags?post=4935"}],"curies":[{"name":"wp","href":"https:\/\/api.w.org\/{rel}","templated":true}]}}