{"id":49316,"date":"2019-07-02T22:00:36","date_gmt":"2019-07-02T22:00:36","guid":{"rendered":"https:\/\/www.ucaldas.edu.co\/portal\/?p=49316"},"modified":"2019-07-02T22:00:36","modified_gmt":"2019-07-02T22:00:36","slug":"conversatorio-y-teatrino-de-marionetas-sobre-el-libro-tesoros-alados","status":"publish","type":"post","link":"https:\/\/www.ucaldas.edu.co\/portal\/conversatorio-y-teatrino-de-marionetas-sobre-el-libro-tesoros-alados\/","title":{"rendered":"Conversatorio y Teatrino de Marionetas sobre el libro \u201cTesoros Alados\u201d"},"content":{"rendered":"<p style=\"text-align: center;\">JUEVES 4 A LAS 5:30 PM<\/p>\n<p style=\"text-align: center;\"><strong>Conversatorio y Teatrino de Marionetas sobre el libro \u201cTesoros Alados\u201d<\/strong><\/p>\n<p style=\"text-align: right;\">02\/07\/2019<\/p>\n<p><img loading=\"lazy\" decoding=\"async\" class=\"size-full wp-image-49307 aligncenter\" src=\"https:\/\/www.ucaldas.edu.co\/portal\/wp-content\/uploads\/2019\/07\/tesoros-compressor.png\" alt=\"\" width=\"700\" height=\"400\" srcset=\"https:\/\/www.ucaldas.edu.co\/portal\/wp-content\/uploads\/2019\/07\/tesoros-compressor.png 700w, https:\/\/www.ucaldas.edu.co\/portal\/wp-content\/uploads\/2019\/07\/tesoros-compressor-300x171.png 300w\" sizes=\"auto, (max-width: 700px) 100vw, 700px\" \/>El pr\u00f3ximo jueves 4 de julio en el Auditorio del Centro de Museos de la Universidad de Caldas a las 5:30 pm, se llevar\u00e1 a cabo un conversatorio sobre el libro \u201cTesoros Alados\u201d, lanzado recientemente por la editorial Pispirispis.<\/p>\n<p><!--more--><\/p>\n<p>Este libro contiene ilustraciones de C\u00e9sar Landazabal y recoge el sonido de 50 especies de aves de Caldas, los cuales se podr\u00e1n escuchar con la ayuda de una aplicaci\u00f3n gratuita que se podr\u00e1 descargar desde cualquier dispositivo m\u00f3vil.<\/p>\n<p>Cada ave tiene un texto en espa\u00f1ol y en ingl\u00e9s. La persona podr\u00e1 saber de qu\u00e9 se alimenta el ave, de cu\u00e1l familia proviene, conocer\u00e1 la altura en la cual habita. Adem\u00e1s, al pasar el celular sobre la ilustraci\u00f3n de la especie oir\u00e1 su sonido, sabr\u00e1 su ubicaci\u00f3n en Caldas y Colombia.<\/p>\n<p>Durante el evento se llevar\u00e1 a cabo una presentaci\u00f3n con marionetas a cargo de Lalo Barranquillo y Lucia de los Aires. Tambi\u00e9n se tendr\u00e1 un conversatorio en el cual se hablar\u00e1 sobre la realizaci\u00f3n del libro \u201cTesoros Alados, con la participaci\u00f3n de la editorial Pispirispis y la Fundaci\u00f3n Alas de Cristal.<\/p>\n<p>&nbsp;<\/p>\n<p>&nbsp;<\/p>\n<p><strong>Informes: <\/strong>Oficina de Comunicaciones y Prensa Universidad de Caldas. Tel\u00e9fono: 8781500 Extensi\u00f3n: 12167<\/p>\n<p><strong>Redacci\u00f3n: <\/strong>Mateo Buritic\u00e1 Giraldo<\/p>\n<p>&nbsp;<\/p>\n","protected":false},"excerpt":{"rendered":"<p>JUEVES 4 A LAS 5:30 PM Conversatorio y Teatrino de Marionetas sobre el libro \u201cTesoros Alados\u201d 02\/07\/2019 El pr\u00f3ximo jueves 4 de julio en el Auditorio del Centro de Museos de la Universidad de Caldas a las 5:30 pm, se llevar\u00e1 a cabo un conversatorio sobre el libro \u201cTesoros Alados\u201d, lanzado recientemente por la editorial [&hellip;]<\/p>\n","protected":false},"author":2,"featured_media":49307,"comment_status":"closed","ping_status":"open","sticky":false,"template":"","format":"standard","meta":{"footnotes":""},"categories":[48,53],"tags":[371,4159,4160,4161],"class_list":["post-49316","post","type-post","status-publish","format-standard","has-post-thumbnail","hentry","category-actualidad","category-universidad-al-dia","tag-centro-de-museos","tag-aves","tag-tesoros-alados","tag-marionetas"],"yoast_head":"<!-- This site is optimized with the Yoast SEO plugin v27.5 - https:\/\/yoast.com\/product\/yoast-seo-wordpress\/ -->\n<title>Conversatorio y Teatrino de Marionetas sobre el libro \u201cTesoros Alados\u201d .<\/title>\n<meta name=\"robots\" content=\"index, follow, max-snippet:-1, max-image-preview:large, max-video-preview:-1\" \/>\n<link rel=\"canonical\" href=\"https:\/\/www.ucaldas.edu.co\/portal\/conversatorio-y-teatrino-de-marionetas-sobre-el-libro-tesoros-alados\/\" \/>\n<script type=\"application\/ld+json\" class=\"yoast-schema-graph\">{\"@context\":\"https:\\\/\\\/schema.org\",\"@graph\":[{\"@type\":\"Article\",\"@id\":\"https:\\\/\\\/www.ucaldas.edu.co\\\/portal\\\/conversatorio-y-teatrino-de-marionetas-sobre-el-libro-tesoros-alados\\\/#article\",\"isPartOf\":{\"@id\":\"https:\\\/\\\/www.ucaldas.edu.co\\\/portal\\\/conversatorio-y-teatrino-de-marionetas-sobre-el-libro-tesoros-alados\\\/\"},\"author\":{\"name\":\"ofiprensa\",\"@id\":\"https:\\\/\\\/www.ucaldas.edu.co\\\/portal\\\/#\\\/schema\\\/person\\\/a1b482e23449158b4bc319926c074fdf\"},\"headline\":\"Conversatorio y Teatrino de Marionetas sobre el libro \u201cTesoros Alados\u201d\",\"datePublished\":\"2019-07-02T22:00:36+00:00\",\"mainEntityOfPage\":{\"@id\":\"https:\\\/\\\/www.ucaldas.edu.co\\\/portal\\\/conversatorio-y-teatrino-de-marionetas-sobre-el-libro-tesoros-alados\\\/\"},\"wordCount\":238,\"publisher\":{\"@id\":\"https:\\\/\\\/www.ucaldas.edu.co\\\/portal\\\/#organization\"},\"image\":{\"@id\":\"https:\\\/\\\/www.ucaldas.edu.co\\\/portal\\\/conversatorio-y-teatrino-de-marionetas-sobre-el-libro-tesoros-alados\\\/#primaryimage\"},\"thumbnailUrl\":\"https:\\\/\\\/www.ucaldas.edu.co\\\/portal\\\/wp-content\\\/uploads\\\/2019\\\/07\\\/tesoros-compressor.png\",\"keywords\":[\"Centro de Museos\",\"aves\",\"tesoros alados\",\"marionetas\"],\"articleSection\":[\"Actualidad\",\"Universidad al D\u00eda\"],\"inLanguage\":\"es\"},{\"@type\":\"WebPage\",\"@id\":\"https:\\\/\\\/www.ucaldas.edu.co\\\/portal\\\/conversatorio-y-teatrino-de-marionetas-sobre-el-libro-tesoros-alados\\\/\",\"url\":\"https:\\\/\\\/www.ucaldas.edu.co\\\/portal\\\/conversatorio-y-teatrino-de-marionetas-sobre-el-libro-tesoros-alados\\\/\",\"name\":\"Conversatorio y Teatrino de Marionetas sobre el libro \u201cTesoros Alados\u201d .\",\"isPartOf\":{\"@id\":\"https:\\\/\\\/www.ucaldas.edu.co\\\/portal\\\/#website\"},\"primaryImageOfPage\":{\"@id\":\"https:\\\/\\\/www.ucaldas.edu.co\\\/portal\\\/conversatorio-y-teatrino-de-marionetas-sobre-el-libro-tesoros-alados\\\/#primaryimage\"},\"image\":{\"@id\":\"https:\\\/\\\/www.ucaldas.edu.co\\\/portal\\\/conversatorio-y-teatrino-de-marionetas-sobre-el-libro-tesoros-alados\\\/#primaryimage\"},\"thumbnailUrl\":\"https:\\\/\\\/www.ucaldas.edu.co\\\/portal\\\/wp-content\\\/uploads\\\/2019\\\/07\\\/tesoros-compressor.png\",\"datePublished\":\"2019-07-02T22:00:36+00:00\",\"breadcrumb\":{\"@id\":\"https:\\\/\\\/www.ucaldas.edu.co\\\/portal\\\/conversatorio-y-teatrino-de-marionetas-sobre-el-libro-tesoros-alados\\\/#breadcrumb\"},\"inLanguage\":\"es\",\"potentialAction\":[{\"@type\":\"ReadAction\",\"target\":[\"https:\\\/\\\/www.ucaldas.edu.co\\\/portal\\\/conversatorio-y-teatrino-de-marionetas-sobre-el-libro-tesoros-alados\\\/\"]}]},{\"@type\":\"ImageObject\",\"inLanguage\":\"es\",\"@id\":\"https:\\\/\\\/www.ucaldas.edu.co\\\/portal\\\/conversatorio-y-teatrino-de-marionetas-sobre-el-libro-tesoros-alados\\\/#primaryimage\",\"url\":\"https:\\\/\\\/www.ucaldas.edu.co\\\/portal\\\/wp-content\\\/uploads\\\/2019\\\/07\\\/tesoros-compressor.png\",\"contentUrl\":\"https:\\\/\\\/www.ucaldas.edu.co\\\/portal\\\/wp-content\\\/uploads\\\/2019\\\/07\\\/tesoros-compressor.png\",\"width\":700,\"height\":400},{\"@type\":\"BreadcrumbList\",\"@id\":\"https:\\\/\\\/www.ucaldas.edu.co\\\/portal\\\/conversatorio-y-teatrino-de-marionetas-sobre-el-libro-tesoros-alados\\\/#breadcrumb\",\"itemListElement\":[{\"@type\":\"ListItem\",\"position\":1,\"name\":\"Portada\",\"item\":\"https:\\\/\\\/www.ucaldas.edu.co\\\/portal\\\/\"},{\"@type\":\"ListItem\",\"position\":2,\"name\":\"Conversatorio y Teatrino de Marionetas sobre el libro \u201cTesoros Alados\u201d\"}]},{\"@type\":\"WebSite\",\"@id\":\"https:\\\/\\\/www.ucaldas.edu.co\\\/portal\\\/#website\",\"url\":\"https:\\\/\\\/www.ucaldas.edu.co\\\/portal\\\/\",\"name\":\"Universidad de Caldas\",\"description\":\"\",\"publisher\":{\"@id\":\"https:\\\/\\\/www.ucaldas.edu.co\\\/portal\\\/#organization\"},\"alternateName\":\"U. de Caldas\",\"potentialAction\":[{\"@type\":\"SearchAction\",\"target\":{\"@type\":\"EntryPoint\",\"urlTemplate\":\"https:\\\/\\\/www.ucaldas.edu.co\\\/portal\\\/?s={search_term_string}\"},\"query-input\":{\"@type\":\"PropertyValueSpecification\",\"valueRequired\":true,\"valueName\":\"search_term_string\"}}],\"inLanguage\":\"es\"},{\"@type\":\"Organization\",\"@id\":\"https:\\\/\\\/www.ucaldas.edu.co\\\/portal\\\/#organization\",\"name\":\"Universidad de Caldas\",\"alternateName\":\"U. de Caldas\",\"url\":\"https:\\\/\\\/www.ucaldas.edu.co\\\/portal\\\/\",\"logo\":{\"@type\":\"ImageObject\",\"inLanguage\":\"es\",\"@id\":\"https:\\\/\\\/www.ucaldas.edu.co\\\/portal\\\/#\\\/schema\\\/logo\\\/image\\\/\",\"url\":\"https:\\\/\\\/www.ucaldas.edu.co\\\/portal\\\/wp-content\\\/uploads\\\/2023\\\/11\\\/Logo_horizontal_oscuroU-2023.png\",\"contentUrl\":\"https:\\\/\\\/www.ucaldas.edu.co\\\/portal\\\/wp-content\\\/uploads\\\/2023\\\/11\\\/Logo_horizontal_oscuroU-2023.png\",\"width\":263,\"height\":101,\"caption\":\"Universidad de Caldas\"},\"image\":{\"@id\":\"https:\\\/\\\/www.ucaldas.edu.co\\\/portal\\\/#\\\/schema\\\/logo\\\/image\\\/\"},\"sameAs\":[\"https:\\\/\\\/www.facebook.com\\\/udecaldas\",\"https:\\\/\\\/x.com\\\/udecaldas\",\"https:\\\/\\\/www.youtube.com\\\/universidadcaldas\",\"https:\\\/\\\/www.instagram.com\\\/udecaldas\\\/\"]},{\"@type\":\"Person\",\"@id\":\"https:\\\/\\\/www.ucaldas.edu.co\\\/portal\\\/#\\\/schema\\\/person\\\/a1b482e23449158b4bc319926c074fdf\",\"name\":\"ofiprensa\",\"image\":{\"@type\":\"ImageObject\",\"inLanguage\":\"es\",\"@id\":\"https:\\\/\\\/www.ucaldas.edu.co\\\/portal\\\/wp-content\\\/litespeed\\\/avatar\\\/09ea5085e600095a7a811142c6944527.jpg?ver=1777497608\",\"url\":\"https:\\\/\\\/www.ucaldas.edu.co\\\/portal\\\/wp-content\\\/litespeed\\\/avatar\\\/09ea5085e600095a7a811142c6944527.jpg?ver=1777497608\",\"contentUrl\":\"https:\\\/\\\/www.ucaldas.edu.co\\\/portal\\\/wp-content\\\/litespeed\\\/avatar\\\/09ea5085e600095a7a811142c6944527.jpg?ver=1777497608\",\"caption\":\"ofiprensa\"},\"url\":\"https:\\\/\\\/www.ucaldas.edu.co\\\/portal\\\/author\\\/ofiprensa\\\/\"}]}<\/script>\n<!-- \/ Yoast SEO plugin. -->","yoast_head_json":{"title":"Conversatorio y Teatrino de Marionetas sobre el libro \u201cTesoros Alados\u201d .","robots":{"index":"index","follow":"follow","max-snippet":"max-snippet:-1","max-image-preview":"max-image-preview:large","max-video-preview":"max-video-preview:-1"},"canonical":"https:\/\/www.ucaldas.edu.co\/portal\/conversatorio-y-teatrino-de-marionetas-sobre-el-libro-tesoros-alados\/","schema":{"@context":"https:\/\/schema.org","@graph":[{"@type":"Article","@id":"https:\/\/www.ucaldas.edu.co\/portal\/conversatorio-y-teatrino-de-marionetas-sobre-el-libro-tesoros-alados\/#article","isPartOf":{"@id":"https:\/\/www.ucaldas.edu.co\/portal\/conversatorio-y-teatrino-de-marionetas-sobre-el-libro-tesoros-alados\/"},"author":{"name":"ofiprensa","@id":"https:\/\/www.ucaldas.edu.co\/portal\/#\/schema\/person\/a1b482e23449158b4bc319926c074fdf"},"headline":"Conversatorio y Teatrino de Marionetas sobre el libro \u201cTesoros Alados\u201d","datePublished":"2019-07-02T22:00:36+00:00","mainEntityOfPage":{"@id":"https:\/\/www.ucaldas.edu.co\/portal\/conversatorio-y-teatrino-de-marionetas-sobre-el-libro-tesoros-alados\/"},"wordCount":238,"publisher":{"@id":"https:\/\/www.ucaldas.edu.co\/portal\/#organization"},"image":{"@id":"https:\/\/www.ucaldas.edu.co\/portal\/conversatorio-y-teatrino-de-marionetas-sobre-el-libro-tesoros-alados\/#primaryimage"},"thumbnailUrl":"https:\/\/www.ucaldas.edu.co\/portal\/wp-content\/uploads\/2019\/07\/tesoros-compressor.png","keywords":["Centro de Museos","aves","tesoros alados","marionetas"],"articleSection":["Actualidad","Universidad al D\u00eda"],"inLanguage":"es"},{"@type":"WebPage","@id":"https:\/\/www.ucaldas.edu.co\/portal\/conversatorio-y-teatrino-de-marionetas-sobre-el-libro-tesoros-alados\/","url":"https:\/\/www.ucaldas.edu.co\/portal\/conversatorio-y-teatrino-de-marionetas-sobre-el-libro-tesoros-alados\/","name":"Conversatorio y Teatrino de Marionetas sobre el libro \u201cTesoros Alados\u201d .","isPartOf":{"@id":"https:\/\/www.ucaldas.edu.co\/portal\/#website"},"primaryImageOfPage":{"@id":"https:\/\/www.ucaldas.edu.co\/portal\/conversatorio-y-teatrino-de-marionetas-sobre-el-libro-tesoros-alados\/#primaryimage"},"image":{"@id":"https:\/\/www.ucaldas.edu.co\/portal\/conversatorio-y-teatrino-de-marionetas-sobre-el-libro-tesoros-alados\/#primaryimage"},"thumbnailUrl":"https:\/\/www.ucaldas.edu.co\/portal\/wp-content\/uploads\/2019\/07\/tesoros-compressor.png","datePublished":"2019-07-02T22:00:36+00:00","breadcrumb":{"@id":"https:\/\/www.ucaldas.edu.co\/portal\/conversatorio-y-teatrino-de-marionetas-sobre-el-libro-tesoros-alados\/#breadcrumb"},"inLanguage":"es","potentialAction":[{"@type":"ReadAction","target":["https:\/\/www.ucaldas.edu.co\/portal\/conversatorio-y-teatrino-de-marionetas-sobre-el-libro-tesoros-alados\/"]}]},{"@type":"ImageObject","inLanguage":"es","@id":"https:\/\/www.ucaldas.edu.co\/portal\/conversatorio-y-teatrino-de-marionetas-sobre-el-libro-tesoros-alados\/#primaryimage","url":"https:\/\/www.ucaldas.edu.co\/portal\/wp-content\/uploads\/2019\/07\/tesoros-compressor.png","contentUrl":"https:\/\/www.ucaldas.edu.co\/portal\/wp-content\/uploads\/2019\/07\/tesoros-compressor.png","width":700,"height":400},{"@type":"BreadcrumbList","@id":"https:\/\/www.ucaldas.edu.co\/portal\/conversatorio-y-teatrino-de-marionetas-sobre-el-libro-tesoros-alados\/#breadcrumb","itemListElement":[{"@type":"ListItem","position":1,"name":"Portada","item":"https:\/\/www.ucaldas.edu.co\/portal\/"},{"@type":"ListItem","position":2,"name":"Conversatorio y Teatrino de Marionetas sobre el libro \u201cTesoros Alados\u201d"}]},{"@type":"WebSite","@id":"https:\/\/www.ucaldas.edu.co\/portal\/#website","url":"https:\/\/www.ucaldas.edu.co\/portal\/","name":"Universidad de Caldas","description":"","publisher":{"@id":"https:\/\/www.ucaldas.edu.co\/portal\/#organization"},"alternateName":"U. de Caldas","potentialAction":[{"@type":"SearchAction","target":{"@type":"EntryPoint","urlTemplate":"https:\/\/www.ucaldas.edu.co\/portal\/?s={search_term_string}"},"query-input":{"@type":"PropertyValueSpecification","valueRequired":true,"valueName":"search_term_string"}}],"inLanguage":"es"},{"@type":"Organization","@id":"https:\/\/www.ucaldas.edu.co\/portal\/#organization","name":"Universidad de Caldas","alternateName":"U. de Caldas","url":"https:\/\/www.ucaldas.edu.co\/portal\/","logo":{"@type":"ImageObject","inLanguage":"es","@id":"https:\/\/www.ucaldas.edu.co\/portal\/#\/schema\/logo\/image\/","url":"https:\/\/www.ucaldas.edu.co\/portal\/wp-content\/uploads\/2023\/11\/Logo_horizontal_oscuroU-2023.png","contentUrl":"https:\/\/www.ucaldas.edu.co\/portal\/wp-content\/uploads\/2023\/11\/Logo_horizontal_oscuroU-2023.png","width":263,"height":101,"caption":"Universidad de Caldas"},"image":{"@id":"https:\/\/www.ucaldas.edu.co\/portal\/#\/schema\/logo\/image\/"},"sameAs":["https:\/\/www.facebook.com\/udecaldas","https:\/\/x.com\/udecaldas","https:\/\/www.youtube.com\/universidadcaldas","https:\/\/www.instagram.com\/udecaldas\/"]},{"@type":"Person","@id":"https:\/\/www.ucaldas.edu.co\/portal\/#\/schema\/person\/a1b482e23449158b4bc319926c074fdf","name":"ofiprensa","image":{"@type":"ImageObject","inLanguage":"es","@id":"https:\/\/www.ucaldas.edu.co\/portal\/wp-content\/litespeed\/avatar\/09ea5085e600095a7a811142c6944527.jpg?ver=1777497608","url":"https:\/\/www.ucaldas.edu.co\/portal\/wp-content\/litespeed\/avatar\/09ea5085e600095a7a811142c6944527.jpg?ver=1777497608","contentUrl":"https:\/\/www.ucaldas.edu.co\/portal\/wp-content\/litespeed\/avatar\/09ea5085e600095a7a811142c6944527.jpg?ver=1777497608","caption":"ofiprensa"},"url":"https:\/\/www.ucaldas.edu.co\/portal\/author\/ofiprensa\/"}]}},"_links":{"self":[{"href":"https:\/\/www.ucaldas.edu.co\/portal\/wp-json\/wp\/v2\/posts\/49316","targetHints":{"allow":["GET"]}}],"collection":[{"href":"https:\/\/www.ucaldas.edu.co\/portal\/wp-json\/wp\/v2\/posts"}],"about":[{"href":"https:\/\/www.ucaldas.edu.co\/portal\/wp-json\/wp\/v2\/types\/post"}],"author":[{"embeddable":true,"href":"https:\/\/www.ucaldas.edu.co\/portal\/wp-json\/wp\/v2\/users\/2"}],"replies":[{"embeddable":true,"href":"https:\/\/www.ucaldas.edu.co\/portal\/wp-json\/wp\/v2\/comments?post=49316"}],"version-history":[{"count":0,"href":"https:\/\/www.ucaldas.edu.co\/portal\/wp-json\/wp\/v2\/posts\/49316\/revisions"}],"wp:featuredmedia":[{"embeddable":true,"href":"https:\/\/www.ucaldas.edu.co\/portal\/wp-json\/wp\/v2\/media\/49307"}],"wp:attachment":[{"href":"https:\/\/www.ucaldas.edu.co\/portal\/wp-json\/wp\/v2\/media?parent=49316"}],"wp:term":[{"taxonomy":"category","embeddable":true,"href":"https:\/\/www.ucaldas.edu.co\/portal\/wp-json\/wp\/v2\/categories?post=49316"},{"taxonomy":"post_tag","embeddable":true,"href":"https:\/\/www.ucaldas.edu.co\/portal\/wp-json\/wp\/v2\/tags?post=49316"}],"curies":[{"name":"wp","href":"https:\/\/api.w.org\/{rel}","templated":true}]}}