{"id":49314,"date":"2019-07-02T21:59:03","date_gmt":"2019-07-02T21:59:03","guid":{"rendered":"https:\/\/www.ucaldas.edu.co\/portal\/?p=49314"},"modified":"2019-07-02T21:59:03","modified_gmt":"2019-07-02T21:59:03","slug":"primer-congreso-internacional-de-practica-pedagogica","status":"publish","type":"post","link":"https:\/\/www.ucaldas.edu.co\/portal\/primer-congreso-internacional-de-practica-pedagogica\/","title":{"rendered":"Primer Congreso Internacional de Pr\u00e1ctica Pedag\u00f3gica"},"content":{"rendered":"<p style=\"text-align: center;\">CONVOCATORIA HASTA EL 27 DE JULIO<\/p>\n<p style=\"text-align: center;\"><strong>Primer Congreso Internacional de Pr\u00e1ctica Pedag\u00f3gica<\/strong><\/p>\n<p style=\"text-align: right;\">02\/07\/2019<\/p>\n<p><img loading=\"lazy\" decoding=\"async\" class=\"wp-image-49304 aligncenter\" src=\"https:\/\/www.ucaldas.edu.co\/portal\/wp-content\/uploads\/2019\/07\/congreso-compressor.jpg\" alt=\"\" width=\"700\" height=\"350\" srcset=\"https:\/\/www.ucaldas.edu.co\/portal\/wp-content\/uploads\/2019\/07\/congreso-compressor.jpg 1200w, https:\/\/www.ucaldas.edu.co\/portal\/wp-content\/uploads\/2019\/07\/congreso-compressor-300x150.jpg 300w, https:\/\/www.ucaldas.edu.co\/portal\/wp-content\/uploads\/2019\/07\/congreso-compressor-768x384.jpg 768w, https:\/\/www.ucaldas.edu.co\/portal\/wp-content\/uploads\/2019\/07\/congreso-compressor-1024x512.jpg 1024w\" sizes=\"auto, (max-width: 700px) 100vw, 700px\" \/>Hasta el 27 de julio de 2019, estar\u00e1 abierta la convocatoria al Primer Congreso Internacional de Pr\u00e1ctica Pedag\u00f3gica,\u00a0 liderado por el Departamento de Estudios Educativos de la Universidad de Caldas en alianza con la Asociaci\u00f3n Colombiana de Facultades de Educaci\u00f3n ASCOFADE.<\/p>\n<p><!--more--><\/p>\n<p>El Primer Congreso Internacional de Pr\u00e1ctica Pedag\u00f3gica es una iniciativa\u00a0\u00fanica en el pa\u00eds para promover la reflexi\u00f3n, construcci\u00f3n y divulgaci\u00f3n de los conocimientos necesarios para la cualificaci\u00f3n de los educadores en relaci\u00f3n con su quehacer, contextualizado, diferencial e intercultural, requerido para las realidades y poblaciones diversas del pa\u00eds y propiciar la transformaci\u00f3n de los imaginarios sociales y culturales para la reivindicaci\u00f3n de su valor e importancia en el contexto local, regional y nacional.<\/p>\n<p>El evento se llevar\u00e1 a cabo entre el 2 y 4 de octubre de 2019 con la siguiente agenda acad\u00e9mica:<\/p>\n<p>-II Congreso Regional de Pr\u00e1cticas Pedag\u00f3gicas<br \/>\n&#8211; V Simposio de la Red Escuela Din\u00e1mica por la Paz<br \/>\n&#8211; I Coloquio de Estudiantes de Posgrado en Educaci\u00f3n de la Universidad de Caldas<br \/>\n&#8211; I Encuentro Nacional de Semilleros de Investigaci\u00f3n en Educaci\u00f3n<br \/>\n&#8211; Foro Acad\u00e9mico: conferencias de expertos nacionales e internacionales con reconocimiento en\u00a0educaci\u00f3n<br \/>\n&#8211; Presentaci\u00f3n de p\u00f3ster de estudiantes de Licenciaturas y Semilleros de Investigaci\u00f3n en Educaci\u00f3n<br \/>\n&#8211; Conversatorio sobre Pol\u00edticas Actuales de Educaci\u00f3n Regional y Nacional<\/p>\n<p>La convocatoria est\u00e1 abierta para docentes, investigadores y p\u00f3ster de estudiantes de licenciaturas e integrantes de semilleros de investigaci\u00f3n en educaci\u00f3n interesados en presentar ponencias durante el desarrollo del congreso.<\/p>\n<p><strong>Costos de inscripci\u00f3n: <\/strong><\/p>\n<p><strong>Estudiantes de pregrado y semilleros de investigaci\u00f3n:<\/strong>\u00a0$30.000<br \/>\n<strong>Estudiantes de Posgrado y Docentes Universidad de Caldas:<\/strong>\u00a0$60.000<br \/>\n<strong>Docentes Ascofade:<\/strong>\u00a0$75.000<br \/>\n<strong>Ponentes:<\/strong>\u00a0$60.000<br \/>\n<strong>P\u00fablico general<\/strong>:\u00a0$100.000<\/p>\n<p>Inscr\u00edbase\u00a0 al Primer Congreso Internacional de Pr\u00e1ctica Pedag\u00f3gica <a href=\"https:\/\/docs.google.com\/forms\/d\/e\/1FAIpQLScTo_YF0fEMDOJFZaSZxyp1rr0aHXiObQKOQlod9wXaIQbk4w\/viewform\">aqu\u00ed.<\/a><\/p>\n<p>&nbsp;<\/p>\n<p><strong>Informes:<\/strong> Oficina de Comunicaciones y Prensa Universidad de Caldas. Tel\u00e9fono: 8781500 Extensi\u00f3n: 12167<\/p>\n<p><strong>Redacci\u00f3n:<\/strong> Daniela S\u00e1nchez R\u00edos<\/p>\n<p>&nbsp;<\/p>\n","protected":false},"excerpt":{"rendered":"<p>CONVOCATORIA HASTA EL 27 DE JULIO Primer Congreso Internacional de Pr\u00e1ctica Pedag\u00f3gica 02\/07\/2019 Hasta el 27 de julio de 2019, estar\u00e1 abierta la convocatoria al Primer Congreso Internacional de Pr\u00e1ctica Pedag\u00f3gica,\u00a0 liderado por el Departamento de Estudios Educativos de la Universidad de Caldas en alianza con la Asociaci\u00f3n Colombiana de Facultades de Educaci\u00f3n ASCOFADE.<\/p>\n","protected":false},"author":2,"featured_media":49304,"comment_status":"closed","ping_status":"open","sticky":false,"template":"","format":"standard","meta":{"footnotes":""},"categories":[48,53],"tags":[171,309,1322,4158],"class_list":["post-49314","post","type-post","status-publish","format-standard","has-post-thumbnail","hentry","category-actualidad","category-universidad-al-dia","tag-congreso","tag-investigadores","tag-practica","tag-pedagogica"],"yoast_head":"<!-- This site is optimized with the Yoast SEO plugin v27.5 - https:\/\/yoast.com\/product\/yoast-seo-wordpress\/ -->\n<title>Primer Congreso Internacional de Pr\u00e1ctica Pedag\u00f3gica .<\/title>\n<meta name=\"robots\" content=\"index, follow, max-snippet:-1, max-image-preview:large, max-video-preview:-1\" \/>\n<link rel=\"canonical\" href=\"https:\/\/www.ucaldas.edu.co\/portal\/primer-congreso-internacional-de-practica-pedagogica\/\" \/>\n<script type=\"application\/ld+json\" class=\"yoast-schema-graph\">{\"@context\":\"https:\\\/\\\/schema.org\",\"@graph\":[{\"@type\":\"Article\",\"@id\":\"https:\\\/\\\/www.ucaldas.edu.co\\\/portal\\\/primer-congreso-internacional-de-practica-pedagogica\\\/#article\",\"isPartOf\":{\"@id\":\"https:\\\/\\\/www.ucaldas.edu.co\\\/portal\\\/primer-congreso-internacional-de-practica-pedagogica\\\/\"},\"author\":{\"name\":\"ofiprensa\",\"@id\":\"https:\\\/\\\/www.ucaldas.edu.co\\\/portal\\\/#\\\/schema\\\/person\\\/a1b482e23449158b4bc319926c074fdf\"},\"headline\":\"Primer Congreso Internacional de Pr\u00e1ctica Pedag\u00f3gica\",\"datePublished\":\"2019-07-02T21:59:03+00:00\",\"mainEntityOfPage\":{\"@id\":\"https:\\\/\\\/www.ucaldas.edu.co\\\/portal\\\/primer-congreso-internacional-de-practica-pedagogica\\\/\"},\"wordCount\":352,\"publisher\":{\"@id\":\"https:\\\/\\\/www.ucaldas.edu.co\\\/portal\\\/#organization\"},\"image\":{\"@id\":\"https:\\\/\\\/www.ucaldas.edu.co\\\/portal\\\/primer-congreso-internacional-de-practica-pedagogica\\\/#primaryimage\"},\"thumbnailUrl\":\"https:\\\/\\\/www.ucaldas.edu.co\\\/portal\\\/wp-content\\\/uploads\\\/2019\\\/07\\\/congreso-compressor.jpg\",\"keywords\":[\"congreso\",\"investigadores\",\"pr\u00e1ctica\",\"pedag\u00f3gica\"],\"articleSection\":[\"Actualidad\",\"Universidad al D\u00eda\"],\"inLanguage\":\"es\"},{\"@type\":\"WebPage\",\"@id\":\"https:\\\/\\\/www.ucaldas.edu.co\\\/portal\\\/primer-congreso-internacional-de-practica-pedagogica\\\/\",\"url\":\"https:\\\/\\\/www.ucaldas.edu.co\\\/portal\\\/primer-congreso-internacional-de-practica-pedagogica\\\/\",\"name\":\"Primer Congreso Internacional de Pr\u00e1ctica Pedag\u00f3gica .\",\"isPartOf\":{\"@id\":\"https:\\\/\\\/www.ucaldas.edu.co\\\/portal\\\/#website\"},\"primaryImageOfPage\":{\"@id\":\"https:\\\/\\\/www.ucaldas.edu.co\\\/portal\\\/primer-congreso-internacional-de-practica-pedagogica\\\/#primaryimage\"},\"image\":{\"@id\":\"https:\\\/\\\/www.ucaldas.edu.co\\\/portal\\\/primer-congreso-internacional-de-practica-pedagogica\\\/#primaryimage\"},\"thumbnailUrl\":\"https:\\\/\\\/www.ucaldas.edu.co\\\/portal\\\/wp-content\\\/uploads\\\/2019\\\/07\\\/congreso-compressor.jpg\",\"datePublished\":\"2019-07-02T21:59:03+00:00\",\"breadcrumb\":{\"@id\":\"https:\\\/\\\/www.ucaldas.edu.co\\\/portal\\\/primer-congreso-internacional-de-practica-pedagogica\\\/#breadcrumb\"},\"inLanguage\":\"es\",\"potentialAction\":[{\"@type\":\"ReadAction\",\"target\":[\"https:\\\/\\\/www.ucaldas.edu.co\\\/portal\\\/primer-congreso-internacional-de-practica-pedagogica\\\/\"]}]},{\"@type\":\"ImageObject\",\"inLanguage\":\"es\",\"@id\":\"https:\\\/\\\/www.ucaldas.edu.co\\\/portal\\\/primer-congreso-internacional-de-practica-pedagogica\\\/#primaryimage\",\"url\":\"https:\\\/\\\/www.ucaldas.edu.co\\\/portal\\\/wp-content\\\/uploads\\\/2019\\\/07\\\/congreso-compressor.jpg\",\"contentUrl\":\"https:\\\/\\\/www.ucaldas.edu.co\\\/portal\\\/wp-content\\\/uploads\\\/2019\\\/07\\\/congreso-compressor.jpg\",\"width\":1200,\"height\":600},{\"@type\":\"BreadcrumbList\",\"@id\":\"https:\\\/\\\/www.ucaldas.edu.co\\\/portal\\\/primer-congreso-internacional-de-practica-pedagogica\\\/#breadcrumb\",\"itemListElement\":[{\"@type\":\"ListItem\",\"position\":1,\"name\":\"Portada\",\"item\":\"https:\\\/\\\/www.ucaldas.edu.co\\\/portal\\\/\"},{\"@type\":\"ListItem\",\"position\":2,\"name\":\"Primer Congreso Internacional de Pr\u00e1ctica Pedag\u00f3gica\"}]},{\"@type\":\"WebSite\",\"@id\":\"https:\\\/\\\/www.ucaldas.edu.co\\\/portal\\\/#website\",\"url\":\"https:\\\/\\\/www.ucaldas.edu.co\\\/portal\\\/\",\"name\":\"Universidad de Caldas\",\"description\":\"\",\"publisher\":{\"@id\":\"https:\\\/\\\/www.ucaldas.edu.co\\\/portal\\\/#organization\"},\"alternateName\":\"U. de Caldas\",\"potentialAction\":[{\"@type\":\"SearchAction\",\"target\":{\"@type\":\"EntryPoint\",\"urlTemplate\":\"https:\\\/\\\/www.ucaldas.edu.co\\\/portal\\\/?s={search_term_string}\"},\"query-input\":{\"@type\":\"PropertyValueSpecification\",\"valueRequired\":true,\"valueName\":\"search_term_string\"}}],\"inLanguage\":\"es\"},{\"@type\":\"Organization\",\"@id\":\"https:\\\/\\\/www.ucaldas.edu.co\\\/portal\\\/#organization\",\"name\":\"Universidad de Caldas\",\"alternateName\":\"U. de Caldas\",\"url\":\"https:\\\/\\\/www.ucaldas.edu.co\\\/portal\\\/\",\"logo\":{\"@type\":\"ImageObject\",\"inLanguage\":\"es\",\"@id\":\"https:\\\/\\\/www.ucaldas.edu.co\\\/portal\\\/#\\\/schema\\\/logo\\\/image\\\/\",\"url\":\"https:\\\/\\\/www.ucaldas.edu.co\\\/portal\\\/wp-content\\\/uploads\\\/2023\\\/11\\\/Logo_horizontal_oscuroU-2023.png\",\"contentUrl\":\"https:\\\/\\\/www.ucaldas.edu.co\\\/portal\\\/wp-content\\\/uploads\\\/2023\\\/11\\\/Logo_horizontal_oscuroU-2023.png\",\"width\":263,\"height\":101,\"caption\":\"Universidad de Caldas\"},\"image\":{\"@id\":\"https:\\\/\\\/www.ucaldas.edu.co\\\/portal\\\/#\\\/schema\\\/logo\\\/image\\\/\"},\"sameAs\":[\"https:\\\/\\\/www.facebook.com\\\/udecaldas\",\"https:\\\/\\\/x.com\\\/udecaldas\",\"https:\\\/\\\/www.youtube.com\\\/universidadcaldas\",\"https:\\\/\\\/www.instagram.com\\\/udecaldas\\\/\"]},{\"@type\":\"Person\",\"@id\":\"https:\\\/\\\/www.ucaldas.edu.co\\\/portal\\\/#\\\/schema\\\/person\\\/a1b482e23449158b4bc319926c074fdf\",\"name\":\"ofiprensa\",\"image\":{\"@type\":\"ImageObject\",\"inLanguage\":\"es\",\"@id\":\"https:\\\/\\\/www.ucaldas.edu.co\\\/portal\\\/wp-content\\\/litespeed\\\/avatar\\\/09ea5085e600095a7a811142c6944527.jpg?ver=1777497608\",\"url\":\"https:\\\/\\\/www.ucaldas.edu.co\\\/portal\\\/wp-content\\\/litespeed\\\/avatar\\\/09ea5085e600095a7a811142c6944527.jpg?ver=1777497608\",\"contentUrl\":\"https:\\\/\\\/www.ucaldas.edu.co\\\/portal\\\/wp-content\\\/litespeed\\\/avatar\\\/09ea5085e600095a7a811142c6944527.jpg?ver=1777497608\",\"caption\":\"ofiprensa\"},\"url\":\"https:\\\/\\\/www.ucaldas.edu.co\\\/portal\\\/author\\\/ofiprensa\\\/\"}]}<\/script>\n<!-- \/ Yoast SEO plugin. -->","yoast_head_json":{"title":"Primer Congreso Internacional de Pr\u00e1ctica Pedag\u00f3gica .","robots":{"index":"index","follow":"follow","max-snippet":"max-snippet:-1","max-image-preview":"max-image-preview:large","max-video-preview":"max-video-preview:-1"},"canonical":"https:\/\/www.ucaldas.edu.co\/portal\/primer-congreso-internacional-de-practica-pedagogica\/","schema":{"@context":"https:\/\/schema.org","@graph":[{"@type":"Article","@id":"https:\/\/www.ucaldas.edu.co\/portal\/primer-congreso-internacional-de-practica-pedagogica\/#article","isPartOf":{"@id":"https:\/\/www.ucaldas.edu.co\/portal\/primer-congreso-internacional-de-practica-pedagogica\/"},"author":{"name":"ofiprensa","@id":"https:\/\/www.ucaldas.edu.co\/portal\/#\/schema\/person\/a1b482e23449158b4bc319926c074fdf"},"headline":"Primer Congreso Internacional de Pr\u00e1ctica Pedag\u00f3gica","datePublished":"2019-07-02T21:59:03+00:00","mainEntityOfPage":{"@id":"https:\/\/www.ucaldas.edu.co\/portal\/primer-congreso-internacional-de-practica-pedagogica\/"},"wordCount":352,"publisher":{"@id":"https:\/\/www.ucaldas.edu.co\/portal\/#organization"},"image":{"@id":"https:\/\/www.ucaldas.edu.co\/portal\/primer-congreso-internacional-de-practica-pedagogica\/#primaryimage"},"thumbnailUrl":"https:\/\/www.ucaldas.edu.co\/portal\/wp-content\/uploads\/2019\/07\/congreso-compressor.jpg","keywords":["congreso","investigadores","pr\u00e1ctica","pedag\u00f3gica"],"articleSection":["Actualidad","Universidad al D\u00eda"],"inLanguage":"es"},{"@type":"WebPage","@id":"https:\/\/www.ucaldas.edu.co\/portal\/primer-congreso-internacional-de-practica-pedagogica\/","url":"https:\/\/www.ucaldas.edu.co\/portal\/primer-congreso-internacional-de-practica-pedagogica\/","name":"Primer Congreso Internacional de Pr\u00e1ctica Pedag\u00f3gica .","isPartOf":{"@id":"https:\/\/www.ucaldas.edu.co\/portal\/#website"},"primaryImageOfPage":{"@id":"https:\/\/www.ucaldas.edu.co\/portal\/primer-congreso-internacional-de-practica-pedagogica\/#primaryimage"},"image":{"@id":"https:\/\/www.ucaldas.edu.co\/portal\/primer-congreso-internacional-de-practica-pedagogica\/#primaryimage"},"thumbnailUrl":"https:\/\/www.ucaldas.edu.co\/portal\/wp-content\/uploads\/2019\/07\/congreso-compressor.jpg","datePublished":"2019-07-02T21:59:03+00:00","breadcrumb":{"@id":"https:\/\/www.ucaldas.edu.co\/portal\/primer-congreso-internacional-de-practica-pedagogica\/#breadcrumb"},"inLanguage":"es","potentialAction":[{"@type":"ReadAction","target":["https:\/\/www.ucaldas.edu.co\/portal\/primer-congreso-internacional-de-practica-pedagogica\/"]}]},{"@type":"ImageObject","inLanguage":"es","@id":"https:\/\/www.ucaldas.edu.co\/portal\/primer-congreso-internacional-de-practica-pedagogica\/#primaryimage","url":"https:\/\/www.ucaldas.edu.co\/portal\/wp-content\/uploads\/2019\/07\/congreso-compressor.jpg","contentUrl":"https:\/\/www.ucaldas.edu.co\/portal\/wp-content\/uploads\/2019\/07\/congreso-compressor.jpg","width":1200,"height":600},{"@type":"BreadcrumbList","@id":"https:\/\/www.ucaldas.edu.co\/portal\/primer-congreso-internacional-de-practica-pedagogica\/#breadcrumb","itemListElement":[{"@type":"ListItem","position":1,"name":"Portada","item":"https:\/\/www.ucaldas.edu.co\/portal\/"},{"@type":"ListItem","position":2,"name":"Primer Congreso Internacional de Pr\u00e1ctica Pedag\u00f3gica"}]},{"@type":"WebSite","@id":"https:\/\/www.ucaldas.edu.co\/portal\/#website","url":"https:\/\/www.ucaldas.edu.co\/portal\/","name":"Universidad de Caldas","description":"","publisher":{"@id":"https:\/\/www.ucaldas.edu.co\/portal\/#organization"},"alternateName":"U. de Caldas","potentialAction":[{"@type":"SearchAction","target":{"@type":"EntryPoint","urlTemplate":"https:\/\/www.ucaldas.edu.co\/portal\/?s={search_term_string}"},"query-input":{"@type":"PropertyValueSpecification","valueRequired":true,"valueName":"search_term_string"}}],"inLanguage":"es"},{"@type":"Organization","@id":"https:\/\/www.ucaldas.edu.co\/portal\/#organization","name":"Universidad de Caldas","alternateName":"U. de Caldas","url":"https:\/\/www.ucaldas.edu.co\/portal\/","logo":{"@type":"ImageObject","inLanguage":"es","@id":"https:\/\/www.ucaldas.edu.co\/portal\/#\/schema\/logo\/image\/","url":"https:\/\/www.ucaldas.edu.co\/portal\/wp-content\/uploads\/2023\/11\/Logo_horizontal_oscuroU-2023.png","contentUrl":"https:\/\/www.ucaldas.edu.co\/portal\/wp-content\/uploads\/2023\/11\/Logo_horizontal_oscuroU-2023.png","width":263,"height":101,"caption":"Universidad de Caldas"},"image":{"@id":"https:\/\/www.ucaldas.edu.co\/portal\/#\/schema\/logo\/image\/"},"sameAs":["https:\/\/www.facebook.com\/udecaldas","https:\/\/x.com\/udecaldas","https:\/\/www.youtube.com\/universidadcaldas","https:\/\/www.instagram.com\/udecaldas\/"]},{"@type":"Person","@id":"https:\/\/www.ucaldas.edu.co\/portal\/#\/schema\/person\/a1b482e23449158b4bc319926c074fdf","name":"ofiprensa","image":{"@type":"ImageObject","inLanguage":"es","@id":"https:\/\/www.ucaldas.edu.co\/portal\/wp-content\/litespeed\/avatar\/09ea5085e600095a7a811142c6944527.jpg?ver=1777497608","url":"https:\/\/www.ucaldas.edu.co\/portal\/wp-content\/litespeed\/avatar\/09ea5085e600095a7a811142c6944527.jpg?ver=1777497608","contentUrl":"https:\/\/www.ucaldas.edu.co\/portal\/wp-content\/litespeed\/avatar\/09ea5085e600095a7a811142c6944527.jpg?ver=1777497608","caption":"ofiprensa"},"url":"https:\/\/www.ucaldas.edu.co\/portal\/author\/ofiprensa\/"}]}},"_links":{"self":[{"href":"https:\/\/www.ucaldas.edu.co\/portal\/wp-json\/wp\/v2\/posts\/49314","targetHints":{"allow":["GET"]}}],"collection":[{"href":"https:\/\/www.ucaldas.edu.co\/portal\/wp-json\/wp\/v2\/posts"}],"about":[{"href":"https:\/\/www.ucaldas.edu.co\/portal\/wp-json\/wp\/v2\/types\/post"}],"author":[{"embeddable":true,"href":"https:\/\/www.ucaldas.edu.co\/portal\/wp-json\/wp\/v2\/users\/2"}],"replies":[{"embeddable":true,"href":"https:\/\/www.ucaldas.edu.co\/portal\/wp-json\/wp\/v2\/comments?post=49314"}],"version-history":[{"count":0,"href":"https:\/\/www.ucaldas.edu.co\/portal\/wp-json\/wp\/v2\/posts\/49314\/revisions"}],"wp:featuredmedia":[{"embeddable":true,"href":"https:\/\/www.ucaldas.edu.co\/portal\/wp-json\/wp\/v2\/media\/49304"}],"wp:attachment":[{"href":"https:\/\/www.ucaldas.edu.co\/portal\/wp-json\/wp\/v2\/media?parent=49314"}],"wp:term":[{"taxonomy":"category","embeddable":true,"href":"https:\/\/www.ucaldas.edu.co\/portal\/wp-json\/wp\/v2\/categories?post=49314"},{"taxonomy":"post_tag","embeddable":true,"href":"https:\/\/www.ucaldas.edu.co\/portal\/wp-json\/wp\/v2\/tags?post=49314"}],"curies":[{"name":"wp","href":"https:\/\/api.w.org\/{rel}","templated":true}]}}