{"id":49160,"date":"2019-06-20T23:09:24","date_gmt":"2019-06-20T23:09:24","guid":{"rendered":"https:\/\/www.ucaldas.edu.co\/portal\/?p=49160"},"modified":"2019-06-20T23:09:24","modified_gmt":"2019-06-20T23:09:24","slug":"novedades-editoriales-de-la-facultad-de-ciencias-juridicas-y-sociales-de-la-universidad-de-caldas","status":"publish","type":"post","link":"https:\/\/www.ucaldas.edu.co\/portal\/novedades-editoriales-de-la-facultad-de-ciencias-juridicas-y-sociales-de-la-universidad-de-caldas\/","title":{"rendered":"Novedades editoriales de la Facultad de Ciencias Jur\u00eddicas y Sociales de la Universidad de Caldas"},"content":{"rendered":"<p style=\"text-align: center;\">\u201cSHOCK Y RESISTENCIA EN COLOMBIA\u201d E \u201cINSEGURIDAD ALIMENTARIA\u201d<\/p>\n<p style=\"text-align: center;\"><strong>Novedades editoriales de la Facultad de Ciencias Jur\u00eddicas y Sociales de la Universidad de Caldas<\/strong><\/p>\n<p style=\"text-align: right;\">20\/06\/2019<\/p>\n<p><img loading=\"lazy\" decoding=\"async\" class=\"wp-image-49153 aligncenter\" src=\"https:\/\/www.ucaldas.edu.co\/portal\/wp-content\/uploads\/2019\/06\/Libros-compressor.jpg\" alt=\"\" width=\"700\" height=\"467\" srcset=\"https:\/\/www.ucaldas.edu.co\/portal\/wp-content\/uploads\/2019\/06\/Libros-compressor.jpg 1824w, https:\/\/www.ucaldas.edu.co\/portal\/wp-content\/uploads\/2019\/06\/Libros-compressor-300x200.jpg 300w, https:\/\/www.ucaldas.edu.co\/portal\/wp-content\/uploads\/2019\/06\/Libros-compressor-768x512.jpg 768w, https:\/\/www.ucaldas.edu.co\/portal\/wp-content\/uploads\/2019\/06\/Libros-compressor-1024x683.jpg 1024w\" sizes=\"auto, (max-width: 700px) 100vw, 700px\" \/>En el Centro Cultural Universitario Rogelio se llev\u00f3 a cabo la presentaci\u00f3n de las novedades editoriales de la Facultad de Ciencias Jur\u00eddicas y Sociales de la Universidad de Caldas.\u00a0 Se trata de los libros \u201cShock y resistencia en Colombia\u201d de los autores Ricardo Alberto Casta\u00f1o Zapata y Luis Felipe Castrill\u00f3n\u00a0e \u201cInseguridad Alimentaria\u201d \u00a0de Germ\u00e1n Dar\u00edo Herrera Saray.<\/p>\n<p><!--more--><\/p>\n<p>Al encuentro asisti\u00f3 Carlos Alberto Agudelo Agudelo, Decano Facultad de Ciencias Jur\u00eddicas y Sociales de la Universidad de Caldas, quien felicit\u00f3 a los docentes autores de dichas publicaciones y coment\u00f3 que\u00a0 gracias a estos nuevos ejemplares se contin\u00faa en la labor de construir universidad.<\/p>\n<p>Durante el encuentro Agudelo Agudelo hizo un an\u00e1lisis de dichos ejemplares. Inici\u00f3 hablando acerca del libro de investigaci\u00f3n <strong>\u00a0\u201cShock y resistencia en Colombia\u201d <\/strong>el cual consider\u00f3<strong> \u201c<\/strong>un estudio desde la pol\u00edtica comparada que tuvo en cuenta hechos hist\u00f3ricos universales para entender nuestros propios contextos\u201d.<\/p>\n<p>\u201cEste es un libro hist\u00f3rico \u2013 contextual sobre c\u00f3mo se fue creando toda la historia acerca de lo neoliberal. En este los autores muestran un problema contextual e hist\u00f3rico que nos ayuda a entender nuestra propia historia y la historia del presente\u201d agreg\u00f3 Agudelo Agudelo.<\/p>\n<p>Por otra parte, acerca del libro de texto e <strong>\u201cInseguridad Alimentaria\u201d<\/strong> \u00a0coment\u00f3: \u201cEn el texto hay un estudio acerca de lo qu\u00e9 est\u00e1 pasando en el campo con la tierra. Adem\u00e1s nos ense\u00f1a que los due\u00f1os de las tierras grandes no son los campesinos propiamente sino que son los citadinos. Aqu\u00ed hay una serie de tensiones y dilemas que enfrentan a diario los campesinos.\u201d<\/p>\n<p>Los interesados en adquirir los libros, pueden acercarse a la librer\u00eda de la Universidad de Caldas.<\/p>\n<ul>\n<li>\u201cShock y resistencia en Colombia\u201d: $35.000<\/li>\n<li>\u201cInseguridad Alimentaria\u201d : $30.000<\/li>\n<\/ul>\n<p>&nbsp;<\/p>\n<p><strong>Informes:<\/strong> Oficina de Comunicaciones y Prensa Universidad de Caldas. Tel\u00e9fono: 8781500 Extensi\u00f3n: 12167<\/p>\n<p><strong>Redacci\u00f3n:<\/strong> Daniela S\u00e1nchez R\u00edos<\/p>\n<p>&nbsp;<\/p>\n","protected":false},"excerpt":{"rendered":"<p>\u201cSHOCK Y RESISTENCIA EN COLOMBIA\u201d E \u201cINSEGURIDAD ALIMENTARIA\u201d Novedades editoriales de la Facultad de Ciencias Jur\u00eddicas y Sociales de la Universidad de Caldas 20\/06\/2019 En el Centro Cultural Universitario Rogelio se llev\u00f3 a cabo la presentaci\u00f3n de las novedades editoriales de la Facultad de Ciencias Jur\u00eddicas y Sociales de la Universidad de Caldas.\u00a0 Se trata [&hellip;]<\/p>\n","protected":false},"author":2,"featured_media":49153,"comment_status":"closed","ping_status":"open","sticky":false,"template":"","format":"standard","meta":{"footnotes":""},"categories":[48,53],"tags":[85,126,133,288,1404,4121,4122,4123],"class_list":["post-49160","post","type-post","status-publish","format-standard","has-post-thumbnail","hentry","category-actualidad","category-universidad-al-dia","tag-resistencia","tag-lanzamiento","tag-presentacion","tag-colombia","tag-novedades","tag-editoriales","tag-inseguridad","tag-alimentaria"],"yoast_head":"<!-- This site is optimized with the Yoast SEO plugin v27.5 - https:\/\/yoast.com\/product\/yoast-seo-wordpress\/ -->\n<title>Novedades editoriales de la Facultad de Ciencias Jur\u00eddicas y Sociales de la Universidad de Caldas .<\/title>\n<meta name=\"robots\" content=\"index, follow, max-snippet:-1, max-image-preview:large, max-video-preview:-1\" \/>\n<link rel=\"canonical\" href=\"https:\/\/www.ucaldas.edu.co\/portal\/novedades-editoriales-de-la-facultad-de-ciencias-juridicas-y-sociales-de-la-universidad-de-caldas\/\" \/>\n<script type=\"application\/ld+json\" class=\"yoast-schema-graph\">{\"@context\":\"https:\\\/\\\/schema.org\",\"@graph\":[{\"@type\":\"Article\",\"@id\":\"https:\\\/\\\/www.ucaldas.edu.co\\\/portal\\\/novedades-editoriales-de-la-facultad-de-ciencias-juridicas-y-sociales-de-la-universidad-de-caldas\\\/#article\",\"isPartOf\":{\"@id\":\"https:\\\/\\\/www.ucaldas.edu.co\\\/portal\\\/novedades-editoriales-de-la-facultad-de-ciencias-juridicas-y-sociales-de-la-universidad-de-caldas\\\/\"},\"author\":{\"name\":\"ofiprensa\",\"@id\":\"https:\\\/\\\/www.ucaldas.edu.co\\\/portal\\\/#\\\/schema\\\/person\\\/a1b482e23449158b4bc319926c074fdf\"},\"headline\":\"Novedades editoriales de la Facultad de Ciencias Jur\u00eddicas y Sociales de la Universidad de Caldas\",\"datePublished\":\"2019-06-20T23:09:24+00:00\",\"mainEntityOfPage\":{\"@id\":\"https:\\\/\\\/www.ucaldas.edu.co\\\/portal\\\/novedades-editoriales-de-la-facultad-de-ciencias-juridicas-y-sociales-de-la-universidad-de-caldas\\\/\"},\"wordCount\":358,\"publisher\":{\"@id\":\"https:\\\/\\\/www.ucaldas.edu.co\\\/portal\\\/#organization\"},\"image\":{\"@id\":\"https:\\\/\\\/www.ucaldas.edu.co\\\/portal\\\/novedades-editoriales-de-la-facultad-de-ciencias-juridicas-y-sociales-de-la-universidad-de-caldas\\\/#primaryimage\"},\"thumbnailUrl\":\"https:\\\/\\\/www.ucaldas.edu.co\\\/portal\\\/wp-content\\\/uploads\\\/2019\\\/06\\\/Libros-compressor.jpg\",\"keywords\":[\"resistencia\",\"lanzamiento\",\"Presentaci\u00f3n\",\"Colombia\",\"novedades\",\"editoriales\",\"inseguridad\",\"alimentaria\"],\"articleSection\":[\"Actualidad\",\"Universidad al D\u00eda\"],\"inLanguage\":\"es\"},{\"@type\":\"WebPage\",\"@id\":\"https:\\\/\\\/www.ucaldas.edu.co\\\/portal\\\/novedades-editoriales-de-la-facultad-de-ciencias-juridicas-y-sociales-de-la-universidad-de-caldas\\\/\",\"url\":\"https:\\\/\\\/www.ucaldas.edu.co\\\/portal\\\/novedades-editoriales-de-la-facultad-de-ciencias-juridicas-y-sociales-de-la-universidad-de-caldas\\\/\",\"name\":\"Novedades editoriales de la Facultad de Ciencias Jur\u00eddicas y Sociales de la Universidad de Caldas .\",\"isPartOf\":{\"@id\":\"https:\\\/\\\/www.ucaldas.edu.co\\\/portal\\\/#website\"},\"primaryImageOfPage\":{\"@id\":\"https:\\\/\\\/www.ucaldas.edu.co\\\/portal\\\/novedades-editoriales-de-la-facultad-de-ciencias-juridicas-y-sociales-de-la-universidad-de-caldas\\\/#primaryimage\"},\"image\":{\"@id\":\"https:\\\/\\\/www.ucaldas.edu.co\\\/portal\\\/novedades-editoriales-de-la-facultad-de-ciencias-juridicas-y-sociales-de-la-universidad-de-caldas\\\/#primaryimage\"},\"thumbnailUrl\":\"https:\\\/\\\/www.ucaldas.edu.co\\\/portal\\\/wp-content\\\/uploads\\\/2019\\\/06\\\/Libros-compressor.jpg\",\"datePublished\":\"2019-06-20T23:09:24+00:00\",\"breadcrumb\":{\"@id\":\"https:\\\/\\\/www.ucaldas.edu.co\\\/portal\\\/novedades-editoriales-de-la-facultad-de-ciencias-juridicas-y-sociales-de-la-universidad-de-caldas\\\/#breadcrumb\"},\"inLanguage\":\"es\",\"potentialAction\":[{\"@type\":\"ReadAction\",\"target\":[\"https:\\\/\\\/www.ucaldas.edu.co\\\/portal\\\/novedades-editoriales-de-la-facultad-de-ciencias-juridicas-y-sociales-de-la-universidad-de-caldas\\\/\"]}]},{\"@type\":\"ImageObject\",\"inLanguage\":\"es\",\"@id\":\"https:\\\/\\\/www.ucaldas.edu.co\\\/portal\\\/novedades-editoriales-de-la-facultad-de-ciencias-juridicas-y-sociales-de-la-universidad-de-caldas\\\/#primaryimage\",\"url\":\"https:\\\/\\\/www.ucaldas.edu.co\\\/portal\\\/wp-content\\\/uploads\\\/2019\\\/06\\\/Libros-compressor.jpg\",\"contentUrl\":\"https:\\\/\\\/www.ucaldas.edu.co\\\/portal\\\/wp-content\\\/uploads\\\/2019\\\/06\\\/Libros-compressor.jpg\",\"width\":1824,\"height\":1216},{\"@type\":\"BreadcrumbList\",\"@id\":\"https:\\\/\\\/www.ucaldas.edu.co\\\/portal\\\/novedades-editoriales-de-la-facultad-de-ciencias-juridicas-y-sociales-de-la-universidad-de-caldas\\\/#breadcrumb\",\"itemListElement\":[{\"@type\":\"ListItem\",\"position\":1,\"name\":\"Portada\",\"item\":\"https:\\\/\\\/www.ucaldas.edu.co\\\/portal\\\/\"},{\"@type\":\"ListItem\",\"position\":2,\"name\":\"Novedades editoriales de la Facultad de Ciencias Jur\u00eddicas y Sociales de la Universidad de Caldas\"}]},{\"@type\":\"WebSite\",\"@id\":\"https:\\\/\\\/www.ucaldas.edu.co\\\/portal\\\/#website\",\"url\":\"https:\\\/\\\/www.ucaldas.edu.co\\\/portal\\\/\",\"name\":\"Universidad de Caldas\",\"description\":\"\",\"publisher\":{\"@id\":\"https:\\\/\\\/www.ucaldas.edu.co\\\/portal\\\/#organization\"},\"alternateName\":\"U. de Caldas\",\"potentialAction\":[{\"@type\":\"SearchAction\",\"target\":{\"@type\":\"EntryPoint\",\"urlTemplate\":\"https:\\\/\\\/www.ucaldas.edu.co\\\/portal\\\/?s={search_term_string}\"},\"query-input\":{\"@type\":\"PropertyValueSpecification\",\"valueRequired\":true,\"valueName\":\"search_term_string\"}}],\"inLanguage\":\"es\"},{\"@type\":\"Organization\",\"@id\":\"https:\\\/\\\/www.ucaldas.edu.co\\\/portal\\\/#organization\",\"name\":\"Universidad de Caldas\",\"alternateName\":\"U. de Caldas\",\"url\":\"https:\\\/\\\/www.ucaldas.edu.co\\\/portal\\\/\",\"logo\":{\"@type\":\"ImageObject\",\"inLanguage\":\"es\",\"@id\":\"https:\\\/\\\/www.ucaldas.edu.co\\\/portal\\\/#\\\/schema\\\/logo\\\/image\\\/\",\"url\":\"https:\\\/\\\/www.ucaldas.edu.co\\\/portal\\\/wp-content\\\/uploads\\\/2023\\\/11\\\/Logo_horizontal_oscuroU-2023.png\",\"contentUrl\":\"https:\\\/\\\/www.ucaldas.edu.co\\\/portal\\\/wp-content\\\/uploads\\\/2023\\\/11\\\/Logo_horizontal_oscuroU-2023.png\",\"width\":263,\"height\":101,\"caption\":\"Universidad de Caldas\"},\"image\":{\"@id\":\"https:\\\/\\\/www.ucaldas.edu.co\\\/portal\\\/#\\\/schema\\\/logo\\\/image\\\/\"},\"sameAs\":[\"https:\\\/\\\/www.facebook.com\\\/udecaldas\",\"https:\\\/\\\/x.com\\\/udecaldas\",\"https:\\\/\\\/www.youtube.com\\\/universidadcaldas\",\"https:\\\/\\\/www.instagram.com\\\/udecaldas\\\/\"]},{\"@type\":\"Person\",\"@id\":\"https:\\\/\\\/www.ucaldas.edu.co\\\/portal\\\/#\\\/schema\\\/person\\\/a1b482e23449158b4bc319926c074fdf\",\"name\":\"ofiprensa\",\"image\":{\"@type\":\"ImageObject\",\"inLanguage\":\"es\",\"@id\":\"https:\\\/\\\/www.ucaldas.edu.co\\\/portal\\\/wp-content\\\/litespeed\\\/avatar\\\/09ea5085e600095a7a811142c6944527.jpg?ver=1777497608\",\"url\":\"https:\\\/\\\/www.ucaldas.edu.co\\\/portal\\\/wp-content\\\/litespeed\\\/avatar\\\/09ea5085e600095a7a811142c6944527.jpg?ver=1777497608\",\"contentUrl\":\"https:\\\/\\\/www.ucaldas.edu.co\\\/portal\\\/wp-content\\\/litespeed\\\/avatar\\\/09ea5085e600095a7a811142c6944527.jpg?ver=1777497608\",\"caption\":\"ofiprensa\"},\"url\":\"https:\\\/\\\/www.ucaldas.edu.co\\\/portal\\\/author\\\/ofiprensa\\\/\"}]}<\/script>\n<!-- \/ Yoast SEO plugin. -->","yoast_head_json":{"title":"Novedades editoriales de la Facultad de Ciencias Jur\u00eddicas y Sociales de la Universidad de Caldas .","robots":{"index":"index","follow":"follow","max-snippet":"max-snippet:-1","max-image-preview":"max-image-preview:large","max-video-preview":"max-video-preview:-1"},"canonical":"https:\/\/www.ucaldas.edu.co\/portal\/novedades-editoriales-de-la-facultad-de-ciencias-juridicas-y-sociales-de-la-universidad-de-caldas\/","schema":{"@context":"https:\/\/schema.org","@graph":[{"@type":"Article","@id":"https:\/\/www.ucaldas.edu.co\/portal\/novedades-editoriales-de-la-facultad-de-ciencias-juridicas-y-sociales-de-la-universidad-de-caldas\/#article","isPartOf":{"@id":"https:\/\/www.ucaldas.edu.co\/portal\/novedades-editoriales-de-la-facultad-de-ciencias-juridicas-y-sociales-de-la-universidad-de-caldas\/"},"author":{"name":"ofiprensa","@id":"https:\/\/www.ucaldas.edu.co\/portal\/#\/schema\/person\/a1b482e23449158b4bc319926c074fdf"},"headline":"Novedades editoriales de la Facultad de Ciencias Jur\u00eddicas y Sociales de la Universidad de Caldas","datePublished":"2019-06-20T23:09:24+00:00","mainEntityOfPage":{"@id":"https:\/\/www.ucaldas.edu.co\/portal\/novedades-editoriales-de-la-facultad-de-ciencias-juridicas-y-sociales-de-la-universidad-de-caldas\/"},"wordCount":358,"publisher":{"@id":"https:\/\/www.ucaldas.edu.co\/portal\/#organization"},"image":{"@id":"https:\/\/www.ucaldas.edu.co\/portal\/novedades-editoriales-de-la-facultad-de-ciencias-juridicas-y-sociales-de-la-universidad-de-caldas\/#primaryimage"},"thumbnailUrl":"https:\/\/www.ucaldas.edu.co\/portal\/wp-content\/uploads\/2019\/06\/Libros-compressor.jpg","keywords":["resistencia","lanzamiento","Presentaci\u00f3n","Colombia","novedades","editoriales","inseguridad","alimentaria"],"articleSection":["Actualidad","Universidad al D\u00eda"],"inLanguage":"es"},{"@type":"WebPage","@id":"https:\/\/www.ucaldas.edu.co\/portal\/novedades-editoriales-de-la-facultad-de-ciencias-juridicas-y-sociales-de-la-universidad-de-caldas\/","url":"https:\/\/www.ucaldas.edu.co\/portal\/novedades-editoriales-de-la-facultad-de-ciencias-juridicas-y-sociales-de-la-universidad-de-caldas\/","name":"Novedades editoriales de la Facultad de Ciencias Jur\u00eddicas y Sociales de la Universidad de Caldas .","isPartOf":{"@id":"https:\/\/www.ucaldas.edu.co\/portal\/#website"},"primaryImageOfPage":{"@id":"https:\/\/www.ucaldas.edu.co\/portal\/novedades-editoriales-de-la-facultad-de-ciencias-juridicas-y-sociales-de-la-universidad-de-caldas\/#primaryimage"},"image":{"@id":"https:\/\/www.ucaldas.edu.co\/portal\/novedades-editoriales-de-la-facultad-de-ciencias-juridicas-y-sociales-de-la-universidad-de-caldas\/#primaryimage"},"thumbnailUrl":"https:\/\/www.ucaldas.edu.co\/portal\/wp-content\/uploads\/2019\/06\/Libros-compressor.jpg","datePublished":"2019-06-20T23:09:24+00:00","breadcrumb":{"@id":"https:\/\/www.ucaldas.edu.co\/portal\/novedades-editoriales-de-la-facultad-de-ciencias-juridicas-y-sociales-de-la-universidad-de-caldas\/#breadcrumb"},"inLanguage":"es","potentialAction":[{"@type":"ReadAction","target":["https:\/\/www.ucaldas.edu.co\/portal\/novedades-editoriales-de-la-facultad-de-ciencias-juridicas-y-sociales-de-la-universidad-de-caldas\/"]}]},{"@type":"ImageObject","inLanguage":"es","@id":"https:\/\/www.ucaldas.edu.co\/portal\/novedades-editoriales-de-la-facultad-de-ciencias-juridicas-y-sociales-de-la-universidad-de-caldas\/#primaryimage","url":"https:\/\/www.ucaldas.edu.co\/portal\/wp-content\/uploads\/2019\/06\/Libros-compressor.jpg","contentUrl":"https:\/\/www.ucaldas.edu.co\/portal\/wp-content\/uploads\/2019\/06\/Libros-compressor.jpg","width":1824,"height":1216},{"@type":"BreadcrumbList","@id":"https:\/\/www.ucaldas.edu.co\/portal\/novedades-editoriales-de-la-facultad-de-ciencias-juridicas-y-sociales-de-la-universidad-de-caldas\/#breadcrumb","itemListElement":[{"@type":"ListItem","position":1,"name":"Portada","item":"https:\/\/www.ucaldas.edu.co\/portal\/"},{"@type":"ListItem","position":2,"name":"Novedades editoriales de la Facultad de Ciencias Jur\u00eddicas y Sociales de la Universidad de Caldas"}]},{"@type":"WebSite","@id":"https:\/\/www.ucaldas.edu.co\/portal\/#website","url":"https:\/\/www.ucaldas.edu.co\/portal\/","name":"Universidad de Caldas","description":"","publisher":{"@id":"https:\/\/www.ucaldas.edu.co\/portal\/#organization"},"alternateName":"U. de Caldas","potentialAction":[{"@type":"SearchAction","target":{"@type":"EntryPoint","urlTemplate":"https:\/\/www.ucaldas.edu.co\/portal\/?s={search_term_string}"},"query-input":{"@type":"PropertyValueSpecification","valueRequired":true,"valueName":"search_term_string"}}],"inLanguage":"es"},{"@type":"Organization","@id":"https:\/\/www.ucaldas.edu.co\/portal\/#organization","name":"Universidad de Caldas","alternateName":"U. de Caldas","url":"https:\/\/www.ucaldas.edu.co\/portal\/","logo":{"@type":"ImageObject","inLanguage":"es","@id":"https:\/\/www.ucaldas.edu.co\/portal\/#\/schema\/logo\/image\/","url":"https:\/\/www.ucaldas.edu.co\/portal\/wp-content\/uploads\/2023\/11\/Logo_horizontal_oscuroU-2023.png","contentUrl":"https:\/\/www.ucaldas.edu.co\/portal\/wp-content\/uploads\/2023\/11\/Logo_horizontal_oscuroU-2023.png","width":263,"height":101,"caption":"Universidad de Caldas"},"image":{"@id":"https:\/\/www.ucaldas.edu.co\/portal\/#\/schema\/logo\/image\/"},"sameAs":["https:\/\/www.facebook.com\/udecaldas","https:\/\/x.com\/udecaldas","https:\/\/www.youtube.com\/universidadcaldas","https:\/\/www.instagram.com\/udecaldas\/"]},{"@type":"Person","@id":"https:\/\/www.ucaldas.edu.co\/portal\/#\/schema\/person\/a1b482e23449158b4bc319926c074fdf","name":"ofiprensa","image":{"@type":"ImageObject","inLanguage":"es","@id":"https:\/\/www.ucaldas.edu.co\/portal\/wp-content\/litespeed\/avatar\/09ea5085e600095a7a811142c6944527.jpg?ver=1777497608","url":"https:\/\/www.ucaldas.edu.co\/portal\/wp-content\/litespeed\/avatar\/09ea5085e600095a7a811142c6944527.jpg?ver=1777497608","contentUrl":"https:\/\/www.ucaldas.edu.co\/portal\/wp-content\/litespeed\/avatar\/09ea5085e600095a7a811142c6944527.jpg?ver=1777497608","caption":"ofiprensa"},"url":"https:\/\/www.ucaldas.edu.co\/portal\/author\/ofiprensa\/"}]}},"_links":{"self":[{"href":"https:\/\/www.ucaldas.edu.co\/portal\/wp-json\/wp\/v2\/posts\/49160","targetHints":{"allow":["GET"]}}],"collection":[{"href":"https:\/\/www.ucaldas.edu.co\/portal\/wp-json\/wp\/v2\/posts"}],"about":[{"href":"https:\/\/www.ucaldas.edu.co\/portal\/wp-json\/wp\/v2\/types\/post"}],"author":[{"embeddable":true,"href":"https:\/\/www.ucaldas.edu.co\/portal\/wp-json\/wp\/v2\/users\/2"}],"replies":[{"embeddable":true,"href":"https:\/\/www.ucaldas.edu.co\/portal\/wp-json\/wp\/v2\/comments?post=49160"}],"version-history":[{"count":0,"href":"https:\/\/www.ucaldas.edu.co\/portal\/wp-json\/wp\/v2\/posts\/49160\/revisions"}],"wp:featuredmedia":[{"embeddable":true,"href":"https:\/\/www.ucaldas.edu.co\/portal\/wp-json\/wp\/v2\/media\/49153"}],"wp:attachment":[{"href":"https:\/\/www.ucaldas.edu.co\/portal\/wp-json\/wp\/v2\/media?parent=49160"}],"wp:term":[{"taxonomy":"category","embeddable":true,"href":"https:\/\/www.ucaldas.edu.co\/portal\/wp-json\/wp\/v2\/categories?post=49160"},{"taxonomy":"post_tag","embeddable":true,"href":"https:\/\/www.ucaldas.edu.co\/portal\/wp-json\/wp\/v2\/tags?post=49160"}],"curies":[{"name":"wp","href":"https:\/\/api.w.org\/{rel}","templated":true}]}}