{"id":49029,"date":"2019-06-14T20:47:37","date_gmt":"2019-06-14T20:47:37","guid":{"rendered":"https:\/\/www.ucaldas.edu.co\/portal\/?p=49029"},"modified":"2019-06-14T20:47:37","modified_gmt":"2019-06-14T20:47:37","slug":"reglas-a-tener-en-cuenta-en-las-votaciones-para-elecciones-estamentarias","status":"publish","type":"post","link":"https:\/\/www.ucaldas.edu.co\/portal\/reglas-a-tener-en-cuenta-en-las-votaciones-para-elecciones-estamentarias\/","title":{"rendered":"Reglas a tener en cuenta en las votaciones para Elecciones Estamentarias"},"content":{"rendered":"<p style=\"text-align: center;\">PR\u00d3XIMO MI\u00c9RCOLES \u00a019 DE JUNIO VOTACIONES<\/p>\n<p style=\"text-align: center;\"><strong>Reglas a tener en cuenta en las votaciones para Elecciones Estamentarias<\/strong><\/p>\n<p style=\"text-align: right;\">14\/06\/2019<\/p>\n<p><img loading=\"lazy\" decoding=\"async\" class=\"size-full wp-image-49007 aligncenter\" src=\"https:\/\/www.ucaldas.edu.co\/portal\/wp-content\/uploads\/2019\/06\/elecciones-compressor.png\" alt=\"\" width=\"700\" height=\"400\" srcset=\"https:\/\/www.ucaldas.edu.co\/portal\/wp-content\/uploads\/2019\/06\/elecciones-compressor.png 700w, https:\/\/www.ucaldas.edu.co\/portal\/wp-content\/uploads\/2019\/06\/elecciones-compressor-300x171.png 300w\" sizes=\"auto, (max-width: 700px) 100vw, 700px\" \/>Como estableci\u00f3 el Comit\u00e9 Central de Elecciones de la Universidad de Caldas, el pr\u00f3ximo 19 de junio se llevar\u00e1n a cabo las votaciones para las Elecciones de los Estamentos docente, estudiantes de posgrado y graduados para el Consejo Acad\u00e9mico y consejos de facultades.<\/p>\n<p><!--more--><\/p>\n<p>Para el d\u00eda de votaciones es necesario tener presente las siguientes reglas establecidas en el Cap\u00edtulo 5 Art\u00edculo 31 del Estatuto Electoral de la Universidad de Caldas:<\/p>\n<p>&nbsp;<\/p>\n<ul>\n<li>Si un miembro de la comunidad universitaria pertenece a m\u00e1s de un estamento en una misma facultad podr\u00e1 votar una sola vez en un estamento con la siguiente prelaci\u00f3n: docente, estudiante y graduado.<\/li>\n<li>Si un miembro de la comunidad universitaria pertenece a m\u00e1s de un estamento en diferentes facultades podr\u00e1 ejercer su derecho al voto por el candidato respecto de cada facultad a la que se encuentre adscrito.<\/li>\n<li>Si un estudiante o graduado pertenecen a dos o m\u00e1s programas de diferentes facultades podr\u00e1n ejercer su derecho al voto por el candidato respecto de cada facultad a la que se encuentren adscritos.<\/li>\n<li>Si un estudiante o un graduado hacen parte de dos o m\u00e1s programas de la misma facultad podr\u00e1n votar respecto del programa al que ingresaron o se graduaron primero.<\/li>\n<\/ul>\n<p>&nbsp;<\/p>\n<p>D\u00edas antes a la realizaci\u00f3n de los comicios, los inscritos al Censo Provisional, recibir\u00e1n un mensaje al correo electr\u00f3nico institucional con el usuario y la clave que deben ingresar para realizar la votaci\u00f3n. Una vez realice su voto, el sistema se cerrar\u00e1 y no podr\u00e1 volver a ingresar a \u00e9l.<\/p>\n<p>&nbsp;<\/p>\n<p><strong>Informes: <\/strong>Oficina de Comunicaciones y Prensa Universidad de Caldas. Tel\u00e9fono: 8781500 Extensi\u00f3n: 12167<\/p>\n<p><strong>Redacci\u00f3n: <\/strong>Mateo Buritic\u00e1 Giraldo<\/p>\n<p>&nbsp;<\/p>\n","protected":false},"excerpt":{"rendered":"<p>PR\u00d3XIMO MI\u00c9RCOLES \u00a019 DE JUNIO VOTACIONES Reglas a tener en cuenta en las votaciones para Elecciones Estamentarias 14\/06\/2019 Como estableci\u00f3 el Comit\u00e9 Central de Elecciones de la Universidad de Caldas, el pr\u00f3ximo 19 de junio se llevar\u00e1n a cabo las votaciones para las Elecciones de los Estamentos docente, estudiantes de posgrado y graduados para el [&hellip;]<\/p>\n","protected":false},"author":2,"featured_media":49007,"comment_status":"closed","ping_status":"open","sticky":false,"template":"","format":"standard","meta":{"footnotes":""},"categories":[48,53],"tags":[330,333,1208,1444,1585,3793],"class_list":["post-49029","post","type-post","status-publish","format-standard","has-post-thumbnail","hentry","category-actualidad","category-universidad-al-dia","tag-estudiantes","tag-docentes","tag-elecciones","tag-votaciones","tag-graduados","tag-estamentarias"],"yoast_head":"<!-- This site is optimized with the Yoast SEO plugin v27.5 - https:\/\/yoast.com\/product\/yoast-seo-wordpress\/ -->\n<title>Reglas a tener en cuenta en las votaciones para Elecciones Estamentarias .<\/title>\n<meta name=\"robots\" content=\"index, follow, max-snippet:-1, max-image-preview:large, max-video-preview:-1\" \/>\n<link rel=\"canonical\" href=\"https:\/\/www.ucaldas.edu.co\/portal\/reglas-a-tener-en-cuenta-en-las-votaciones-para-elecciones-estamentarias\/\" \/>\n<script type=\"application\/ld+json\" class=\"yoast-schema-graph\">{\"@context\":\"https:\\\/\\\/schema.org\",\"@graph\":[{\"@type\":\"Article\",\"@id\":\"https:\\\/\\\/www.ucaldas.edu.co\\\/portal\\\/reglas-a-tener-en-cuenta-en-las-votaciones-para-elecciones-estamentarias\\\/#article\",\"isPartOf\":{\"@id\":\"https:\\\/\\\/www.ucaldas.edu.co\\\/portal\\\/reglas-a-tener-en-cuenta-en-las-votaciones-para-elecciones-estamentarias\\\/\"},\"author\":{\"name\":\"ofiprensa\",\"@id\":\"https:\\\/\\\/www.ucaldas.edu.co\\\/portal\\\/#\\\/schema\\\/person\\\/a1b482e23449158b4bc319926c074fdf\"},\"headline\":\"Reglas a tener en cuenta en las votaciones para Elecciones Estamentarias\",\"datePublished\":\"2019-06-14T20:47:37+00:00\",\"mainEntityOfPage\":{\"@id\":\"https:\\\/\\\/www.ucaldas.edu.co\\\/portal\\\/reglas-a-tener-en-cuenta-en-las-votaciones-para-elecciones-estamentarias\\\/\"},\"wordCount\":316,\"publisher\":{\"@id\":\"https:\\\/\\\/www.ucaldas.edu.co\\\/portal\\\/#organization\"},\"image\":{\"@id\":\"https:\\\/\\\/www.ucaldas.edu.co\\\/portal\\\/reglas-a-tener-en-cuenta-en-las-votaciones-para-elecciones-estamentarias\\\/#primaryimage\"},\"thumbnailUrl\":\"https:\\\/\\\/www.ucaldas.edu.co\\\/portal\\\/wp-content\\\/uploads\\\/2019\\\/06\\\/elecciones-compressor.png\",\"keywords\":[\"estudiantes\",\"docentes\",\"Elecciones\",\"votaciones\",\"graduados\",\"estamentarias\"],\"articleSection\":[\"Actualidad\",\"Universidad al D\u00eda\"],\"inLanguage\":\"es\"},{\"@type\":\"WebPage\",\"@id\":\"https:\\\/\\\/www.ucaldas.edu.co\\\/portal\\\/reglas-a-tener-en-cuenta-en-las-votaciones-para-elecciones-estamentarias\\\/\",\"url\":\"https:\\\/\\\/www.ucaldas.edu.co\\\/portal\\\/reglas-a-tener-en-cuenta-en-las-votaciones-para-elecciones-estamentarias\\\/\",\"name\":\"Reglas a tener en cuenta en las votaciones para Elecciones Estamentarias .\",\"isPartOf\":{\"@id\":\"https:\\\/\\\/www.ucaldas.edu.co\\\/portal\\\/#website\"},\"primaryImageOfPage\":{\"@id\":\"https:\\\/\\\/www.ucaldas.edu.co\\\/portal\\\/reglas-a-tener-en-cuenta-en-las-votaciones-para-elecciones-estamentarias\\\/#primaryimage\"},\"image\":{\"@id\":\"https:\\\/\\\/www.ucaldas.edu.co\\\/portal\\\/reglas-a-tener-en-cuenta-en-las-votaciones-para-elecciones-estamentarias\\\/#primaryimage\"},\"thumbnailUrl\":\"https:\\\/\\\/www.ucaldas.edu.co\\\/portal\\\/wp-content\\\/uploads\\\/2019\\\/06\\\/elecciones-compressor.png\",\"datePublished\":\"2019-06-14T20:47:37+00:00\",\"breadcrumb\":{\"@id\":\"https:\\\/\\\/www.ucaldas.edu.co\\\/portal\\\/reglas-a-tener-en-cuenta-en-las-votaciones-para-elecciones-estamentarias\\\/#breadcrumb\"},\"inLanguage\":\"es\",\"potentialAction\":[{\"@type\":\"ReadAction\",\"target\":[\"https:\\\/\\\/www.ucaldas.edu.co\\\/portal\\\/reglas-a-tener-en-cuenta-en-las-votaciones-para-elecciones-estamentarias\\\/\"]}]},{\"@type\":\"ImageObject\",\"inLanguage\":\"es\",\"@id\":\"https:\\\/\\\/www.ucaldas.edu.co\\\/portal\\\/reglas-a-tener-en-cuenta-en-las-votaciones-para-elecciones-estamentarias\\\/#primaryimage\",\"url\":\"https:\\\/\\\/www.ucaldas.edu.co\\\/portal\\\/wp-content\\\/uploads\\\/2019\\\/06\\\/elecciones-compressor.png\",\"contentUrl\":\"https:\\\/\\\/www.ucaldas.edu.co\\\/portal\\\/wp-content\\\/uploads\\\/2019\\\/06\\\/elecciones-compressor.png\",\"width\":700,\"height\":400},{\"@type\":\"BreadcrumbList\",\"@id\":\"https:\\\/\\\/www.ucaldas.edu.co\\\/portal\\\/reglas-a-tener-en-cuenta-en-las-votaciones-para-elecciones-estamentarias\\\/#breadcrumb\",\"itemListElement\":[{\"@type\":\"ListItem\",\"position\":1,\"name\":\"Portada\",\"item\":\"https:\\\/\\\/www.ucaldas.edu.co\\\/portal\\\/\"},{\"@type\":\"ListItem\",\"position\":2,\"name\":\"Reglas a tener en cuenta en las votaciones para Elecciones Estamentarias\"}]},{\"@type\":\"WebSite\",\"@id\":\"https:\\\/\\\/www.ucaldas.edu.co\\\/portal\\\/#website\",\"url\":\"https:\\\/\\\/www.ucaldas.edu.co\\\/portal\\\/\",\"name\":\"Universidad de Caldas\",\"description\":\"\",\"publisher\":{\"@id\":\"https:\\\/\\\/www.ucaldas.edu.co\\\/portal\\\/#organization\"},\"alternateName\":\"U. de Caldas\",\"potentialAction\":[{\"@type\":\"SearchAction\",\"target\":{\"@type\":\"EntryPoint\",\"urlTemplate\":\"https:\\\/\\\/www.ucaldas.edu.co\\\/portal\\\/?s={search_term_string}\"},\"query-input\":{\"@type\":\"PropertyValueSpecification\",\"valueRequired\":true,\"valueName\":\"search_term_string\"}}],\"inLanguage\":\"es\"},{\"@type\":\"Organization\",\"@id\":\"https:\\\/\\\/www.ucaldas.edu.co\\\/portal\\\/#organization\",\"name\":\"Universidad de Caldas\",\"alternateName\":\"U. de Caldas\",\"url\":\"https:\\\/\\\/www.ucaldas.edu.co\\\/portal\\\/\",\"logo\":{\"@type\":\"ImageObject\",\"inLanguage\":\"es\",\"@id\":\"https:\\\/\\\/www.ucaldas.edu.co\\\/portal\\\/#\\\/schema\\\/logo\\\/image\\\/\",\"url\":\"https:\\\/\\\/www.ucaldas.edu.co\\\/portal\\\/wp-content\\\/uploads\\\/2023\\\/11\\\/Logo_horizontal_oscuroU-2023.png\",\"contentUrl\":\"https:\\\/\\\/www.ucaldas.edu.co\\\/portal\\\/wp-content\\\/uploads\\\/2023\\\/11\\\/Logo_horizontal_oscuroU-2023.png\",\"width\":263,\"height\":101,\"caption\":\"Universidad de Caldas\"},\"image\":{\"@id\":\"https:\\\/\\\/www.ucaldas.edu.co\\\/portal\\\/#\\\/schema\\\/logo\\\/image\\\/\"},\"sameAs\":[\"https:\\\/\\\/www.facebook.com\\\/udecaldas\",\"https:\\\/\\\/x.com\\\/udecaldas\",\"https:\\\/\\\/www.youtube.com\\\/universidadcaldas\",\"https:\\\/\\\/www.instagram.com\\\/udecaldas\\\/\"]},{\"@type\":\"Person\",\"@id\":\"https:\\\/\\\/www.ucaldas.edu.co\\\/portal\\\/#\\\/schema\\\/person\\\/a1b482e23449158b4bc319926c074fdf\",\"name\":\"ofiprensa\",\"image\":{\"@type\":\"ImageObject\",\"inLanguage\":\"es\",\"@id\":\"https:\\\/\\\/www.ucaldas.edu.co\\\/portal\\\/wp-content\\\/litespeed\\\/avatar\\\/09ea5085e600095a7a811142c6944527.jpg?ver=1777497608\",\"url\":\"https:\\\/\\\/www.ucaldas.edu.co\\\/portal\\\/wp-content\\\/litespeed\\\/avatar\\\/09ea5085e600095a7a811142c6944527.jpg?ver=1777497608\",\"contentUrl\":\"https:\\\/\\\/www.ucaldas.edu.co\\\/portal\\\/wp-content\\\/litespeed\\\/avatar\\\/09ea5085e600095a7a811142c6944527.jpg?ver=1777497608\",\"caption\":\"ofiprensa\"},\"url\":\"https:\\\/\\\/www.ucaldas.edu.co\\\/portal\\\/author\\\/ofiprensa\\\/\"}]}<\/script>\n<!-- \/ Yoast SEO plugin. -->","yoast_head_json":{"title":"Reglas a tener en cuenta en las votaciones para Elecciones Estamentarias .","robots":{"index":"index","follow":"follow","max-snippet":"max-snippet:-1","max-image-preview":"max-image-preview:large","max-video-preview":"max-video-preview:-1"},"canonical":"https:\/\/www.ucaldas.edu.co\/portal\/reglas-a-tener-en-cuenta-en-las-votaciones-para-elecciones-estamentarias\/","schema":{"@context":"https:\/\/schema.org","@graph":[{"@type":"Article","@id":"https:\/\/www.ucaldas.edu.co\/portal\/reglas-a-tener-en-cuenta-en-las-votaciones-para-elecciones-estamentarias\/#article","isPartOf":{"@id":"https:\/\/www.ucaldas.edu.co\/portal\/reglas-a-tener-en-cuenta-en-las-votaciones-para-elecciones-estamentarias\/"},"author":{"name":"ofiprensa","@id":"https:\/\/www.ucaldas.edu.co\/portal\/#\/schema\/person\/a1b482e23449158b4bc319926c074fdf"},"headline":"Reglas a tener en cuenta en las votaciones para Elecciones Estamentarias","datePublished":"2019-06-14T20:47:37+00:00","mainEntityOfPage":{"@id":"https:\/\/www.ucaldas.edu.co\/portal\/reglas-a-tener-en-cuenta-en-las-votaciones-para-elecciones-estamentarias\/"},"wordCount":316,"publisher":{"@id":"https:\/\/www.ucaldas.edu.co\/portal\/#organization"},"image":{"@id":"https:\/\/www.ucaldas.edu.co\/portal\/reglas-a-tener-en-cuenta-en-las-votaciones-para-elecciones-estamentarias\/#primaryimage"},"thumbnailUrl":"https:\/\/www.ucaldas.edu.co\/portal\/wp-content\/uploads\/2019\/06\/elecciones-compressor.png","keywords":["estudiantes","docentes","Elecciones","votaciones","graduados","estamentarias"],"articleSection":["Actualidad","Universidad al D\u00eda"],"inLanguage":"es"},{"@type":"WebPage","@id":"https:\/\/www.ucaldas.edu.co\/portal\/reglas-a-tener-en-cuenta-en-las-votaciones-para-elecciones-estamentarias\/","url":"https:\/\/www.ucaldas.edu.co\/portal\/reglas-a-tener-en-cuenta-en-las-votaciones-para-elecciones-estamentarias\/","name":"Reglas a tener en cuenta en las votaciones para Elecciones Estamentarias .","isPartOf":{"@id":"https:\/\/www.ucaldas.edu.co\/portal\/#website"},"primaryImageOfPage":{"@id":"https:\/\/www.ucaldas.edu.co\/portal\/reglas-a-tener-en-cuenta-en-las-votaciones-para-elecciones-estamentarias\/#primaryimage"},"image":{"@id":"https:\/\/www.ucaldas.edu.co\/portal\/reglas-a-tener-en-cuenta-en-las-votaciones-para-elecciones-estamentarias\/#primaryimage"},"thumbnailUrl":"https:\/\/www.ucaldas.edu.co\/portal\/wp-content\/uploads\/2019\/06\/elecciones-compressor.png","datePublished":"2019-06-14T20:47:37+00:00","breadcrumb":{"@id":"https:\/\/www.ucaldas.edu.co\/portal\/reglas-a-tener-en-cuenta-en-las-votaciones-para-elecciones-estamentarias\/#breadcrumb"},"inLanguage":"es","potentialAction":[{"@type":"ReadAction","target":["https:\/\/www.ucaldas.edu.co\/portal\/reglas-a-tener-en-cuenta-en-las-votaciones-para-elecciones-estamentarias\/"]}]},{"@type":"ImageObject","inLanguage":"es","@id":"https:\/\/www.ucaldas.edu.co\/portal\/reglas-a-tener-en-cuenta-en-las-votaciones-para-elecciones-estamentarias\/#primaryimage","url":"https:\/\/www.ucaldas.edu.co\/portal\/wp-content\/uploads\/2019\/06\/elecciones-compressor.png","contentUrl":"https:\/\/www.ucaldas.edu.co\/portal\/wp-content\/uploads\/2019\/06\/elecciones-compressor.png","width":700,"height":400},{"@type":"BreadcrumbList","@id":"https:\/\/www.ucaldas.edu.co\/portal\/reglas-a-tener-en-cuenta-en-las-votaciones-para-elecciones-estamentarias\/#breadcrumb","itemListElement":[{"@type":"ListItem","position":1,"name":"Portada","item":"https:\/\/www.ucaldas.edu.co\/portal\/"},{"@type":"ListItem","position":2,"name":"Reglas a tener en cuenta en las votaciones para Elecciones Estamentarias"}]},{"@type":"WebSite","@id":"https:\/\/www.ucaldas.edu.co\/portal\/#website","url":"https:\/\/www.ucaldas.edu.co\/portal\/","name":"Universidad de Caldas","description":"","publisher":{"@id":"https:\/\/www.ucaldas.edu.co\/portal\/#organization"},"alternateName":"U. de Caldas","potentialAction":[{"@type":"SearchAction","target":{"@type":"EntryPoint","urlTemplate":"https:\/\/www.ucaldas.edu.co\/portal\/?s={search_term_string}"},"query-input":{"@type":"PropertyValueSpecification","valueRequired":true,"valueName":"search_term_string"}}],"inLanguage":"es"},{"@type":"Organization","@id":"https:\/\/www.ucaldas.edu.co\/portal\/#organization","name":"Universidad de Caldas","alternateName":"U. de Caldas","url":"https:\/\/www.ucaldas.edu.co\/portal\/","logo":{"@type":"ImageObject","inLanguage":"es","@id":"https:\/\/www.ucaldas.edu.co\/portal\/#\/schema\/logo\/image\/","url":"https:\/\/www.ucaldas.edu.co\/portal\/wp-content\/uploads\/2023\/11\/Logo_horizontal_oscuroU-2023.png","contentUrl":"https:\/\/www.ucaldas.edu.co\/portal\/wp-content\/uploads\/2023\/11\/Logo_horizontal_oscuroU-2023.png","width":263,"height":101,"caption":"Universidad de Caldas"},"image":{"@id":"https:\/\/www.ucaldas.edu.co\/portal\/#\/schema\/logo\/image\/"},"sameAs":["https:\/\/www.facebook.com\/udecaldas","https:\/\/x.com\/udecaldas","https:\/\/www.youtube.com\/universidadcaldas","https:\/\/www.instagram.com\/udecaldas\/"]},{"@type":"Person","@id":"https:\/\/www.ucaldas.edu.co\/portal\/#\/schema\/person\/a1b482e23449158b4bc319926c074fdf","name":"ofiprensa","image":{"@type":"ImageObject","inLanguage":"es","@id":"https:\/\/www.ucaldas.edu.co\/portal\/wp-content\/litespeed\/avatar\/09ea5085e600095a7a811142c6944527.jpg?ver=1777497608","url":"https:\/\/www.ucaldas.edu.co\/portal\/wp-content\/litespeed\/avatar\/09ea5085e600095a7a811142c6944527.jpg?ver=1777497608","contentUrl":"https:\/\/www.ucaldas.edu.co\/portal\/wp-content\/litespeed\/avatar\/09ea5085e600095a7a811142c6944527.jpg?ver=1777497608","caption":"ofiprensa"},"url":"https:\/\/www.ucaldas.edu.co\/portal\/author\/ofiprensa\/"}]}},"_links":{"self":[{"href":"https:\/\/www.ucaldas.edu.co\/portal\/wp-json\/wp\/v2\/posts\/49029","targetHints":{"allow":["GET"]}}],"collection":[{"href":"https:\/\/www.ucaldas.edu.co\/portal\/wp-json\/wp\/v2\/posts"}],"about":[{"href":"https:\/\/www.ucaldas.edu.co\/portal\/wp-json\/wp\/v2\/types\/post"}],"author":[{"embeddable":true,"href":"https:\/\/www.ucaldas.edu.co\/portal\/wp-json\/wp\/v2\/users\/2"}],"replies":[{"embeddable":true,"href":"https:\/\/www.ucaldas.edu.co\/portal\/wp-json\/wp\/v2\/comments?post=49029"}],"version-history":[{"count":0,"href":"https:\/\/www.ucaldas.edu.co\/portal\/wp-json\/wp\/v2\/posts\/49029\/revisions"}],"wp:featuredmedia":[{"embeddable":true,"href":"https:\/\/www.ucaldas.edu.co\/portal\/wp-json\/wp\/v2\/media\/49007"}],"wp:attachment":[{"href":"https:\/\/www.ucaldas.edu.co\/portal\/wp-json\/wp\/v2\/media?parent=49029"}],"wp:term":[{"taxonomy":"category","embeddable":true,"href":"https:\/\/www.ucaldas.edu.co\/portal\/wp-json\/wp\/v2\/categories?post=49029"},{"taxonomy":"post_tag","embeddable":true,"href":"https:\/\/www.ucaldas.edu.co\/portal\/wp-json\/wp\/v2\/tags?post=49029"}],"curies":[{"name":"wp","href":"https:\/\/api.w.org\/{rel}","templated":true}]}}