{"id":49015,"date":"2019-06-14T20:39:09","date_gmt":"2019-06-14T20:39:09","guid":{"rendered":"https:\/\/www.ucaldas.edu.co\/portal\/?p=49015"},"modified":"2019-06-14T20:39:09","modified_gmt":"2019-06-14T20:39:09","slug":"cuarta-reunion-del-cluster-de-gestion-e-innovacion-tecnologica-del-valle-del-cauca-y-el-eje-cafetero","status":"publish","type":"post","link":"https:\/\/www.ucaldas.edu.co\/portal\/cuarta-reunion-del-cluster-de-gestion-e-innovacion-tecnologica-del-valle-del-cauca-y-el-eje-cafetero\/","title":{"rendered":"Cuarta reuni\u00f3n del Cl\u00faster de Gesti\u00f3n e Innovaci\u00f3n Tecnol\u00f3gica del Valle del Cauca y el Eje Cafetero"},"content":{"rendered":"<p style=\"text-align: center;\">UNIVERSIDADES DEL VALLE DEL CAUCA Y EJE CAFETERO<\/p>\n<p style=\"text-align: center;\"><strong>Cuarta reuni\u00f3n del Cl\u00faster de Gesti\u00f3n e Innovaci\u00f3n Tecnol\u00f3gica del Valle del Cauca y el Eje Cafetero<\/strong><\/p>\n<p style=\"text-align: right;\">14\/06\/2019<\/p>\n<p><img loading=\"lazy\" decoding=\"async\" class=\"size-full wp-image-49005 aligncenter\" src=\"https:\/\/www.ucaldas.edu.co\/portal\/wp-content\/uploads\/2019\/06\/cluster-compressor.png\" alt=\"\" width=\"700\" height=\"400\" srcset=\"https:\/\/www.ucaldas.edu.co\/portal\/wp-content\/uploads\/2019\/06\/cluster-compressor.png 700w, https:\/\/www.ucaldas.edu.co\/portal\/wp-content\/uploads\/2019\/06\/cluster-compressor-300x171.png 300w\" sizes=\"auto, (max-width: 700px) 100vw, 700px\" \/>En el CCU Rogelio Salmona se llev\u00f3 a cabo la cuarta reuni\u00f3n del a\u00f1o del Cl\u00faster de Gesti\u00f3n e Innovaci\u00f3n Tecnol\u00f3gica del Valle del Cauca y el Eje Cafetero, el cual cuenta con la participaci\u00f3n de la Universidad de Caldas, Universidad Santiago de Cali, Universidad del Valle, Universidad Tecnol\u00f3gica de Pereira, UNAD y el Tecnoparque del SENA Risaralda.<\/p>\n<p><!--more--><\/p>\n<p>Jos\u00e9 Fernando Castellanos Galeano, docente de la Facultad de Ingenier\u00edas de la Universidad de Caldas y uno de los gestores del Cl\u00faster, coment\u00f3 que este espacio nace de una articulaci\u00f3n interinstitucional que comenz\u00f3 desde inicios de este a\u00f1o, donde inicialmente se enfoca en el \u00e1rea de electr\u00f3nica, pero tiempo despu\u00e9s, se proyect\u00f3 al \u00e1rea de sistemas y \u00e1rea de innovaci\u00f3n.<\/p>\n<p>&nbsp;<\/p>\n<p>En reuniones anteriores del Cl\u00faster, se definieron las fortalezas, debilidades y necesidades de la regi\u00f3n en t\u00e9rminos del desarrollo y producci\u00f3n de dispositivos electr\u00f3nicos que permitan generar un pa\u00eds competitivo, adem\u00e1s de definir l\u00edneas de trabajo entre las diferentes entidades y objetivos claves como movilidad acad\u00e9mica, generaci\u00f3n de cursos cortos, fortalecimiento de eventos, generaci\u00f3n de proyectos en conjunto por medio de regal\u00edas y creaci\u00f3n de portafolio de servicios de las diferentes entidades.<\/p>\n<p>&nbsp;<\/p>\n<p>Para esta oportunidad, el grupo que integra el Cl\u00faster, trabaj\u00f3 sobre posibles eventos en estas \u00e1reas que se puedan desarrollar conjuntamente en las mencionadas instituciones, adem\u00e1s se desarroll\u00f3 el tema de homologaci\u00f3n de materias y movilidad acad\u00e9mica para los estudiantes de estas \u00e1reas del conocimiento.<\/p>\n<p>&nbsp;<\/p>\n<p><strong>Informes: <\/strong>Oficina de Comunicaciones y Prensa Universidad de Caldas. Tel\u00e9fono: 8781500 Extensi\u00f3n: 12167<\/p>\n<p><strong>Redacci\u00f3n: <\/strong>Mateo Buritic\u00e1 Giraldo<\/p>\n<p>&nbsp;<\/p>\n","protected":false},"excerpt":{"rendered":"<p>UNIVERSIDADES DEL VALLE DEL CAUCA Y EJE CAFETERO Cuarta reuni\u00f3n del Cl\u00faster de Gesti\u00f3n e Innovaci\u00f3n Tecnol\u00f3gica del Valle del Cauca y el Eje Cafetero 14\/06\/2019 En el CCU Rogelio Salmona se llev\u00f3 a cabo la cuarta reuni\u00f3n del a\u00f1o del Cl\u00faster de Gesti\u00f3n e Innovaci\u00f3n Tecnol\u00f3gica del Valle del Cauca y el Eje Cafetero, [&hellip;]<\/p>\n","protected":false},"author":2,"featured_media":49005,"comment_status":"closed","ping_status":"open","sticky":false,"template":"","format":"standard","meta":{"footnotes":""},"categories":[48,53],"tags":[363,528,642,4076],"class_list":["post-49015","post","type-post","status-publish","format-standard","has-post-thumbnail","hentry","category-actualidad","category-universidad-al-dia","tag-innovacion","tag-sistemas","tag-tecnologia","tag-cluster"],"yoast_head":"<!-- This site is optimized with the Yoast SEO plugin v27.5 - https:\/\/yoast.com\/product\/yoast-seo-wordpress\/ -->\n<title>Cuarta reuni\u00f3n del Cl\u00faster de Gesti\u00f3n e Innovaci\u00f3n Tecnol\u00f3gica del Valle del Cauca y el Eje Cafetero .<\/title>\n<meta name=\"robots\" content=\"index, follow, max-snippet:-1, max-image-preview:large, max-video-preview:-1\" \/>\n<link rel=\"canonical\" href=\"https:\/\/www.ucaldas.edu.co\/portal\/cuarta-reunion-del-cluster-de-gestion-e-innovacion-tecnologica-del-valle-del-cauca-y-el-eje-cafetero\/\" \/>\n<script type=\"application\/ld+json\" class=\"yoast-schema-graph\">{\"@context\":\"https:\\\/\\\/schema.org\",\"@graph\":[{\"@type\":\"Article\",\"@id\":\"https:\\\/\\\/www.ucaldas.edu.co\\\/portal\\\/cuarta-reunion-del-cluster-de-gestion-e-innovacion-tecnologica-del-valle-del-cauca-y-el-eje-cafetero\\\/#article\",\"isPartOf\":{\"@id\":\"https:\\\/\\\/www.ucaldas.edu.co\\\/portal\\\/cuarta-reunion-del-cluster-de-gestion-e-innovacion-tecnologica-del-valle-del-cauca-y-el-eje-cafetero\\\/\"},\"author\":{\"name\":\"ofiprensa\",\"@id\":\"https:\\\/\\\/www.ucaldas.edu.co\\\/portal\\\/#\\\/schema\\\/person\\\/a1b482e23449158b4bc319926c074fdf\"},\"headline\":\"Cuarta reuni\u00f3n del Cl\u00faster de Gesti\u00f3n e Innovaci\u00f3n Tecnol\u00f3gica del Valle del Cauca y el Eje Cafetero\",\"datePublished\":\"2019-06-14T20:39:09+00:00\",\"mainEntityOfPage\":{\"@id\":\"https:\\\/\\\/www.ucaldas.edu.co\\\/portal\\\/cuarta-reunion-del-cluster-de-gestion-e-innovacion-tecnologica-del-valle-del-cauca-y-el-eje-cafetero\\\/\"},\"wordCount\":341,\"publisher\":{\"@id\":\"https:\\\/\\\/www.ucaldas.edu.co\\\/portal\\\/#organization\"},\"image\":{\"@id\":\"https:\\\/\\\/www.ucaldas.edu.co\\\/portal\\\/cuarta-reunion-del-cluster-de-gestion-e-innovacion-tecnologica-del-valle-del-cauca-y-el-eje-cafetero\\\/#primaryimage\"},\"thumbnailUrl\":\"https:\\\/\\\/www.ucaldas.edu.co\\\/portal\\\/wp-content\\\/uploads\\\/2019\\\/06\\\/cluster-compressor.png\",\"keywords\":[\"innovaci\u00f3n\",\"sistemas\",\"tecnolog\u00eda\",\"cl\u00faster\"],\"articleSection\":[\"Actualidad\",\"Universidad al D\u00eda\"],\"inLanguage\":\"es\"},{\"@type\":\"WebPage\",\"@id\":\"https:\\\/\\\/www.ucaldas.edu.co\\\/portal\\\/cuarta-reunion-del-cluster-de-gestion-e-innovacion-tecnologica-del-valle-del-cauca-y-el-eje-cafetero\\\/\",\"url\":\"https:\\\/\\\/www.ucaldas.edu.co\\\/portal\\\/cuarta-reunion-del-cluster-de-gestion-e-innovacion-tecnologica-del-valle-del-cauca-y-el-eje-cafetero\\\/\",\"name\":\"Cuarta reuni\u00f3n del Cl\u00faster de Gesti\u00f3n e Innovaci\u00f3n Tecnol\u00f3gica del Valle del Cauca y el Eje Cafetero .\",\"isPartOf\":{\"@id\":\"https:\\\/\\\/www.ucaldas.edu.co\\\/portal\\\/#website\"},\"primaryImageOfPage\":{\"@id\":\"https:\\\/\\\/www.ucaldas.edu.co\\\/portal\\\/cuarta-reunion-del-cluster-de-gestion-e-innovacion-tecnologica-del-valle-del-cauca-y-el-eje-cafetero\\\/#primaryimage\"},\"image\":{\"@id\":\"https:\\\/\\\/www.ucaldas.edu.co\\\/portal\\\/cuarta-reunion-del-cluster-de-gestion-e-innovacion-tecnologica-del-valle-del-cauca-y-el-eje-cafetero\\\/#primaryimage\"},\"thumbnailUrl\":\"https:\\\/\\\/www.ucaldas.edu.co\\\/portal\\\/wp-content\\\/uploads\\\/2019\\\/06\\\/cluster-compressor.png\",\"datePublished\":\"2019-06-14T20:39:09+00:00\",\"breadcrumb\":{\"@id\":\"https:\\\/\\\/www.ucaldas.edu.co\\\/portal\\\/cuarta-reunion-del-cluster-de-gestion-e-innovacion-tecnologica-del-valle-del-cauca-y-el-eje-cafetero\\\/#breadcrumb\"},\"inLanguage\":\"es\",\"potentialAction\":[{\"@type\":\"ReadAction\",\"target\":[\"https:\\\/\\\/www.ucaldas.edu.co\\\/portal\\\/cuarta-reunion-del-cluster-de-gestion-e-innovacion-tecnologica-del-valle-del-cauca-y-el-eje-cafetero\\\/\"]}]},{\"@type\":\"ImageObject\",\"inLanguage\":\"es\",\"@id\":\"https:\\\/\\\/www.ucaldas.edu.co\\\/portal\\\/cuarta-reunion-del-cluster-de-gestion-e-innovacion-tecnologica-del-valle-del-cauca-y-el-eje-cafetero\\\/#primaryimage\",\"url\":\"https:\\\/\\\/www.ucaldas.edu.co\\\/portal\\\/wp-content\\\/uploads\\\/2019\\\/06\\\/cluster-compressor.png\",\"contentUrl\":\"https:\\\/\\\/www.ucaldas.edu.co\\\/portal\\\/wp-content\\\/uploads\\\/2019\\\/06\\\/cluster-compressor.png\",\"width\":700,\"height\":400},{\"@type\":\"BreadcrumbList\",\"@id\":\"https:\\\/\\\/www.ucaldas.edu.co\\\/portal\\\/cuarta-reunion-del-cluster-de-gestion-e-innovacion-tecnologica-del-valle-del-cauca-y-el-eje-cafetero\\\/#breadcrumb\",\"itemListElement\":[{\"@type\":\"ListItem\",\"position\":1,\"name\":\"Portada\",\"item\":\"https:\\\/\\\/www.ucaldas.edu.co\\\/portal\\\/\"},{\"@type\":\"ListItem\",\"position\":2,\"name\":\"Cuarta reuni\u00f3n del Cl\u00faster de Gesti\u00f3n e Innovaci\u00f3n Tecnol\u00f3gica del Valle del Cauca y el Eje Cafetero\"}]},{\"@type\":\"WebSite\",\"@id\":\"https:\\\/\\\/www.ucaldas.edu.co\\\/portal\\\/#website\",\"url\":\"https:\\\/\\\/www.ucaldas.edu.co\\\/portal\\\/\",\"name\":\"Universidad de Caldas\",\"description\":\"\",\"publisher\":{\"@id\":\"https:\\\/\\\/www.ucaldas.edu.co\\\/portal\\\/#organization\"},\"alternateName\":\"U. de Caldas\",\"potentialAction\":[{\"@type\":\"SearchAction\",\"target\":{\"@type\":\"EntryPoint\",\"urlTemplate\":\"https:\\\/\\\/www.ucaldas.edu.co\\\/portal\\\/?s={search_term_string}\"},\"query-input\":{\"@type\":\"PropertyValueSpecification\",\"valueRequired\":true,\"valueName\":\"search_term_string\"}}],\"inLanguage\":\"es\"},{\"@type\":\"Organization\",\"@id\":\"https:\\\/\\\/www.ucaldas.edu.co\\\/portal\\\/#organization\",\"name\":\"Universidad de Caldas\",\"alternateName\":\"U. de Caldas\",\"url\":\"https:\\\/\\\/www.ucaldas.edu.co\\\/portal\\\/\",\"logo\":{\"@type\":\"ImageObject\",\"inLanguage\":\"es\",\"@id\":\"https:\\\/\\\/www.ucaldas.edu.co\\\/portal\\\/#\\\/schema\\\/logo\\\/image\\\/\",\"url\":\"https:\\\/\\\/www.ucaldas.edu.co\\\/portal\\\/wp-content\\\/uploads\\\/2023\\\/11\\\/Logo_horizontal_oscuroU-2023.png\",\"contentUrl\":\"https:\\\/\\\/www.ucaldas.edu.co\\\/portal\\\/wp-content\\\/uploads\\\/2023\\\/11\\\/Logo_horizontal_oscuroU-2023.png\",\"width\":263,\"height\":101,\"caption\":\"Universidad de Caldas\"},\"image\":{\"@id\":\"https:\\\/\\\/www.ucaldas.edu.co\\\/portal\\\/#\\\/schema\\\/logo\\\/image\\\/\"},\"sameAs\":[\"https:\\\/\\\/www.facebook.com\\\/udecaldas\",\"https:\\\/\\\/x.com\\\/udecaldas\",\"https:\\\/\\\/www.youtube.com\\\/universidadcaldas\",\"https:\\\/\\\/www.instagram.com\\\/udecaldas\\\/\"]},{\"@type\":\"Person\",\"@id\":\"https:\\\/\\\/www.ucaldas.edu.co\\\/portal\\\/#\\\/schema\\\/person\\\/a1b482e23449158b4bc319926c074fdf\",\"name\":\"ofiprensa\",\"image\":{\"@type\":\"ImageObject\",\"inLanguage\":\"es\",\"@id\":\"https:\\\/\\\/www.ucaldas.edu.co\\\/portal\\\/wp-content\\\/litespeed\\\/avatar\\\/09ea5085e600095a7a811142c6944527.jpg?ver=1777497608\",\"url\":\"https:\\\/\\\/www.ucaldas.edu.co\\\/portal\\\/wp-content\\\/litespeed\\\/avatar\\\/09ea5085e600095a7a811142c6944527.jpg?ver=1777497608\",\"contentUrl\":\"https:\\\/\\\/www.ucaldas.edu.co\\\/portal\\\/wp-content\\\/litespeed\\\/avatar\\\/09ea5085e600095a7a811142c6944527.jpg?ver=1777497608\",\"caption\":\"ofiprensa\"},\"url\":\"https:\\\/\\\/www.ucaldas.edu.co\\\/portal\\\/author\\\/ofiprensa\\\/\"}]}<\/script>\n<!-- \/ Yoast SEO plugin. -->","yoast_head_json":{"title":"Cuarta reuni\u00f3n del Cl\u00faster de Gesti\u00f3n e Innovaci\u00f3n Tecnol\u00f3gica del Valle del Cauca y el Eje Cafetero .","robots":{"index":"index","follow":"follow","max-snippet":"max-snippet:-1","max-image-preview":"max-image-preview:large","max-video-preview":"max-video-preview:-1"},"canonical":"https:\/\/www.ucaldas.edu.co\/portal\/cuarta-reunion-del-cluster-de-gestion-e-innovacion-tecnologica-del-valle-del-cauca-y-el-eje-cafetero\/","schema":{"@context":"https:\/\/schema.org","@graph":[{"@type":"Article","@id":"https:\/\/www.ucaldas.edu.co\/portal\/cuarta-reunion-del-cluster-de-gestion-e-innovacion-tecnologica-del-valle-del-cauca-y-el-eje-cafetero\/#article","isPartOf":{"@id":"https:\/\/www.ucaldas.edu.co\/portal\/cuarta-reunion-del-cluster-de-gestion-e-innovacion-tecnologica-del-valle-del-cauca-y-el-eje-cafetero\/"},"author":{"name":"ofiprensa","@id":"https:\/\/www.ucaldas.edu.co\/portal\/#\/schema\/person\/a1b482e23449158b4bc319926c074fdf"},"headline":"Cuarta reuni\u00f3n del Cl\u00faster de Gesti\u00f3n e Innovaci\u00f3n Tecnol\u00f3gica del Valle del Cauca y el Eje Cafetero","datePublished":"2019-06-14T20:39:09+00:00","mainEntityOfPage":{"@id":"https:\/\/www.ucaldas.edu.co\/portal\/cuarta-reunion-del-cluster-de-gestion-e-innovacion-tecnologica-del-valle-del-cauca-y-el-eje-cafetero\/"},"wordCount":341,"publisher":{"@id":"https:\/\/www.ucaldas.edu.co\/portal\/#organization"},"image":{"@id":"https:\/\/www.ucaldas.edu.co\/portal\/cuarta-reunion-del-cluster-de-gestion-e-innovacion-tecnologica-del-valle-del-cauca-y-el-eje-cafetero\/#primaryimage"},"thumbnailUrl":"https:\/\/www.ucaldas.edu.co\/portal\/wp-content\/uploads\/2019\/06\/cluster-compressor.png","keywords":["innovaci\u00f3n","sistemas","tecnolog\u00eda","cl\u00faster"],"articleSection":["Actualidad","Universidad al D\u00eda"],"inLanguage":"es"},{"@type":"WebPage","@id":"https:\/\/www.ucaldas.edu.co\/portal\/cuarta-reunion-del-cluster-de-gestion-e-innovacion-tecnologica-del-valle-del-cauca-y-el-eje-cafetero\/","url":"https:\/\/www.ucaldas.edu.co\/portal\/cuarta-reunion-del-cluster-de-gestion-e-innovacion-tecnologica-del-valle-del-cauca-y-el-eje-cafetero\/","name":"Cuarta reuni\u00f3n del Cl\u00faster de Gesti\u00f3n e Innovaci\u00f3n Tecnol\u00f3gica del Valle del Cauca y el Eje Cafetero .","isPartOf":{"@id":"https:\/\/www.ucaldas.edu.co\/portal\/#website"},"primaryImageOfPage":{"@id":"https:\/\/www.ucaldas.edu.co\/portal\/cuarta-reunion-del-cluster-de-gestion-e-innovacion-tecnologica-del-valle-del-cauca-y-el-eje-cafetero\/#primaryimage"},"image":{"@id":"https:\/\/www.ucaldas.edu.co\/portal\/cuarta-reunion-del-cluster-de-gestion-e-innovacion-tecnologica-del-valle-del-cauca-y-el-eje-cafetero\/#primaryimage"},"thumbnailUrl":"https:\/\/www.ucaldas.edu.co\/portal\/wp-content\/uploads\/2019\/06\/cluster-compressor.png","datePublished":"2019-06-14T20:39:09+00:00","breadcrumb":{"@id":"https:\/\/www.ucaldas.edu.co\/portal\/cuarta-reunion-del-cluster-de-gestion-e-innovacion-tecnologica-del-valle-del-cauca-y-el-eje-cafetero\/#breadcrumb"},"inLanguage":"es","potentialAction":[{"@type":"ReadAction","target":["https:\/\/www.ucaldas.edu.co\/portal\/cuarta-reunion-del-cluster-de-gestion-e-innovacion-tecnologica-del-valle-del-cauca-y-el-eje-cafetero\/"]}]},{"@type":"ImageObject","inLanguage":"es","@id":"https:\/\/www.ucaldas.edu.co\/portal\/cuarta-reunion-del-cluster-de-gestion-e-innovacion-tecnologica-del-valle-del-cauca-y-el-eje-cafetero\/#primaryimage","url":"https:\/\/www.ucaldas.edu.co\/portal\/wp-content\/uploads\/2019\/06\/cluster-compressor.png","contentUrl":"https:\/\/www.ucaldas.edu.co\/portal\/wp-content\/uploads\/2019\/06\/cluster-compressor.png","width":700,"height":400},{"@type":"BreadcrumbList","@id":"https:\/\/www.ucaldas.edu.co\/portal\/cuarta-reunion-del-cluster-de-gestion-e-innovacion-tecnologica-del-valle-del-cauca-y-el-eje-cafetero\/#breadcrumb","itemListElement":[{"@type":"ListItem","position":1,"name":"Portada","item":"https:\/\/www.ucaldas.edu.co\/portal\/"},{"@type":"ListItem","position":2,"name":"Cuarta reuni\u00f3n del Cl\u00faster de Gesti\u00f3n e Innovaci\u00f3n Tecnol\u00f3gica del Valle del Cauca y el Eje Cafetero"}]},{"@type":"WebSite","@id":"https:\/\/www.ucaldas.edu.co\/portal\/#website","url":"https:\/\/www.ucaldas.edu.co\/portal\/","name":"Universidad de Caldas","description":"","publisher":{"@id":"https:\/\/www.ucaldas.edu.co\/portal\/#organization"},"alternateName":"U. de Caldas","potentialAction":[{"@type":"SearchAction","target":{"@type":"EntryPoint","urlTemplate":"https:\/\/www.ucaldas.edu.co\/portal\/?s={search_term_string}"},"query-input":{"@type":"PropertyValueSpecification","valueRequired":true,"valueName":"search_term_string"}}],"inLanguage":"es"},{"@type":"Organization","@id":"https:\/\/www.ucaldas.edu.co\/portal\/#organization","name":"Universidad de Caldas","alternateName":"U. de Caldas","url":"https:\/\/www.ucaldas.edu.co\/portal\/","logo":{"@type":"ImageObject","inLanguage":"es","@id":"https:\/\/www.ucaldas.edu.co\/portal\/#\/schema\/logo\/image\/","url":"https:\/\/www.ucaldas.edu.co\/portal\/wp-content\/uploads\/2023\/11\/Logo_horizontal_oscuroU-2023.png","contentUrl":"https:\/\/www.ucaldas.edu.co\/portal\/wp-content\/uploads\/2023\/11\/Logo_horizontal_oscuroU-2023.png","width":263,"height":101,"caption":"Universidad de Caldas"},"image":{"@id":"https:\/\/www.ucaldas.edu.co\/portal\/#\/schema\/logo\/image\/"},"sameAs":["https:\/\/www.facebook.com\/udecaldas","https:\/\/x.com\/udecaldas","https:\/\/www.youtube.com\/universidadcaldas","https:\/\/www.instagram.com\/udecaldas\/"]},{"@type":"Person","@id":"https:\/\/www.ucaldas.edu.co\/portal\/#\/schema\/person\/a1b482e23449158b4bc319926c074fdf","name":"ofiprensa","image":{"@type":"ImageObject","inLanguage":"es","@id":"https:\/\/www.ucaldas.edu.co\/portal\/wp-content\/litespeed\/avatar\/09ea5085e600095a7a811142c6944527.jpg?ver=1777497608","url":"https:\/\/www.ucaldas.edu.co\/portal\/wp-content\/litespeed\/avatar\/09ea5085e600095a7a811142c6944527.jpg?ver=1777497608","contentUrl":"https:\/\/www.ucaldas.edu.co\/portal\/wp-content\/litespeed\/avatar\/09ea5085e600095a7a811142c6944527.jpg?ver=1777497608","caption":"ofiprensa"},"url":"https:\/\/www.ucaldas.edu.co\/portal\/author\/ofiprensa\/"}]}},"_links":{"self":[{"href":"https:\/\/www.ucaldas.edu.co\/portal\/wp-json\/wp\/v2\/posts\/49015","targetHints":{"allow":["GET"]}}],"collection":[{"href":"https:\/\/www.ucaldas.edu.co\/portal\/wp-json\/wp\/v2\/posts"}],"about":[{"href":"https:\/\/www.ucaldas.edu.co\/portal\/wp-json\/wp\/v2\/types\/post"}],"author":[{"embeddable":true,"href":"https:\/\/www.ucaldas.edu.co\/portal\/wp-json\/wp\/v2\/users\/2"}],"replies":[{"embeddable":true,"href":"https:\/\/www.ucaldas.edu.co\/portal\/wp-json\/wp\/v2\/comments?post=49015"}],"version-history":[{"count":0,"href":"https:\/\/www.ucaldas.edu.co\/portal\/wp-json\/wp\/v2\/posts\/49015\/revisions"}],"wp:featuredmedia":[{"embeddable":true,"href":"https:\/\/www.ucaldas.edu.co\/portal\/wp-json\/wp\/v2\/media\/49005"}],"wp:attachment":[{"href":"https:\/\/www.ucaldas.edu.co\/portal\/wp-json\/wp\/v2\/media?parent=49015"}],"wp:term":[{"taxonomy":"category","embeddable":true,"href":"https:\/\/www.ucaldas.edu.co\/portal\/wp-json\/wp\/v2\/categories?post=49015"},{"taxonomy":"post_tag","embeddable":true,"href":"https:\/\/www.ucaldas.edu.co\/portal\/wp-json\/wp\/v2\/tags?post=49015"}],"curies":[{"name":"wp","href":"https:\/\/api.w.org\/{rel}","templated":true}]}}