{"id":48988,"date":"2019-06-13T22:50:23","date_gmt":"2019-06-13T22:50:23","guid":{"rendered":"https:\/\/www.ucaldas.edu.co\/portal\/?p=48988"},"modified":"2019-06-14T14:10:13","modified_gmt":"2019-06-14T14:10:13","slug":"inicio-el-cuarto-mercado-de-diseno-arte-electronico-y-tecnologia","status":"publish","type":"post","link":"https:\/\/www.ucaldas.edu.co\/portal\/inicio-el-cuarto-mercado-de-diseno-arte-electronico-y-tecnologia\/","title":{"rendered":"Inici\u00f3 el Cuarto Mercado de Dise\u00f1o, Arte Electr\u00f3nico y Tecnolog\u00eda"},"content":{"rendered":"<p style=\"text-align: center;\">HASTA EL VIERNES 14 DE JUNIO<\/p>\n<p style=\"text-align: center;\"><strong>Inici\u00f3 el Cuarto Mercado de Dise\u00f1o, Arte Electr\u00f3nico y Tecnolog\u00eda<\/strong><\/p>\n<p style=\"text-align: right;\">13\/06\/2019<\/p>\n<p><img loading=\"lazy\" decoding=\"async\" class=\"size-full wp-image-48979 aligncenter\" src=\"https:\/\/www.ucaldas.edu.co\/portal\/wp-content\/uploads\/2019\/06\/mercado-compressor.png\" alt=\"\" width=\"700\" height=\"400\" srcset=\"https:\/\/www.ucaldas.edu.co\/portal\/wp-content\/uploads\/2019\/06\/mercado-compressor.png 700w, https:\/\/www.ucaldas.edu.co\/portal\/wp-content\/uploads\/2019\/06\/mercado-compressor-300x171.png 300w\" sizes=\"auto, (max-width: 700px) 100vw, 700px\" \/>Hoy y ma\u00f1ana en el escenario del Festival Internacional de la Imagen 2019, se llevar\u00e1 a cabo el Cuarto Mercado de Dise\u00f1o, Arte Electr\u00f3nico y Tecnolog\u00eda, un espacio de intercambio creativo, experiencial y tecnol\u00f3gico, que busca la generaci\u00f3n de nuevas oportunidades para los asistentes.<\/p>\n<p><!--more--><\/p>\n<p>Este espacio es apoyado por el Grupo de Emprendimiento Cultural del Ministerio de Cultura, con el fin de aportar al fortalecimiento del ecosistema de la Econom\u00eda Creativa del pa\u00eds. El encuentro re\u00fane la participaci\u00f3n de subsectores de las Industrias Creativas y Culturales como el dise\u00f1o editorial, dise\u00f1o interactivo, creaci\u00f3n Transmedia, apps videojuegos, sector audiovisual (video y animaci\u00f3n).<\/p>\n<p>Este evento cuenta con:<\/p>\n<ul>\n<li>Mesas de Networking: Espacios para generar oportunidades de negocio y relacionamiento inter e intersectorial.<\/li>\n<li>Charlas Detonantes: Conversaciones para la elaboraci\u00f3n e intercambio de experiencias en econom\u00eda creativa, tecnolog\u00eda corporativa, cultura en red y comunidades creativas.<\/li>\n<li>Espacios de Exhibici\u00f3n.<\/li>\n<li>Franjas de Aprendizaje: Participaci\u00f3n en actividades acad\u00e9micas, art\u00edsticas y de aprendizaje.<\/li>\n<\/ul>\n<p>Mercado de Dise\u00f1o, Arte Electr\u00f3nico y Tecnolog\u00eda es un espacio dise\u00f1ado para generar un aprendizaje horizontal, donde el conocimiento, experiencias e informaci\u00f3n se compartan entre los asistentes y los ponentes invitados durante estos dos d\u00edas.<br \/>\nDentro de las presentaciones que se realizar\u00e1n los d\u00edas 13 y 14 de junio, los temas girar\u00e1n en torno al Humanismo Digital, exponiendo una invitaci\u00f3n a reflexionar sobre un entorno digital din\u00e1mico y la naturaleza humana.<\/p>\n<p>&nbsp;<\/p>\n<p><strong>Informes: <\/strong>Oficina de Comunicaciones y Prensa Universidad de Caldas. Tel\u00e9fono: 8781500 Extensi\u00f3n: 12167<\/p>\n<p><strong>Redacci\u00f3n: <\/strong>Mateo Buritic\u00e1 Giraldo<\/p>\n<p>&nbsp;<\/p>\n","protected":false},"excerpt":{"rendered":"<p>HASTA EL VIERNES 14 DE JUNIO Inici\u00f3 el Cuarto Mercado de Dise\u00f1o, Arte Electr\u00f3nico y Tecnolog\u00eda 13\/06\/2019 Hoy y ma\u00f1ana en el escenario del Festival Internacional de la Imagen 2019, se llevar\u00e1 a cabo el Cuarto Mercado de Dise\u00f1o, Arte Electr\u00f3nico y Tecnolog\u00eda, un espacio de intercambio creativo, experiencial y tecnol\u00f3gico, que busca la generaci\u00f3n [&hellip;]<\/p>\n","protected":false},"author":2,"featured_media":48979,"comment_status":"closed","ping_status":"open","sticky":false,"template":"","format":"standard","meta":{"footnotes":""},"categories":[48,53],"tags":[642,928,193,248,641],"class_list":["post-48988","post","type-post","status-publish","format-standard","has-post-thumbnail","hentry","category-actualidad","category-universidad-al-dia","tag-tecnologia","tag-creacion","tag-arte","tag-diseno","tag-mercado"],"yoast_head":"<!-- This site is optimized with the Yoast SEO plugin v27.5 - https:\/\/yoast.com\/product\/yoast-seo-wordpress\/ -->\n<title>Inici\u00f3 el Cuarto Mercado de Dise\u00f1o, Arte Electr\u00f3nico y Tecnolog\u00eda .<\/title>\n<meta name=\"robots\" content=\"index, follow, max-snippet:-1, max-image-preview:large, max-video-preview:-1\" \/>\n<link rel=\"canonical\" href=\"https:\/\/www.ucaldas.edu.co\/portal\/inicio-el-cuarto-mercado-de-diseno-arte-electronico-y-tecnologia\/\" \/>\n<script type=\"application\/ld+json\" class=\"yoast-schema-graph\">{\"@context\":\"https:\\\/\\\/schema.org\",\"@graph\":[{\"@type\":\"Article\",\"@id\":\"https:\\\/\\\/www.ucaldas.edu.co\\\/portal\\\/inicio-el-cuarto-mercado-de-diseno-arte-electronico-y-tecnologia\\\/#article\",\"isPartOf\":{\"@id\":\"https:\\\/\\\/www.ucaldas.edu.co\\\/portal\\\/inicio-el-cuarto-mercado-de-diseno-arte-electronico-y-tecnologia\\\/\"},\"author\":{\"name\":\"ofiprensa\",\"@id\":\"https:\\\/\\\/www.ucaldas.edu.co\\\/portal\\\/#\\\/schema\\\/person\\\/a1b482e23449158b4bc319926c074fdf\"},\"headline\":\"Inici\u00f3 el Cuarto Mercado de Dise\u00f1o, Arte Electr\u00f3nico y Tecnolog\u00eda\",\"datePublished\":\"2019-06-13T22:50:23+00:00\",\"dateModified\":\"2019-06-14T14:10:13+00:00\",\"mainEntityOfPage\":{\"@id\":\"https:\\\/\\\/www.ucaldas.edu.co\\\/portal\\\/inicio-el-cuarto-mercado-de-diseno-arte-electronico-y-tecnologia\\\/\"},\"wordCount\":305,\"publisher\":{\"@id\":\"https:\\\/\\\/www.ucaldas.edu.co\\\/portal\\\/#organization\"},\"image\":{\"@id\":\"https:\\\/\\\/www.ucaldas.edu.co\\\/portal\\\/inicio-el-cuarto-mercado-de-diseno-arte-electronico-y-tecnologia\\\/#primaryimage\"},\"thumbnailUrl\":\"https:\\\/\\\/www.ucaldas.edu.co\\\/portal\\\/wp-content\\\/uploads\\\/2019\\\/06\\\/mercado-compressor.png\",\"keywords\":[\"tecnolog\u00eda\",\"creaci\u00f3n\",\"Arte\",\"dise\u00f1o\",\"mercado\"],\"articleSection\":[\"Actualidad\",\"Universidad al D\u00eda\"],\"inLanguage\":\"es\"},{\"@type\":\"WebPage\",\"@id\":\"https:\\\/\\\/www.ucaldas.edu.co\\\/portal\\\/inicio-el-cuarto-mercado-de-diseno-arte-electronico-y-tecnologia\\\/\",\"url\":\"https:\\\/\\\/www.ucaldas.edu.co\\\/portal\\\/inicio-el-cuarto-mercado-de-diseno-arte-electronico-y-tecnologia\\\/\",\"name\":\"Inici\u00f3 el Cuarto Mercado de Dise\u00f1o, Arte Electr\u00f3nico y Tecnolog\u00eda .\",\"isPartOf\":{\"@id\":\"https:\\\/\\\/www.ucaldas.edu.co\\\/portal\\\/#website\"},\"primaryImageOfPage\":{\"@id\":\"https:\\\/\\\/www.ucaldas.edu.co\\\/portal\\\/inicio-el-cuarto-mercado-de-diseno-arte-electronico-y-tecnologia\\\/#primaryimage\"},\"image\":{\"@id\":\"https:\\\/\\\/www.ucaldas.edu.co\\\/portal\\\/inicio-el-cuarto-mercado-de-diseno-arte-electronico-y-tecnologia\\\/#primaryimage\"},\"thumbnailUrl\":\"https:\\\/\\\/www.ucaldas.edu.co\\\/portal\\\/wp-content\\\/uploads\\\/2019\\\/06\\\/mercado-compressor.png\",\"datePublished\":\"2019-06-13T22:50:23+00:00\",\"dateModified\":\"2019-06-14T14:10:13+00:00\",\"breadcrumb\":{\"@id\":\"https:\\\/\\\/www.ucaldas.edu.co\\\/portal\\\/inicio-el-cuarto-mercado-de-diseno-arte-electronico-y-tecnologia\\\/#breadcrumb\"},\"inLanguage\":\"es\",\"potentialAction\":[{\"@type\":\"ReadAction\",\"target\":[\"https:\\\/\\\/www.ucaldas.edu.co\\\/portal\\\/inicio-el-cuarto-mercado-de-diseno-arte-electronico-y-tecnologia\\\/\"]}]},{\"@type\":\"ImageObject\",\"inLanguage\":\"es\",\"@id\":\"https:\\\/\\\/www.ucaldas.edu.co\\\/portal\\\/inicio-el-cuarto-mercado-de-diseno-arte-electronico-y-tecnologia\\\/#primaryimage\",\"url\":\"https:\\\/\\\/www.ucaldas.edu.co\\\/portal\\\/wp-content\\\/uploads\\\/2019\\\/06\\\/mercado-compressor.png\",\"contentUrl\":\"https:\\\/\\\/www.ucaldas.edu.co\\\/portal\\\/wp-content\\\/uploads\\\/2019\\\/06\\\/mercado-compressor.png\",\"width\":700,\"height\":400},{\"@type\":\"BreadcrumbList\",\"@id\":\"https:\\\/\\\/www.ucaldas.edu.co\\\/portal\\\/inicio-el-cuarto-mercado-de-diseno-arte-electronico-y-tecnologia\\\/#breadcrumb\",\"itemListElement\":[{\"@type\":\"ListItem\",\"position\":1,\"name\":\"Portada\",\"item\":\"https:\\\/\\\/www.ucaldas.edu.co\\\/portal\\\/\"},{\"@type\":\"ListItem\",\"position\":2,\"name\":\"Inici\u00f3 el Cuarto Mercado de Dise\u00f1o, Arte Electr\u00f3nico y Tecnolog\u00eda\"}]},{\"@type\":\"WebSite\",\"@id\":\"https:\\\/\\\/www.ucaldas.edu.co\\\/portal\\\/#website\",\"url\":\"https:\\\/\\\/www.ucaldas.edu.co\\\/portal\\\/\",\"name\":\"Universidad de Caldas\",\"description\":\"\",\"publisher\":{\"@id\":\"https:\\\/\\\/www.ucaldas.edu.co\\\/portal\\\/#organization\"},\"alternateName\":\"U. de Caldas\",\"potentialAction\":[{\"@type\":\"SearchAction\",\"target\":{\"@type\":\"EntryPoint\",\"urlTemplate\":\"https:\\\/\\\/www.ucaldas.edu.co\\\/portal\\\/?s={search_term_string}\"},\"query-input\":{\"@type\":\"PropertyValueSpecification\",\"valueRequired\":true,\"valueName\":\"search_term_string\"}}],\"inLanguage\":\"es\"},{\"@type\":\"Organization\",\"@id\":\"https:\\\/\\\/www.ucaldas.edu.co\\\/portal\\\/#organization\",\"name\":\"Universidad de Caldas\",\"alternateName\":\"U. de Caldas\",\"url\":\"https:\\\/\\\/www.ucaldas.edu.co\\\/portal\\\/\",\"logo\":{\"@type\":\"ImageObject\",\"inLanguage\":\"es\",\"@id\":\"https:\\\/\\\/www.ucaldas.edu.co\\\/portal\\\/#\\\/schema\\\/logo\\\/image\\\/\",\"url\":\"https:\\\/\\\/www.ucaldas.edu.co\\\/portal\\\/wp-content\\\/uploads\\\/2023\\\/11\\\/Logo_horizontal_oscuroU-2023.png\",\"contentUrl\":\"https:\\\/\\\/www.ucaldas.edu.co\\\/portal\\\/wp-content\\\/uploads\\\/2023\\\/11\\\/Logo_horizontal_oscuroU-2023.png\",\"width\":263,\"height\":101,\"caption\":\"Universidad de Caldas\"},\"image\":{\"@id\":\"https:\\\/\\\/www.ucaldas.edu.co\\\/portal\\\/#\\\/schema\\\/logo\\\/image\\\/\"},\"sameAs\":[\"https:\\\/\\\/www.facebook.com\\\/udecaldas\",\"https:\\\/\\\/x.com\\\/udecaldas\",\"https:\\\/\\\/www.youtube.com\\\/universidadcaldas\",\"https:\\\/\\\/www.instagram.com\\\/udecaldas\\\/\"]},{\"@type\":\"Person\",\"@id\":\"https:\\\/\\\/www.ucaldas.edu.co\\\/portal\\\/#\\\/schema\\\/person\\\/a1b482e23449158b4bc319926c074fdf\",\"name\":\"ofiprensa\",\"image\":{\"@type\":\"ImageObject\",\"inLanguage\":\"es\",\"@id\":\"https:\\\/\\\/www.ucaldas.edu.co\\\/portal\\\/wp-content\\\/litespeed\\\/avatar\\\/09ea5085e600095a7a811142c6944527.jpg?ver=1777497608\",\"url\":\"https:\\\/\\\/www.ucaldas.edu.co\\\/portal\\\/wp-content\\\/litespeed\\\/avatar\\\/09ea5085e600095a7a811142c6944527.jpg?ver=1777497608\",\"contentUrl\":\"https:\\\/\\\/www.ucaldas.edu.co\\\/portal\\\/wp-content\\\/litespeed\\\/avatar\\\/09ea5085e600095a7a811142c6944527.jpg?ver=1777497608\",\"caption\":\"ofiprensa\"},\"url\":\"https:\\\/\\\/www.ucaldas.edu.co\\\/portal\\\/author\\\/ofiprensa\\\/\"}]}<\/script>\n<!-- \/ Yoast SEO plugin. -->","yoast_head_json":{"title":"Inici\u00f3 el Cuarto Mercado de Dise\u00f1o, Arte Electr\u00f3nico y Tecnolog\u00eda .","robots":{"index":"index","follow":"follow","max-snippet":"max-snippet:-1","max-image-preview":"max-image-preview:large","max-video-preview":"max-video-preview:-1"},"canonical":"https:\/\/www.ucaldas.edu.co\/portal\/inicio-el-cuarto-mercado-de-diseno-arte-electronico-y-tecnologia\/","schema":{"@context":"https:\/\/schema.org","@graph":[{"@type":"Article","@id":"https:\/\/www.ucaldas.edu.co\/portal\/inicio-el-cuarto-mercado-de-diseno-arte-electronico-y-tecnologia\/#article","isPartOf":{"@id":"https:\/\/www.ucaldas.edu.co\/portal\/inicio-el-cuarto-mercado-de-diseno-arte-electronico-y-tecnologia\/"},"author":{"name":"ofiprensa","@id":"https:\/\/www.ucaldas.edu.co\/portal\/#\/schema\/person\/a1b482e23449158b4bc319926c074fdf"},"headline":"Inici\u00f3 el Cuarto Mercado de Dise\u00f1o, Arte Electr\u00f3nico y Tecnolog\u00eda","datePublished":"2019-06-13T22:50:23+00:00","dateModified":"2019-06-14T14:10:13+00:00","mainEntityOfPage":{"@id":"https:\/\/www.ucaldas.edu.co\/portal\/inicio-el-cuarto-mercado-de-diseno-arte-electronico-y-tecnologia\/"},"wordCount":305,"publisher":{"@id":"https:\/\/www.ucaldas.edu.co\/portal\/#organization"},"image":{"@id":"https:\/\/www.ucaldas.edu.co\/portal\/inicio-el-cuarto-mercado-de-diseno-arte-electronico-y-tecnologia\/#primaryimage"},"thumbnailUrl":"https:\/\/www.ucaldas.edu.co\/portal\/wp-content\/uploads\/2019\/06\/mercado-compressor.png","keywords":["tecnolog\u00eda","creaci\u00f3n","Arte","dise\u00f1o","mercado"],"articleSection":["Actualidad","Universidad al D\u00eda"],"inLanguage":"es"},{"@type":"WebPage","@id":"https:\/\/www.ucaldas.edu.co\/portal\/inicio-el-cuarto-mercado-de-diseno-arte-electronico-y-tecnologia\/","url":"https:\/\/www.ucaldas.edu.co\/portal\/inicio-el-cuarto-mercado-de-diseno-arte-electronico-y-tecnologia\/","name":"Inici\u00f3 el Cuarto Mercado de Dise\u00f1o, Arte Electr\u00f3nico y Tecnolog\u00eda .","isPartOf":{"@id":"https:\/\/www.ucaldas.edu.co\/portal\/#website"},"primaryImageOfPage":{"@id":"https:\/\/www.ucaldas.edu.co\/portal\/inicio-el-cuarto-mercado-de-diseno-arte-electronico-y-tecnologia\/#primaryimage"},"image":{"@id":"https:\/\/www.ucaldas.edu.co\/portal\/inicio-el-cuarto-mercado-de-diseno-arte-electronico-y-tecnologia\/#primaryimage"},"thumbnailUrl":"https:\/\/www.ucaldas.edu.co\/portal\/wp-content\/uploads\/2019\/06\/mercado-compressor.png","datePublished":"2019-06-13T22:50:23+00:00","dateModified":"2019-06-14T14:10:13+00:00","breadcrumb":{"@id":"https:\/\/www.ucaldas.edu.co\/portal\/inicio-el-cuarto-mercado-de-diseno-arte-electronico-y-tecnologia\/#breadcrumb"},"inLanguage":"es","potentialAction":[{"@type":"ReadAction","target":["https:\/\/www.ucaldas.edu.co\/portal\/inicio-el-cuarto-mercado-de-diseno-arte-electronico-y-tecnologia\/"]}]},{"@type":"ImageObject","inLanguage":"es","@id":"https:\/\/www.ucaldas.edu.co\/portal\/inicio-el-cuarto-mercado-de-diseno-arte-electronico-y-tecnologia\/#primaryimage","url":"https:\/\/www.ucaldas.edu.co\/portal\/wp-content\/uploads\/2019\/06\/mercado-compressor.png","contentUrl":"https:\/\/www.ucaldas.edu.co\/portal\/wp-content\/uploads\/2019\/06\/mercado-compressor.png","width":700,"height":400},{"@type":"BreadcrumbList","@id":"https:\/\/www.ucaldas.edu.co\/portal\/inicio-el-cuarto-mercado-de-diseno-arte-electronico-y-tecnologia\/#breadcrumb","itemListElement":[{"@type":"ListItem","position":1,"name":"Portada","item":"https:\/\/www.ucaldas.edu.co\/portal\/"},{"@type":"ListItem","position":2,"name":"Inici\u00f3 el Cuarto Mercado de Dise\u00f1o, Arte Electr\u00f3nico y Tecnolog\u00eda"}]},{"@type":"WebSite","@id":"https:\/\/www.ucaldas.edu.co\/portal\/#website","url":"https:\/\/www.ucaldas.edu.co\/portal\/","name":"Universidad de Caldas","description":"","publisher":{"@id":"https:\/\/www.ucaldas.edu.co\/portal\/#organization"},"alternateName":"U. de Caldas","potentialAction":[{"@type":"SearchAction","target":{"@type":"EntryPoint","urlTemplate":"https:\/\/www.ucaldas.edu.co\/portal\/?s={search_term_string}"},"query-input":{"@type":"PropertyValueSpecification","valueRequired":true,"valueName":"search_term_string"}}],"inLanguage":"es"},{"@type":"Organization","@id":"https:\/\/www.ucaldas.edu.co\/portal\/#organization","name":"Universidad de Caldas","alternateName":"U. de Caldas","url":"https:\/\/www.ucaldas.edu.co\/portal\/","logo":{"@type":"ImageObject","inLanguage":"es","@id":"https:\/\/www.ucaldas.edu.co\/portal\/#\/schema\/logo\/image\/","url":"https:\/\/www.ucaldas.edu.co\/portal\/wp-content\/uploads\/2023\/11\/Logo_horizontal_oscuroU-2023.png","contentUrl":"https:\/\/www.ucaldas.edu.co\/portal\/wp-content\/uploads\/2023\/11\/Logo_horizontal_oscuroU-2023.png","width":263,"height":101,"caption":"Universidad de Caldas"},"image":{"@id":"https:\/\/www.ucaldas.edu.co\/portal\/#\/schema\/logo\/image\/"},"sameAs":["https:\/\/www.facebook.com\/udecaldas","https:\/\/x.com\/udecaldas","https:\/\/www.youtube.com\/universidadcaldas","https:\/\/www.instagram.com\/udecaldas\/"]},{"@type":"Person","@id":"https:\/\/www.ucaldas.edu.co\/portal\/#\/schema\/person\/a1b482e23449158b4bc319926c074fdf","name":"ofiprensa","image":{"@type":"ImageObject","inLanguage":"es","@id":"https:\/\/www.ucaldas.edu.co\/portal\/wp-content\/litespeed\/avatar\/09ea5085e600095a7a811142c6944527.jpg?ver=1777497608","url":"https:\/\/www.ucaldas.edu.co\/portal\/wp-content\/litespeed\/avatar\/09ea5085e600095a7a811142c6944527.jpg?ver=1777497608","contentUrl":"https:\/\/www.ucaldas.edu.co\/portal\/wp-content\/litespeed\/avatar\/09ea5085e600095a7a811142c6944527.jpg?ver=1777497608","caption":"ofiprensa"},"url":"https:\/\/www.ucaldas.edu.co\/portal\/author\/ofiprensa\/"}]}},"_links":{"self":[{"href":"https:\/\/www.ucaldas.edu.co\/portal\/wp-json\/wp\/v2\/posts\/48988","targetHints":{"allow":["GET"]}}],"collection":[{"href":"https:\/\/www.ucaldas.edu.co\/portal\/wp-json\/wp\/v2\/posts"}],"about":[{"href":"https:\/\/www.ucaldas.edu.co\/portal\/wp-json\/wp\/v2\/types\/post"}],"author":[{"embeddable":true,"href":"https:\/\/www.ucaldas.edu.co\/portal\/wp-json\/wp\/v2\/users\/2"}],"replies":[{"embeddable":true,"href":"https:\/\/www.ucaldas.edu.co\/portal\/wp-json\/wp\/v2\/comments?post=48988"}],"version-history":[{"count":0,"href":"https:\/\/www.ucaldas.edu.co\/portal\/wp-json\/wp\/v2\/posts\/48988\/revisions"}],"wp:featuredmedia":[{"embeddable":true,"href":"https:\/\/www.ucaldas.edu.co\/portal\/wp-json\/wp\/v2\/media\/48979"}],"wp:attachment":[{"href":"https:\/\/www.ucaldas.edu.co\/portal\/wp-json\/wp\/v2\/media?parent=48988"}],"wp:term":[{"taxonomy":"category","embeddable":true,"href":"https:\/\/www.ucaldas.edu.co\/portal\/wp-json\/wp\/v2\/categories?post=48988"},{"taxonomy":"post_tag","embeddable":true,"href":"https:\/\/www.ucaldas.edu.co\/portal\/wp-json\/wp\/v2\/tags?post=48988"}],"curies":[{"name":"wp","href":"https:\/\/api.w.org\/{rel}","templated":true}]}}