{"id":48923,"date":"2019-06-11T22:49:39","date_gmt":"2019-06-11T22:49:39","guid":{"rendered":"https:\/\/www.ucaldas.edu.co\/portal\/?p=48923"},"modified":"2019-06-11T22:49:39","modified_gmt":"2019-06-11T22:49:39","slug":"nodo-de-economia-naranja-tuvo-lugar-en-el-centro-cultural-universitario-rogelio-salmona","status":"publish","type":"post","link":"https:\/\/www.ucaldas.edu.co\/portal\/nodo-de-economia-naranja-tuvo-lugar-en-el-centro-cultural-universitario-rogelio-salmona\/","title":{"rendered":"Nodo de Econom\u00eda Naranja tuvo lugar en el Centro Cultural Universitario Rogelio Salmona"},"content":{"rendered":"<p style=\"text-align: center;\">CON LA PRESENCIA DE DAVID MELO TORRES, VICEMINISTRO DE CULTURA<\/p>\n<p style=\"text-align: center;\"><strong>Nodo de Econom\u00eda Naranja tuvo lugar en el Centro Cultural Universitario Rogelio Salmona<\/strong><\/p>\n<p style=\"text-align: right;\">11\/06\/2019<\/p>\n<p><img loading=\"lazy\" decoding=\"async\" class=\"size-full wp-image-48911 aligncenter\" src=\"https:\/\/www.ucaldas.edu.co\/portal\/wp-content\/uploads\/2019\/06\/econom\u00eda-naranja-compressor.png\" alt=\"\" width=\"700\" height=\"400\" srcset=\"https:\/\/www.ucaldas.edu.co\/portal\/wp-content\/uploads\/2019\/06\/econom\u00eda-naranja-compressor.png 700w, https:\/\/www.ucaldas.edu.co\/portal\/wp-content\/uploads\/2019\/06\/econom\u00eda-naranja-compressor-300x171.png 300w\" sizes=\"auto, (max-width: 700px) 100vw, 700px\" \/>David Melo Torres, Viceministro de Cultura, instal\u00f3 la primera sesi\u00f3n del Nodo de Econom\u00eda Naranja en\u00a0 el Centro Cultural Universitario Rogelio Salmona\u00a0 de la Universidad de Caldas, con el prop\u00f3sito de adelantar un proceso de construcci\u00f3n con los diversos sectores de la regi\u00f3n relacionados con las industrias creativas, culturales y de turismo.<\/p>\n<p><!--more--><\/p>\n<p>Durante la charla, el Viceministro manifest\u00f3 que \u201cen Colombia es dif\u00edcil encontrar un andamiaje como el de Manizales, una ciudad que ya es referente nacional en industrias creativas y culturales y con enormes posibilidades\u00a0 en \u00c1reas de Desarrollo Naranja (ADN) y de industria tur\u00edstica, a partir, por ejemplo, del Paisaje Cultural Cafetero\u201d.<\/p>\n<p>Por su parte el Rector de la U. de Caldas, Alejandro Ceballos M\u00e1rquez, sostuvo que la Universidad de Caldas ser\u00e1 la instituci\u00f3n articuladora de todas las iniciativas relacionadas con econom\u00eda naranja, dado que Manizales una de las cinco ciudades de Colombia que son Nodo de Econom\u00eda naranja.<\/p>\n<p>\u201cvamos hacer uno de los referentes a nivel nacional en el desarrollo de este tipo de actividades que no solamente est\u00e1n relacionadas con industrias creativas y cultura sino con la articulaci\u00f3n de otras disciplinas como medicina, ingenier\u00eda de sistemas, entre otras; obviamente eso nos pone en un desaf\u00edo bastante grande como ciudad y como universidad\u201d dijo Ceballos M\u00e1rquez.<\/p>\n<p><strong>Informes:<\/strong> Oficina de Comunicaciones y Prensa Universidad de Caldas. Tel\u00e9fono: 8781500 Extensi\u00f3n: 12167<\/p>\n<p><strong>Redacci\u00f3n:<\/strong> Daniela S\u00e1nchez R\u00edos<\/p>\n<p>&nbsp;<\/p>\n","protected":false},"excerpt":{"rendered":"<p>CON LA PRESENCIA DE DAVID MELO TORRES, VICEMINISTRO DE CULTURA Nodo de Econom\u00eda Naranja tuvo lugar en el Centro Cultural Universitario Rogelio Salmona 11\/06\/2019 David Melo Torres, Viceministro de Cultura, instal\u00f3 la primera sesi\u00f3n del Nodo de Econom\u00eda Naranja en\u00a0 el Centro Cultural Universitario Rogelio Salmona\u00a0 de la Universidad de Caldas, con el prop\u00f3sito de [&hellip;]<\/p>\n","protected":false},"author":2,"featured_media":48911,"comment_status":"closed","ping_status":"open","sticky":false,"template":"","format":"standard","meta":{"footnotes":""},"categories":[48,53],"tags":[319,1232,1725,3049],"class_list":["post-48923","post","type-post","status-publish","format-standard","has-post-thumbnail","hentry","category-actualidad","category-universidad-al-dia","tag-ccu","tag-nodo","tag-industrias-creativas","tag-economia-naranja"],"yoast_head":"<!-- This site is optimized with the Yoast SEO plugin v27.5 - https:\/\/yoast.com\/product\/yoast-seo-wordpress\/ -->\n<title>Nodo de Econom\u00eda Naranja tuvo lugar en el Centro Cultural Universitario Rogelio Salmona .<\/title>\n<meta name=\"robots\" content=\"index, follow, max-snippet:-1, max-image-preview:large, max-video-preview:-1\" \/>\n<link rel=\"canonical\" href=\"https:\/\/www.ucaldas.edu.co\/portal\/nodo-de-economia-naranja-tuvo-lugar-en-el-centro-cultural-universitario-rogelio-salmona\/\" \/>\n<script type=\"application\/ld+json\" class=\"yoast-schema-graph\">{\"@context\":\"https:\\\/\\\/schema.org\",\"@graph\":[{\"@type\":\"Article\",\"@id\":\"https:\\\/\\\/www.ucaldas.edu.co\\\/portal\\\/nodo-de-economia-naranja-tuvo-lugar-en-el-centro-cultural-universitario-rogelio-salmona\\\/#article\",\"isPartOf\":{\"@id\":\"https:\\\/\\\/www.ucaldas.edu.co\\\/portal\\\/nodo-de-economia-naranja-tuvo-lugar-en-el-centro-cultural-universitario-rogelio-salmona\\\/\"},\"author\":{\"name\":\"ofiprensa\",\"@id\":\"https:\\\/\\\/www.ucaldas.edu.co\\\/portal\\\/#\\\/schema\\\/person\\\/a1b482e23449158b4bc319926c074fdf\"},\"headline\":\"Nodo de Econom\u00eda Naranja tuvo lugar en el Centro Cultural Universitario Rogelio Salmona\",\"datePublished\":\"2019-06-11T22:49:39+00:00\",\"mainEntityOfPage\":{\"@id\":\"https:\\\/\\\/www.ucaldas.edu.co\\\/portal\\\/nodo-de-economia-naranja-tuvo-lugar-en-el-centro-cultural-universitario-rogelio-salmona\\\/\"},\"wordCount\":284,\"publisher\":{\"@id\":\"https:\\\/\\\/www.ucaldas.edu.co\\\/portal\\\/#organization\"},\"image\":{\"@id\":\"https:\\\/\\\/www.ucaldas.edu.co\\\/portal\\\/nodo-de-economia-naranja-tuvo-lugar-en-el-centro-cultural-universitario-rogelio-salmona\\\/#primaryimage\"},\"thumbnailUrl\":\"https:\\\/\\\/www.ucaldas.edu.co\\\/portal\\\/wp-content\\\/uploads\\\/2019\\\/06\\\/econom\u00eda-naranja-compressor.png\",\"keywords\":[\"CCU\",\"nodo\",\"industrias creativas\",\"econom\u00eda naranja\"],\"articleSection\":[\"Actualidad\",\"Universidad al D\u00eda\"],\"inLanguage\":\"es\"},{\"@type\":\"WebPage\",\"@id\":\"https:\\\/\\\/www.ucaldas.edu.co\\\/portal\\\/nodo-de-economia-naranja-tuvo-lugar-en-el-centro-cultural-universitario-rogelio-salmona\\\/\",\"url\":\"https:\\\/\\\/www.ucaldas.edu.co\\\/portal\\\/nodo-de-economia-naranja-tuvo-lugar-en-el-centro-cultural-universitario-rogelio-salmona\\\/\",\"name\":\"Nodo de Econom\u00eda Naranja tuvo lugar en el Centro Cultural Universitario Rogelio Salmona .\",\"isPartOf\":{\"@id\":\"https:\\\/\\\/www.ucaldas.edu.co\\\/portal\\\/#website\"},\"primaryImageOfPage\":{\"@id\":\"https:\\\/\\\/www.ucaldas.edu.co\\\/portal\\\/nodo-de-economia-naranja-tuvo-lugar-en-el-centro-cultural-universitario-rogelio-salmona\\\/#primaryimage\"},\"image\":{\"@id\":\"https:\\\/\\\/www.ucaldas.edu.co\\\/portal\\\/nodo-de-economia-naranja-tuvo-lugar-en-el-centro-cultural-universitario-rogelio-salmona\\\/#primaryimage\"},\"thumbnailUrl\":\"https:\\\/\\\/www.ucaldas.edu.co\\\/portal\\\/wp-content\\\/uploads\\\/2019\\\/06\\\/econom\u00eda-naranja-compressor.png\",\"datePublished\":\"2019-06-11T22:49:39+00:00\",\"breadcrumb\":{\"@id\":\"https:\\\/\\\/www.ucaldas.edu.co\\\/portal\\\/nodo-de-economia-naranja-tuvo-lugar-en-el-centro-cultural-universitario-rogelio-salmona\\\/#breadcrumb\"},\"inLanguage\":\"es\",\"potentialAction\":[{\"@type\":\"ReadAction\",\"target\":[\"https:\\\/\\\/www.ucaldas.edu.co\\\/portal\\\/nodo-de-economia-naranja-tuvo-lugar-en-el-centro-cultural-universitario-rogelio-salmona\\\/\"]}]},{\"@type\":\"ImageObject\",\"inLanguage\":\"es\",\"@id\":\"https:\\\/\\\/www.ucaldas.edu.co\\\/portal\\\/nodo-de-economia-naranja-tuvo-lugar-en-el-centro-cultural-universitario-rogelio-salmona\\\/#primaryimage\",\"url\":\"https:\\\/\\\/www.ucaldas.edu.co\\\/portal\\\/wp-content\\\/uploads\\\/2019\\\/06\\\/econom\u00eda-naranja-compressor.png\",\"contentUrl\":\"https:\\\/\\\/www.ucaldas.edu.co\\\/portal\\\/wp-content\\\/uploads\\\/2019\\\/06\\\/econom\u00eda-naranja-compressor.png\",\"width\":700,\"height\":400},{\"@type\":\"BreadcrumbList\",\"@id\":\"https:\\\/\\\/www.ucaldas.edu.co\\\/portal\\\/nodo-de-economia-naranja-tuvo-lugar-en-el-centro-cultural-universitario-rogelio-salmona\\\/#breadcrumb\",\"itemListElement\":[{\"@type\":\"ListItem\",\"position\":1,\"name\":\"Portada\",\"item\":\"https:\\\/\\\/www.ucaldas.edu.co\\\/portal\\\/\"},{\"@type\":\"ListItem\",\"position\":2,\"name\":\"Nodo de Econom\u00eda Naranja tuvo lugar en el Centro Cultural Universitario Rogelio Salmona\"}]},{\"@type\":\"WebSite\",\"@id\":\"https:\\\/\\\/www.ucaldas.edu.co\\\/portal\\\/#website\",\"url\":\"https:\\\/\\\/www.ucaldas.edu.co\\\/portal\\\/\",\"name\":\"Universidad de Caldas\",\"description\":\"\",\"publisher\":{\"@id\":\"https:\\\/\\\/www.ucaldas.edu.co\\\/portal\\\/#organization\"},\"alternateName\":\"U. de Caldas\",\"potentialAction\":[{\"@type\":\"SearchAction\",\"target\":{\"@type\":\"EntryPoint\",\"urlTemplate\":\"https:\\\/\\\/www.ucaldas.edu.co\\\/portal\\\/?s={search_term_string}\"},\"query-input\":{\"@type\":\"PropertyValueSpecification\",\"valueRequired\":true,\"valueName\":\"search_term_string\"}}],\"inLanguage\":\"es\"},{\"@type\":\"Organization\",\"@id\":\"https:\\\/\\\/www.ucaldas.edu.co\\\/portal\\\/#organization\",\"name\":\"Universidad de Caldas\",\"alternateName\":\"U. de Caldas\",\"url\":\"https:\\\/\\\/www.ucaldas.edu.co\\\/portal\\\/\",\"logo\":{\"@type\":\"ImageObject\",\"inLanguage\":\"es\",\"@id\":\"https:\\\/\\\/www.ucaldas.edu.co\\\/portal\\\/#\\\/schema\\\/logo\\\/image\\\/\",\"url\":\"https:\\\/\\\/www.ucaldas.edu.co\\\/portal\\\/wp-content\\\/uploads\\\/2023\\\/11\\\/Logo_horizontal_oscuroU-2023.png\",\"contentUrl\":\"https:\\\/\\\/www.ucaldas.edu.co\\\/portal\\\/wp-content\\\/uploads\\\/2023\\\/11\\\/Logo_horizontal_oscuroU-2023.png\",\"width\":263,\"height\":101,\"caption\":\"Universidad de Caldas\"},\"image\":{\"@id\":\"https:\\\/\\\/www.ucaldas.edu.co\\\/portal\\\/#\\\/schema\\\/logo\\\/image\\\/\"},\"sameAs\":[\"https:\\\/\\\/www.facebook.com\\\/udecaldas\",\"https:\\\/\\\/x.com\\\/udecaldas\",\"https:\\\/\\\/www.youtube.com\\\/universidadcaldas\",\"https:\\\/\\\/www.instagram.com\\\/udecaldas\\\/\"]},{\"@type\":\"Person\",\"@id\":\"https:\\\/\\\/www.ucaldas.edu.co\\\/portal\\\/#\\\/schema\\\/person\\\/a1b482e23449158b4bc319926c074fdf\",\"name\":\"ofiprensa\",\"image\":{\"@type\":\"ImageObject\",\"inLanguage\":\"es\",\"@id\":\"https:\\\/\\\/www.ucaldas.edu.co\\\/portal\\\/wp-content\\\/litespeed\\\/avatar\\\/09ea5085e600095a7a811142c6944527.jpg?ver=1777497608\",\"url\":\"https:\\\/\\\/www.ucaldas.edu.co\\\/portal\\\/wp-content\\\/litespeed\\\/avatar\\\/09ea5085e600095a7a811142c6944527.jpg?ver=1777497608\",\"contentUrl\":\"https:\\\/\\\/www.ucaldas.edu.co\\\/portal\\\/wp-content\\\/litespeed\\\/avatar\\\/09ea5085e600095a7a811142c6944527.jpg?ver=1777497608\",\"caption\":\"ofiprensa\"},\"url\":\"https:\\\/\\\/www.ucaldas.edu.co\\\/portal\\\/author\\\/ofiprensa\\\/\"}]}<\/script>\n<!-- \/ Yoast SEO plugin. -->","yoast_head_json":{"title":"Nodo de Econom\u00eda Naranja tuvo lugar en el Centro Cultural Universitario Rogelio Salmona .","robots":{"index":"index","follow":"follow","max-snippet":"max-snippet:-1","max-image-preview":"max-image-preview:large","max-video-preview":"max-video-preview:-1"},"canonical":"https:\/\/www.ucaldas.edu.co\/portal\/nodo-de-economia-naranja-tuvo-lugar-en-el-centro-cultural-universitario-rogelio-salmona\/","schema":{"@context":"https:\/\/schema.org","@graph":[{"@type":"Article","@id":"https:\/\/www.ucaldas.edu.co\/portal\/nodo-de-economia-naranja-tuvo-lugar-en-el-centro-cultural-universitario-rogelio-salmona\/#article","isPartOf":{"@id":"https:\/\/www.ucaldas.edu.co\/portal\/nodo-de-economia-naranja-tuvo-lugar-en-el-centro-cultural-universitario-rogelio-salmona\/"},"author":{"name":"ofiprensa","@id":"https:\/\/www.ucaldas.edu.co\/portal\/#\/schema\/person\/a1b482e23449158b4bc319926c074fdf"},"headline":"Nodo de Econom\u00eda Naranja tuvo lugar en el Centro Cultural Universitario Rogelio Salmona","datePublished":"2019-06-11T22:49:39+00:00","mainEntityOfPage":{"@id":"https:\/\/www.ucaldas.edu.co\/portal\/nodo-de-economia-naranja-tuvo-lugar-en-el-centro-cultural-universitario-rogelio-salmona\/"},"wordCount":284,"publisher":{"@id":"https:\/\/www.ucaldas.edu.co\/portal\/#organization"},"image":{"@id":"https:\/\/www.ucaldas.edu.co\/portal\/nodo-de-economia-naranja-tuvo-lugar-en-el-centro-cultural-universitario-rogelio-salmona\/#primaryimage"},"thumbnailUrl":"https:\/\/www.ucaldas.edu.co\/portal\/wp-content\/uploads\/2019\/06\/econom\u00eda-naranja-compressor.png","keywords":["CCU","nodo","industrias creativas","econom\u00eda naranja"],"articleSection":["Actualidad","Universidad al D\u00eda"],"inLanguage":"es"},{"@type":"WebPage","@id":"https:\/\/www.ucaldas.edu.co\/portal\/nodo-de-economia-naranja-tuvo-lugar-en-el-centro-cultural-universitario-rogelio-salmona\/","url":"https:\/\/www.ucaldas.edu.co\/portal\/nodo-de-economia-naranja-tuvo-lugar-en-el-centro-cultural-universitario-rogelio-salmona\/","name":"Nodo de Econom\u00eda Naranja tuvo lugar en el Centro Cultural Universitario Rogelio Salmona .","isPartOf":{"@id":"https:\/\/www.ucaldas.edu.co\/portal\/#website"},"primaryImageOfPage":{"@id":"https:\/\/www.ucaldas.edu.co\/portal\/nodo-de-economia-naranja-tuvo-lugar-en-el-centro-cultural-universitario-rogelio-salmona\/#primaryimage"},"image":{"@id":"https:\/\/www.ucaldas.edu.co\/portal\/nodo-de-economia-naranja-tuvo-lugar-en-el-centro-cultural-universitario-rogelio-salmona\/#primaryimage"},"thumbnailUrl":"https:\/\/www.ucaldas.edu.co\/portal\/wp-content\/uploads\/2019\/06\/econom\u00eda-naranja-compressor.png","datePublished":"2019-06-11T22:49:39+00:00","breadcrumb":{"@id":"https:\/\/www.ucaldas.edu.co\/portal\/nodo-de-economia-naranja-tuvo-lugar-en-el-centro-cultural-universitario-rogelio-salmona\/#breadcrumb"},"inLanguage":"es","potentialAction":[{"@type":"ReadAction","target":["https:\/\/www.ucaldas.edu.co\/portal\/nodo-de-economia-naranja-tuvo-lugar-en-el-centro-cultural-universitario-rogelio-salmona\/"]}]},{"@type":"ImageObject","inLanguage":"es","@id":"https:\/\/www.ucaldas.edu.co\/portal\/nodo-de-economia-naranja-tuvo-lugar-en-el-centro-cultural-universitario-rogelio-salmona\/#primaryimage","url":"https:\/\/www.ucaldas.edu.co\/portal\/wp-content\/uploads\/2019\/06\/econom\u00eda-naranja-compressor.png","contentUrl":"https:\/\/www.ucaldas.edu.co\/portal\/wp-content\/uploads\/2019\/06\/econom\u00eda-naranja-compressor.png","width":700,"height":400},{"@type":"BreadcrumbList","@id":"https:\/\/www.ucaldas.edu.co\/portal\/nodo-de-economia-naranja-tuvo-lugar-en-el-centro-cultural-universitario-rogelio-salmona\/#breadcrumb","itemListElement":[{"@type":"ListItem","position":1,"name":"Portada","item":"https:\/\/www.ucaldas.edu.co\/portal\/"},{"@type":"ListItem","position":2,"name":"Nodo de Econom\u00eda Naranja tuvo lugar en el Centro Cultural Universitario Rogelio Salmona"}]},{"@type":"WebSite","@id":"https:\/\/www.ucaldas.edu.co\/portal\/#website","url":"https:\/\/www.ucaldas.edu.co\/portal\/","name":"Universidad de Caldas","description":"","publisher":{"@id":"https:\/\/www.ucaldas.edu.co\/portal\/#organization"},"alternateName":"U. de Caldas","potentialAction":[{"@type":"SearchAction","target":{"@type":"EntryPoint","urlTemplate":"https:\/\/www.ucaldas.edu.co\/portal\/?s={search_term_string}"},"query-input":{"@type":"PropertyValueSpecification","valueRequired":true,"valueName":"search_term_string"}}],"inLanguage":"es"},{"@type":"Organization","@id":"https:\/\/www.ucaldas.edu.co\/portal\/#organization","name":"Universidad de Caldas","alternateName":"U. de Caldas","url":"https:\/\/www.ucaldas.edu.co\/portal\/","logo":{"@type":"ImageObject","inLanguage":"es","@id":"https:\/\/www.ucaldas.edu.co\/portal\/#\/schema\/logo\/image\/","url":"https:\/\/www.ucaldas.edu.co\/portal\/wp-content\/uploads\/2023\/11\/Logo_horizontal_oscuroU-2023.png","contentUrl":"https:\/\/www.ucaldas.edu.co\/portal\/wp-content\/uploads\/2023\/11\/Logo_horizontal_oscuroU-2023.png","width":263,"height":101,"caption":"Universidad de Caldas"},"image":{"@id":"https:\/\/www.ucaldas.edu.co\/portal\/#\/schema\/logo\/image\/"},"sameAs":["https:\/\/www.facebook.com\/udecaldas","https:\/\/x.com\/udecaldas","https:\/\/www.youtube.com\/universidadcaldas","https:\/\/www.instagram.com\/udecaldas\/"]},{"@type":"Person","@id":"https:\/\/www.ucaldas.edu.co\/portal\/#\/schema\/person\/a1b482e23449158b4bc319926c074fdf","name":"ofiprensa","image":{"@type":"ImageObject","inLanguage":"es","@id":"https:\/\/www.ucaldas.edu.co\/portal\/wp-content\/litespeed\/avatar\/09ea5085e600095a7a811142c6944527.jpg?ver=1777497608","url":"https:\/\/www.ucaldas.edu.co\/portal\/wp-content\/litespeed\/avatar\/09ea5085e600095a7a811142c6944527.jpg?ver=1777497608","contentUrl":"https:\/\/www.ucaldas.edu.co\/portal\/wp-content\/litespeed\/avatar\/09ea5085e600095a7a811142c6944527.jpg?ver=1777497608","caption":"ofiprensa"},"url":"https:\/\/www.ucaldas.edu.co\/portal\/author\/ofiprensa\/"}]}},"_links":{"self":[{"href":"https:\/\/www.ucaldas.edu.co\/portal\/wp-json\/wp\/v2\/posts\/48923","targetHints":{"allow":["GET"]}}],"collection":[{"href":"https:\/\/www.ucaldas.edu.co\/portal\/wp-json\/wp\/v2\/posts"}],"about":[{"href":"https:\/\/www.ucaldas.edu.co\/portal\/wp-json\/wp\/v2\/types\/post"}],"author":[{"embeddable":true,"href":"https:\/\/www.ucaldas.edu.co\/portal\/wp-json\/wp\/v2\/users\/2"}],"replies":[{"embeddable":true,"href":"https:\/\/www.ucaldas.edu.co\/portal\/wp-json\/wp\/v2\/comments?post=48923"}],"version-history":[{"count":0,"href":"https:\/\/www.ucaldas.edu.co\/portal\/wp-json\/wp\/v2\/posts\/48923\/revisions"}],"wp:featuredmedia":[{"embeddable":true,"href":"https:\/\/www.ucaldas.edu.co\/portal\/wp-json\/wp\/v2\/media\/48911"}],"wp:attachment":[{"href":"https:\/\/www.ucaldas.edu.co\/portal\/wp-json\/wp\/v2\/media?parent=48923"}],"wp:term":[{"taxonomy":"category","embeddable":true,"href":"https:\/\/www.ucaldas.edu.co\/portal\/wp-json\/wp\/v2\/categories?post=48923"},{"taxonomy":"post_tag","embeddable":true,"href":"https:\/\/www.ucaldas.edu.co\/portal\/wp-json\/wp\/v2\/tags?post=48923"}],"curies":[{"name":"wp","href":"https:\/\/api.w.org\/{rel}","templated":true}]}}