{"id":48899,"date":"2019-06-10T22:26:38","date_gmt":"2019-06-10T22:26:38","guid":{"rendered":"https:\/\/www.ucaldas.edu.co\/portal\/?p=48899"},"modified":"2019-06-10T22:26:38","modified_gmt":"2019-06-10T22:26:38","slug":"inicia-el-festival-internacional-de-la-imagen-2019","status":"publish","type":"post","link":"https:\/\/www.ucaldas.edu.co\/portal\/inicia-el-festival-internacional-de-la-imagen-2019\/","title":{"rendered":"Inicia el Festival Internacional de la Imagen 2019"},"content":{"rendered":"<p style=\"text-align: center;\">HUMANISMO DIGITAL<\/p>\n<p style=\"text-align: center;\"><strong>Inicia el Festival Internacional de la Imagen 2019<\/strong><\/p>\n<p style=\"text-align: right;\">10\/06\/2019<\/p>\n<p><img loading=\"lazy\" decoding=\"async\" class=\"aligncenter wp-image-45454 size-full\" src=\"https:\/\/www.ucaldas.edu.co\/portal\/wp-content\/uploads\/2019\/01\/fest-imagen-compressor.jpg\" alt=\"\" width=\"700\" height=\"400\" srcset=\"https:\/\/www.ucaldas.edu.co\/portal\/wp-content\/uploads\/2019\/01\/fest-imagen-compressor.jpg 700w, https:\/\/www.ucaldas.edu.co\/portal\/wp-content\/uploads\/2019\/01\/fest-imagen-compressor-300x171.jpg 300w\" sizes=\"auto, (max-width: 700px) 100vw, 700px\" \/>Este lunes a partir de las 7:00 \u00a0pm en el Teatro Los Fundadores, se llevar\u00e1 a cabo la inauguraci\u00f3n de la D\u00e9cimo Octava versi\u00f3n del Festival Internacional de la Imagen, que para esta oportunidad tendr\u00e1 como tema central el Humanismo Digital, una invitaci\u00f3n a reflexionar sobre un entorno digital din\u00e1mico y la naturaleza humana que le es inherente.<\/p>\n<p><!--more--><\/p>\n<p>&nbsp;<\/p>\n<p>El acto inaugural contar\u00e1 con un show realizado por el canadiense, Alexis Langevin-T\u00e9trault, compositor y artista sonoro. Su obra titulada In-terf\u00e9rence (String Network), es una performance audiovisual que explora las posibilidades de realizaci\u00f3n de un trabajo electroac\u00fastico en tiempo real a trav\u00e9s de la interacci\u00f3n gestual con un dispositivo \u00fanico.<\/p>\n<p>&nbsp;<\/p>\n<p>Este espect\u00e1culo se define como un universo sonoro entre el ruido industrial, la electr\u00f3nica y la m\u00fasica ac\u00fastica. A trav\u00e9s de la puesta en escena de la corporalidad y la relaci\u00f3n dial\u00e9ctica entre lo humano y la m\u00e1quina, In-terf\u00e9rence (String Network) presenta una alegor\u00eda del mundo moderno globalizado e interconectado.<\/p>\n<p>&nbsp;<\/p>\n<p>Ma\u00f1ana 11 de junio, se realizar\u00e1 un circuito art\u00edstico que comienza en la Facultad de Bellas Artes con la exposici\u00f3n \u201cTweens\u201d del artista italiano Mattia Casalegno, posteriormente contin\u00faa en el Centro Cultural Banco de la Rep\u00fablica con la exposici\u00f3n de las Obras de Manuel De Landa. El recorrido contin\u00faa en el Centro de Museos con la residente del Parque Explora, quien expone Fragmentos de Lumen, una instalaci\u00f3n visual interactiva donde la reflexi\u00f3n de la luz y el movimiento son instrumentos para comunicar.<\/p>\n<p>&nbsp;<\/p>\n<p>En la noche, a partir de las 7:00 \u00a0pm en la Alianza Francesa contin\u00faa el circuito con la obra \u201cPartitura Arquitect\u00f3nica\u201d y la exposici\u00f3n del Sal\u00f3n de Estudiantes en el Centro Colombo Americano. El recorrido finaliza en el Centro Cultural Universitario Rogelio Salmona, donde se expone la categor\u00eda de Cine Digital, Mediart y otras exhibiciones.<\/p>\n<p>&nbsp;<\/p>\n<p><strong>Para tener en cuenta<\/strong><\/p>\n<p>&nbsp;<\/p>\n<p>El Festival Internacional de la Imagen y el Grupo de Emprendimiento Cultural del Ministerio de Cultura, con el fin de aportar al fortalecimiento del ecosistema de la Econom\u00eda Creativa del pa\u00eds, se unen para la realizaci\u00f3n Cuarto Mercado de Dise\u00f1o, Arte Electr\u00f3nico y Tecnolog\u00eda, que se presentar\u00e1 los d\u00edas 13 y 14 de junio. Un espacio de encuentro intersectorial para la generaci\u00f3n de oportunidades e intercambios.<\/p>\n<p><strong>Informes: <\/strong>Oficina de Comunicaciones y Prensa Universidad de Caldas. Tel\u00e9fono: 8781500 Extensi\u00f3n: 12167<\/p>\n<p><strong>Redacci\u00f3n: <\/strong>Mateo Buritic\u00e1 Giraldo<\/p>\n<p>&nbsp;<\/p>\n","protected":false},"excerpt":{"rendered":"<p>HUMANISMO DIGITAL Inicia el Festival Internacional de la Imagen 2019 10\/06\/2019 Este lunes a partir de las 7:00 \u00a0pm en el Teatro Los Fundadores, se llevar\u00e1 a cabo la inauguraci\u00f3n de la D\u00e9cimo Octava versi\u00f3n del Festival Internacional de la Imagen, que para esta oportunidad tendr\u00e1 como tema central el Humanismo Digital, una invitaci\u00f3n a [&hellip;]<\/p>\n","protected":false},"author":2,"featured_media":45454,"comment_status":"closed","ping_status":"open","sticky":false,"template":"","format":"standard","meta":{"footnotes":""},"categories":[48,53],"tags":[131,718,4047,4048],"class_list":["post-48899","post","type-post","status-publish","format-standard","has-post-thumbnail","hentry","category-actualidad","category-universidad-al-dia","tag-humanismo","tag-musica","tag-festival-internacional-imagen","tag-inauguracion-arte"],"yoast_head":"<!-- This site is optimized with the Yoast SEO plugin v27.5 - https:\/\/yoast.com\/product\/yoast-seo-wordpress\/ -->\n<title>Inicia el Festival Internacional de la Imagen 2019 .<\/title>\n<meta name=\"robots\" content=\"index, follow, max-snippet:-1, max-image-preview:large, max-video-preview:-1\" \/>\n<link rel=\"canonical\" href=\"https:\/\/www.ucaldas.edu.co\/portal\/inicia-el-festival-internacional-de-la-imagen-2019\/\" \/>\n<script type=\"application\/ld+json\" class=\"yoast-schema-graph\">{\"@context\":\"https:\\\/\\\/schema.org\",\"@graph\":[{\"@type\":\"Article\",\"@id\":\"https:\\\/\\\/www.ucaldas.edu.co\\\/portal\\\/inicia-el-festival-internacional-de-la-imagen-2019\\\/#article\",\"isPartOf\":{\"@id\":\"https:\\\/\\\/www.ucaldas.edu.co\\\/portal\\\/inicia-el-festival-internacional-de-la-imagen-2019\\\/\"},\"author\":{\"name\":\"ofiprensa\",\"@id\":\"https:\\\/\\\/www.ucaldas.edu.co\\\/portal\\\/#\\\/schema\\\/person\\\/a1b482e23449158b4bc319926c074fdf\"},\"headline\":\"Inicia el Festival Internacional de la Imagen 2019\",\"datePublished\":\"2019-06-10T22:26:38+00:00\",\"mainEntityOfPage\":{\"@id\":\"https:\\\/\\\/www.ucaldas.edu.co\\\/portal\\\/inicia-el-festival-internacional-de-la-imagen-2019\\\/\"},\"wordCount\":444,\"publisher\":{\"@id\":\"https:\\\/\\\/www.ucaldas.edu.co\\\/portal\\\/#organization\"},\"image\":{\"@id\":\"https:\\\/\\\/www.ucaldas.edu.co\\\/portal\\\/inicia-el-festival-internacional-de-la-imagen-2019\\\/#primaryimage\"},\"thumbnailUrl\":\"https:\\\/\\\/www.ucaldas.edu.co\\\/portal\\\/wp-content\\\/uploads\\\/2019\\\/01\\\/fest-imagen-compressor.jpg\",\"keywords\":[\"humanismo\",\"m\u00fasica\",\"festival internacional imagen\",\"inauguraci\u00f3n arte\"],\"articleSection\":[\"Actualidad\",\"Universidad al D\u00eda\"],\"inLanguage\":\"es\"},{\"@type\":\"WebPage\",\"@id\":\"https:\\\/\\\/www.ucaldas.edu.co\\\/portal\\\/inicia-el-festival-internacional-de-la-imagen-2019\\\/\",\"url\":\"https:\\\/\\\/www.ucaldas.edu.co\\\/portal\\\/inicia-el-festival-internacional-de-la-imagen-2019\\\/\",\"name\":\"Inicia el Festival Internacional de la Imagen 2019 .\",\"isPartOf\":{\"@id\":\"https:\\\/\\\/www.ucaldas.edu.co\\\/portal\\\/#website\"},\"primaryImageOfPage\":{\"@id\":\"https:\\\/\\\/www.ucaldas.edu.co\\\/portal\\\/inicia-el-festival-internacional-de-la-imagen-2019\\\/#primaryimage\"},\"image\":{\"@id\":\"https:\\\/\\\/www.ucaldas.edu.co\\\/portal\\\/inicia-el-festival-internacional-de-la-imagen-2019\\\/#primaryimage\"},\"thumbnailUrl\":\"https:\\\/\\\/www.ucaldas.edu.co\\\/portal\\\/wp-content\\\/uploads\\\/2019\\\/01\\\/fest-imagen-compressor.jpg\",\"datePublished\":\"2019-06-10T22:26:38+00:00\",\"breadcrumb\":{\"@id\":\"https:\\\/\\\/www.ucaldas.edu.co\\\/portal\\\/inicia-el-festival-internacional-de-la-imagen-2019\\\/#breadcrumb\"},\"inLanguage\":\"es\",\"potentialAction\":[{\"@type\":\"ReadAction\",\"target\":[\"https:\\\/\\\/www.ucaldas.edu.co\\\/portal\\\/inicia-el-festival-internacional-de-la-imagen-2019\\\/\"]}]},{\"@type\":\"ImageObject\",\"inLanguage\":\"es\",\"@id\":\"https:\\\/\\\/www.ucaldas.edu.co\\\/portal\\\/inicia-el-festival-internacional-de-la-imagen-2019\\\/#primaryimage\",\"url\":\"https:\\\/\\\/www.ucaldas.edu.co\\\/portal\\\/wp-content\\\/uploads\\\/2019\\\/01\\\/fest-imagen-compressor.jpg\",\"contentUrl\":\"https:\\\/\\\/www.ucaldas.edu.co\\\/portal\\\/wp-content\\\/uploads\\\/2019\\\/01\\\/fest-imagen-compressor.jpg\",\"width\":700,\"height\":400},{\"@type\":\"BreadcrumbList\",\"@id\":\"https:\\\/\\\/www.ucaldas.edu.co\\\/portal\\\/inicia-el-festival-internacional-de-la-imagen-2019\\\/#breadcrumb\",\"itemListElement\":[{\"@type\":\"ListItem\",\"position\":1,\"name\":\"Portada\",\"item\":\"https:\\\/\\\/www.ucaldas.edu.co\\\/portal\\\/\"},{\"@type\":\"ListItem\",\"position\":2,\"name\":\"Inicia el Festival Internacional de la Imagen 2019\"}]},{\"@type\":\"WebSite\",\"@id\":\"https:\\\/\\\/www.ucaldas.edu.co\\\/portal\\\/#website\",\"url\":\"https:\\\/\\\/www.ucaldas.edu.co\\\/portal\\\/\",\"name\":\"Universidad de Caldas\",\"description\":\"\",\"publisher\":{\"@id\":\"https:\\\/\\\/www.ucaldas.edu.co\\\/portal\\\/#organization\"},\"alternateName\":\"U. de Caldas\",\"potentialAction\":[{\"@type\":\"SearchAction\",\"target\":{\"@type\":\"EntryPoint\",\"urlTemplate\":\"https:\\\/\\\/www.ucaldas.edu.co\\\/portal\\\/?s={search_term_string}\"},\"query-input\":{\"@type\":\"PropertyValueSpecification\",\"valueRequired\":true,\"valueName\":\"search_term_string\"}}],\"inLanguage\":\"es\"},{\"@type\":\"Organization\",\"@id\":\"https:\\\/\\\/www.ucaldas.edu.co\\\/portal\\\/#organization\",\"name\":\"Universidad de Caldas\",\"alternateName\":\"U. de Caldas\",\"url\":\"https:\\\/\\\/www.ucaldas.edu.co\\\/portal\\\/\",\"logo\":{\"@type\":\"ImageObject\",\"inLanguage\":\"es\",\"@id\":\"https:\\\/\\\/www.ucaldas.edu.co\\\/portal\\\/#\\\/schema\\\/logo\\\/image\\\/\",\"url\":\"https:\\\/\\\/www.ucaldas.edu.co\\\/portal\\\/wp-content\\\/uploads\\\/2023\\\/11\\\/Logo_horizontal_oscuroU-2023.png\",\"contentUrl\":\"https:\\\/\\\/www.ucaldas.edu.co\\\/portal\\\/wp-content\\\/uploads\\\/2023\\\/11\\\/Logo_horizontal_oscuroU-2023.png\",\"width\":263,\"height\":101,\"caption\":\"Universidad de Caldas\"},\"image\":{\"@id\":\"https:\\\/\\\/www.ucaldas.edu.co\\\/portal\\\/#\\\/schema\\\/logo\\\/image\\\/\"},\"sameAs\":[\"https:\\\/\\\/www.facebook.com\\\/udecaldas\",\"https:\\\/\\\/x.com\\\/udecaldas\",\"https:\\\/\\\/www.youtube.com\\\/universidadcaldas\",\"https:\\\/\\\/www.instagram.com\\\/udecaldas\\\/\"]},{\"@type\":\"Person\",\"@id\":\"https:\\\/\\\/www.ucaldas.edu.co\\\/portal\\\/#\\\/schema\\\/person\\\/a1b482e23449158b4bc319926c074fdf\",\"name\":\"ofiprensa\",\"image\":{\"@type\":\"ImageObject\",\"inLanguage\":\"es\",\"@id\":\"https:\\\/\\\/www.ucaldas.edu.co\\\/portal\\\/wp-content\\\/litespeed\\\/avatar\\\/09ea5085e600095a7a811142c6944527.jpg?ver=1776892805\",\"url\":\"https:\\\/\\\/www.ucaldas.edu.co\\\/portal\\\/wp-content\\\/litespeed\\\/avatar\\\/09ea5085e600095a7a811142c6944527.jpg?ver=1776892805\",\"contentUrl\":\"https:\\\/\\\/www.ucaldas.edu.co\\\/portal\\\/wp-content\\\/litespeed\\\/avatar\\\/09ea5085e600095a7a811142c6944527.jpg?ver=1776892805\",\"caption\":\"ofiprensa\"},\"url\":\"https:\\\/\\\/www.ucaldas.edu.co\\\/portal\\\/author\\\/ofiprensa\\\/\"}]}<\/script>\n<!-- \/ Yoast SEO plugin. -->","yoast_head_json":{"title":"Inicia el Festival Internacional de la Imagen 2019 .","robots":{"index":"index","follow":"follow","max-snippet":"max-snippet:-1","max-image-preview":"max-image-preview:large","max-video-preview":"max-video-preview:-1"},"canonical":"https:\/\/www.ucaldas.edu.co\/portal\/inicia-el-festival-internacional-de-la-imagen-2019\/","schema":{"@context":"https:\/\/schema.org","@graph":[{"@type":"Article","@id":"https:\/\/www.ucaldas.edu.co\/portal\/inicia-el-festival-internacional-de-la-imagen-2019\/#article","isPartOf":{"@id":"https:\/\/www.ucaldas.edu.co\/portal\/inicia-el-festival-internacional-de-la-imagen-2019\/"},"author":{"name":"ofiprensa","@id":"https:\/\/www.ucaldas.edu.co\/portal\/#\/schema\/person\/a1b482e23449158b4bc319926c074fdf"},"headline":"Inicia el Festival Internacional de la Imagen 2019","datePublished":"2019-06-10T22:26:38+00:00","mainEntityOfPage":{"@id":"https:\/\/www.ucaldas.edu.co\/portal\/inicia-el-festival-internacional-de-la-imagen-2019\/"},"wordCount":444,"publisher":{"@id":"https:\/\/www.ucaldas.edu.co\/portal\/#organization"},"image":{"@id":"https:\/\/www.ucaldas.edu.co\/portal\/inicia-el-festival-internacional-de-la-imagen-2019\/#primaryimage"},"thumbnailUrl":"https:\/\/www.ucaldas.edu.co\/portal\/wp-content\/uploads\/2019\/01\/fest-imagen-compressor.jpg","keywords":["humanismo","m\u00fasica","festival internacional imagen","inauguraci\u00f3n arte"],"articleSection":["Actualidad","Universidad al D\u00eda"],"inLanguage":"es"},{"@type":"WebPage","@id":"https:\/\/www.ucaldas.edu.co\/portal\/inicia-el-festival-internacional-de-la-imagen-2019\/","url":"https:\/\/www.ucaldas.edu.co\/portal\/inicia-el-festival-internacional-de-la-imagen-2019\/","name":"Inicia el Festival Internacional de la Imagen 2019 .","isPartOf":{"@id":"https:\/\/www.ucaldas.edu.co\/portal\/#website"},"primaryImageOfPage":{"@id":"https:\/\/www.ucaldas.edu.co\/portal\/inicia-el-festival-internacional-de-la-imagen-2019\/#primaryimage"},"image":{"@id":"https:\/\/www.ucaldas.edu.co\/portal\/inicia-el-festival-internacional-de-la-imagen-2019\/#primaryimage"},"thumbnailUrl":"https:\/\/www.ucaldas.edu.co\/portal\/wp-content\/uploads\/2019\/01\/fest-imagen-compressor.jpg","datePublished":"2019-06-10T22:26:38+00:00","breadcrumb":{"@id":"https:\/\/www.ucaldas.edu.co\/portal\/inicia-el-festival-internacional-de-la-imagen-2019\/#breadcrumb"},"inLanguage":"es","potentialAction":[{"@type":"ReadAction","target":["https:\/\/www.ucaldas.edu.co\/portal\/inicia-el-festival-internacional-de-la-imagen-2019\/"]}]},{"@type":"ImageObject","inLanguage":"es","@id":"https:\/\/www.ucaldas.edu.co\/portal\/inicia-el-festival-internacional-de-la-imagen-2019\/#primaryimage","url":"https:\/\/www.ucaldas.edu.co\/portal\/wp-content\/uploads\/2019\/01\/fest-imagen-compressor.jpg","contentUrl":"https:\/\/www.ucaldas.edu.co\/portal\/wp-content\/uploads\/2019\/01\/fest-imagen-compressor.jpg","width":700,"height":400},{"@type":"BreadcrumbList","@id":"https:\/\/www.ucaldas.edu.co\/portal\/inicia-el-festival-internacional-de-la-imagen-2019\/#breadcrumb","itemListElement":[{"@type":"ListItem","position":1,"name":"Portada","item":"https:\/\/www.ucaldas.edu.co\/portal\/"},{"@type":"ListItem","position":2,"name":"Inicia el Festival Internacional de la Imagen 2019"}]},{"@type":"WebSite","@id":"https:\/\/www.ucaldas.edu.co\/portal\/#website","url":"https:\/\/www.ucaldas.edu.co\/portal\/","name":"Universidad de Caldas","description":"","publisher":{"@id":"https:\/\/www.ucaldas.edu.co\/portal\/#organization"},"alternateName":"U. de Caldas","potentialAction":[{"@type":"SearchAction","target":{"@type":"EntryPoint","urlTemplate":"https:\/\/www.ucaldas.edu.co\/portal\/?s={search_term_string}"},"query-input":{"@type":"PropertyValueSpecification","valueRequired":true,"valueName":"search_term_string"}}],"inLanguage":"es"},{"@type":"Organization","@id":"https:\/\/www.ucaldas.edu.co\/portal\/#organization","name":"Universidad de Caldas","alternateName":"U. de Caldas","url":"https:\/\/www.ucaldas.edu.co\/portal\/","logo":{"@type":"ImageObject","inLanguage":"es","@id":"https:\/\/www.ucaldas.edu.co\/portal\/#\/schema\/logo\/image\/","url":"https:\/\/www.ucaldas.edu.co\/portal\/wp-content\/uploads\/2023\/11\/Logo_horizontal_oscuroU-2023.png","contentUrl":"https:\/\/www.ucaldas.edu.co\/portal\/wp-content\/uploads\/2023\/11\/Logo_horizontal_oscuroU-2023.png","width":263,"height":101,"caption":"Universidad de Caldas"},"image":{"@id":"https:\/\/www.ucaldas.edu.co\/portal\/#\/schema\/logo\/image\/"},"sameAs":["https:\/\/www.facebook.com\/udecaldas","https:\/\/x.com\/udecaldas","https:\/\/www.youtube.com\/universidadcaldas","https:\/\/www.instagram.com\/udecaldas\/"]},{"@type":"Person","@id":"https:\/\/www.ucaldas.edu.co\/portal\/#\/schema\/person\/a1b482e23449158b4bc319926c074fdf","name":"ofiprensa","image":{"@type":"ImageObject","inLanguage":"es","@id":"https:\/\/www.ucaldas.edu.co\/portal\/wp-content\/litespeed\/avatar\/09ea5085e600095a7a811142c6944527.jpg?ver=1776892805","url":"https:\/\/www.ucaldas.edu.co\/portal\/wp-content\/litespeed\/avatar\/09ea5085e600095a7a811142c6944527.jpg?ver=1776892805","contentUrl":"https:\/\/www.ucaldas.edu.co\/portal\/wp-content\/litespeed\/avatar\/09ea5085e600095a7a811142c6944527.jpg?ver=1776892805","caption":"ofiprensa"},"url":"https:\/\/www.ucaldas.edu.co\/portal\/author\/ofiprensa\/"}]}},"_links":{"self":[{"href":"https:\/\/www.ucaldas.edu.co\/portal\/wp-json\/wp\/v2\/posts\/48899","targetHints":{"allow":["GET"]}}],"collection":[{"href":"https:\/\/www.ucaldas.edu.co\/portal\/wp-json\/wp\/v2\/posts"}],"about":[{"href":"https:\/\/www.ucaldas.edu.co\/portal\/wp-json\/wp\/v2\/types\/post"}],"author":[{"embeddable":true,"href":"https:\/\/www.ucaldas.edu.co\/portal\/wp-json\/wp\/v2\/users\/2"}],"replies":[{"embeddable":true,"href":"https:\/\/www.ucaldas.edu.co\/portal\/wp-json\/wp\/v2\/comments?post=48899"}],"version-history":[{"count":0,"href":"https:\/\/www.ucaldas.edu.co\/portal\/wp-json\/wp\/v2\/posts\/48899\/revisions"}],"wp:featuredmedia":[{"embeddable":true,"href":"https:\/\/www.ucaldas.edu.co\/portal\/wp-json\/wp\/v2\/media\/45454"}],"wp:attachment":[{"href":"https:\/\/www.ucaldas.edu.co\/portal\/wp-json\/wp\/v2\/media?parent=48899"}],"wp:term":[{"taxonomy":"category","embeddable":true,"href":"https:\/\/www.ucaldas.edu.co\/portal\/wp-json\/wp\/v2\/categories?post=48899"},{"taxonomy":"post_tag","embeddable":true,"href":"https:\/\/www.ucaldas.edu.co\/portal\/wp-json\/wp\/v2\/tags?post=48899"}],"curies":[{"name":"wp","href":"https:\/\/api.w.org\/{rel}","templated":true}]}}