{"id":48745,"date":"2019-05-31T22:04:46","date_gmt":"2019-05-31T22:04:46","guid":{"rendered":"https:\/\/www.ucaldas.edu.co\/portal\/?p=48745"},"modified":"2019-05-31T22:04:46","modified_gmt":"2019-05-31T22:04:46","slug":"la-u-de-caldas-presente-en-el-primer-seminario-internacional-de-democratizacion-familiar","status":"publish","type":"post","link":"https:\/\/www.ucaldas.edu.co\/portal\/la-u-de-caldas-presente-en-el-primer-seminario-internacional-de-democratizacion-familiar\/","title":{"rendered":"La U. de Caldas presente en el Primer Seminario Internacional de Democratizaci\u00f3n Familiar"},"content":{"rendered":"<p style=\"text-align: center;\">UNIVERSIDAD AUT\u00d3NOMA DE QUER\u00c9TARO, M\u00c9XICO<\/p>\n<p style=\"text-align: center;\"><strong>La U. de Caldas presente en el Primer Seminario Internacional de Democratizaci\u00f3n Familiar<\/strong><\/p>\n<p style=\"text-align: right;\">31\/05\/2019<\/p>\n<p><img loading=\"lazy\" decoding=\"async\" class=\"aligncenter wp-image-48732 size-full\" src=\"https:\/\/www.ucaldas.edu.co\/portal\/wp-content\/uploads\/2019\/05\/mexico-compressor.png\" alt=\"\" width=\"700\" height=\"400\" srcset=\"https:\/\/www.ucaldas.edu.co\/portal\/wp-content\/uploads\/2019\/05\/mexico-compressor.png 700w, https:\/\/www.ucaldas.edu.co\/portal\/wp-content\/uploads\/2019\/05\/mexico-compressor-300x171.png 300w\" sizes=\"auto, (max-width: 700px) 100vw, 700px\" \/>Docentes el programa de Desarrollo Familiar de la Universidad de Caldas, asisten al Primer Seminario Internacional de Democratizaci\u00f3n Familiar en la Universidad Aut\u00f3noma de Quer\u00e9taro, M\u00e9xico. Este evento est\u00e1 articulado al convenio suscrito alrededor del Diplomado de Convivencias Democr\u00e1ticas de la instituci\u00f3n.<\/p>\n<p><!--more--><\/p>\n<p>Zoraida C\u00e1rdenas Ramos, Directora del programa de Desarrollo familiar, en compa\u00f1\u00eda de la Dra. Beatriz Schmukler y la Dra. Ruth Sosa, presentaron una reflexi\u00f3n cr\u00edtica sobre el concepto y la pr\u00e1ctica educativa de la democratizaci\u00f3n familiar durante el seminario.<\/p>\n<p>&nbsp;<\/p>\n<p>Este evento busca capacitar en temas relacionados con la democratizaci\u00f3n familiar, promoviendo la intervenci\u00f3n temprana de hombres y mujeres que son v\u00edctimas de abusos, buscando soluciones para la detecci\u00f3n temprana de estas problem\u00e1ticas.<\/p>\n<p>&nbsp;<\/p>\n<p><strong>Informes: <\/strong>Oficina de Comunicaciones y Prensa Universidad de Caldas. Tel\u00e9fono: 8781500 Extensi\u00f3n: 12167<\/p>\n<p><strong>Redacci\u00f3n: <\/strong>Mateo Buritic\u00e1 Giraldo<\/p>\n<p>&nbsp;<\/p>\n","protected":false},"excerpt":{"rendered":"<p>UNIVERSIDAD AUT\u00d3NOMA DE QUER\u00c9TARO, M\u00c9XICO La U. de Caldas presente en el Primer Seminario Internacional de Democratizaci\u00f3n Familiar 31\/05\/2019 Docentes el programa de Desarrollo Familiar de la Universidad de Caldas, asisten al Primer Seminario Internacional de Democratizaci\u00f3n Familiar en la Universidad Aut\u00f3noma de Quer\u00e9taro, M\u00e9xico. Este evento est\u00e1 articulado al convenio suscrito alrededor del Diplomado [&hellip;]<\/p>\n","protected":false},"author":2,"featured_media":48732,"comment_status":"closed","ping_status":"open","sticky":false,"template":"","format":"standard","meta":{"footnotes":""},"categories":[48,53],"tags":[138,937,4001,4002],"class_list":["post-48745","post","type-post","status-publish","format-standard","has-post-thumbnail","hentry","category-actualidad","category-universidad-al-dia","tag-mexico","tag-desarrollo-familiar","tag-democratizacion-familiar","tag-universidad-autonoma-de-queretaro"],"yoast_head":"<!-- This site is optimized with the Yoast SEO plugin v27.5 - https:\/\/yoast.com\/product\/yoast-seo-wordpress\/ -->\n<title>La U. de Caldas presente en el Primer Seminario Internacional de Democratizaci\u00f3n Familiar .<\/title>\n<meta name=\"robots\" content=\"index, follow, max-snippet:-1, max-image-preview:large, max-video-preview:-1\" \/>\n<link rel=\"canonical\" href=\"https:\/\/www.ucaldas.edu.co\/portal\/la-u-de-caldas-presente-en-el-primer-seminario-internacional-de-democratizacion-familiar\/\" \/>\n<script type=\"application\/ld+json\" class=\"yoast-schema-graph\">{\"@context\":\"https:\\\/\\\/schema.org\",\"@graph\":[{\"@type\":\"Article\",\"@id\":\"https:\\\/\\\/www.ucaldas.edu.co\\\/portal\\\/la-u-de-caldas-presente-en-el-primer-seminario-internacional-de-democratizacion-familiar\\\/#article\",\"isPartOf\":{\"@id\":\"https:\\\/\\\/www.ucaldas.edu.co\\\/portal\\\/la-u-de-caldas-presente-en-el-primer-seminario-internacional-de-democratizacion-familiar\\\/\"},\"author\":{\"name\":\"ofiprensa\",\"@id\":\"https:\\\/\\\/www.ucaldas.edu.co\\\/portal\\\/#\\\/schema\\\/person\\\/a1b482e23449158b4bc319926c074fdf\"},\"headline\":\"La U. de Caldas presente en el Primer Seminario Internacional de Democratizaci\u00f3n Familiar\",\"datePublished\":\"2019-05-31T22:04:46+00:00\",\"mainEntityOfPage\":{\"@id\":\"https:\\\/\\\/www.ucaldas.edu.co\\\/portal\\\/la-u-de-caldas-presente-en-el-primer-seminario-internacional-de-democratizacion-familiar\\\/\"},\"wordCount\":188,\"publisher\":{\"@id\":\"https:\\\/\\\/www.ucaldas.edu.co\\\/portal\\\/#organization\"},\"image\":{\"@id\":\"https:\\\/\\\/www.ucaldas.edu.co\\\/portal\\\/la-u-de-caldas-presente-en-el-primer-seminario-internacional-de-democratizacion-familiar\\\/#primaryimage\"},\"thumbnailUrl\":\"https:\\\/\\\/www.ucaldas.edu.co\\\/portal\\\/wp-content\\\/uploads\\\/2019\\\/05\\\/mexico-compressor.png\",\"keywords\":[\"M\u00e9xico\",\"Desarrollo Familiar\",\"democratizaci\u00f3n familiar\",\"universidad aut\u00f3noma de quer\u00e9taro\"],\"articleSection\":[\"Actualidad\",\"Universidad al D\u00eda\"],\"inLanguage\":\"es\"},{\"@type\":\"WebPage\",\"@id\":\"https:\\\/\\\/www.ucaldas.edu.co\\\/portal\\\/la-u-de-caldas-presente-en-el-primer-seminario-internacional-de-democratizacion-familiar\\\/\",\"url\":\"https:\\\/\\\/www.ucaldas.edu.co\\\/portal\\\/la-u-de-caldas-presente-en-el-primer-seminario-internacional-de-democratizacion-familiar\\\/\",\"name\":\"La U. de Caldas presente en el Primer Seminario Internacional de Democratizaci\u00f3n Familiar .\",\"isPartOf\":{\"@id\":\"https:\\\/\\\/www.ucaldas.edu.co\\\/portal\\\/#website\"},\"primaryImageOfPage\":{\"@id\":\"https:\\\/\\\/www.ucaldas.edu.co\\\/portal\\\/la-u-de-caldas-presente-en-el-primer-seminario-internacional-de-democratizacion-familiar\\\/#primaryimage\"},\"image\":{\"@id\":\"https:\\\/\\\/www.ucaldas.edu.co\\\/portal\\\/la-u-de-caldas-presente-en-el-primer-seminario-internacional-de-democratizacion-familiar\\\/#primaryimage\"},\"thumbnailUrl\":\"https:\\\/\\\/www.ucaldas.edu.co\\\/portal\\\/wp-content\\\/uploads\\\/2019\\\/05\\\/mexico-compressor.png\",\"datePublished\":\"2019-05-31T22:04:46+00:00\",\"breadcrumb\":{\"@id\":\"https:\\\/\\\/www.ucaldas.edu.co\\\/portal\\\/la-u-de-caldas-presente-en-el-primer-seminario-internacional-de-democratizacion-familiar\\\/#breadcrumb\"},\"inLanguage\":\"es\",\"potentialAction\":[{\"@type\":\"ReadAction\",\"target\":[\"https:\\\/\\\/www.ucaldas.edu.co\\\/portal\\\/la-u-de-caldas-presente-en-el-primer-seminario-internacional-de-democratizacion-familiar\\\/\"]}]},{\"@type\":\"ImageObject\",\"inLanguage\":\"es\",\"@id\":\"https:\\\/\\\/www.ucaldas.edu.co\\\/portal\\\/la-u-de-caldas-presente-en-el-primer-seminario-internacional-de-democratizacion-familiar\\\/#primaryimage\",\"url\":\"https:\\\/\\\/www.ucaldas.edu.co\\\/portal\\\/wp-content\\\/uploads\\\/2019\\\/05\\\/mexico-compressor.png\",\"contentUrl\":\"https:\\\/\\\/www.ucaldas.edu.co\\\/portal\\\/wp-content\\\/uploads\\\/2019\\\/05\\\/mexico-compressor.png\",\"width\":700,\"height\":400},{\"@type\":\"BreadcrumbList\",\"@id\":\"https:\\\/\\\/www.ucaldas.edu.co\\\/portal\\\/la-u-de-caldas-presente-en-el-primer-seminario-internacional-de-democratizacion-familiar\\\/#breadcrumb\",\"itemListElement\":[{\"@type\":\"ListItem\",\"position\":1,\"name\":\"Portada\",\"item\":\"https:\\\/\\\/www.ucaldas.edu.co\\\/portal\\\/\"},{\"@type\":\"ListItem\",\"position\":2,\"name\":\"La U. de Caldas presente en el Primer Seminario Internacional de Democratizaci\u00f3n Familiar\"}]},{\"@type\":\"WebSite\",\"@id\":\"https:\\\/\\\/www.ucaldas.edu.co\\\/portal\\\/#website\",\"url\":\"https:\\\/\\\/www.ucaldas.edu.co\\\/portal\\\/\",\"name\":\"Universidad de Caldas\",\"description\":\"\",\"publisher\":{\"@id\":\"https:\\\/\\\/www.ucaldas.edu.co\\\/portal\\\/#organization\"},\"alternateName\":\"U. de Caldas\",\"potentialAction\":[{\"@type\":\"SearchAction\",\"target\":{\"@type\":\"EntryPoint\",\"urlTemplate\":\"https:\\\/\\\/www.ucaldas.edu.co\\\/portal\\\/?s={search_term_string}\"},\"query-input\":{\"@type\":\"PropertyValueSpecification\",\"valueRequired\":true,\"valueName\":\"search_term_string\"}}],\"inLanguage\":\"es\"},{\"@type\":\"Organization\",\"@id\":\"https:\\\/\\\/www.ucaldas.edu.co\\\/portal\\\/#organization\",\"name\":\"Universidad de Caldas\",\"alternateName\":\"U. de Caldas\",\"url\":\"https:\\\/\\\/www.ucaldas.edu.co\\\/portal\\\/\",\"logo\":{\"@type\":\"ImageObject\",\"inLanguage\":\"es\",\"@id\":\"https:\\\/\\\/www.ucaldas.edu.co\\\/portal\\\/#\\\/schema\\\/logo\\\/image\\\/\",\"url\":\"https:\\\/\\\/www.ucaldas.edu.co\\\/portal\\\/wp-content\\\/uploads\\\/2023\\\/11\\\/Logo_horizontal_oscuroU-2023.png\",\"contentUrl\":\"https:\\\/\\\/www.ucaldas.edu.co\\\/portal\\\/wp-content\\\/uploads\\\/2023\\\/11\\\/Logo_horizontal_oscuroU-2023.png\",\"width\":263,\"height\":101,\"caption\":\"Universidad de Caldas\"},\"image\":{\"@id\":\"https:\\\/\\\/www.ucaldas.edu.co\\\/portal\\\/#\\\/schema\\\/logo\\\/image\\\/\"},\"sameAs\":[\"https:\\\/\\\/www.facebook.com\\\/udecaldas\",\"https:\\\/\\\/x.com\\\/udecaldas\",\"https:\\\/\\\/www.youtube.com\\\/universidadcaldas\",\"https:\\\/\\\/www.instagram.com\\\/udecaldas\\\/\"]},{\"@type\":\"Person\",\"@id\":\"https:\\\/\\\/www.ucaldas.edu.co\\\/portal\\\/#\\\/schema\\\/person\\\/a1b482e23449158b4bc319926c074fdf\",\"name\":\"ofiprensa\",\"image\":{\"@type\":\"ImageObject\",\"inLanguage\":\"es\",\"@id\":\"https:\\\/\\\/www.ucaldas.edu.co\\\/portal\\\/wp-content\\\/litespeed\\\/avatar\\\/09ea5085e600095a7a811142c6944527.jpg?ver=1777497608\",\"url\":\"https:\\\/\\\/www.ucaldas.edu.co\\\/portal\\\/wp-content\\\/litespeed\\\/avatar\\\/09ea5085e600095a7a811142c6944527.jpg?ver=1777497608\",\"contentUrl\":\"https:\\\/\\\/www.ucaldas.edu.co\\\/portal\\\/wp-content\\\/litespeed\\\/avatar\\\/09ea5085e600095a7a811142c6944527.jpg?ver=1777497608\",\"caption\":\"ofiprensa\"},\"url\":\"https:\\\/\\\/www.ucaldas.edu.co\\\/portal\\\/author\\\/ofiprensa\\\/\"}]}<\/script>\n<!-- \/ Yoast SEO plugin. -->","yoast_head_json":{"title":"La U. de Caldas presente en el Primer Seminario Internacional de Democratizaci\u00f3n Familiar .","robots":{"index":"index","follow":"follow","max-snippet":"max-snippet:-1","max-image-preview":"max-image-preview:large","max-video-preview":"max-video-preview:-1"},"canonical":"https:\/\/www.ucaldas.edu.co\/portal\/la-u-de-caldas-presente-en-el-primer-seminario-internacional-de-democratizacion-familiar\/","schema":{"@context":"https:\/\/schema.org","@graph":[{"@type":"Article","@id":"https:\/\/www.ucaldas.edu.co\/portal\/la-u-de-caldas-presente-en-el-primer-seminario-internacional-de-democratizacion-familiar\/#article","isPartOf":{"@id":"https:\/\/www.ucaldas.edu.co\/portal\/la-u-de-caldas-presente-en-el-primer-seminario-internacional-de-democratizacion-familiar\/"},"author":{"name":"ofiprensa","@id":"https:\/\/www.ucaldas.edu.co\/portal\/#\/schema\/person\/a1b482e23449158b4bc319926c074fdf"},"headline":"La U. de Caldas presente en el Primer Seminario Internacional de Democratizaci\u00f3n Familiar","datePublished":"2019-05-31T22:04:46+00:00","mainEntityOfPage":{"@id":"https:\/\/www.ucaldas.edu.co\/portal\/la-u-de-caldas-presente-en-el-primer-seminario-internacional-de-democratizacion-familiar\/"},"wordCount":188,"publisher":{"@id":"https:\/\/www.ucaldas.edu.co\/portal\/#organization"},"image":{"@id":"https:\/\/www.ucaldas.edu.co\/portal\/la-u-de-caldas-presente-en-el-primer-seminario-internacional-de-democratizacion-familiar\/#primaryimage"},"thumbnailUrl":"https:\/\/www.ucaldas.edu.co\/portal\/wp-content\/uploads\/2019\/05\/mexico-compressor.png","keywords":["M\u00e9xico","Desarrollo Familiar","democratizaci\u00f3n familiar","universidad aut\u00f3noma de quer\u00e9taro"],"articleSection":["Actualidad","Universidad al D\u00eda"],"inLanguage":"es"},{"@type":"WebPage","@id":"https:\/\/www.ucaldas.edu.co\/portal\/la-u-de-caldas-presente-en-el-primer-seminario-internacional-de-democratizacion-familiar\/","url":"https:\/\/www.ucaldas.edu.co\/portal\/la-u-de-caldas-presente-en-el-primer-seminario-internacional-de-democratizacion-familiar\/","name":"La U. de Caldas presente en el Primer Seminario Internacional de Democratizaci\u00f3n Familiar .","isPartOf":{"@id":"https:\/\/www.ucaldas.edu.co\/portal\/#website"},"primaryImageOfPage":{"@id":"https:\/\/www.ucaldas.edu.co\/portal\/la-u-de-caldas-presente-en-el-primer-seminario-internacional-de-democratizacion-familiar\/#primaryimage"},"image":{"@id":"https:\/\/www.ucaldas.edu.co\/portal\/la-u-de-caldas-presente-en-el-primer-seminario-internacional-de-democratizacion-familiar\/#primaryimage"},"thumbnailUrl":"https:\/\/www.ucaldas.edu.co\/portal\/wp-content\/uploads\/2019\/05\/mexico-compressor.png","datePublished":"2019-05-31T22:04:46+00:00","breadcrumb":{"@id":"https:\/\/www.ucaldas.edu.co\/portal\/la-u-de-caldas-presente-en-el-primer-seminario-internacional-de-democratizacion-familiar\/#breadcrumb"},"inLanguage":"es","potentialAction":[{"@type":"ReadAction","target":["https:\/\/www.ucaldas.edu.co\/portal\/la-u-de-caldas-presente-en-el-primer-seminario-internacional-de-democratizacion-familiar\/"]}]},{"@type":"ImageObject","inLanguage":"es","@id":"https:\/\/www.ucaldas.edu.co\/portal\/la-u-de-caldas-presente-en-el-primer-seminario-internacional-de-democratizacion-familiar\/#primaryimage","url":"https:\/\/www.ucaldas.edu.co\/portal\/wp-content\/uploads\/2019\/05\/mexico-compressor.png","contentUrl":"https:\/\/www.ucaldas.edu.co\/portal\/wp-content\/uploads\/2019\/05\/mexico-compressor.png","width":700,"height":400},{"@type":"BreadcrumbList","@id":"https:\/\/www.ucaldas.edu.co\/portal\/la-u-de-caldas-presente-en-el-primer-seminario-internacional-de-democratizacion-familiar\/#breadcrumb","itemListElement":[{"@type":"ListItem","position":1,"name":"Portada","item":"https:\/\/www.ucaldas.edu.co\/portal\/"},{"@type":"ListItem","position":2,"name":"La U. de Caldas presente en el Primer Seminario Internacional de Democratizaci\u00f3n Familiar"}]},{"@type":"WebSite","@id":"https:\/\/www.ucaldas.edu.co\/portal\/#website","url":"https:\/\/www.ucaldas.edu.co\/portal\/","name":"Universidad de Caldas","description":"","publisher":{"@id":"https:\/\/www.ucaldas.edu.co\/portal\/#organization"},"alternateName":"U. de Caldas","potentialAction":[{"@type":"SearchAction","target":{"@type":"EntryPoint","urlTemplate":"https:\/\/www.ucaldas.edu.co\/portal\/?s={search_term_string}"},"query-input":{"@type":"PropertyValueSpecification","valueRequired":true,"valueName":"search_term_string"}}],"inLanguage":"es"},{"@type":"Organization","@id":"https:\/\/www.ucaldas.edu.co\/portal\/#organization","name":"Universidad de Caldas","alternateName":"U. de Caldas","url":"https:\/\/www.ucaldas.edu.co\/portal\/","logo":{"@type":"ImageObject","inLanguage":"es","@id":"https:\/\/www.ucaldas.edu.co\/portal\/#\/schema\/logo\/image\/","url":"https:\/\/www.ucaldas.edu.co\/portal\/wp-content\/uploads\/2023\/11\/Logo_horizontal_oscuroU-2023.png","contentUrl":"https:\/\/www.ucaldas.edu.co\/portal\/wp-content\/uploads\/2023\/11\/Logo_horizontal_oscuroU-2023.png","width":263,"height":101,"caption":"Universidad de Caldas"},"image":{"@id":"https:\/\/www.ucaldas.edu.co\/portal\/#\/schema\/logo\/image\/"},"sameAs":["https:\/\/www.facebook.com\/udecaldas","https:\/\/x.com\/udecaldas","https:\/\/www.youtube.com\/universidadcaldas","https:\/\/www.instagram.com\/udecaldas\/"]},{"@type":"Person","@id":"https:\/\/www.ucaldas.edu.co\/portal\/#\/schema\/person\/a1b482e23449158b4bc319926c074fdf","name":"ofiprensa","image":{"@type":"ImageObject","inLanguage":"es","@id":"https:\/\/www.ucaldas.edu.co\/portal\/wp-content\/litespeed\/avatar\/09ea5085e600095a7a811142c6944527.jpg?ver=1777497608","url":"https:\/\/www.ucaldas.edu.co\/portal\/wp-content\/litespeed\/avatar\/09ea5085e600095a7a811142c6944527.jpg?ver=1777497608","contentUrl":"https:\/\/www.ucaldas.edu.co\/portal\/wp-content\/litespeed\/avatar\/09ea5085e600095a7a811142c6944527.jpg?ver=1777497608","caption":"ofiprensa"},"url":"https:\/\/www.ucaldas.edu.co\/portal\/author\/ofiprensa\/"}]}},"_links":{"self":[{"href":"https:\/\/www.ucaldas.edu.co\/portal\/wp-json\/wp\/v2\/posts\/48745","targetHints":{"allow":["GET"]}}],"collection":[{"href":"https:\/\/www.ucaldas.edu.co\/portal\/wp-json\/wp\/v2\/posts"}],"about":[{"href":"https:\/\/www.ucaldas.edu.co\/portal\/wp-json\/wp\/v2\/types\/post"}],"author":[{"embeddable":true,"href":"https:\/\/www.ucaldas.edu.co\/portal\/wp-json\/wp\/v2\/users\/2"}],"replies":[{"embeddable":true,"href":"https:\/\/www.ucaldas.edu.co\/portal\/wp-json\/wp\/v2\/comments?post=48745"}],"version-history":[{"count":0,"href":"https:\/\/www.ucaldas.edu.co\/portal\/wp-json\/wp\/v2\/posts\/48745\/revisions"}],"wp:featuredmedia":[{"embeddable":true,"href":"https:\/\/www.ucaldas.edu.co\/portal\/wp-json\/wp\/v2\/media\/48732"}],"wp:attachment":[{"href":"https:\/\/www.ucaldas.edu.co\/portal\/wp-json\/wp\/v2\/media?parent=48745"}],"wp:term":[{"taxonomy":"category","embeddable":true,"href":"https:\/\/www.ucaldas.edu.co\/portal\/wp-json\/wp\/v2\/categories?post=48745"},{"taxonomy":"post_tag","embeddable":true,"href":"https:\/\/www.ucaldas.edu.co\/portal\/wp-json\/wp\/v2\/tags?post=48745"}],"curies":[{"name":"wp","href":"https:\/\/api.w.org\/{rel}","templated":true}]}}