{"id":48702,"date":"2019-05-30T22:56:44","date_gmt":"2019-05-30T22:56:44","guid":{"rendered":"https:\/\/www.ucaldas.edu.co\/portal\/?p=48702"},"modified":"2019-05-30T22:56:44","modified_gmt":"2019-05-30T22:56:44","slug":"actualizacion-e-inscripcion-de-semilleros-de-investigacion-2019","status":"publish","type":"post","link":"https:\/\/www.ucaldas.edu.co\/portal\/actualizacion-e-inscripcion-de-semilleros-de-investigacion-2019\/","title":{"rendered":"Actualizaci\u00f3n e inscripci\u00f3n de Semilleros de Investigaci\u00f3n 2019"},"content":{"rendered":"<p style=\"text-align: center;\">Actualizaci\u00f3n e inscripci\u00f3n de Semilleros de Investigaci\u00f3n 2019<\/p>\n<p class=\"m_-8842517814559784605m_-8422637269666654551m_5009900823597407687gmail-m_5767796620650746866gmail-normal\"><img loading=\"lazy\" decoding=\"async\" class=\"size-medium wp-image-39941 aligncenter\" src=\"https:\/\/www.ucaldas.edu.co\/portal\/wp-content\/uploads\/2018\/03\/comuni-300x169.jpg\" alt=\"\" width=\"300\" height=\"169\" srcset=\"https:\/\/www.ucaldas.edu.co\/portal\/wp-content\/uploads\/2018\/03\/comuni-300x169.jpg 300w, https:\/\/www.ucaldas.edu.co\/portal\/wp-content\/uploads\/2018\/03\/comuni.jpg 450w\" sizes=\"auto, (max-width: 300px) 100vw, 300px\" \/><\/p>\n<p class=\"m_-8842517814559784605m_-8422637269666654551m_5009900823597407687gmail-m_5767796620650746866gmail-normal\">La Vicerrector\u00eda de Investigaciones y Posgrados de la Universidad de Caldas recuerda a la comunidad acad\u00e9mica que de acuerdo con los calendarios acad\u00e9micos institucionales y con el fin de garantizar la inscripci\u00f3n de la comunidad acad\u00e9mica para el semestre 2019-1, se otorg\u00f3 un plazo adicional hasta el viernes 31 de mayo de 2019 para el proceso de inscripci\u00f3n y actualizaci\u00f3n de Semilleros e Integrantes de los Semilleros de Investigaci\u00f3n de la Universidad de Caldas.<\/p>\n<p class=\"m_-8842517814559784605m_-8422637269666654551m_5009900823597407687gmail-m_5767796620650746866gmail-normal\">Cronograma<\/p>\n<div>\n<div dir=\"ltr\">\n<table>\n<colgroup>\n<col width=\"364\" \/>\n<col width=\"253\" \/><\/colgroup>\n<tbody>\n<tr>\n<td>\n<p dir=\"ltr\">Apertura del proceso de inscripci\u00f3n<\/p>\n<\/td>\n<td>\n<p dir=\"ltr\">4 de marzo 2019<\/p>\n<\/td>\n<\/tr>\n<tr>\n<td>\n<p dir=\"ltr\">Cierre del proceso de inscripci\u00f3n<\/p>\n<\/td>\n<td>\n<p dir=\"ltr\">31 de mayo 2019<\/p>\n<\/td>\n<\/tr>\n<tr>\n<td>\n<p dir=\"ltr\">Verificaci\u00f3n de cumplimiento de requisitos<\/p>\n<\/td>\n<td>\n<p dir=\"ltr\">\u00a0\u00a0\u00a0\u00a0\u00a0\u00a0\u00a0\u00a0\u00a0Entre el 4 y el 27 de junio 2019<\/p>\n<\/td>\n<\/tr>\n<tr>\n<td>\n<p dir=\"ltr\">Publicaci\u00f3n de los resultados<\/p>\n<p dir=\"ltr\"><a href=\"http:\/\/vip.ucaldas.edu.co\/SemillerosUC\/\" target=\"_blank\" rel=\"noopener\" data-saferedirecturl=\"https:\/\/www.google.com\/url?q=http:\/\/vip.ucaldas.edu.co\/SemillerosUC\/&amp;source=gmail&amp;ust=1559338275428000&amp;usg=AFQjCNE-woP0TjeoJf2IbWdPo6bcHMqpdw\">http:\/\/vip.ucaldas.edu.co\/<wbr \/>SemillerosUC\/<\/a><\/p>\n<\/td>\n<td>\n<p dir=\"ltr\">28 de junio de 2019<\/p>\n<\/td>\n<\/tr>\n<\/tbody>\n<\/table>\n<p><a href=\"https:\/\/www.ucaldas.edu.co\/portal\/wp-content\/uploads\/2019\/05\/2019-COMUNICADO-DE-INSCRIPCION-Y-ACTUALIZACION.pdf\">Conozca la informaci\u00f3n completa\u00a0 aqu\u00ed.\u00a0<\/a><\/p>\n<p>&nbsp;<\/p>\n<\/div>\n<\/div>\n","protected":false},"excerpt":{"rendered":"<p>Actualizaci\u00f3n e inscripci\u00f3n de Semilleros de Investigaci\u00f3n 2019 La Vicerrector\u00eda de Investigaciones y Posgrados de la Universidad de Caldas recuerda a la comunidad acad\u00e9mica que de acuerdo con los calendarios acad\u00e9micos institucionales y con el fin de garantizar la inscripci\u00f3n de la comunidad acad\u00e9mica para el semestre 2019-1, se otorg\u00f3 un plazo adicional hasta el [&hellip;]<\/p>\n","protected":false},"author":2,"featured_media":39941,"comment_status":"closed","ping_status":"open","sticky":false,"template":"","format":"standard","meta":{"footnotes":""},"categories":[48,53,624],"tags":[],"class_list":["post-48702","post","type-post","status-publish","format-standard","has-post-thumbnail","hentry","category-actualidad","category-universidad-al-dia","category-ucaldas-activa"],"yoast_head":"<!-- This site is optimized with the Yoast SEO plugin v27.5 - https:\/\/yoast.com\/product\/yoast-seo-wordpress\/ -->\n<title>Actualizaci\u00f3n e inscripci\u00f3n de Semilleros de Investigaci\u00f3n 2019 .<\/title>\n<meta name=\"robots\" content=\"index, follow, max-snippet:-1, max-image-preview:large, max-video-preview:-1\" \/>\n<link rel=\"canonical\" href=\"https:\/\/www.ucaldas.edu.co\/portal\/actualizacion-e-inscripcion-de-semilleros-de-investigacion-2019\/\" \/>\n<script type=\"application\/ld+json\" class=\"yoast-schema-graph\">{\"@context\":\"https:\\\/\\\/schema.org\",\"@graph\":[{\"@type\":\"Article\",\"@id\":\"https:\\\/\\\/www.ucaldas.edu.co\\\/portal\\\/actualizacion-e-inscripcion-de-semilleros-de-investigacion-2019\\\/#article\",\"isPartOf\":{\"@id\":\"https:\\\/\\\/www.ucaldas.edu.co\\\/portal\\\/actualizacion-e-inscripcion-de-semilleros-de-investigacion-2019\\\/\"},\"author\":{\"name\":\"ofiprensa\",\"@id\":\"https:\\\/\\\/www.ucaldas.edu.co\\\/portal\\\/#\\\/schema\\\/person\\\/a1b482e23449158b4bc319926c074fdf\"},\"headline\":\"Actualizaci\u00f3n e inscripci\u00f3n de Semilleros de Investigaci\u00f3n 2019\",\"datePublished\":\"2019-05-30T22:56:44+00:00\",\"mainEntityOfPage\":{\"@id\":\"https:\\\/\\\/www.ucaldas.edu.co\\\/portal\\\/actualizacion-e-inscripcion-de-semilleros-de-investigacion-2019\\\/\"},\"wordCount\":150,\"publisher\":{\"@id\":\"https:\\\/\\\/www.ucaldas.edu.co\\\/portal\\\/#organization\"},\"image\":{\"@id\":\"https:\\\/\\\/www.ucaldas.edu.co\\\/portal\\\/actualizacion-e-inscripcion-de-semilleros-de-investigacion-2019\\\/#primaryimage\"},\"thumbnailUrl\":\"https:\\\/\\\/www.ucaldas.edu.co\\\/portal\\\/wp-content\\\/uploads\\\/2018\\\/03\\\/comuni.jpg\",\"articleSection\":[\"Actualidad\",\"Universidad al D\u00eda\",\"UCaldas Activa\"],\"inLanguage\":\"es\"},{\"@type\":\"WebPage\",\"@id\":\"https:\\\/\\\/www.ucaldas.edu.co\\\/portal\\\/actualizacion-e-inscripcion-de-semilleros-de-investigacion-2019\\\/\",\"url\":\"https:\\\/\\\/www.ucaldas.edu.co\\\/portal\\\/actualizacion-e-inscripcion-de-semilleros-de-investigacion-2019\\\/\",\"name\":\"Actualizaci\u00f3n e inscripci\u00f3n de Semilleros de Investigaci\u00f3n 2019 .\",\"isPartOf\":{\"@id\":\"https:\\\/\\\/www.ucaldas.edu.co\\\/portal\\\/#website\"},\"primaryImageOfPage\":{\"@id\":\"https:\\\/\\\/www.ucaldas.edu.co\\\/portal\\\/actualizacion-e-inscripcion-de-semilleros-de-investigacion-2019\\\/#primaryimage\"},\"image\":{\"@id\":\"https:\\\/\\\/www.ucaldas.edu.co\\\/portal\\\/actualizacion-e-inscripcion-de-semilleros-de-investigacion-2019\\\/#primaryimage\"},\"thumbnailUrl\":\"https:\\\/\\\/www.ucaldas.edu.co\\\/portal\\\/wp-content\\\/uploads\\\/2018\\\/03\\\/comuni.jpg\",\"datePublished\":\"2019-05-30T22:56:44+00:00\",\"breadcrumb\":{\"@id\":\"https:\\\/\\\/www.ucaldas.edu.co\\\/portal\\\/actualizacion-e-inscripcion-de-semilleros-de-investigacion-2019\\\/#breadcrumb\"},\"inLanguage\":\"es\",\"potentialAction\":[{\"@type\":\"ReadAction\",\"target\":[\"https:\\\/\\\/www.ucaldas.edu.co\\\/portal\\\/actualizacion-e-inscripcion-de-semilleros-de-investigacion-2019\\\/\"]}]},{\"@type\":\"ImageObject\",\"inLanguage\":\"es\",\"@id\":\"https:\\\/\\\/www.ucaldas.edu.co\\\/portal\\\/actualizacion-e-inscripcion-de-semilleros-de-investigacion-2019\\\/#primaryimage\",\"url\":\"https:\\\/\\\/www.ucaldas.edu.co\\\/portal\\\/wp-content\\\/uploads\\\/2018\\\/03\\\/comuni.jpg\",\"contentUrl\":\"https:\\\/\\\/www.ucaldas.edu.co\\\/portal\\\/wp-content\\\/uploads\\\/2018\\\/03\\\/comuni.jpg\",\"width\":450,\"height\":254},{\"@type\":\"BreadcrumbList\",\"@id\":\"https:\\\/\\\/www.ucaldas.edu.co\\\/portal\\\/actualizacion-e-inscripcion-de-semilleros-de-investigacion-2019\\\/#breadcrumb\",\"itemListElement\":[{\"@type\":\"ListItem\",\"position\":1,\"name\":\"Portada\",\"item\":\"https:\\\/\\\/www.ucaldas.edu.co\\\/portal\\\/\"},{\"@type\":\"ListItem\",\"position\":2,\"name\":\"Actualizaci\u00f3n e inscripci\u00f3n de Semilleros de Investigaci\u00f3n 2019\"}]},{\"@type\":\"WebSite\",\"@id\":\"https:\\\/\\\/www.ucaldas.edu.co\\\/portal\\\/#website\",\"url\":\"https:\\\/\\\/www.ucaldas.edu.co\\\/portal\\\/\",\"name\":\"Universidad de Caldas\",\"description\":\"\",\"publisher\":{\"@id\":\"https:\\\/\\\/www.ucaldas.edu.co\\\/portal\\\/#organization\"},\"alternateName\":\"U. de Caldas\",\"potentialAction\":[{\"@type\":\"SearchAction\",\"target\":{\"@type\":\"EntryPoint\",\"urlTemplate\":\"https:\\\/\\\/www.ucaldas.edu.co\\\/portal\\\/?s={search_term_string}\"},\"query-input\":{\"@type\":\"PropertyValueSpecification\",\"valueRequired\":true,\"valueName\":\"search_term_string\"}}],\"inLanguage\":\"es\"},{\"@type\":\"Organization\",\"@id\":\"https:\\\/\\\/www.ucaldas.edu.co\\\/portal\\\/#organization\",\"name\":\"Universidad de Caldas\",\"alternateName\":\"U. de Caldas\",\"url\":\"https:\\\/\\\/www.ucaldas.edu.co\\\/portal\\\/\",\"logo\":{\"@type\":\"ImageObject\",\"inLanguage\":\"es\",\"@id\":\"https:\\\/\\\/www.ucaldas.edu.co\\\/portal\\\/#\\\/schema\\\/logo\\\/image\\\/\",\"url\":\"https:\\\/\\\/www.ucaldas.edu.co\\\/portal\\\/wp-content\\\/uploads\\\/2023\\\/11\\\/Logo_horizontal_oscuroU-2023.png\",\"contentUrl\":\"https:\\\/\\\/www.ucaldas.edu.co\\\/portal\\\/wp-content\\\/uploads\\\/2023\\\/11\\\/Logo_horizontal_oscuroU-2023.png\",\"width\":263,\"height\":101,\"caption\":\"Universidad de Caldas\"},\"image\":{\"@id\":\"https:\\\/\\\/www.ucaldas.edu.co\\\/portal\\\/#\\\/schema\\\/logo\\\/image\\\/\"},\"sameAs\":[\"https:\\\/\\\/www.facebook.com\\\/udecaldas\",\"https:\\\/\\\/x.com\\\/udecaldas\",\"https:\\\/\\\/www.youtube.com\\\/universidadcaldas\",\"https:\\\/\\\/www.instagram.com\\\/udecaldas\\\/\"]},{\"@type\":\"Person\",\"@id\":\"https:\\\/\\\/www.ucaldas.edu.co\\\/portal\\\/#\\\/schema\\\/person\\\/a1b482e23449158b4bc319926c074fdf\",\"name\":\"ofiprensa\",\"image\":{\"@type\":\"ImageObject\",\"inLanguage\":\"es\",\"@id\":\"https:\\\/\\\/www.ucaldas.edu.co\\\/portal\\\/wp-content\\\/litespeed\\\/avatar\\\/09ea5085e600095a7a811142c6944527.jpg?ver=1777497608\",\"url\":\"https:\\\/\\\/www.ucaldas.edu.co\\\/portal\\\/wp-content\\\/litespeed\\\/avatar\\\/09ea5085e600095a7a811142c6944527.jpg?ver=1777497608\",\"contentUrl\":\"https:\\\/\\\/www.ucaldas.edu.co\\\/portal\\\/wp-content\\\/litespeed\\\/avatar\\\/09ea5085e600095a7a811142c6944527.jpg?ver=1777497608\",\"caption\":\"ofiprensa\"},\"url\":\"https:\\\/\\\/www.ucaldas.edu.co\\\/portal\\\/author\\\/ofiprensa\\\/\"}]}<\/script>\n<!-- \/ Yoast SEO plugin. -->","yoast_head_json":{"title":"Actualizaci\u00f3n e inscripci\u00f3n de Semilleros de Investigaci\u00f3n 2019 .","robots":{"index":"index","follow":"follow","max-snippet":"max-snippet:-1","max-image-preview":"max-image-preview:large","max-video-preview":"max-video-preview:-1"},"canonical":"https:\/\/www.ucaldas.edu.co\/portal\/actualizacion-e-inscripcion-de-semilleros-de-investigacion-2019\/","schema":{"@context":"https:\/\/schema.org","@graph":[{"@type":"Article","@id":"https:\/\/www.ucaldas.edu.co\/portal\/actualizacion-e-inscripcion-de-semilleros-de-investigacion-2019\/#article","isPartOf":{"@id":"https:\/\/www.ucaldas.edu.co\/portal\/actualizacion-e-inscripcion-de-semilleros-de-investigacion-2019\/"},"author":{"name":"ofiprensa","@id":"https:\/\/www.ucaldas.edu.co\/portal\/#\/schema\/person\/a1b482e23449158b4bc319926c074fdf"},"headline":"Actualizaci\u00f3n e inscripci\u00f3n de Semilleros de Investigaci\u00f3n 2019","datePublished":"2019-05-30T22:56:44+00:00","mainEntityOfPage":{"@id":"https:\/\/www.ucaldas.edu.co\/portal\/actualizacion-e-inscripcion-de-semilleros-de-investigacion-2019\/"},"wordCount":150,"publisher":{"@id":"https:\/\/www.ucaldas.edu.co\/portal\/#organization"},"image":{"@id":"https:\/\/www.ucaldas.edu.co\/portal\/actualizacion-e-inscripcion-de-semilleros-de-investigacion-2019\/#primaryimage"},"thumbnailUrl":"https:\/\/www.ucaldas.edu.co\/portal\/wp-content\/uploads\/2018\/03\/comuni.jpg","articleSection":["Actualidad","Universidad al D\u00eda","UCaldas Activa"],"inLanguage":"es"},{"@type":"WebPage","@id":"https:\/\/www.ucaldas.edu.co\/portal\/actualizacion-e-inscripcion-de-semilleros-de-investigacion-2019\/","url":"https:\/\/www.ucaldas.edu.co\/portal\/actualizacion-e-inscripcion-de-semilleros-de-investigacion-2019\/","name":"Actualizaci\u00f3n e inscripci\u00f3n de Semilleros de Investigaci\u00f3n 2019 .","isPartOf":{"@id":"https:\/\/www.ucaldas.edu.co\/portal\/#website"},"primaryImageOfPage":{"@id":"https:\/\/www.ucaldas.edu.co\/portal\/actualizacion-e-inscripcion-de-semilleros-de-investigacion-2019\/#primaryimage"},"image":{"@id":"https:\/\/www.ucaldas.edu.co\/portal\/actualizacion-e-inscripcion-de-semilleros-de-investigacion-2019\/#primaryimage"},"thumbnailUrl":"https:\/\/www.ucaldas.edu.co\/portal\/wp-content\/uploads\/2018\/03\/comuni.jpg","datePublished":"2019-05-30T22:56:44+00:00","breadcrumb":{"@id":"https:\/\/www.ucaldas.edu.co\/portal\/actualizacion-e-inscripcion-de-semilleros-de-investigacion-2019\/#breadcrumb"},"inLanguage":"es","potentialAction":[{"@type":"ReadAction","target":["https:\/\/www.ucaldas.edu.co\/portal\/actualizacion-e-inscripcion-de-semilleros-de-investigacion-2019\/"]}]},{"@type":"ImageObject","inLanguage":"es","@id":"https:\/\/www.ucaldas.edu.co\/portal\/actualizacion-e-inscripcion-de-semilleros-de-investigacion-2019\/#primaryimage","url":"https:\/\/www.ucaldas.edu.co\/portal\/wp-content\/uploads\/2018\/03\/comuni.jpg","contentUrl":"https:\/\/www.ucaldas.edu.co\/portal\/wp-content\/uploads\/2018\/03\/comuni.jpg","width":450,"height":254},{"@type":"BreadcrumbList","@id":"https:\/\/www.ucaldas.edu.co\/portal\/actualizacion-e-inscripcion-de-semilleros-de-investigacion-2019\/#breadcrumb","itemListElement":[{"@type":"ListItem","position":1,"name":"Portada","item":"https:\/\/www.ucaldas.edu.co\/portal\/"},{"@type":"ListItem","position":2,"name":"Actualizaci\u00f3n e inscripci\u00f3n de Semilleros de Investigaci\u00f3n 2019"}]},{"@type":"WebSite","@id":"https:\/\/www.ucaldas.edu.co\/portal\/#website","url":"https:\/\/www.ucaldas.edu.co\/portal\/","name":"Universidad de Caldas","description":"","publisher":{"@id":"https:\/\/www.ucaldas.edu.co\/portal\/#organization"},"alternateName":"U. de Caldas","potentialAction":[{"@type":"SearchAction","target":{"@type":"EntryPoint","urlTemplate":"https:\/\/www.ucaldas.edu.co\/portal\/?s={search_term_string}"},"query-input":{"@type":"PropertyValueSpecification","valueRequired":true,"valueName":"search_term_string"}}],"inLanguage":"es"},{"@type":"Organization","@id":"https:\/\/www.ucaldas.edu.co\/portal\/#organization","name":"Universidad de Caldas","alternateName":"U. de Caldas","url":"https:\/\/www.ucaldas.edu.co\/portal\/","logo":{"@type":"ImageObject","inLanguage":"es","@id":"https:\/\/www.ucaldas.edu.co\/portal\/#\/schema\/logo\/image\/","url":"https:\/\/www.ucaldas.edu.co\/portal\/wp-content\/uploads\/2023\/11\/Logo_horizontal_oscuroU-2023.png","contentUrl":"https:\/\/www.ucaldas.edu.co\/portal\/wp-content\/uploads\/2023\/11\/Logo_horizontal_oscuroU-2023.png","width":263,"height":101,"caption":"Universidad de Caldas"},"image":{"@id":"https:\/\/www.ucaldas.edu.co\/portal\/#\/schema\/logo\/image\/"},"sameAs":["https:\/\/www.facebook.com\/udecaldas","https:\/\/x.com\/udecaldas","https:\/\/www.youtube.com\/universidadcaldas","https:\/\/www.instagram.com\/udecaldas\/"]},{"@type":"Person","@id":"https:\/\/www.ucaldas.edu.co\/portal\/#\/schema\/person\/a1b482e23449158b4bc319926c074fdf","name":"ofiprensa","image":{"@type":"ImageObject","inLanguage":"es","@id":"https:\/\/www.ucaldas.edu.co\/portal\/wp-content\/litespeed\/avatar\/09ea5085e600095a7a811142c6944527.jpg?ver=1777497608","url":"https:\/\/www.ucaldas.edu.co\/portal\/wp-content\/litespeed\/avatar\/09ea5085e600095a7a811142c6944527.jpg?ver=1777497608","contentUrl":"https:\/\/www.ucaldas.edu.co\/portal\/wp-content\/litespeed\/avatar\/09ea5085e600095a7a811142c6944527.jpg?ver=1777497608","caption":"ofiprensa"},"url":"https:\/\/www.ucaldas.edu.co\/portal\/author\/ofiprensa\/"}]}},"_links":{"self":[{"href":"https:\/\/www.ucaldas.edu.co\/portal\/wp-json\/wp\/v2\/posts\/48702","targetHints":{"allow":["GET"]}}],"collection":[{"href":"https:\/\/www.ucaldas.edu.co\/portal\/wp-json\/wp\/v2\/posts"}],"about":[{"href":"https:\/\/www.ucaldas.edu.co\/portal\/wp-json\/wp\/v2\/types\/post"}],"author":[{"embeddable":true,"href":"https:\/\/www.ucaldas.edu.co\/portal\/wp-json\/wp\/v2\/users\/2"}],"replies":[{"embeddable":true,"href":"https:\/\/www.ucaldas.edu.co\/portal\/wp-json\/wp\/v2\/comments?post=48702"}],"version-history":[{"count":0,"href":"https:\/\/www.ucaldas.edu.co\/portal\/wp-json\/wp\/v2\/posts\/48702\/revisions"}],"wp:featuredmedia":[{"embeddable":true,"href":"https:\/\/www.ucaldas.edu.co\/portal\/wp-json\/wp\/v2\/media\/39941"}],"wp:attachment":[{"href":"https:\/\/www.ucaldas.edu.co\/portal\/wp-json\/wp\/v2\/media?parent=48702"}],"wp:term":[{"taxonomy":"category","embeddable":true,"href":"https:\/\/www.ucaldas.edu.co\/portal\/wp-json\/wp\/v2\/categories?post=48702"},{"taxonomy":"post_tag","embeddable":true,"href":"https:\/\/www.ucaldas.edu.co\/portal\/wp-json\/wp\/v2\/tags?post=48702"}],"curies":[{"name":"wp","href":"https:\/\/api.w.org\/{rel}","templated":true}]}}