{"id":48685,"date":"2019-05-29T22:45:44","date_gmt":"2019-05-29T22:45:44","guid":{"rendered":"https:\/\/www.ucaldas.edu.co\/portal\/?p=48685"},"modified":"2019-05-29T23:00:37","modified_gmt":"2019-05-29T23:00:37","slug":"entrega-de-reconocimiento-como-hospital-universitario-a-servicios-especiales-de-salud","status":"publish","type":"post","link":"https:\/\/www.ucaldas.edu.co\/portal\/entrega-de-reconocimiento-como-hospital-universitario-a-servicios-especiales-de-salud\/","title":{"rendered":"Entrega de Reconocimiento como Hospital Universitario a Servicios Especiales de Salud"},"content":{"rendered":"<p style=\"text-align: center;\">CON LA PRESENCIA DEL MINISTRO DE SALUD Y AUTORIDADES LOCALES<\/p>\n<p style=\"text-align: center;\"><strong>Entrega de Reconocimiento como Hospital Universitario a Servicios Especiales de Salud <\/strong><\/p>\n<p style=\"text-align: right;\">29\/05\/2019<\/p>\n<p><img loading=\"lazy\" decoding=\"async\" class=\"aligncenter wp-image-48686 size-full\" src=\"https:\/\/www.ucaldas.edu.co\/portal\/wp-content\/uploads\/2019\/05\/ses-hospital.jpg\" alt=\"\" width=\"800\" height=\"451\" srcset=\"https:\/\/www.ucaldas.edu.co\/portal\/wp-content\/uploads\/2019\/05\/ses-hospital.jpg 800w, https:\/\/www.ucaldas.edu.co\/portal\/wp-content\/uploads\/2019\/05\/ses-hospital-300x169.jpg 300w, https:\/\/www.ucaldas.edu.co\/portal\/wp-content\/uploads\/2019\/05\/ses-hospital-768x433.jpg 768w\" sizes=\"auto, (max-width: 800px) 100vw, 800px\" \/>Este jueves 30 de mayo a partir de las 11:30 a.m. se llevar\u00e1 a cabo en el Centro Cultural Universitario Rogelio Salmona el acto oficial de entrega de reconocimiento como Hospital Universitario a Servicios Especiales de Salud, de la ciudad de Manizales.<\/p>\n<p><!--more--><\/p>\n<p>El evento estar\u00e1 presidido por el Ministro de Salud Juan Pablo Uribe Restrepo, el Gobernador de Caldas Guido Echeverri Piedrahita, el Alcalde encargado de Manizales Jhon Heberth Zamora L\u00f3pez y dem\u00e1s autoridades locales y regionales.<\/p>\n<p>&nbsp;<\/p>\n<p>Durante el acto de reconocimiento el Rector de la Universidad de Caldas Alejandro Ceballos M\u00e1rquez entregar\u00e1 una resoluci\u00f3n de exaltaci\u00f3n a Servicios Especiales de Salud por este logro que convierte al Hospital de Caldas como universitario, transform\u00e1ndose en el primero con esa categor\u00eda en el Eje Cafetero.<\/p>\n<p>&nbsp;<\/p>\n<p>La Universidad de Caldas como instituci\u00f3n acreditada de alta calidad acompa\u00f1o a Servicios Especiales de Salud durante el proceso de certificaci\u00f3n como Hospital Universitario ya que la mayor\u00eda de las pr\u00e1cticas formativas de los estudiantes de la Facultad de Ciencias para la Salud se desarrollan en convenio con esta entidad.<\/p>\n<p><strong><br \/>\nInformes: <\/strong>Oficina de Comunicaciones y Prensa Universidad de Caldas. Tel\u00e9fono: 8781500 Extensi\u00f3n: 12167<\/p>\n<p><strong>Redacci\u00f3n: <\/strong>Adriana Salazar Villegas<\/p>\n<p>&nbsp;<\/p>\n","protected":false},"excerpt":{"rendered":"<p>CON LA PRESENCIA DEL MINISTRO DE SALUD Y AUTORIDADES LOCALES Entrega de Reconocimiento como Hospital Universitario a Servicios Especiales de Salud 29\/05\/2019 Este jueves 30 de mayo a partir de las 11:30 a.m. se llevar\u00e1 a cabo en el Centro Cultural Universitario Rogelio Salmona el acto oficial de entrega de reconocimiento como Hospital Universitario a [&hellip;]<\/p>\n","protected":false},"author":2,"featured_media":48686,"comment_status":"closed","ping_status":"open","sticky":false,"template":"","format":"standard","meta":{"footnotes":""},"categories":[48,53],"tags":[238,3385,3990,3991],"class_list":["post-48685","post","type-post","status-publish","format-standard","has-post-thumbnail","hentry","category-actualidad","category-universidad-al-dia","tag-acreditacion","tag-hospital-universitario","tag-ses","tag-min-salud"],"yoast_head":"<!-- This site is optimized with the Yoast SEO plugin v27.5 - https:\/\/yoast.com\/product\/yoast-seo-wordpress\/ -->\n<title>Entrega de Reconocimiento como Hospital Universitario a Servicios Especiales de Salud .<\/title>\n<meta name=\"robots\" content=\"index, follow, max-snippet:-1, max-image-preview:large, max-video-preview:-1\" \/>\n<link rel=\"canonical\" href=\"https:\/\/www.ucaldas.edu.co\/portal\/entrega-de-reconocimiento-como-hospital-universitario-a-servicios-especiales-de-salud\/\" \/>\n<script type=\"application\/ld+json\" class=\"yoast-schema-graph\">{\"@context\":\"https:\\\/\\\/schema.org\",\"@graph\":[{\"@type\":\"Article\",\"@id\":\"https:\\\/\\\/www.ucaldas.edu.co\\\/portal\\\/entrega-de-reconocimiento-como-hospital-universitario-a-servicios-especiales-de-salud\\\/#article\",\"isPartOf\":{\"@id\":\"https:\\\/\\\/www.ucaldas.edu.co\\\/portal\\\/entrega-de-reconocimiento-como-hospital-universitario-a-servicios-especiales-de-salud\\\/\"},\"author\":{\"name\":\"ofiprensa\",\"@id\":\"https:\\\/\\\/www.ucaldas.edu.co\\\/portal\\\/#\\\/schema\\\/person\\\/a1b482e23449158b4bc319926c074fdf\"},\"headline\":\"Entrega de Reconocimiento como Hospital Universitario a Servicios Especiales de Salud\",\"datePublished\":\"2019-05-29T22:45:44+00:00\",\"dateModified\":\"2019-05-29T23:00:37+00:00\",\"mainEntityOfPage\":{\"@id\":\"https:\\\/\\\/www.ucaldas.edu.co\\\/portal\\\/entrega-de-reconocimiento-como-hospital-universitario-a-servicios-especiales-de-salud\\\/\"},\"wordCount\":238,\"publisher\":{\"@id\":\"https:\\\/\\\/www.ucaldas.edu.co\\\/portal\\\/#organization\"},\"image\":{\"@id\":\"https:\\\/\\\/www.ucaldas.edu.co\\\/portal\\\/entrega-de-reconocimiento-como-hospital-universitario-a-servicios-especiales-de-salud\\\/#primaryimage\"},\"thumbnailUrl\":\"https:\\\/\\\/www.ucaldas.edu.co\\\/portal\\\/wp-content\\\/uploads\\\/2019\\\/05\\\/ses-hospital.jpg\",\"keywords\":[\"acreditaci\u00f3n\",\"Hospital Universitario\",\"ses\",\"min salud\"],\"articleSection\":[\"Actualidad\",\"Universidad al D\u00eda\"],\"inLanguage\":\"es\"},{\"@type\":\"WebPage\",\"@id\":\"https:\\\/\\\/www.ucaldas.edu.co\\\/portal\\\/entrega-de-reconocimiento-como-hospital-universitario-a-servicios-especiales-de-salud\\\/\",\"url\":\"https:\\\/\\\/www.ucaldas.edu.co\\\/portal\\\/entrega-de-reconocimiento-como-hospital-universitario-a-servicios-especiales-de-salud\\\/\",\"name\":\"Entrega de Reconocimiento como Hospital Universitario a Servicios Especiales de Salud .\",\"isPartOf\":{\"@id\":\"https:\\\/\\\/www.ucaldas.edu.co\\\/portal\\\/#website\"},\"primaryImageOfPage\":{\"@id\":\"https:\\\/\\\/www.ucaldas.edu.co\\\/portal\\\/entrega-de-reconocimiento-como-hospital-universitario-a-servicios-especiales-de-salud\\\/#primaryimage\"},\"image\":{\"@id\":\"https:\\\/\\\/www.ucaldas.edu.co\\\/portal\\\/entrega-de-reconocimiento-como-hospital-universitario-a-servicios-especiales-de-salud\\\/#primaryimage\"},\"thumbnailUrl\":\"https:\\\/\\\/www.ucaldas.edu.co\\\/portal\\\/wp-content\\\/uploads\\\/2019\\\/05\\\/ses-hospital.jpg\",\"datePublished\":\"2019-05-29T22:45:44+00:00\",\"dateModified\":\"2019-05-29T23:00:37+00:00\",\"breadcrumb\":{\"@id\":\"https:\\\/\\\/www.ucaldas.edu.co\\\/portal\\\/entrega-de-reconocimiento-como-hospital-universitario-a-servicios-especiales-de-salud\\\/#breadcrumb\"},\"inLanguage\":\"es\",\"potentialAction\":[{\"@type\":\"ReadAction\",\"target\":[\"https:\\\/\\\/www.ucaldas.edu.co\\\/portal\\\/entrega-de-reconocimiento-como-hospital-universitario-a-servicios-especiales-de-salud\\\/\"]}]},{\"@type\":\"ImageObject\",\"inLanguage\":\"es\",\"@id\":\"https:\\\/\\\/www.ucaldas.edu.co\\\/portal\\\/entrega-de-reconocimiento-como-hospital-universitario-a-servicios-especiales-de-salud\\\/#primaryimage\",\"url\":\"https:\\\/\\\/www.ucaldas.edu.co\\\/portal\\\/wp-content\\\/uploads\\\/2019\\\/05\\\/ses-hospital.jpg\",\"contentUrl\":\"https:\\\/\\\/www.ucaldas.edu.co\\\/portal\\\/wp-content\\\/uploads\\\/2019\\\/05\\\/ses-hospital.jpg\",\"width\":800,\"height\":451},{\"@type\":\"BreadcrumbList\",\"@id\":\"https:\\\/\\\/www.ucaldas.edu.co\\\/portal\\\/entrega-de-reconocimiento-como-hospital-universitario-a-servicios-especiales-de-salud\\\/#breadcrumb\",\"itemListElement\":[{\"@type\":\"ListItem\",\"position\":1,\"name\":\"Portada\",\"item\":\"https:\\\/\\\/www.ucaldas.edu.co\\\/portal\\\/\"},{\"@type\":\"ListItem\",\"position\":2,\"name\":\"Entrega de Reconocimiento como Hospital Universitario a Servicios Especiales de Salud\"}]},{\"@type\":\"WebSite\",\"@id\":\"https:\\\/\\\/www.ucaldas.edu.co\\\/portal\\\/#website\",\"url\":\"https:\\\/\\\/www.ucaldas.edu.co\\\/portal\\\/\",\"name\":\"Universidad de Caldas\",\"description\":\"\",\"publisher\":{\"@id\":\"https:\\\/\\\/www.ucaldas.edu.co\\\/portal\\\/#organization\"},\"alternateName\":\"U. de Caldas\",\"potentialAction\":[{\"@type\":\"SearchAction\",\"target\":{\"@type\":\"EntryPoint\",\"urlTemplate\":\"https:\\\/\\\/www.ucaldas.edu.co\\\/portal\\\/?s={search_term_string}\"},\"query-input\":{\"@type\":\"PropertyValueSpecification\",\"valueRequired\":true,\"valueName\":\"search_term_string\"}}],\"inLanguage\":\"es\"},{\"@type\":\"Organization\",\"@id\":\"https:\\\/\\\/www.ucaldas.edu.co\\\/portal\\\/#organization\",\"name\":\"Universidad de Caldas\",\"alternateName\":\"U. de Caldas\",\"url\":\"https:\\\/\\\/www.ucaldas.edu.co\\\/portal\\\/\",\"logo\":{\"@type\":\"ImageObject\",\"inLanguage\":\"es\",\"@id\":\"https:\\\/\\\/www.ucaldas.edu.co\\\/portal\\\/#\\\/schema\\\/logo\\\/image\\\/\",\"url\":\"https:\\\/\\\/www.ucaldas.edu.co\\\/portal\\\/wp-content\\\/uploads\\\/2023\\\/11\\\/Logo_horizontal_oscuroU-2023.png\",\"contentUrl\":\"https:\\\/\\\/www.ucaldas.edu.co\\\/portal\\\/wp-content\\\/uploads\\\/2023\\\/11\\\/Logo_horizontal_oscuroU-2023.png\",\"width\":263,\"height\":101,\"caption\":\"Universidad de Caldas\"},\"image\":{\"@id\":\"https:\\\/\\\/www.ucaldas.edu.co\\\/portal\\\/#\\\/schema\\\/logo\\\/image\\\/\"},\"sameAs\":[\"https:\\\/\\\/www.facebook.com\\\/udecaldas\",\"https:\\\/\\\/x.com\\\/udecaldas\",\"https:\\\/\\\/www.youtube.com\\\/universidadcaldas\",\"https:\\\/\\\/www.instagram.com\\\/udecaldas\\\/\"]},{\"@type\":\"Person\",\"@id\":\"https:\\\/\\\/www.ucaldas.edu.co\\\/portal\\\/#\\\/schema\\\/person\\\/a1b482e23449158b4bc319926c074fdf\",\"name\":\"ofiprensa\",\"image\":{\"@type\":\"ImageObject\",\"inLanguage\":\"es\",\"@id\":\"https:\\\/\\\/www.ucaldas.edu.co\\\/portal\\\/wp-content\\\/litespeed\\\/avatar\\\/09ea5085e600095a7a811142c6944527.jpg?ver=1777497608\",\"url\":\"https:\\\/\\\/www.ucaldas.edu.co\\\/portal\\\/wp-content\\\/litespeed\\\/avatar\\\/09ea5085e600095a7a811142c6944527.jpg?ver=1777497608\",\"contentUrl\":\"https:\\\/\\\/www.ucaldas.edu.co\\\/portal\\\/wp-content\\\/litespeed\\\/avatar\\\/09ea5085e600095a7a811142c6944527.jpg?ver=1777497608\",\"caption\":\"ofiprensa\"},\"url\":\"https:\\\/\\\/www.ucaldas.edu.co\\\/portal\\\/author\\\/ofiprensa\\\/\"}]}<\/script>\n<!-- \/ Yoast SEO plugin. -->","yoast_head_json":{"title":"Entrega de Reconocimiento como Hospital Universitario a Servicios Especiales de Salud .","robots":{"index":"index","follow":"follow","max-snippet":"max-snippet:-1","max-image-preview":"max-image-preview:large","max-video-preview":"max-video-preview:-1"},"canonical":"https:\/\/www.ucaldas.edu.co\/portal\/entrega-de-reconocimiento-como-hospital-universitario-a-servicios-especiales-de-salud\/","schema":{"@context":"https:\/\/schema.org","@graph":[{"@type":"Article","@id":"https:\/\/www.ucaldas.edu.co\/portal\/entrega-de-reconocimiento-como-hospital-universitario-a-servicios-especiales-de-salud\/#article","isPartOf":{"@id":"https:\/\/www.ucaldas.edu.co\/portal\/entrega-de-reconocimiento-como-hospital-universitario-a-servicios-especiales-de-salud\/"},"author":{"name":"ofiprensa","@id":"https:\/\/www.ucaldas.edu.co\/portal\/#\/schema\/person\/a1b482e23449158b4bc319926c074fdf"},"headline":"Entrega de Reconocimiento como Hospital Universitario a Servicios Especiales de Salud","datePublished":"2019-05-29T22:45:44+00:00","dateModified":"2019-05-29T23:00:37+00:00","mainEntityOfPage":{"@id":"https:\/\/www.ucaldas.edu.co\/portal\/entrega-de-reconocimiento-como-hospital-universitario-a-servicios-especiales-de-salud\/"},"wordCount":238,"publisher":{"@id":"https:\/\/www.ucaldas.edu.co\/portal\/#organization"},"image":{"@id":"https:\/\/www.ucaldas.edu.co\/portal\/entrega-de-reconocimiento-como-hospital-universitario-a-servicios-especiales-de-salud\/#primaryimage"},"thumbnailUrl":"https:\/\/www.ucaldas.edu.co\/portal\/wp-content\/uploads\/2019\/05\/ses-hospital.jpg","keywords":["acreditaci\u00f3n","Hospital Universitario","ses","min salud"],"articleSection":["Actualidad","Universidad al D\u00eda"],"inLanguage":"es"},{"@type":"WebPage","@id":"https:\/\/www.ucaldas.edu.co\/portal\/entrega-de-reconocimiento-como-hospital-universitario-a-servicios-especiales-de-salud\/","url":"https:\/\/www.ucaldas.edu.co\/portal\/entrega-de-reconocimiento-como-hospital-universitario-a-servicios-especiales-de-salud\/","name":"Entrega de Reconocimiento como Hospital Universitario a Servicios Especiales de Salud .","isPartOf":{"@id":"https:\/\/www.ucaldas.edu.co\/portal\/#website"},"primaryImageOfPage":{"@id":"https:\/\/www.ucaldas.edu.co\/portal\/entrega-de-reconocimiento-como-hospital-universitario-a-servicios-especiales-de-salud\/#primaryimage"},"image":{"@id":"https:\/\/www.ucaldas.edu.co\/portal\/entrega-de-reconocimiento-como-hospital-universitario-a-servicios-especiales-de-salud\/#primaryimage"},"thumbnailUrl":"https:\/\/www.ucaldas.edu.co\/portal\/wp-content\/uploads\/2019\/05\/ses-hospital.jpg","datePublished":"2019-05-29T22:45:44+00:00","dateModified":"2019-05-29T23:00:37+00:00","breadcrumb":{"@id":"https:\/\/www.ucaldas.edu.co\/portal\/entrega-de-reconocimiento-como-hospital-universitario-a-servicios-especiales-de-salud\/#breadcrumb"},"inLanguage":"es","potentialAction":[{"@type":"ReadAction","target":["https:\/\/www.ucaldas.edu.co\/portal\/entrega-de-reconocimiento-como-hospital-universitario-a-servicios-especiales-de-salud\/"]}]},{"@type":"ImageObject","inLanguage":"es","@id":"https:\/\/www.ucaldas.edu.co\/portal\/entrega-de-reconocimiento-como-hospital-universitario-a-servicios-especiales-de-salud\/#primaryimage","url":"https:\/\/www.ucaldas.edu.co\/portal\/wp-content\/uploads\/2019\/05\/ses-hospital.jpg","contentUrl":"https:\/\/www.ucaldas.edu.co\/portal\/wp-content\/uploads\/2019\/05\/ses-hospital.jpg","width":800,"height":451},{"@type":"BreadcrumbList","@id":"https:\/\/www.ucaldas.edu.co\/portal\/entrega-de-reconocimiento-como-hospital-universitario-a-servicios-especiales-de-salud\/#breadcrumb","itemListElement":[{"@type":"ListItem","position":1,"name":"Portada","item":"https:\/\/www.ucaldas.edu.co\/portal\/"},{"@type":"ListItem","position":2,"name":"Entrega de Reconocimiento como Hospital Universitario a Servicios Especiales de Salud"}]},{"@type":"WebSite","@id":"https:\/\/www.ucaldas.edu.co\/portal\/#website","url":"https:\/\/www.ucaldas.edu.co\/portal\/","name":"Universidad de Caldas","description":"","publisher":{"@id":"https:\/\/www.ucaldas.edu.co\/portal\/#organization"},"alternateName":"U. de Caldas","potentialAction":[{"@type":"SearchAction","target":{"@type":"EntryPoint","urlTemplate":"https:\/\/www.ucaldas.edu.co\/portal\/?s={search_term_string}"},"query-input":{"@type":"PropertyValueSpecification","valueRequired":true,"valueName":"search_term_string"}}],"inLanguage":"es"},{"@type":"Organization","@id":"https:\/\/www.ucaldas.edu.co\/portal\/#organization","name":"Universidad de Caldas","alternateName":"U. de Caldas","url":"https:\/\/www.ucaldas.edu.co\/portal\/","logo":{"@type":"ImageObject","inLanguage":"es","@id":"https:\/\/www.ucaldas.edu.co\/portal\/#\/schema\/logo\/image\/","url":"https:\/\/www.ucaldas.edu.co\/portal\/wp-content\/uploads\/2023\/11\/Logo_horizontal_oscuroU-2023.png","contentUrl":"https:\/\/www.ucaldas.edu.co\/portal\/wp-content\/uploads\/2023\/11\/Logo_horizontal_oscuroU-2023.png","width":263,"height":101,"caption":"Universidad de Caldas"},"image":{"@id":"https:\/\/www.ucaldas.edu.co\/portal\/#\/schema\/logo\/image\/"},"sameAs":["https:\/\/www.facebook.com\/udecaldas","https:\/\/x.com\/udecaldas","https:\/\/www.youtube.com\/universidadcaldas","https:\/\/www.instagram.com\/udecaldas\/"]},{"@type":"Person","@id":"https:\/\/www.ucaldas.edu.co\/portal\/#\/schema\/person\/a1b482e23449158b4bc319926c074fdf","name":"ofiprensa","image":{"@type":"ImageObject","inLanguage":"es","@id":"https:\/\/www.ucaldas.edu.co\/portal\/wp-content\/litespeed\/avatar\/09ea5085e600095a7a811142c6944527.jpg?ver=1777497608","url":"https:\/\/www.ucaldas.edu.co\/portal\/wp-content\/litespeed\/avatar\/09ea5085e600095a7a811142c6944527.jpg?ver=1777497608","contentUrl":"https:\/\/www.ucaldas.edu.co\/portal\/wp-content\/litespeed\/avatar\/09ea5085e600095a7a811142c6944527.jpg?ver=1777497608","caption":"ofiprensa"},"url":"https:\/\/www.ucaldas.edu.co\/portal\/author\/ofiprensa\/"}]}},"_links":{"self":[{"href":"https:\/\/www.ucaldas.edu.co\/portal\/wp-json\/wp\/v2\/posts\/48685","targetHints":{"allow":["GET"]}}],"collection":[{"href":"https:\/\/www.ucaldas.edu.co\/portal\/wp-json\/wp\/v2\/posts"}],"about":[{"href":"https:\/\/www.ucaldas.edu.co\/portal\/wp-json\/wp\/v2\/types\/post"}],"author":[{"embeddable":true,"href":"https:\/\/www.ucaldas.edu.co\/portal\/wp-json\/wp\/v2\/users\/2"}],"replies":[{"embeddable":true,"href":"https:\/\/www.ucaldas.edu.co\/portal\/wp-json\/wp\/v2\/comments?post=48685"}],"version-history":[{"count":0,"href":"https:\/\/www.ucaldas.edu.co\/portal\/wp-json\/wp\/v2\/posts\/48685\/revisions"}],"wp:featuredmedia":[{"embeddable":true,"href":"https:\/\/www.ucaldas.edu.co\/portal\/wp-json\/wp\/v2\/media\/48686"}],"wp:attachment":[{"href":"https:\/\/www.ucaldas.edu.co\/portal\/wp-json\/wp\/v2\/media?parent=48685"}],"wp:term":[{"taxonomy":"category","embeddable":true,"href":"https:\/\/www.ucaldas.edu.co\/portal\/wp-json\/wp\/v2\/categories?post=48685"},{"taxonomy":"post_tag","embeddable":true,"href":"https:\/\/www.ucaldas.edu.co\/portal\/wp-json\/wp\/v2\/tags?post=48685"}],"curies":[{"name":"wp","href":"https:\/\/api.w.org\/{rel}","templated":true}]}}