{"id":48679,"date":"2019-05-29T22:39:19","date_gmt":"2019-05-29T22:39:19","guid":{"rendered":"https:\/\/www.ucaldas.edu.co\/portal\/?p=48679"},"modified":"2019-05-29T22:39:19","modified_gmt":"2019-05-29T22:39:19","slug":"universidad-de-caldas-recibe-recertificacion-de-alta-calidad-por-parte-de-icontec","status":"publish","type":"post","link":"https:\/\/www.ucaldas.edu.co\/portal\/universidad-de-caldas-recibe-recertificacion-de-alta-calidad-por-parte-de-icontec\/","title":{"rendered":"Universidad de Caldas recibe recertificaci\u00f3n de Alta Calidad por parte de ICONTEC"},"content":{"rendered":"<p style=\"text-align: center;\">CERTIFICACI\u00d3N POR TRES A\u00d1OS M\u00c1S<\/p>\n<p style=\"text-align: center;\"><strong>Universidad de Caldas recibe recertificaci\u00f3n de Alta Calidad por parte de ICONTEC<\/strong><\/p>\n<p style=\"text-align: right;\">29\/05\/2019<\/p>\n<p><img loading=\"lazy\" decoding=\"async\" class=\"aligncenter wp-image-48666 size-full\" src=\"https:\/\/www.ucaldas.edu.co\/portal\/wp-content\/uploads\/2019\/05\/icontec-compressor.png\" alt=\"\" width=\"700\" height=\"400\" srcset=\"https:\/\/www.ucaldas.edu.co\/portal\/wp-content\/uploads\/2019\/05\/icontec-compressor.png 700w, https:\/\/www.ucaldas.edu.co\/portal\/wp-content\/uploads\/2019\/05\/icontec-compressor-300x171.png 300w\" sizes=\"auto, (max-width: 700px) 100vw, 700px\" \/>La Universidad de Caldas recibi\u00f3 nuevamente la Certificaci\u00f3n de Alta Calidad por parte del ICONTEC, que legitima la calidad de los procesos que la instituci\u00f3n lleva a cabo en la Educaci\u00f3n Superior en Colombia.<\/p>\n<p><!--more--><\/p>\n<p>Alejandro Ceballos M\u00e1rquez, Rector de la Universidad de Caldas, coment\u00f3 que esta certificaci\u00f3n tiene un significado muy importante para la instituci\u00f3n como comunidad universitaria puesto que indica que los procesos que desarrolla la universidad son efectivamente de calidad, siendo reconocidos a trav\u00e9s de un organismo externo, ratificando a la instituci\u00f3n como un ente de Alta Calidad.<\/p>\n<p>&nbsp;<\/p>\n<p>Yurley Ocampo Ospina, ejecutiva de cuenta integral y Representante de ICONTEC para el Departamento de Caldas, expresa que este reconocimiento exalta el mejoramiento continuo y el trabajo en equipo que se hace durante este proceso de recertificaci\u00f3n en el Sistema de Gesti\u00f3n de Calidad bajo la norma ISO 9001. Agreg\u00f3 que esto lleva a un camino de tres a\u00f1os para la nueva recertificaci\u00f3n, dando a la comunidad el compromiso para continuar mejorando la calidad en educaci\u00f3n para los estudiantes.<\/p>\n<p>&nbsp;<\/p>\n<p>Por su parte, el auditor del ICONTEC, Juan Carlos Rave Ram\u00edrez, agreg\u00f3 que es importante resaltar que este reconocimiento es de dos niveles, nacional e internacional. Explic\u00f3 que el certificado que otorga ICONTEC es de car\u00e1cter internacional, puesto que como una entidad multilat\u00edna, que tiene presencia en 14 pa\u00edses, y sumando la acreditaci\u00f3n que tiene Colombia ante el ONAC, los certificados de ICONTEC son v\u00e1lidos a nivel nacional e internacional en 120 pa\u00edses.<\/p>\n<p>&nbsp;<\/p>\n<p>Finalmente Ceballos afirma que para continuar con esta certificaci\u00f3n de Alta Calidad, la comunidad universitaria debe seguir comprometida con los procedimientos que est\u00e1n descritos en el Sistema Integral de Gesti\u00f3n de la universidad. Tambi\u00e9n invita a que cada integrante de la instituci\u00f3n presente sus sugerencias para continuar evolucionando y mejorando como una universidad de Alta Calidad en Colombia y el mundo.<\/p>\n<p>&nbsp;<\/p>\n<p><u><a href=\"https:\/\/www.ivoox.com\/rector-icontec-audios-mp3_rf_36481072_1.html\">Audio Rector.<\/a><\/u><\/p>\n<p>&nbsp;<\/p>\n<p><strong>Informes: <\/strong>Oficina de Comunicaciones y Prensa Universidad de Caldas. Tel\u00e9fono: 8781500 Extensi\u00f3n: 12167<\/p>\n<p><strong>Redacci\u00f3n: <\/strong>Mateo Buritic\u00e1 Giraldo<\/p>\n<p>&nbsp;<\/p>\n","protected":false},"excerpt":{"rendered":"<p>CERTIFICACI\u00d3N POR TRES A\u00d1OS M\u00c1S Universidad de Caldas recibe recertificaci\u00f3n de Alta Calidad por parte de ICONTEC 29\/05\/2019 La Universidad de Caldas recibi\u00f3 nuevamente la Certificaci\u00f3n de Alta Calidad por parte del ICONTEC, que legitima la calidad de los procesos que la instituci\u00f3n lleva a cabo en la Educaci\u00f3n Superior en Colombia.<\/p>\n","protected":false},"author":2,"featured_media":48666,"comment_status":"closed","ping_status":"open","sticky":false,"template":"","format":"standard","meta":{"footnotes":""},"categories":[48,53],"tags":[239,423,1753,2746],"class_list":["post-48679","post","type-post","status-publish","format-standard","has-post-thumbnail","hentry","category-actualidad","category-universidad-al-dia","tag-alta-calidad","tag-certificacion","tag-icontec","tag-iso-9001"],"yoast_head":"<!-- This site is optimized with the Yoast SEO plugin v27.5 - https:\/\/yoast.com\/product\/yoast-seo-wordpress\/ -->\n<title>Universidad de Caldas recibe recertificaci\u00f3n de Alta Calidad por parte de ICONTEC .<\/title>\n<meta name=\"robots\" content=\"index, follow, max-snippet:-1, max-image-preview:large, max-video-preview:-1\" \/>\n<link rel=\"canonical\" href=\"https:\/\/www.ucaldas.edu.co\/portal\/universidad-de-caldas-recibe-recertificacion-de-alta-calidad-por-parte-de-icontec\/\" \/>\n<script type=\"application\/ld+json\" class=\"yoast-schema-graph\">{\"@context\":\"https:\\\/\\\/schema.org\",\"@graph\":[{\"@type\":\"Article\",\"@id\":\"https:\\\/\\\/www.ucaldas.edu.co\\\/portal\\\/universidad-de-caldas-recibe-recertificacion-de-alta-calidad-por-parte-de-icontec\\\/#article\",\"isPartOf\":{\"@id\":\"https:\\\/\\\/www.ucaldas.edu.co\\\/portal\\\/universidad-de-caldas-recibe-recertificacion-de-alta-calidad-por-parte-de-icontec\\\/\"},\"author\":{\"name\":\"ofiprensa\",\"@id\":\"https:\\\/\\\/www.ucaldas.edu.co\\\/portal\\\/#\\\/schema\\\/person\\\/a1b482e23449158b4bc319926c074fdf\"},\"headline\":\"Universidad de Caldas recibe recertificaci\u00f3n de Alta Calidad por parte de ICONTEC\",\"datePublished\":\"2019-05-29T22:39:19+00:00\",\"mainEntityOfPage\":{\"@id\":\"https:\\\/\\\/www.ucaldas.edu.co\\\/portal\\\/universidad-de-caldas-recibe-recertificacion-de-alta-calidad-por-parte-de-icontec\\\/\"},\"wordCount\":385,\"publisher\":{\"@id\":\"https:\\\/\\\/www.ucaldas.edu.co\\\/portal\\\/#organization\"},\"image\":{\"@id\":\"https:\\\/\\\/www.ucaldas.edu.co\\\/portal\\\/universidad-de-caldas-recibe-recertificacion-de-alta-calidad-por-parte-de-icontec\\\/#primaryimage\"},\"thumbnailUrl\":\"https:\\\/\\\/www.ucaldas.edu.co\\\/portal\\\/wp-content\\\/uploads\\\/2019\\\/05\\\/icontec-compressor.png\",\"keywords\":[\"alta calidad\",\"certificaci\u00f3n\",\"Icontec\",\"ISO 9001.\"],\"articleSection\":[\"Actualidad\",\"Universidad al D\u00eda\"],\"inLanguage\":\"es\"},{\"@type\":\"WebPage\",\"@id\":\"https:\\\/\\\/www.ucaldas.edu.co\\\/portal\\\/universidad-de-caldas-recibe-recertificacion-de-alta-calidad-por-parte-de-icontec\\\/\",\"url\":\"https:\\\/\\\/www.ucaldas.edu.co\\\/portal\\\/universidad-de-caldas-recibe-recertificacion-de-alta-calidad-por-parte-de-icontec\\\/\",\"name\":\"Universidad de Caldas recibe recertificaci\u00f3n de Alta Calidad por parte de ICONTEC .\",\"isPartOf\":{\"@id\":\"https:\\\/\\\/www.ucaldas.edu.co\\\/portal\\\/#website\"},\"primaryImageOfPage\":{\"@id\":\"https:\\\/\\\/www.ucaldas.edu.co\\\/portal\\\/universidad-de-caldas-recibe-recertificacion-de-alta-calidad-por-parte-de-icontec\\\/#primaryimage\"},\"image\":{\"@id\":\"https:\\\/\\\/www.ucaldas.edu.co\\\/portal\\\/universidad-de-caldas-recibe-recertificacion-de-alta-calidad-por-parte-de-icontec\\\/#primaryimage\"},\"thumbnailUrl\":\"https:\\\/\\\/www.ucaldas.edu.co\\\/portal\\\/wp-content\\\/uploads\\\/2019\\\/05\\\/icontec-compressor.png\",\"datePublished\":\"2019-05-29T22:39:19+00:00\",\"breadcrumb\":{\"@id\":\"https:\\\/\\\/www.ucaldas.edu.co\\\/portal\\\/universidad-de-caldas-recibe-recertificacion-de-alta-calidad-por-parte-de-icontec\\\/#breadcrumb\"},\"inLanguage\":\"es\",\"potentialAction\":[{\"@type\":\"ReadAction\",\"target\":[\"https:\\\/\\\/www.ucaldas.edu.co\\\/portal\\\/universidad-de-caldas-recibe-recertificacion-de-alta-calidad-por-parte-de-icontec\\\/\"]}]},{\"@type\":\"ImageObject\",\"inLanguage\":\"es\",\"@id\":\"https:\\\/\\\/www.ucaldas.edu.co\\\/portal\\\/universidad-de-caldas-recibe-recertificacion-de-alta-calidad-por-parte-de-icontec\\\/#primaryimage\",\"url\":\"https:\\\/\\\/www.ucaldas.edu.co\\\/portal\\\/wp-content\\\/uploads\\\/2019\\\/05\\\/icontec-compressor.png\",\"contentUrl\":\"https:\\\/\\\/www.ucaldas.edu.co\\\/portal\\\/wp-content\\\/uploads\\\/2019\\\/05\\\/icontec-compressor.png\",\"width\":700,\"height\":400},{\"@type\":\"BreadcrumbList\",\"@id\":\"https:\\\/\\\/www.ucaldas.edu.co\\\/portal\\\/universidad-de-caldas-recibe-recertificacion-de-alta-calidad-por-parte-de-icontec\\\/#breadcrumb\",\"itemListElement\":[{\"@type\":\"ListItem\",\"position\":1,\"name\":\"Portada\",\"item\":\"https:\\\/\\\/www.ucaldas.edu.co\\\/portal\\\/\"},{\"@type\":\"ListItem\",\"position\":2,\"name\":\"Universidad de Caldas recibe recertificaci\u00f3n de Alta Calidad por parte de ICONTEC\"}]},{\"@type\":\"WebSite\",\"@id\":\"https:\\\/\\\/www.ucaldas.edu.co\\\/portal\\\/#website\",\"url\":\"https:\\\/\\\/www.ucaldas.edu.co\\\/portal\\\/\",\"name\":\"Universidad de Caldas\",\"description\":\"\",\"publisher\":{\"@id\":\"https:\\\/\\\/www.ucaldas.edu.co\\\/portal\\\/#organization\"},\"alternateName\":\"U. de Caldas\",\"potentialAction\":[{\"@type\":\"SearchAction\",\"target\":{\"@type\":\"EntryPoint\",\"urlTemplate\":\"https:\\\/\\\/www.ucaldas.edu.co\\\/portal\\\/?s={search_term_string}\"},\"query-input\":{\"@type\":\"PropertyValueSpecification\",\"valueRequired\":true,\"valueName\":\"search_term_string\"}}],\"inLanguage\":\"es\"},{\"@type\":\"Organization\",\"@id\":\"https:\\\/\\\/www.ucaldas.edu.co\\\/portal\\\/#organization\",\"name\":\"Universidad de Caldas\",\"alternateName\":\"U. de Caldas\",\"url\":\"https:\\\/\\\/www.ucaldas.edu.co\\\/portal\\\/\",\"logo\":{\"@type\":\"ImageObject\",\"inLanguage\":\"es\",\"@id\":\"https:\\\/\\\/www.ucaldas.edu.co\\\/portal\\\/#\\\/schema\\\/logo\\\/image\\\/\",\"url\":\"https:\\\/\\\/www.ucaldas.edu.co\\\/portal\\\/wp-content\\\/uploads\\\/2023\\\/11\\\/Logo_horizontal_oscuroU-2023.png\",\"contentUrl\":\"https:\\\/\\\/www.ucaldas.edu.co\\\/portal\\\/wp-content\\\/uploads\\\/2023\\\/11\\\/Logo_horizontal_oscuroU-2023.png\",\"width\":263,\"height\":101,\"caption\":\"Universidad de Caldas\"},\"image\":{\"@id\":\"https:\\\/\\\/www.ucaldas.edu.co\\\/portal\\\/#\\\/schema\\\/logo\\\/image\\\/\"},\"sameAs\":[\"https:\\\/\\\/www.facebook.com\\\/udecaldas\",\"https:\\\/\\\/x.com\\\/udecaldas\",\"https:\\\/\\\/www.youtube.com\\\/universidadcaldas\",\"https:\\\/\\\/www.instagram.com\\\/udecaldas\\\/\"]},{\"@type\":\"Person\",\"@id\":\"https:\\\/\\\/www.ucaldas.edu.co\\\/portal\\\/#\\\/schema\\\/person\\\/a1b482e23449158b4bc319926c074fdf\",\"name\":\"ofiprensa\",\"image\":{\"@type\":\"ImageObject\",\"inLanguage\":\"es\",\"@id\":\"https:\\\/\\\/www.ucaldas.edu.co\\\/portal\\\/wp-content\\\/litespeed\\\/avatar\\\/09ea5085e600095a7a811142c6944527.jpg?ver=1777497608\",\"url\":\"https:\\\/\\\/www.ucaldas.edu.co\\\/portal\\\/wp-content\\\/litespeed\\\/avatar\\\/09ea5085e600095a7a811142c6944527.jpg?ver=1777497608\",\"contentUrl\":\"https:\\\/\\\/www.ucaldas.edu.co\\\/portal\\\/wp-content\\\/litespeed\\\/avatar\\\/09ea5085e600095a7a811142c6944527.jpg?ver=1777497608\",\"caption\":\"ofiprensa\"},\"url\":\"https:\\\/\\\/www.ucaldas.edu.co\\\/portal\\\/author\\\/ofiprensa\\\/\"}]}<\/script>\n<!-- \/ Yoast SEO plugin. -->","yoast_head_json":{"title":"Universidad de Caldas recibe recertificaci\u00f3n de Alta Calidad por parte de ICONTEC .","robots":{"index":"index","follow":"follow","max-snippet":"max-snippet:-1","max-image-preview":"max-image-preview:large","max-video-preview":"max-video-preview:-1"},"canonical":"https:\/\/www.ucaldas.edu.co\/portal\/universidad-de-caldas-recibe-recertificacion-de-alta-calidad-por-parte-de-icontec\/","schema":{"@context":"https:\/\/schema.org","@graph":[{"@type":"Article","@id":"https:\/\/www.ucaldas.edu.co\/portal\/universidad-de-caldas-recibe-recertificacion-de-alta-calidad-por-parte-de-icontec\/#article","isPartOf":{"@id":"https:\/\/www.ucaldas.edu.co\/portal\/universidad-de-caldas-recibe-recertificacion-de-alta-calidad-por-parte-de-icontec\/"},"author":{"name":"ofiprensa","@id":"https:\/\/www.ucaldas.edu.co\/portal\/#\/schema\/person\/a1b482e23449158b4bc319926c074fdf"},"headline":"Universidad de Caldas recibe recertificaci\u00f3n de Alta Calidad por parte de ICONTEC","datePublished":"2019-05-29T22:39:19+00:00","mainEntityOfPage":{"@id":"https:\/\/www.ucaldas.edu.co\/portal\/universidad-de-caldas-recibe-recertificacion-de-alta-calidad-por-parte-de-icontec\/"},"wordCount":385,"publisher":{"@id":"https:\/\/www.ucaldas.edu.co\/portal\/#organization"},"image":{"@id":"https:\/\/www.ucaldas.edu.co\/portal\/universidad-de-caldas-recibe-recertificacion-de-alta-calidad-por-parte-de-icontec\/#primaryimage"},"thumbnailUrl":"https:\/\/www.ucaldas.edu.co\/portal\/wp-content\/uploads\/2019\/05\/icontec-compressor.png","keywords":["alta calidad","certificaci\u00f3n","Icontec","ISO 9001."],"articleSection":["Actualidad","Universidad al D\u00eda"],"inLanguage":"es"},{"@type":"WebPage","@id":"https:\/\/www.ucaldas.edu.co\/portal\/universidad-de-caldas-recibe-recertificacion-de-alta-calidad-por-parte-de-icontec\/","url":"https:\/\/www.ucaldas.edu.co\/portal\/universidad-de-caldas-recibe-recertificacion-de-alta-calidad-por-parte-de-icontec\/","name":"Universidad de Caldas recibe recertificaci\u00f3n de Alta Calidad por parte de ICONTEC .","isPartOf":{"@id":"https:\/\/www.ucaldas.edu.co\/portal\/#website"},"primaryImageOfPage":{"@id":"https:\/\/www.ucaldas.edu.co\/portal\/universidad-de-caldas-recibe-recertificacion-de-alta-calidad-por-parte-de-icontec\/#primaryimage"},"image":{"@id":"https:\/\/www.ucaldas.edu.co\/portal\/universidad-de-caldas-recibe-recertificacion-de-alta-calidad-por-parte-de-icontec\/#primaryimage"},"thumbnailUrl":"https:\/\/www.ucaldas.edu.co\/portal\/wp-content\/uploads\/2019\/05\/icontec-compressor.png","datePublished":"2019-05-29T22:39:19+00:00","breadcrumb":{"@id":"https:\/\/www.ucaldas.edu.co\/portal\/universidad-de-caldas-recibe-recertificacion-de-alta-calidad-por-parte-de-icontec\/#breadcrumb"},"inLanguage":"es","potentialAction":[{"@type":"ReadAction","target":["https:\/\/www.ucaldas.edu.co\/portal\/universidad-de-caldas-recibe-recertificacion-de-alta-calidad-por-parte-de-icontec\/"]}]},{"@type":"ImageObject","inLanguage":"es","@id":"https:\/\/www.ucaldas.edu.co\/portal\/universidad-de-caldas-recibe-recertificacion-de-alta-calidad-por-parte-de-icontec\/#primaryimage","url":"https:\/\/www.ucaldas.edu.co\/portal\/wp-content\/uploads\/2019\/05\/icontec-compressor.png","contentUrl":"https:\/\/www.ucaldas.edu.co\/portal\/wp-content\/uploads\/2019\/05\/icontec-compressor.png","width":700,"height":400},{"@type":"BreadcrumbList","@id":"https:\/\/www.ucaldas.edu.co\/portal\/universidad-de-caldas-recibe-recertificacion-de-alta-calidad-por-parte-de-icontec\/#breadcrumb","itemListElement":[{"@type":"ListItem","position":1,"name":"Portada","item":"https:\/\/www.ucaldas.edu.co\/portal\/"},{"@type":"ListItem","position":2,"name":"Universidad de Caldas recibe recertificaci\u00f3n de Alta Calidad por parte de ICONTEC"}]},{"@type":"WebSite","@id":"https:\/\/www.ucaldas.edu.co\/portal\/#website","url":"https:\/\/www.ucaldas.edu.co\/portal\/","name":"Universidad de Caldas","description":"","publisher":{"@id":"https:\/\/www.ucaldas.edu.co\/portal\/#organization"},"alternateName":"U. de Caldas","potentialAction":[{"@type":"SearchAction","target":{"@type":"EntryPoint","urlTemplate":"https:\/\/www.ucaldas.edu.co\/portal\/?s={search_term_string}"},"query-input":{"@type":"PropertyValueSpecification","valueRequired":true,"valueName":"search_term_string"}}],"inLanguage":"es"},{"@type":"Organization","@id":"https:\/\/www.ucaldas.edu.co\/portal\/#organization","name":"Universidad de Caldas","alternateName":"U. de Caldas","url":"https:\/\/www.ucaldas.edu.co\/portal\/","logo":{"@type":"ImageObject","inLanguage":"es","@id":"https:\/\/www.ucaldas.edu.co\/portal\/#\/schema\/logo\/image\/","url":"https:\/\/www.ucaldas.edu.co\/portal\/wp-content\/uploads\/2023\/11\/Logo_horizontal_oscuroU-2023.png","contentUrl":"https:\/\/www.ucaldas.edu.co\/portal\/wp-content\/uploads\/2023\/11\/Logo_horizontal_oscuroU-2023.png","width":263,"height":101,"caption":"Universidad de Caldas"},"image":{"@id":"https:\/\/www.ucaldas.edu.co\/portal\/#\/schema\/logo\/image\/"},"sameAs":["https:\/\/www.facebook.com\/udecaldas","https:\/\/x.com\/udecaldas","https:\/\/www.youtube.com\/universidadcaldas","https:\/\/www.instagram.com\/udecaldas\/"]},{"@type":"Person","@id":"https:\/\/www.ucaldas.edu.co\/portal\/#\/schema\/person\/a1b482e23449158b4bc319926c074fdf","name":"ofiprensa","image":{"@type":"ImageObject","inLanguage":"es","@id":"https:\/\/www.ucaldas.edu.co\/portal\/wp-content\/litespeed\/avatar\/09ea5085e600095a7a811142c6944527.jpg?ver=1777497608","url":"https:\/\/www.ucaldas.edu.co\/portal\/wp-content\/litespeed\/avatar\/09ea5085e600095a7a811142c6944527.jpg?ver=1777497608","contentUrl":"https:\/\/www.ucaldas.edu.co\/portal\/wp-content\/litespeed\/avatar\/09ea5085e600095a7a811142c6944527.jpg?ver=1777497608","caption":"ofiprensa"},"url":"https:\/\/www.ucaldas.edu.co\/portal\/author\/ofiprensa\/"}]}},"_links":{"self":[{"href":"https:\/\/www.ucaldas.edu.co\/portal\/wp-json\/wp\/v2\/posts\/48679","targetHints":{"allow":["GET"]}}],"collection":[{"href":"https:\/\/www.ucaldas.edu.co\/portal\/wp-json\/wp\/v2\/posts"}],"about":[{"href":"https:\/\/www.ucaldas.edu.co\/portal\/wp-json\/wp\/v2\/types\/post"}],"author":[{"embeddable":true,"href":"https:\/\/www.ucaldas.edu.co\/portal\/wp-json\/wp\/v2\/users\/2"}],"replies":[{"embeddable":true,"href":"https:\/\/www.ucaldas.edu.co\/portal\/wp-json\/wp\/v2\/comments?post=48679"}],"version-history":[{"count":0,"href":"https:\/\/www.ucaldas.edu.co\/portal\/wp-json\/wp\/v2\/posts\/48679\/revisions"}],"wp:featuredmedia":[{"embeddable":true,"href":"https:\/\/www.ucaldas.edu.co\/portal\/wp-json\/wp\/v2\/media\/48666"}],"wp:attachment":[{"href":"https:\/\/www.ucaldas.edu.co\/portal\/wp-json\/wp\/v2\/media?parent=48679"}],"wp:term":[{"taxonomy":"category","embeddable":true,"href":"https:\/\/www.ucaldas.edu.co\/portal\/wp-json\/wp\/v2\/categories?post=48679"},{"taxonomy":"post_tag","embeddable":true,"href":"https:\/\/www.ucaldas.edu.co\/portal\/wp-json\/wp\/v2\/tags?post=48679"}],"curies":[{"name":"wp","href":"https:\/\/api.w.org\/{rel}","templated":true}]}}