{"id":48548,"date":"2019-05-24T22:04:14","date_gmt":"2019-05-24T22:04:14","guid":{"rendered":"https:\/\/www.ucaldas.edu.co\/portal\/?p=48548"},"modified":"2019-05-24T22:04:14","modified_gmt":"2019-05-24T22:04:14","slug":"rector-u-de-caldas-presente-en-el-consejo-de-facultad-de-artes-y-humanidades","status":"publish","type":"post","link":"https:\/\/www.ucaldas.edu.co\/portal\/rector-u-de-caldas-presente-en-el-consejo-de-facultad-de-artes-y-humanidades\/","title":{"rendered":"Rector U. de Caldas presente en el Consejo de Facultad de Artes y Humanidades"},"content":{"rendered":"<p style=\"text-align: center;\">LA ADMINISTRACI\u00d3N ATIENDE LAS NECESIDADES DE LAS FACULTADES<\/p>\n<p style=\"text-align: center;\"><strong>Rector U. de Caldas presente en el Consejo de Facultad de Artes y Humanidades<\/strong><\/p>\n<p style=\"text-align: right;\">24\/05\/2019<\/p>\n<p><img loading=\"lazy\" decoding=\"async\" class=\"size-full wp-image-48530 aligncenter\" src=\"https:\/\/www.ucaldas.edu.co\/portal\/wp-content\/uploads\/2019\/05\/bellas-compressor.png\" alt=\"\" width=\"700\" height=\"400\" srcset=\"https:\/\/www.ucaldas.edu.co\/portal\/wp-content\/uploads\/2019\/05\/bellas-compressor.png 700w, https:\/\/www.ucaldas.edu.co\/portal\/wp-content\/uploads\/2019\/05\/bellas-compressor-300x171.png 300w\" sizes=\"auto, (max-width: 700px) 100vw, 700px\" \/>Alejandro Ceballos M\u00e1rquez, Rector de la Universidad de Caldas, estuvo presente durante la sesi\u00f3n extraordinaria del Consejo de la Facultad de Artes y Humanidades, atendiendo las solicitudes que solicita esta facultad.<\/p>\n<p><!--more--><\/p>\n<p>Claudia Jurado Grisales, Decana de la Facultad de Artes y Humanidades, coment\u00f3 que Ceballos hablo sobre la iniciativa de la administraci\u00f3n de visitar los diferentes campus de la universidad atendiendo cada una de las necesidades que estas requieren. Agreg\u00f3 que los directores de programa expusieron sus necesidades en cuanto a los espacios de pr\u00e1ctica para sus actividades estudiantiles.<\/p>\n<p>&nbsp;<\/p>\n<p>Jurado expresa que para la facultad lo m\u00e1s importante que se debe atender es el tema de Proyecci\u00f3n y los recursos que se destinan, puesto que afirma que esta facultad maneja m\u00e1s del 90% de la agenda cultural de la Universidad de Caldas.<\/p>\n<p>&nbsp;<\/p>\n<p><u><a href=\"https:\/\/www.ivoox.com\/claudia-jurado-audios-mp3_rf_36309400_1.html\">Audio Decana Claudia Jurado Grisales.<\/a><\/u><\/p>\n<p>&nbsp;<\/p>\n<p><strong>Informes: <\/strong>Oficina de Comunicaciones y Prensa Universidad de Caldas. Tel\u00e9fono: 8781500 Extensi\u00f3n: 12167<\/p>\n<p><strong>Redacci\u00f3n: <\/strong>Mateo Buritic\u00e1 Giraldo<\/p>\n<p>&nbsp;<\/p>\n","protected":false},"excerpt":{"rendered":"<p>LA ADMINISTRACI\u00d3N ATIENDE LAS NECESIDADES DE LAS FACULTADES Rector U. de Caldas presente en el Consejo de Facultad de Artes y Humanidades 24\/05\/2019 Alejandro Ceballos M\u00e1rquez, Rector de la Universidad de Caldas, estuvo presente durante la sesi\u00f3n extraordinaria del Consejo de la Facultad de Artes y Humanidades, atendiendo las solicitudes que solicita esta facultad.<\/p>\n","protected":false},"author":2,"featured_media":48530,"comment_status":"closed","ping_status":"open","sticky":false,"template":"","format":"standard","meta":{"footnotes":""},"categories":[48,53],"tags":[1116,1254,3306,3962],"class_list":["post-48548","post","type-post","status-publish","format-standard","has-post-thumbnail","hentry","category-actualidad","category-universidad-al-dia","tag-rector","tag-facultad-de-artes-y-humanidades","tag-sesion-extraordinaria","tag-consejo"],"yoast_head":"<!-- This site is optimized with the Yoast SEO plugin v27.5 - https:\/\/yoast.com\/product\/yoast-seo-wordpress\/ -->\n<title>Rector U. de Caldas presente en el Consejo de Facultad de Artes y Humanidades .<\/title>\n<meta name=\"robots\" content=\"index, follow, max-snippet:-1, max-image-preview:large, max-video-preview:-1\" \/>\n<link rel=\"canonical\" href=\"https:\/\/www.ucaldas.edu.co\/portal\/rector-u-de-caldas-presente-en-el-consejo-de-facultad-de-artes-y-humanidades\/\" \/>\n<script type=\"application\/ld+json\" class=\"yoast-schema-graph\">{\"@context\":\"https:\\\/\\\/schema.org\",\"@graph\":[{\"@type\":\"Article\",\"@id\":\"https:\\\/\\\/www.ucaldas.edu.co\\\/portal\\\/rector-u-de-caldas-presente-en-el-consejo-de-facultad-de-artes-y-humanidades\\\/#article\",\"isPartOf\":{\"@id\":\"https:\\\/\\\/www.ucaldas.edu.co\\\/portal\\\/rector-u-de-caldas-presente-en-el-consejo-de-facultad-de-artes-y-humanidades\\\/\"},\"author\":{\"name\":\"ofiprensa\",\"@id\":\"https:\\\/\\\/www.ucaldas.edu.co\\\/portal\\\/#\\\/schema\\\/person\\\/a1b482e23449158b4bc319926c074fdf\"},\"headline\":\"Rector U. de Caldas presente en el Consejo de Facultad de Artes y Humanidades\",\"datePublished\":\"2019-05-24T22:04:14+00:00\",\"mainEntityOfPage\":{\"@id\":\"https:\\\/\\\/www.ucaldas.edu.co\\\/portal\\\/rector-u-de-caldas-presente-en-el-consejo-de-facultad-de-artes-y-humanidades\\\/\"},\"wordCount\":202,\"publisher\":{\"@id\":\"https:\\\/\\\/www.ucaldas.edu.co\\\/portal\\\/#organization\"},\"image\":{\"@id\":\"https:\\\/\\\/www.ucaldas.edu.co\\\/portal\\\/rector-u-de-caldas-presente-en-el-consejo-de-facultad-de-artes-y-humanidades\\\/#primaryimage\"},\"thumbnailUrl\":\"https:\\\/\\\/www.ucaldas.edu.co\\\/portal\\\/wp-content\\\/uploads\\\/2019\\\/05\\\/bellas-compressor.png\",\"keywords\":[\"Rector\",\"Facultad de Artes y Humanidades\",\"sesi\u00f3n extraordinaria\",\"consejo\"],\"articleSection\":[\"Actualidad\",\"Universidad al D\u00eda\"],\"inLanguage\":\"es\"},{\"@type\":\"WebPage\",\"@id\":\"https:\\\/\\\/www.ucaldas.edu.co\\\/portal\\\/rector-u-de-caldas-presente-en-el-consejo-de-facultad-de-artes-y-humanidades\\\/\",\"url\":\"https:\\\/\\\/www.ucaldas.edu.co\\\/portal\\\/rector-u-de-caldas-presente-en-el-consejo-de-facultad-de-artes-y-humanidades\\\/\",\"name\":\"Rector U. de Caldas presente en el Consejo de Facultad de Artes y Humanidades .\",\"isPartOf\":{\"@id\":\"https:\\\/\\\/www.ucaldas.edu.co\\\/portal\\\/#website\"},\"primaryImageOfPage\":{\"@id\":\"https:\\\/\\\/www.ucaldas.edu.co\\\/portal\\\/rector-u-de-caldas-presente-en-el-consejo-de-facultad-de-artes-y-humanidades\\\/#primaryimage\"},\"image\":{\"@id\":\"https:\\\/\\\/www.ucaldas.edu.co\\\/portal\\\/rector-u-de-caldas-presente-en-el-consejo-de-facultad-de-artes-y-humanidades\\\/#primaryimage\"},\"thumbnailUrl\":\"https:\\\/\\\/www.ucaldas.edu.co\\\/portal\\\/wp-content\\\/uploads\\\/2019\\\/05\\\/bellas-compressor.png\",\"datePublished\":\"2019-05-24T22:04:14+00:00\",\"breadcrumb\":{\"@id\":\"https:\\\/\\\/www.ucaldas.edu.co\\\/portal\\\/rector-u-de-caldas-presente-en-el-consejo-de-facultad-de-artes-y-humanidades\\\/#breadcrumb\"},\"inLanguage\":\"es\",\"potentialAction\":[{\"@type\":\"ReadAction\",\"target\":[\"https:\\\/\\\/www.ucaldas.edu.co\\\/portal\\\/rector-u-de-caldas-presente-en-el-consejo-de-facultad-de-artes-y-humanidades\\\/\"]}]},{\"@type\":\"ImageObject\",\"inLanguage\":\"es\",\"@id\":\"https:\\\/\\\/www.ucaldas.edu.co\\\/portal\\\/rector-u-de-caldas-presente-en-el-consejo-de-facultad-de-artes-y-humanidades\\\/#primaryimage\",\"url\":\"https:\\\/\\\/www.ucaldas.edu.co\\\/portal\\\/wp-content\\\/uploads\\\/2019\\\/05\\\/bellas-compressor.png\",\"contentUrl\":\"https:\\\/\\\/www.ucaldas.edu.co\\\/portal\\\/wp-content\\\/uploads\\\/2019\\\/05\\\/bellas-compressor.png\",\"width\":700,\"height\":400},{\"@type\":\"BreadcrumbList\",\"@id\":\"https:\\\/\\\/www.ucaldas.edu.co\\\/portal\\\/rector-u-de-caldas-presente-en-el-consejo-de-facultad-de-artes-y-humanidades\\\/#breadcrumb\",\"itemListElement\":[{\"@type\":\"ListItem\",\"position\":1,\"name\":\"Portada\",\"item\":\"https:\\\/\\\/www.ucaldas.edu.co\\\/portal\\\/\"},{\"@type\":\"ListItem\",\"position\":2,\"name\":\"Rector U. de Caldas presente en el Consejo de Facultad de Artes y Humanidades\"}]},{\"@type\":\"WebSite\",\"@id\":\"https:\\\/\\\/www.ucaldas.edu.co\\\/portal\\\/#website\",\"url\":\"https:\\\/\\\/www.ucaldas.edu.co\\\/portal\\\/\",\"name\":\"Universidad de Caldas\",\"description\":\"\",\"publisher\":{\"@id\":\"https:\\\/\\\/www.ucaldas.edu.co\\\/portal\\\/#organization\"},\"alternateName\":\"U. de Caldas\",\"potentialAction\":[{\"@type\":\"SearchAction\",\"target\":{\"@type\":\"EntryPoint\",\"urlTemplate\":\"https:\\\/\\\/www.ucaldas.edu.co\\\/portal\\\/?s={search_term_string}\"},\"query-input\":{\"@type\":\"PropertyValueSpecification\",\"valueRequired\":true,\"valueName\":\"search_term_string\"}}],\"inLanguage\":\"es\"},{\"@type\":\"Organization\",\"@id\":\"https:\\\/\\\/www.ucaldas.edu.co\\\/portal\\\/#organization\",\"name\":\"Universidad de Caldas\",\"alternateName\":\"U. de Caldas\",\"url\":\"https:\\\/\\\/www.ucaldas.edu.co\\\/portal\\\/\",\"logo\":{\"@type\":\"ImageObject\",\"inLanguage\":\"es\",\"@id\":\"https:\\\/\\\/www.ucaldas.edu.co\\\/portal\\\/#\\\/schema\\\/logo\\\/image\\\/\",\"url\":\"https:\\\/\\\/www.ucaldas.edu.co\\\/portal\\\/wp-content\\\/uploads\\\/2023\\\/11\\\/Logo_horizontal_oscuroU-2023.png\",\"contentUrl\":\"https:\\\/\\\/www.ucaldas.edu.co\\\/portal\\\/wp-content\\\/uploads\\\/2023\\\/11\\\/Logo_horizontal_oscuroU-2023.png\",\"width\":263,\"height\":101,\"caption\":\"Universidad de Caldas\"},\"image\":{\"@id\":\"https:\\\/\\\/www.ucaldas.edu.co\\\/portal\\\/#\\\/schema\\\/logo\\\/image\\\/\"},\"sameAs\":[\"https:\\\/\\\/www.facebook.com\\\/udecaldas\",\"https:\\\/\\\/x.com\\\/udecaldas\",\"https:\\\/\\\/www.youtube.com\\\/universidadcaldas\",\"https:\\\/\\\/www.instagram.com\\\/udecaldas\\\/\"]},{\"@type\":\"Person\",\"@id\":\"https:\\\/\\\/www.ucaldas.edu.co\\\/portal\\\/#\\\/schema\\\/person\\\/a1b482e23449158b4bc319926c074fdf\",\"name\":\"ofiprensa\",\"image\":{\"@type\":\"ImageObject\",\"inLanguage\":\"es\",\"@id\":\"https:\\\/\\\/www.ucaldas.edu.co\\\/portal\\\/wp-content\\\/litespeed\\\/avatar\\\/09ea5085e600095a7a811142c6944527.jpg?ver=1777497608\",\"url\":\"https:\\\/\\\/www.ucaldas.edu.co\\\/portal\\\/wp-content\\\/litespeed\\\/avatar\\\/09ea5085e600095a7a811142c6944527.jpg?ver=1777497608\",\"contentUrl\":\"https:\\\/\\\/www.ucaldas.edu.co\\\/portal\\\/wp-content\\\/litespeed\\\/avatar\\\/09ea5085e600095a7a811142c6944527.jpg?ver=1777497608\",\"caption\":\"ofiprensa\"},\"url\":\"https:\\\/\\\/www.ucaldas.edu.co\\\/portal\\\/author\\\/ofiprensa\\\/\"}]}<\/script>\n<!-- \/ Yoast SEO plugin. -->","yoast_head_json":{"title":"Rector U. de Caldas presente en el Consejo de Facultad de Artes y Humanidades .","robots":{"index":"index","follow":"follow","max-snippet":"max-snippet:-1","max-image-preview":"max-image-preview:large","max-video-preview":"max-video-preview:-1"},"canonical":"https:\/\/www.ucaldas.edu.co\/portal\/rector-u-de-caldas-presente-en-el-consejo-de-facultad-de-artes-y-humanidades\/","schema":{"@context":"https:\/\/schema.org","@graph":[{"@type":"Article","@id":"https:\/\/www.ucaldas.edu.co\/portal\/rector-u-de-caldas-presente-en-el-consejo-de-facultad-de-artes-y-humanidades\/#article","isPartOf":{"@id":"https:\/\/www.ucaldas.edu.co\/portal\/rector-u-de-caldas-presente-en-el-consejo-de-facultad-de-artes-y-humanidades\/"},"author":{"name":"ofiprensa","@id":"https:\/\/www.ucaldas.edu.co\/portal\/#\/schema\/person\/a1b482e23449158b4bc319926c074fdf"},"headline":"Rector U. de Caldas presente en el Consejo de Facultad de Artes y Humanidades","datePublished":"2019-05-24T22:04:14+00:00","mainEntityOfPage":{"@id":"https:\/\/www.ucaldas.edu.co\/portal\/rector-u-de-caldas-presente-en-el-consejo-de-facultad-de-artes-y-humanidades\/"},"wordCount":202,"publisher":{"@id":"https:\/\/www.ucaldas.edu.co\/portal\/#organization"},"image":{"@id":"https:\/\/www.ucaldas.edu.co\/portal\/rector-u-de-caldas-presente-en-el-consejo-de-facultad-de-artes-y-humanidades\/#primaryimage"},"thumbnailUrl":"https:\/\/www.ucaldas.edu.co\/portal\/wp-content\/uploads\/2019\/05\/bellas-compressor.png","keywords":["Rector","Facultad de Artes y Humanidades","sesi\u00f3n extraordinaria","consejo"],"articleSection":["Actualidad","Universidad al D\u00eda"],"inLanguage":"es"},{"@type":"WebPage","@id":"https:\/\/www.ucaldas.edu.co\/portal\/rector-u-de-caldas-presente-en-el-consejo-de-facultad-de-artes-y-humanidades\/","url":"https:\/\/www.ucaldas.edu.co\/portal\/rector-u-de-caldas-presente-en-el-consejo-de-facultad-de-artes-y-humanidades\/","name":"Rector U. de Caldas presente en el Consejo de Facultad de Artes y Humanidades .","isPartOf":{"@id":"https:\/\/www.ucaldas.edu.co\/portal\/#website"},"primaryImageOfPage":{"@id":"https:\/\/www.ucaldas.edu.co\/portal\/rector-u-de-caldas-presente-en-el-consejo-de-facultad-de-artes-y-humanidades\/#primaryimage"},"image":{"@id":"https:\/\/www.ucaldas.edu.co\/portal\/rector-u-de-caldas-presente-en-el-consejo-de-facultad-de-artes-y-humanidades\/#primaryimage"},"thumbnailUrl":"https:\/\/www.ucaldas.edu.co\/portal\/wp-content\/uploads\/2019\/05\/bellas-compressor.png","datePublished":"2019-05-24T22:04:14+00:00","breadcrumb":{"@id":"https:\/\/www.ucaldas.edu.co\/portal\/rector-u-de-caldas-presente-en-el-consejo-de-facultad-de-artes-y-humanidades\/#breadcrumb"},"inLanguage":"es","potentialAction":[{"@type":"ReadAction","target":["https:\/\/www.ucaldas.edu.co\/portal\/rector-u-de-caldas-presente-en-el-consejo-de-facultad-de-artes-y-humanidades\/"]}]},{"@type":"ImageObject","inLanguage":"es","@id":"https:\/\/www.ucaldas.edu.co\/portal\/rector-u-de-caldas-presente-en-el-consejo-de-facultad-de-artes-y-humanidades\/#primaryimage","url":"https:\/\/www.ucaldas.edu.co\/portal\/wp-content\/uploads\/2019\/05\/bellas-compressor.png","contentUrl":"https:\/\/www.ucaldas.edu.co\/portal\/wp-content\/uploads\/2019\/05\/bellas-compressor.png","width":700,"height":400},{"@type":"BreadcrumbList","@id":"https:\/\/www.ucaldas.edu.co\/portal\/rector-u-de-caldas-presente-en-el-consejo-de-facultad-de-artes-y-humanidades\/#breadcrumb","itemListElement":[{"@type":"ListItem","position":1,"name":"Portada","item":"https:\/\/www.ucaldas.edu.co\/portal\/"},{"@type":"ListItem","position":2,"name":"Rector U. de Caldas presente en el Consejo de Facultad de Artes y Humanidades"}]},{"@type":"WebSite","@id":"https:\/\/www.ucaldas.edu.co\/portal\/#website","url":"https:\/\/www.ucaldas.edu.co\/portal\/","name":"Universidad de Caldas","description":"","publisher":{"@id":"https:\/\/www.ucaldas.edu.co\/portal\/#organization"},"alternateName":"U. de Caldas","potentialAction":[{"@type":"SearchAction","target":{"@type":"EntryPoint","urlTemplate":"https:\/\/www.ucaldas.edu.co\/portal\/?s={search_term_string}"},"query-input":{"@type":"PropertyValueSpecification","valueRequired":true,"valueName":"search_term_string"}}],"inLanguage":"es"},{"@type":"Organization","@id":"https:\/\/www.ucaldas.edu.co\/portal\/#organization","name":"Universidad de Caldas","alternateName":"U. de Caldas","url":"https:\/\/www.ucaldas.edu.co\/portal\/","logo":{"@type":"ImageObject","inLanguage":"es","@id":"https:\/\/www.ucaldas.edu.co\/portal\/#\/schema\/logo\/image\/","url":"https:\/\/www.ucaldas.edu.co\/portal\/wp-content\/uploads\/2023\/11\/Logo_horizontal_oscuroU-2023.png","contentUrl":"https:\/\/www.ucaldas.edu.co\/portal\/wp-content\/uploads\/2023\/11\/Logo_horizontal_oscuroU-2023.png","width":263,"height":101,"caption":"Universidad de Caldas"},"image":{"@id":"https:\/\/www.ucaldas.edu.co\/portal\/#\/schema\/logo\/image\/"},"sameAs":["https:\/\/www.facebook.com\/udecaldas","https:\/\/x.com\/udecaldas","https:\/\/www.youtube.com\/universidadcaldas","https:\/\/www.instagram.com\/udecaldas\/"]},{"@type":"Person","@id":"https:\/\/www.ucaldas.edu.co\/portal\/#\/schema\/person\/a1b482e23449158b4bc319926c074fdf","name":"ofiprensa","image":{"@type":"ImageObject","inLanguage":"es","@id":"https:\/\/www.ucaldas.edu.co\/portal\/wp-content\/litespeed\/avatar\/09ea5085e600095a7a811142c6944527.jpg?ver=1777497608","url":"https:\/\/www.ucaldas.edu.co\/portal\/wp-content\/litespeed\/avatar\/09ea5085e600095a7a811142c6944527.jpg?ver=1777497608","contentUrl":"https:\/\/www.ucaldas.edu.co\/portal\/wp-content\/litespeed\/avatar\/09ea5085e600095a7a811142c6944527.jpg?ver=1777497608","caption":"ofiprensa"},"url":"https:\/\/www.ucaldas.edu.co\/portal\/author\/ofiprensa\/"}]}},"_links":{"self":[{"href":"https:\/\/www.ucaldas.edu.co\/portal\/wp-json\/wp\/v2\/posts\/48548","targetHints":{"allow":["GET"]}}],"collection":[{"href":"https:\/\/www.ucaldas.edu.co\/portal\/wp-json\/wp\/v2\/posts"}],"about":[{"href":"https:\/\/www.ucaldas.edu.co\/portal\/wp-json\/wp\/v2\/types\/post"}],"author":[{"embeddable":true,"href":"https:\/\/www.ucaldas.edu.co\/portal\/wp-json\/wp\/v2\/users\/2"}],"replies":[{"embeddable":true,"href":"https:\/\/www.ucaldas.edu.co\/portal\/wp-json\/wp\/v2\/comments?post=48548"}],"version-history":[{"count":0,"href":"https:\/\/www.ucaldas.edu.co\/portal\/wp-json\/wp\/v2\/posts\/48548\/revisions"}],"wp:featuredmedia":[{"embeddable":true,"href":"https:\/\/www.ucaldas.edu.co\/portal\/wp-json\/wp\/v2\/media\/48530"}],"wp:attachment":[{"href":"https:\/\/www.ucaldas.edu.co\/portal\/wp-json\/wp\/v2\/media?parent=48548"}],"wp:term":[{"taxonomy":"category","embeddable":true,"href":"https:\/\/www.ucaldas.edu.co\/portal\/wp-json\/wp\/v2\/categories?post=48548"},{"taxonomy":"post_tag","embeddable":true,"href":"https:\/\/www.ucaldas.edu.co\/portal\/wp-json\/wp\/v2\/tags?post=48548"}],"curies":[{"name":"wp","href":"https:\/\/api.w.org\/{rel}","templated":true}]}}