{"id":48546,"date":"2019-05-24T22:03:19","date_gmt":"2019-05-24T22:03:19","guid":{"rendered":"https:\/\/www.ucaldas.edu.co\/portal\/?p=48546"},"modified":"2019-05-24T22:03:19","modified_gmt":"2019-05-24T22:03:19","slug":"docente-de-la-universidad-de-caldas-recibio-reconocimiento-de-la-secretaria-de-cultura-de-caldas","status":"publish","type":"post","link":"https:\/\/www.ucaldas.edu.co\/portal\/docente-de-la-universidad-de-caldas-recibio-reconocimiento-de-la-secretaria-de-cultura-de-caldas\/","title":{"rendered":"Docente de la Universidad de Caldas, recibi\u00f3 reconocimiento de la Secretar\u00eda de Cultura de Caldas"},"content":{"rendered":"<p style=\"text-align: center;\">SE TRATA DE YOVANNY BETANCUR-SANTA<\/p>\n<p style=\"text-align: center;\"><strong>Docente de la Universidad de Caldas, recibi\u00f3 reconocimiento de la Secretar\u00eda de Cultura de Caldas <\/strong><\/p>\n<p style=\"text-align: right;\">24\/05\/2019<\/p>\n<p><img loading=\"lazy\" decoding=\"async\" class=\"size-full wp-image-48537 aligncenter\" src=\"https:\/\/www.ucaldas.edu.co\/portal\/wp-content\/uploads\/2019\/05\/Yovanny-m\u00fasica-compressor.png\" alt=\"\" width=\"700\" height=\"400\" srcset=\"https:\/\/www.ucaldas.edu.co\/portal\/wp-content\/uploads\/2019\/05\/Yovanny-m\u00fasica-compressor.png 700w, https:\/\/www.ucaldas.edu.co\/portal\/wp-content\/uploads\/2019\/05\/Yovanny-m\u00fasica-compressor-300x171.png 300w\" sizes=\"auto, (max-width: 700px) 100vw, 700px\" \/>Yovanny Betancur-Santa, profesor de la C\u00e1tedra de flauta,\u00a0 Director del Departamento de M\u00fasica y\u00a0 del Ensamble de M\u00fasica Contempor\u00e1nea de la Universidad de Caldas, recibi\u00f3 un reconocimiento de la Secretar\u00eda de Cultura de Caldas por su trayectoria art\u00edstica y su aporte al fortalecimiento del sector cultural en el territorio local, nacional e internacional.<\/p>\n<p><!--more--><\/p>\n<p>\u201cEste reconocimiento reconforta el alma y lo impulsa a uno a seguir adelante en los proyectos que tenemos actualmente en el departamento de m\u00fasica;\u00a0 lo recibo en nombre de todos los m\u00fasicos y colegas que durante a\u00f1os han hecho que esta regi\u00f3n suene y tenga una revoluci\u00f3n musical\u201d manifest\u00f3 Betancur Santa.<\/p>\n<p>&nbsp;<\/p>\n<p>El acto de conmemoraci\u00f3n tuvo lugar durante la ceremonia de premiaci\u00f3n de Triada de la Cultura en Caldas, por medio de la cual se otorgan recursos econ\u00f3micos a los ganadores en las categor\u00edas de Est\u00edmulos, Incentivos e Iniciativas Culturales.<\/p>\n<p>&nbsp;<\/p>\n<p><strong>Sobre Yovanny Betancur-Santa:<\/strong><\/p>\n<p>&nbsp;<\/p>\n<p>Adem\u00e1s de desempe\u00f1arse como docente en la U. de Caldas, es Doctor en m\u00fasica de la Universidad de Montreal especializado en m\u00fasica contempor\u00e1nea bajo la direcci\u00f3n de la flautista canadiense Lise Daoust. Reconocido por su virtuosismo y disciplina ha sido merecedor de becas de excelencia a lo largo de su formaci\u00f3n otorgadas por la Facultad de M\u00fasica y la Facultad de Estudios Superiores y Posdoctorales de la Universidad de Montreal y fue premiado por el mejor performance en el Festival Academia Stockhausen (Kurten, Alemania, 2011).<\/p>\n<p>&nbsp;<\/p>\n<p>Ha sido invitado regularmente a tocar en importantes salas de Colombia, Venezuela, Puerto Rico, Argentina, Canad\u00e1, Alemania y Francia gracias a su alto nivel musical y art\u00edstico y su consolidaci\u00f3n como solista y m\u00fasico de c\u00e1mara.<\/p>\n<p>&nbsp;<\/p>\n<p><strong>Informes:<\/strong> Oficina de Comunicaciones y Prensa Universidad de Caldas. Tel\u00e9fono: 8781500 Extensi\u00f3n: 12167<\/p>\n<p><strong>Redacci\u00f3n:<\/strong> Daniela S\u00e1nchez R\u00edos<\/p>\n<p>&nbsp;<\/p>\n","protected":false},"excerpt":{"rendered":"<p>SE TRATA DE YOVANNY BETANCUR-SANTA Docente de la Universidad de Caldas, recibi\u00f3 reconocimiento de la Secretar\u00eda de Cultura de Caldas 24\/05\/2019 Yovanny Betancur-Santa, profesor de la C\u00e1tedra de flauta,\u00a0 Director del Departamento de M\u00fasica y\u00a0 del Ensamble de M\u00fasica Contempor\u00e1nea de la Universidad de Caldas, recibi\u00f3 un reconocimiento de la Secretar\u00eda de Cultura de Caldas [&hellip;]<\/p>\n","protected":false},"author":2,"featured_media":48537,"comment_status":"closed","ping_status":"open","sticky":false,"template":"","format":"standard","meta":{"footnotes":""},"categories":[48,53],"tags":[129,327,718,1719],"class_list":["post-48546","post","type-post","status-publish","format-standard","has-post-thumbnail","hentry","category-actualidad","category-universidad-al-dia","tag-reconocimiento","tag-docente","tag-musica","tag-homenaje"],"yoast_head":"<!-- This site is optimized with the Yoast SEO plugin v27.5 - https:\/\/yoast.com\/product\/yoast-seo-wordpress\/ -->\n<title>Docente de la Universidad de Caldas, recibi\u00f3 reconocimiento de la Secretar\u00eda de Cultura de Caldas .<\/title>\n<meta name=\"robots\" content=\"index, follow, max-snippet:-1, max-image-preview:large, max-video-preview:-1\" \/>\n<link rel=\"canonical\" href=\"https:\/\/www.ucaldas.edu.co\/portal\/docente-de-la-universidad-de-caldas-recibio-reconocimiento-de-la-secretaria-de-cultura-de-caldas\/\" \/>\n<script type=\"application\/ld+json\" class=\"yoast-schema-graph\">{\"@context\":\"https:\\\/\\\/schema.org\",\"@graph\":[{\"@type\":\"Article\",\"@id\":\"https:\\\/\\\/www.ucaldas.edu.co\\\/portal\\\/docente-de-la-universidad-de-caldas-recibio-reconocimiento-de-la-secretaria-de-cultura-de-caldas\\\/#article\",\"isPartOf\":{\"@id\":\"https:\\\/\\\/www.ucaldas.edu.co\\\/portal\\\/docente-de-la-universidad-de-caldas-recibio-reconocimiento-de-la-secretaria-de-cultura-de-caldas\\\/\"},\"author\":{\"name\":\"ofiprensa\",\"@id\":\"https:\\\/\\\/www.ucaldas.edu.co\\\/portal\\\/#\\\/schema\\\/person\\\/a1b482e23449158b4bc319926c074fdf\"},\"headline\":\"Docente de la Universidad de Caldas, recibi\u00f3 reconocimiento de la Secretar\u00eda de Cultura de Caldas\",\"datePublished\":\"2019-05-24T22:03:19+00:00\",\"mainEntityOfPage\":{\"@id\":\"https:\\\/\\\/www.ucaldas.edu.co\\\/portal\\\/docente-de-la-universidad-de-caldas-recibio-reconocimiento-de-la-secretaria-de-cultura-de-caldas\\\/\"},\"wordCount\":357,\"publisher\":{\"@id\":\"https:\\\/\\\/www.ucaldas.edu.co\\\/portal\\\/#organization\"},\"image\":{\"@id\":\"https:\\\/\\\/www.ucaldas.edu.co\\\/portal\\\/docente-de-la-universidad-de-caldas-recibio-reconocimiento-de-la-secretaria-de-cultura-de-caldas\\\/#primaryimage\"},\"thumbnailUrl\":\"https:\\\/\\\/www.ucaldas.edu.co\\\/portal\\\/wp-content\\\/uploads\\\/2019\\\/05\\\/Yovanny-m\u00fasica-compressor.png\",\"keywords\":[\"Reconocimiento\",\"docente\",\"m\u00fasica\",\"homenaje\"],\"articleSection\":[\"Actualidad\",\"Universidad al D\u00eda\"],\"inLanguage\":\"es\"},{\"@type\":\"WebPage\",\"@id\":\"https:\\\/\\\/www.ucaldas.edu.co\\\/portal\\\/docente-de-la-universidad-de-caldas-recibio-reconocimiento-de-la-secretaria-de-cultura-de-caldas\\\/\",\"url\":\"https:\\\/\\\/www.ucaldas.edu.co\\\/portal\\\/docente-de-la-universidad-de-caldas-recibio-reconocimiento-de-la-secretaria-de-cultura-de-caldas\\\/\",\"name\":\"Docente de la Universidad de Caldas, recibi\u00f3 reconocimiento de la Secretar\u00eda de Cultura de Caldas .\",\"isPartOf\":{\"@id\":\"https:\\\/\\\/www.ucaldas.edu.co\\\/portal\\\/#website\"},\"primaryImageOfPage\":{\"@id\":\"https:\\\/\\\/www.ucaldas.edu.co\\\/portal\\\/docente-de-la-universidad-de-caldas-recibio-reconocimiento-de-la-secretaria-de-cultura-de-caldas\\\/#primaryimage\"},\"image\":{\"@id\":\"https:\\\/\\\/www.ucaldas.edu.co\\\/portal\\\/docente-de-la-universidad-de-caldas-recibio-reconocimiento-de-la-secretaria-de-cultura-de-caldas\\\/#primaryimage\"},\"thumbnailUrl\":\"https:\\\/\\\/www.ucaldas.edu.co\\\/portal\\\/wp-content\\\/uploads\\\/2019\\\/05\\\/Yovanny-m\u00fasica-compressor.png\",\"datePublished\":\"2019-05-24T22:03:19+00:00\",\"breadcrumb\":{\"@id\":\"https:\\\/\\\/www.ucaldas.edu.co\\\/portal\\\/docente-de-la-universidad-de-caldas-recibio-reconocimiento-de-la-secretaria-de-cultura-de-caldas\\\/#breadcrumb\"},\"inLanguage\":\"es\",\"potentialAction\":[{\"@type\":\"ReadAction\",\"target\":[\"https:\\\/\\\/www.ucaldas.edu.co\\\/portal\\\/docente-de-la-universidad-de-caldas-recibio-reconocimiento-de-la-secretaria-de-cultura-de-caldas\\\/\"]}]},{\"@type\":\"ImageObject\",\"inLanguage\":\"es\",\"@id\":\"https:\\\/\\\/www.ucaldas.edu.co\\\/portal\\\/docente-de-la-universidad-de-caldas-recibio-reconocimiento-de-la-secretaria-de-cultura-de-caldas\\\/#primaryimage\",\"url\":\"https:\\\/\\\/www.ucaldas.edu.co\\\/portal\\\/wp-content\\\/uploads\\\/2019\\\/05\\\/Yovanny-m\u00fasica-compressor.png\",\"contentUrl\":\"https:\\\/\\\/www.ucaldas.edu.co\\\/portal\\\/wp-content\\\/uploads\\\/2019\\\/05\\\/Yovanny-m\u00fasica-compressor.png\",\"width\":700,\"height\":400},{\"@type\":\"BreadcrumbList\",\"@id\":\"https:\\\/\\\/www.ucaldas.edu.co\\\/portal\\\/docente-de-la-universidad-de-caldas-recibio-reconocimiento-de-la-secretaria-de-cultura-de-caldas\\\/#breadcrumb\",\"itemListElement\":[{\"@type\":\"ListItem\",\"position\":1,\"name\":\"Portada\",\"item\":\"https:\\\/\\\/www.ucaldas.edu.co\\\/portal\\\/\"},{\"@type\":\"ListItem\",\"position\":2,\"name\":\"Docente de la Universidad de Caldas, recibi\u00f3 reconocimiento de la Secretar\u00eda de Cultura de Caldas\"}]},{\"@type\":\"WebSite\",\"@id\":\"https:\\\/\\\/www.ucaldas.edu.co\\\/portal\\\/#website\",\"url\":\"https:\\\/\\\/www.ucaldas.edu.co\\\/portal\\\/\",\"name\":\"Universidad de Caldas\",\"description\":\"\",\"publisher\":{\"@id\":\"https:\\\/\\\/www.ucaldas.edu.co\\\/portal\\\/#organization\"},\"alternateName\":\"U. de Caldas\",\"potentialAction\":[{\"@type\":\"SearchAction\",\"target\":{\"@type\":\"EntryPoint\",\"urlTemplate\":\"https:\\\/\\\/www.ucaldas.edu.co\\\/portal\\\/?s={search_term_string}\"},\"query-input\":{\"@type\":\"PropertyValueSpecification\",\"valueRequired\":true,\"valueName\":\"search_term_string\"}}],\"inLanguage\":\"es\"},{\"@type\":\"Organization\",\"@id\":\"https:\\\/\\\/www.ucaldas.edu.co\\\/portal\\\/#organization\",\"name\":\"Universidad de Caldas\",\"alternateName\":\"U. de Caldas\",\"url\":\"https:\\\/\\\/www.ucaldas.edu.co\\\/portal\\\/\",\"logo\":{\"@type\":\"ImageObject\",\"inLanguage\":\"es\",\"@id\":\"https:\\\/\\\/www.ucaldas.edu.co\\\/portal\\\/#\\\/schema\\\/logo\\\/image\\\/\",\"url\":\"https:\\\/\\\/www.ucaldas.edu.co\\\/portal\\\/wp-content\\\/uploads\\\/2023\\\/11\\\/Logo_horizontal_oscuroU-2023.png\",\"contentUrl\":\"https:\\\/\\\/www.ucaldas.edu.co\\\/portal\\\/wp-content\\\/uploads\\\/2023\\\/11\\\/Logo_horizontal_oscuroU-2023.png\",\"width\":263,\"height\":101,\"caption\":\"Universidad de Caldas\"},\"image\":{\"@id\":\"https:\\\/\\\/www.ucaldas.edu.co\\\/portal\\\/#\\\/schema\\\/logo\\\/image\\\/\"},\"sameAs\":[\"https:\\\/\\\/www.facebook.com\\\/udecaldas\",\"https:\\\/\\\/x.com\\\/udecaldas\",\"https:\\\/\\\/www.youtube.com\\\/universidadcaldas\",\"https:\\\/\\\/www.instagram.com\\\/udecaldas\\\/\"]},{\"@type\":\"Person\",\"@id\":\"https:\\\/\\\/www.ucaldas.edu.co\\\/portal\\\/#\\\/schema\\\/person\\\/a1b482e23449158b4bc319926c074fdf\",\"name\":\"ofiprensa\",\"image\":{\"@type\":\"ImageObject\",\"inLanguage\":\"es\",\"@id\":\"https:\\\/\\\/www.ucaldas.edu.co\\\/portal\\\/wp-content\\\/litespeed\\\/avatar\\\/09ea5085e600095a7a811142c6944527.jpg?ver=1777497608\",\"url\":\"https:\\\/\\\/www.ucaldas.edu.co\\\/portal\\\/wp-content\\\/litespeed\\\/avatar\\\/09ea5085e600095a7a811142c6944527.jpg?ver=1777497608\",\"contentUrl\":\"https:\\\/\\\/www.ucaldas.edu.co\\\/portal\\\/wp-content\\\/litespeed\\\/avatar\\\/09ea5085e600095a7a811142c6944527.jpg?ver=1777497608\",\"caption\":\"ofiprensa\"},\"url\":\"https:\\\/\\\/www.ucaldas.edu.co\\\/portal\\\/author\\\/ofiprensa\\\/\"}]}<\/script>\n<!-- \/ Yoast SEO plugin. -->","yoast_head_json":{"title":"Docente de la Universidad de Caldas, recibi\u00f3 reconocimiento de la Secretar\u00eda de Cultura de Caldas .","robots":{"index":"index","follow":"follow","max-snippet":"max-snippet:-1","max-image-preview":"max-image-preview:large","max-video-preview":"max-video-preview:-1"},"canonical":"https:\/\/www.ucaldas.edu.co\/portal\/docente-de-la-universidad-de-caldas-recibio-reconocimiento-de-la-secretaria-de-cultura-de-caldas\/","schema":{"@context":"https:\/\/schema.org","@graph":[{"@type":"Article","@id":"https:\/\/www.ucaldas.edu.co\/portal\/docente-de-la-universidad-de-caldas-recibio-reconocimiento-de-la-secretaria-de-cultura-de-caldas\/#article","isPartOf":{"@id":"https:\/\/www.ucaldas.edu.co\/portal\/docente-de-la-universidad-de-caldas-recibio-reconocimiento-de-la-secretaria-de-cultura-de-caldas\/"},"author":{"name":"ofiprensa","@id":"https:\/\/www.ucaldas.edu.co\/portal\/#\/schema\/person\/a1b482e23449158b4bc319926c074fdf"},"headline":"Docente de la Universidad de Caldas, recibi\u00f3 reconocimiento de la Secretar\u00eda de Cultura de Caldas","datePublished":"2019-05-24T22:03:19+00:00","mainEntityOfPage":{"@id":"https:\/\/www.ucaldas.edu.co\/portal\/docente-de-la-universidad-de-caldas-recibio-reconocimiento-de-la-secretaria-de-cultura-de-caldas\/"},"wordCount":357,"publisher":{"@id":"https:\/\/www.ucaldas.edu.co\/portal\/#organization"},"image":{"@id":"https:\/\/www.ucaldas.edu.co\/portal\/docente-de-la-universidad-de-caldas-recibio-reconocimiento-de-la-secretaria-de-cultura-de-caldas\/#primaryimage"},"thumbnailUrl":"https:\/\/www.ucaldas.edu.co\/portal\/wp-content\/uploads\/2019\/05\/Yovanny-m\u00fasica-compressor.png","keywords":["Reconocimiento","docente","m\u00fasica","homenaje"],"articleSection":["Actualidad","Universidad al D\u00eda"],"inLanguage":"es"},{"@type":"WebPage","@id":"https:\/\/www.ucaldas.edu.co\/portal\/docente-de-la-universidad-de-caldas-recibio-reconocimiento-de-la-secretaria-de-cultura-de-caldas\/","url":"https:\/\/www.ucaldas.edu.co\/portal\/docente-de-la-universidad-de-caldas-recibio-reconocimiento-de-la-secretaria-de-cultura-de-caldas\/","name":"Docente de la Universidad de Caldas, recibi\u00f3 reconocimiento de la Secretar\u00eda de Cultura de Caldas .","isPartOf":{"@id":"https:\/\/www.ucaldas.edu.co\/portal\/#website"},"primaryImageOfPage":{"@id":"https:\/\/www.ucaldas.edu.co\/portal\/docente-de-la-universidad-de-caldas-recibio-reconocimiento-de-la-secretaria-de-cultura-de-caldas\/#primaryimage"},"image":{"@id":"https:\/\/www.ucaldas.edu.co\/portal\/docente-de-la-universidad-de-caldas-recibio-reconocimiento-de-la-secretaria-de-cultura-de-caldas\/#primaryimage"},"thumbnailUrl":"https:\/\/www.ucaldas.edu.co\/portal\/wp-content\/uploads\/2019\/05\/Yovanny-m\u00fasica-compressor.png","datePublished":"2019-05-24T22:03:19+00:00","breadcrumb":{"@id":"https:\/\/www.ucaldas.edu.co\/portal\/docente-de-la-universidad-de-caldas-recibio-reconocimiento-de-la-secretaria-de-cultura-de-caldas\/#breadcrumb"},"inLanguage":"es","potentialAction":[{"@type":"ReadAction","target":["https:\/\/www.ucaldas.edu.co\/portal\/docente-de-la-universidad-de-caldas-recibio-reconocimiento-de-la-secretaria-de-cultura-de-caldas\/"]}]},{"@type":"ImageObject","inLanguage":"es","@id":"https:\/\/www.ucaldas.edu.co\/portal\/docente-de-la-universidad-de-caldas-recibio-reconocimiento-de-la-secretaria-de-cultura-de-caldas\/#primaryimage","url":"https:\/\/www.ucaldas.edu.co\/portal\/wp-content\/uploads\/2019\/05\/Yovanny-m\u00fasica-compressor.png","contentUrl":"https:\/\/www.ucaldas.edu.co\/portal\/wp-content\/uploads\/2019\/05\/Yovanny-m\u00fasica-compressor.png","width":700,"height":400},{"@type":"BreadcrumbList","@id":"https:\/\/www.ucaldas.edu.co\/portal\/docente-de-la-universidad-de-caldas-recibio-reconocimiento-de-la-secretaria-de-cultura-de-caldas\/#breadcrumb","itemListElement":[{"@type":"ListItem","position":1,"name":"Portada","item":"https:\/\/www.ucaldas.edu.co\/portal\/"},{"@type":"ListItem","position":2,"name":"Docente de la Universidad de Caldas, recibi\u00f3 reconocimiento de la Secretar\u00eda de Cultura de Caldas"}]},{"@type":"WebSite","@id":"https:\/\/www.ucaldas.edu.co\/portal\/#website","url":"https:\/\/www.ucaldas.edu.co\/portal\/","name":"Universidad de Caldas","description":"","publisher":{"@id":"https:\/\/www.ucaldas.edu.co\/portal\/#organization"},"alternateName":"U. de Caldas","potentialAction":[{"@type":"SearchAction","target":{"@type":"EntryPoint","urlTemplate":"https:\/\/www.ucaldas.edu.co\/portal\/?s={search_term_string}"},"query-input":{"@type":"PropertyValueSpecification","valueRequired":true,"valueName":"search_term_string"}}],"inLanguage":"es"},{"@type":"Organization","@id":"https:\/\/www.ucaldas.edu.co\/portal\/#organization","name":"Universidad de Caldas","alternateName":"U. de Caldas","url":"https:\/\/www.ucaldas.edu.co\/portal\/","logo":{"@type":"ImageObject","inLanguage":"es","@id":"https:\/\/www.ucaldas.edu.co\/portal\/#\/schema\/logo\/image\/","url":"https:\/\/www.ucaldas.edu.co\/portal\/wp-content\/uploads\/2023\/11\/Logo_horizontal_oscuroU-2023.png","contentUrl":"https:\/\/www.ucaldas.edu.co\/portal\/wp-content\/uploads\/2023\/11\/Logo_horizontal_oscuroU-2023.png","width":263,"height":101,"caption":"Universidad de Caldas"},"image":{"@id":"https:\/\/www.ucaldas.edu.co\/portal\/#\/schema\/logo\/image\/"},"sameAs":["https:\/\/www.facebook.com\/udecaldas","https:\/\/x.com\/udecaldas","https:\/\/www.youtube.com\/universidadcaldas","https:\/\/www.instagram.com\/udecaldas\/"]},{"@type":"Person","@id":"https:\/\/www.ucaldas.edu.co\/portal\/#\/schema\/person\/a1b482e23449158b4bc319926c074fdf","name":"ofiprensa","image":{"@type":"ImageObject","inLanguage":"es","@id":"https:\/\/www.ucaldas.edu.co\/portal\/wp-content\/litespeed\/avatar\/09ea5085e600095a7a811142c6944527.jpg?ver=1777497608","url":"https:\/\/www.ucaldas.edu.co\/portal\/wp-content\/litespeed\/avatar\/09ea5085e600095a7a811142c6944527.jpg?ver=1777497608","contentUrl":"https:\/\/www.ucaldas.edu.co\/portal\/wp-content\/litespeed\/avatar\/09ea5085e600095a7a811142c6944527.jpg?ver=1777497608","caption":"ofiprensa"},"url":"https:\/\/www.ucaldas.edu.co\/portal\/author\/ofiprensa\/"}]}},"_links":{"self":[{"href":"https:\/\/www.ucaldas.edu.co\/portal\/wp-json\/wp\/v2\/posts\/48546","targetHints":{"allow":["GET"]}}],"collection":[{"href":"https:\/\/www.ucaldas.edu.co\/portal\/wp-json\/wp\/v2\/posts"}],"about":[{"href":"https:\/\/www.ucaldas.edu.co\/portal\/wp-json\/wp\/v2\/types\/post"}],"author":[{"embeddable":true,"href":"https:\/\/www.ucaldas.edu.co\/portal\/wp-json\/wp\/v2\/users\/2"}],"replies":[{"embeddable":true,"href":"https:\/\/www.ucaldas.edu.co\/portal\/wp-json\/wp\/v2\/comments?post=48546"}],"version-history":[{"count":0,"href":"https:\/\/www.ucaldas.edu.co\/portal\/wp-json\/wp\/v2\/posts\/48546\/revisions"}],"wp:featuredmedia":[{"embeddable":true,"href":"https:\/\/www.ucaldas.edu.co\/portal\/wp-json\/wp\/v2\/media\/48537"}],"wp:attachment":[{"href":"https:\/\/www.ucaldas.edu.co\/portal\/wp-json\/wp\/v2\/media?parent=48546"}],"wp:term":[{"taxonomy":"category","embeddable":true,"href":"https:\/\/www.ucaldas.edu.co\/portal\/wp-json\/wp\/v2\/categories?post=48546"},{"taxonomy":"post_tag","embeddable":true,"href":"https:\/\/www.ucaldas.edu.co\/portal\/wp-json\/wp\/v2\/tags?post=48546"}],"curies":[{"name":"wp","href":"https:\/\/api.w.org\/{rel}","templated":true}]}}