{"id":48487,"date":"2019-05-23T18:08:35","date_gmt":"2019-05-23T18:08:35","guid":{"rendered":"https:\/\/www.ucaldas.edu.co\/portal\/?p=48487"},"modified":"2019-05-23T19:45:37","modified_gmt":"2019-05-23T19:45:37","slug":"carta-abierta-del-rector-a-la-comunidad-universitaria","status":"publish","type":"post","link":"https:\/\/www.ucaldas.edu.co\/portal\/carta-abierta-del-rector-a-la-comunidad-universitaria\/","title":{"rendered":"Carta Abierta del Rector a la Comunidad Universitaria"},"content":{"rendered":"<p style=\"text-align: center;\">INVITACI\u00d3N A CONSTRUCCI\u00d3N COLECTIVA DEL PDI<\/p>\n<p style=\"text-align: center;\"><strong><b>Carta Abierta del Rector a la Comunidad Universitaria<\/b><\/strong><\/p>\n<p style=\"text-align: right;\">23\/05\/2019<\/p>\n<p><img loading=\"lazy\" decoding=\"async\" class=\"wp-image-47669 aligncenter\" src=\"https:\/\/www.ucaldas.edu.co\/portal\/wp-content\/uploads\/2019\/04\/unnamed.png\" alt=\"\" width=\"436\" height=\"218\" srcset=\"https:\/\/www.ucaldas.edu.co\/portal\/wp-content\/uploads\/2019\/04\/unnamed.png 700w, https:\/\/www.ucaldas.edu.co\/portal\/wp-content\/uploads\/2019\/04\/unnamed-300x150.png 300w\" sizes=\"auto, (max-width: 436px) 100vw, 436px\" \/><\/p>\n<p>&nbsp;<\/p>\n<p>Mediante una carta abierta a toda la comunidad universitaria, el Rector de la Universidad de Caldas Alejandro Ceballos M\u00e1rquez invita a todos los estamentos a participar de manera activa y comprometida en la construcci\u00f3n del Plan de Desarrollo Institucional 2019 -2030.<\/p>\n<p><!--more--><\/p>\n<p>El texto de la comunicaci\u00f3n es el siguiente:<\/p>\n<p><strong><b>CARTA ABIERTA<\/b><\/strong><\/p>\n<p>Manizales, mayo 22 de 2019<\/p>\n<p>&nbsp;<\/p>\n<p>Apreciados miembros de la Comunidad Universitaria:<\/p>\n<p>&nbsp;<\/p>\n<p>La reflexi\u00f3n sobre la evoluci\u00f3n de la universidad hacia la Instituci\u00f3n que so\u00f1amos debe ser permanente. Tras definir lo que queremos como comunidad, el Plan de Desarrollo Institucional (PDI) se convierte en la gu\u00eda para cumplir las metas trazadas y es el instrumento que nos indica la direcci\u00f3n del desarrollo universitario. El prop\u00f3sito es que nuestro sue\u00f1o de Universidad se refleje en este plan y podamos hacerle el seguimiento adecuado mediante indicadores concretos.<\/p>\n<p>La Universidad y lo que ella significa ha evolucionado desde la fundaci\u00f3n de los primeros claustros entre los siglos XI y XIII. La humanidad ha presenciado la universitas financiada por sus estudiantes cuando se pagaba por compartir conocimientos impartidos por maestros autorizados por la monarqu\u00eda o la jerarqu\u00eda eclesial. La cultura occidental ha reformado la instituci\u00f3n, forjando una universidad financiada por el Estado que genera conocimiento para el mismo. Posteriormente a este concepto se une la necesidad de desarrollar actividades cient\u00edficas y surgen las universidades de investigaci\u00f3n, motor de desarrollo y fuente de conocimiento para la sociedad. No obstante, algunas universidades contin\u00faan siendo fieles a su origen, manteniendo su estatus como escuelas de pensamiento, con desarrollo de procesos cient\u00edficos y de investigaci\u00f3n, pero sin enfocarse en estos como su objetivo principal.<\/p>\n<p>En una etapa posterior, surge una tercera misi\u00f3n universitaria, la de transferir a la sociedad el conocimiento generado por las actividades cient\u00edficas, mediante un relacionamiento m\u00e1s estrecho con el sector productivo, lo que conlleva contacto permanente con la sociedad, con miras al conocimiento detallado de sus desaf\u00edos y la b\u00fasqueda de soluciones conjuntas a los mismos.<\/p>\n<p>Si bien el concepto y la misi\u00f3n de la universidad ha evolucionado desde sus or\u00edgenes, es claro que en la actualidad la universidad migra hacia una instituci\u00f3n comprometida con la sociedad, yendo m\u00e1s all\u00e1 de la prestaci\u00f3n de un servicio. El compromiso implica impartir una formaci\u00f3n integral no solamente en el saber disciplinar, sino en competencias sociales, culturales y morales propias de las comunidades a las cuales nos debemos. Ese compromiso incluye tambi\u00e9n una relaci\u00f3n de reciprocidad con el medio, un intercambio permanente y de doble v\u00eda con diferentes sectores de la sociedad.<\/p>\n<p>La Universidad de Caldas tambi\u00e9n ha evolucionado. Hemos pasado de contar con 500 profesores a tener aproximadamente 920, hemos m\u00e1s que triplicado el n\u00famero de programas tanto de pregrado como de postgrado, y la poblaci\u00f3n estudiantil se ha quintuplicado frente a lo que ten\u00edamos a principios de la d\u00e9cada de los 90. Estas cifras nos indican el paso de una complejidad mediana a una entidad de la m\u00e1s alta complejidad social, cultural, acad\u00e9mica y financiera, que demanda del compromiso de todos para responder con \u00e9xito a este reto.<\/p>\n<p>Alta complejidad es y debe ser para nosotros los miembros de la comunidad universitaria, sin\u00f3nimo de liderazgo regional y nacional, apalancado en el crecimiento exponencial de las metas y logros en todos los frentes.<\/p>\n<p>Hace 10 a\u00f1os se formul\u00f3 el PDI 2009 &#8211; 2018 con el objeto de avanzar en ciencia y cultura, registrando un cumplimiento superior al 90%, quedando todav\u00eda algunos aspectos por mejorar. Unido a ello, se pens\u00f3 una Universidad comprometida con el desarrollo regional. Un reto que mantenemos y por el que trabajamos diariamente desde los planes y las estrategias institucionales.<\/p>\n<p>En ese marco, desde la Administraci\u00f3n actual trabajamos para trascender e ir m\u00e1s all\u00e1 de la formaci\u00f3n en pregrado. Reconocemos la importancia de mantener los avances en campos como la investigaci\u00f3n y la formaci\u00f3n de postgrado, toda vez que la calificaci\u00f3n de nuestros docentes se ha incrementado en forma sustancial, con generaci\u00f3n de nuevos conocimientos que nos han posicionado en un lugar de privilegio en la regi\u00f3n y el pa\u00eds. En paralelo trabajamos en la creaci\u00f3n y el mantenimiento de nuevos v\u00ednculos con la sociedad, velando siempre por mantener nuestro car\u00e1cter p\u00fablico, as\u00ed como nuestra autonom\u00eda y libertad de c\u00e1tedra e investigaci\u00f3n. En esencia, buscamos garantizar la vigencia, producci\u00f3n, circulaci\u00f3n, apropiaci\u00f3n y recepci\u00f3n del conocimiento mediante el relacionamiento con actores estrat\u00e9gicos de la sociedad y el sector productivo, sin perder de vista la formaci\u00f3n integral del ser humano.<\/p>\n<p>En este punto, se hace propicio destacar algunas palabras del m\u00e9dico antioque\u00f1o Pablo J. Pati\u00f1o, quien puntualiza que las transformaciones universitarias deben apuntar hacia un sentido m\u00e1s emprendedor:<\/p>\n<p style=\"text-align: center;\"><em><i>\u201cLas universidades estatales exitosas son aquellas que asumen riesgos, generan liderazgos de cambio y persisten en la voluntad transformadora, renovando en el camino su cultura organizacional.\u201d<\/i><\/em><\/p>\n<p>Como Universidad tenemos de nuevo la oportunidad de repensarnos y dise\u00f1ar un instrumento de planificaci\u00f3n para los pr\u00f3ximos doce a\u00f1os. Es momento entonces, de qu\u00e9, como comunidad universitaria, consideremos los retos que enfrenta la educaci\u00f3n superior en Colombia y con nuestro PDI 2019 &#8211; 2030 se\u00f1alemos el camino que nos permitir\u00e1 responder a los desaf\u00edos que nos plantea la regi\u00f3n y el pa\u00eds en la era digital. En esto, todos tenemos un papel importante que cumplir. Transitamos hacia una educaci\u00f3n superior m\u00e1s exigente y global. Los invito a que asumamos juntos el reto.<\/p>\n<p>Universitariamente,<\/p>\n<p>&nbsp;<\/p>\n<p><strong><b>ALEJANDRO CEBALLOS M\u00c1RQUEZ<\/b><\/strong><\/p>\n<p>Rector<\/p>\n<p>La carta original\u00a0 firmada por el Rector Alejandro Ceballos M\u00e1rquez<\/p>\n<p><a href=\"https:\/\/www.ucaldas.edu.co\/portal\/wp-content\/uploads\/2019\/05\/Carta-Abierta-PDI.pdf\"><u>Descargue aqu\u00ed la Carta Abierta sobre PDI <\/u><\/a><\/p>\n<p>&nbsp;<\/p>\n<p>&nbsp;<\/p>\n<p><strong><b>Informes:<\/b><\/strong>\u00a0Oficina de Comunicaciones y Prensa Universidad de Caldas. Tel\u00e9fono: 8781500 Extensi\u00f3n: 12167<\/p>\n<p><strong><b>Redacci\u00f3n:<\/b><\/strong>\u00a0Adriana Salazar Villegas<\/p>\n","protected":false},"excerpt":{"rendered":"<p>INVITACI\u00d3N A CONSTRUCCI\u00d3N COLECTIVA DEL PDI Carta Abierta del Rector a la Comunidad Universitaria 23\/05\/2019 &nbsp; Mediante una carta abierta a toda la comunidad universitaria, el Rector de la Universidad de Caldas Alejandro Ceballos M\u00e1rquez invita a todos los estamentos a participar de manera activa y comprometida en la construcci\u00f3n del Plan de Desarrollo Institucional [&hellip;]<\/p>\n","protected":false},"author":2,"featured_media":47669,"comment_status":"closed","ping_status":"open","sticky":false,"template":"","format":"standard","meta":{"footnotes":""},"categories":[48,53],"tags":[3768],"class_list":["post-48487","post","type-post","status-publish","format-standard","has-post-thumbnail","hentry","category-actualidad","category-universidad-al-dia","tag-udecaldas-pdi-u-caldas-plan-de-desarrollo-institucional"],"yoast_head":"<!-- This site is optimized with the Yoast SEO plugin v27.5 - https:\/\/yoast.com\/product\/yoast-seo-wordpress\/ -->\n<title>Carta Abierta del Rector a la Comunidad Universitaria .<\/title>\n<meta name=\"robots\" content=\"index, follow, max-snippet:-1, max-image-preview:large, max-video-preview:-1\" \/>\n<link rel=\"canonical\" href=\"https:\/\/www.ucaldas.edu.co\/portal\/carta-abierta-del-rector-a-la-comunidad-universitaria\/\" \/>\n<script type=\"application\/ld+json\" class=\"yoast-schema-graph\">{\"@context\":\"https:\\\/\\\/schema.org\",\"@graph\":[{\"@type\":\"Article\",\"@id\":\"https:\\\/\\\/www.ucaldas.edu.co\\\/portal\\\/carta-abierta-del-rector-a-la-comunidad-universitaria\\\/#article\",\"isPartOf\":{\"@id\":\"https:\\\/\\\/www.ucaldas.edu.co\\\/portal\\\/carta-abierta-del-rector-a-la-comunidad-universitaria\\\/\"},\"author\":{\"name\":\"ofiprensa\",\"@id\":\"https:\\\/\\\/www.ucaldas.edu.co\\\/portal\\\/#\\\/schema\\\/person\\\/a1b482e23449158b4bc319926c074fdf\"},\"headline\":\"Carta Abierta del Rector a la Comunidad Universitaria\",\"datePublished\":\"2019-05-23T18:08:35+00:00\",\"dateModified\":\"2019-05-23T19:45:37+00:00\",\"mainEntityOfPage\":{\"@id\":\"https:\\\/\\\/www.ucaldas.edu.co\\\/portal\\\/carta-abierta-del-rector-a-la-comunidad-universitaria\\\/\"},\"wordCount\":1024,\"publisher\":{\"@id\":\"https:\\\/\\\/www.ucaldas.edu.co\\\/portal\\\/#organization\"},\"image\":{\"@id\":\"https:\\\/\\\/www.ucaldas.edu.co\\\/portal\\\/carta-abierta-del-rector-a-la-comunidad-universitaria\\\/#primaryimage\"},\"thumbnailUrl\":\"https:\\\/\\\/www.ucaldas.edu.co\\\/portal\\\/wp-content\\\/uploads\\\/2019\\\/04\\\/unnamed.png\",\"keywords\":[\"UdeCaldas PDI U Caldas Plan de Desarrollo Institucional\"],\"articleSection\":[\"Actualidad\",\"Universidad al D\u00eda\"],\"inLanguage\":\"es\"},{\"@type\":\"WebPage\",\"@id\":\"https:\\\/\\\/www.ucaldas.edu.co\\\/portal\\\/carta-abierta-del-rector-a-la-comunidad-universitaria\\\/\",\"url\":\"https:\\\/\\\/www.ucaldas.edu.co\\\/portal\\\/carta-abierta-del-rector-a-la-comunidad-universitaria\\\/\",\"name\":\"Carta Abierta del Rector a la Comunidad Universitaria .\",\"isPartOf\":{\"@id\":\"https:\\\/\\\/www.ucaldas.edu.co\\\/portal\\\/#website\"},\"primaryImageOfPage\":{\"@id\":\"https:\\\/\\\/www.ucaldas.edu.co\\\/portal\\\/carta-abierta-del-rector-a-la-comunidad-universitaria\\\/#primaryimage\"},\"image\":{\"@id\":\"https:\\\/\\\/www.ucaldas.edu.co\\\/portal\\\/carta-abierta-del-rector-a-la-comunidad-universitaria\\\/#primaryimage\"},\"thumbnailUrl\":\"https:\\\/\\\/www.ucaldas.edu.co\\\/portal\\\/wp-content\\\/uploads\\\/2019\\\/04\\\/unnamed.png\",\"datePublished\":\"2019-05-23T18:08:35+00:00\",\"dateModified\":\"2019-05-23T19:45:37+00:00\",\"breadcrumb\":{\"@id\":\"https:\\\/\\\/www.ucaldas.edu.co\\\/portal\\\/carta-abierta-del-rector-a-la-comunidad-universitaria\\\/#breadcrumb\"},\"inLanguage\":\"es\",\"potentialAction\":[{\"@type\":\"ReadAction\",\"target\":[\"https:\\\/\\\/www.ucaldas.edu.co\\\/portal\\\/carta-abierta-del-rector-a-la-comunidad-universitaria\\\/\"]}]},{\"@type\":\"ImageObject\",\"inLanguage\":\"es\",\"@id\":\"https:\\\/\\\/www.ucaldas.edu.co\\\/portal\\\/carta-abierta-del-rector-a-la-comunidad-universitaria\\\/#primaryimage\",\"url\":\"https:\\\/\\\/www.ucaldas.edu.co\\\/portal\\\/wp-content\\\/uploads\\\/2019\\\/04\\\/unnamed.png\",\"contentUrl\":\"https:\\\/\\\/www.ucaldas.edu.co\\\/portal\\\/wp-content\\\/uploads\\\/2019\\\/04\\\/unnamed.png\",\"width\":700,\"height\":350},{\"@type\":\"BreadcrumbList\",\"@id\":\"https:\\\/\\\/www.ucaldas.edu.co\\\/portal\\\/carta-abierta-del-rector-a-la-comunidad-universitaria\\\/#breadcrumb\",\"itemListElement\":[{\"@type\":\"ListItem\",\"position\":1,\"name\":\"Portada\",\"item\":\"https:\\\/\\\/www.ucaldas.edu.co\\\/portal\\\/\"},{\"@type\":\"ListItem\",\"position\":2,\"name\":\"Carta Abierta del Rector a la Comunidad Universitaria\"}]},{\"@type\":\"WebSite\",\"@id\":\"https:\\\/\\\/www.ucaldas.edu.co\\\/portal\\\/#website\",\"url\":\"https:\\\/\\\/www.ucaldas.edu.co\\\/portal\\\/\",\"name\":\"Universidad de Caldas\",\"description\":\"\",\"publisher\":{\"@id\":\"https:\\\/\\\/www.ucaldas.edu.co\\\/portal\\\/#organization\"},\"alternateName\":\"U. de Caldas\",\"potentialAction\":[{\"@type\":\"SearchAction\",\"target\":{\"@type\":\"EntryPoint\",\"urlTemplate\":\"https:\\\/\\\/www.ucaldas.edu.co\\\/portal\\\/?s={search_term_string}\"},\"query-input\":{\"@type\":\"PropertyValueSpecification\",\"valueRequired\":true,\"valueName\":\"search_term_string\"}}],\"inLanguage\":\"es\"},{\"@type\":\"Organization\",\"@id\":\"https:\\\/\\\/www.ucaldas.edu.co\\\/portal\\\/#organization\",\"name\":\"Universidad de Caldas\",\"alternateName\":\"U. de Caldas\",\"url\":\"https:\\\/\\\/www.ucaldas.edu.co\\\/portal\\\/\",\"logo\":{\"@type\":\"ImageObject\",\"inLanguage\":\"es\",\"@id\":\"https:\\\/\\\/www.ucaldas.edu.co\\\/portal\\\/#\\\/schema\\\/logo\\\/image\\\/\",\"url\":\"https:\\\/\\\/www.ucaldas.edu.co\\\/portal\\\/wp-content\\\/uploads\\\/2023\\\/11\\\/Logo_horizontal_oscuroU-2023.png\",\"contentUrl\":\"https:\\\/\\\/www.ucaldas.edu.co\\\/portal\\\/wp-content\\\/uploads\\\/2023\\\/11\\\/Logo_horizontal_oscuroU-2023.png\",\"width\":263,\"height\":101,\"caption\":\"Universidad de Caldas\"},\"image\":{\"@id\":\"https:\\\/\\\/www.ucaldas.edu.co\\\/portal\\\/#\\\/schema\\\/logo\\\/image\\\/\"},\"sameAs\":[\"https:\\\/\\\/www.facebook.com\\\/udecaldas\",\"https:\\\/\\\/x.com\\\/udecaldas\",\"https:\\\/\\\/www.youtube.com\\\/universidadcaldas\",\"https:\\\/\\\/www.instagram.com\\\/udecaldas\\\/\"]},{\"@type\":\"Person\",\"@id\":\"https:\\\/\\\/www.ucaldas.edu.co\\\/portal\\\/#\\\/schema\\\/person\\\/a1b482e23449158b4bc319926c074fdf\",\"name\":\"ofiprensa\",\"image\":{\"@type\":\"ImageObject\",\"inLanguage\":\"es\",\"@id\":\"https:\\\/\\\/www.ucaldas.edu.co\\\/portal\\\/wp-content\\\/litespeed\\\/avatar\\\/09ea5085e600095a7a811142c6944527.jpg?ver=1777497608\",\"url\":\"https:\\\/\\\/www.ucaldas.edu.co\\\/portal\\\/wp-content\\\/litespeed\\\/avatar\\\/09ea5085e600095a7a811142c6944527.jpg?ver=1777497608\",\"contentUrl\":\"https:\\\/\\\/www.ucaldas.edu.co\\\/portal\\\/wp-content\\\/litespeed\\\/avatar\\\/09ea5085e600095a7a811142c6944527.jpg?ver=1777497608\",\"caption\":\"ofiprensa\"},\"url\":\"https:\\\/\\\/www.ucaldas.edu.co\\\/portal\\\/author\\\/ofiprensa\\\/\"}]}<\/script>\n<!-- \/ Yoast SEO plugin. -->","yoast_head_json":{"title":"Carta Abierta del Rector a la Comunidad Universitaria .","robots":{"index":"index","follow":"follow","max-snippet":"max-snippet:-1","max-image-preview":"max-image-preview:large","max-video-preview":"max-video-preview:-1"},"canonical":"https:\/\/www.ucaldas.edu.co\/portal\/carta-abierta-del-rector-a-la-comunidad-universitaria\/","schema":{"@context":"https:\/\/schema.org","@graph":[{"@type":"Article","@id":"https:\/\/www.ucaldas.edu.co\/portal\/carta-abierta-del-rector-a-la-comunidad-universitaria\/#article","isPartOf":{"@id":"https:\/\/www.ucaldas.edu.co\/portal\/carta-abierta-del-rector-a-la-comunidad-universitaria\/"},"author":{"name":"ofiprensa","@id":"https:\/\/www.ucaldas.edu.co\/portal\/#\/schema\/person\/a1b482e23449158b4bc319926c074fdf"},"headline":"Carta Abierta del Rector a la Comunidad Universitaria","datePublished":"2019-05-23T18:08:35+00:00","dateModified":"2019-05-23T19:45:37+00:00","mainEntityOfPage":{"@id":"https:\/\/www.ucaldas.edu.co\/portal\/carta-abierta-del-rector-a-la-comunidad-universitaria\/"},"wordCount":1024,"publisher":{"@id":"https:\/\/www.ucaldas.edu.co\/portal\/#organization"},"image":{"@id":"https:\/\/www.ucaldas.edu.co\/portal\/carta-abierta-del-rector-a-la-comunidad-universitaria\/#primaryimage"},"thumbnailUrl":"https:\/\/www.ucaldas.edu.co\/portal\/wp-content\/uploads\/2019\/04\/unnamed.png","keywords":["UdeCaldas PDI U Caldas Plan de Desarrollo Institucional"],"articleSection":["Actualidad","Universidad al D\u00eda"],"inLanguage":"es"},{"@type":"WebPage","@id":"https:\/\/www.ucaldas.edu.co\/portal\/carta-abierta-del-rector-a-la-comunidad-universitaria\/","url":"https:\/\/www.ucaldas.edu.co\/portal\/carta-abierta-del-rector-a-la-comunidad-universitaria\/","name":"Carta Abierta del Rector a la Comunidad Universitaria .","isPartOf":{"@id":"https:\/\/www.ucaldas.edu.co\/portal\/#website"},"primaryImageOfPage":{"@id":"https:\/\/www.ucaldas.edu.co\/portal\/carta-abierta-del-rector-a-la-comunidad-universitaria\/#primaryimage"},"image":{"@id":"https:\/\/www.ucaldas.edu.co\/portal\/carta-abierta-del-rector-a-la-comunidad-universitaria\/#primaryimage"},"thumbnailUrl":"https:\/\/www.ucaldas.edu.co\/portal\/wp-content\/uploads\/2019\/04\/unnamed.png","datePublished":"2019-05-23T18:08:35+00:00","dateModified":"2019-05-23T19:45:37+00:00","breadcrumb":{"@id":"https:\/\/www.ucaldas.edu.co\/portal\/carta-abierta-del-rector-a-la-comunidad-universitaria\/#breadcrumb"},"inLanguage":"es","potentialAction":[{"@type":"ReadAction","target":["https:\/\/www.ucaldas.edu.co\/portal\/carta-abierta-del-rector-a-la-comunidad-universitaria\/"]}]},{"@type":"ImageObject","inLanguage":"es","@id":"https:\/\/www.ucaldas.edu.co\/portal\/carta-abierta-del-rector-a-la-comunidad-universitaria\/#primaryimage","url":"https:\/\/www.ucaldas.edu.co\/portal\/wp-content\/uploads\/2019\/04\/unnamed.png","contentUrl":"https:\/\/www.ucaldas.edu.co\/portal\/wp-content\/uploads\/2019\/04\/unnamed.png","width":700,"height":350},{"@type":"BreadcrumbList","@id":"https:\/\/www.ucaldas.edu.co\/portal\/carta-abierta-del-rector-a-la-comunidad-universitaria\/#breadcrumb","itemListElement":[{"@type":"ListItem","position":1,"name":"Portada","item":"https:\/\/www.ucaldas.edu.co\/portal\/"},{"@type":"ListItem","position":2,"name":"Carta Abierta del Rector a la Comunidad Universitaria"}]},{"@type":"WebSite","@id":"https:\/\/www.ucaldas.edu.co\/portal\/#website","url":"https:\/\/www.ucaldas.edu.co\/portal\/","name":"Universidad de Caldas","description":"","publisher":{"@id":"https:\/\/www.ucaldas.edu.co\/portal\/#organization"},"alternateName":"U. de Caldas","potentialAction":[{"@type":"SearchAction","target":{"@type":"EntryPoint","urlTemplate":"https:\/\/www.ucaldas.edu.co\/portal\/?s={search_term_string}"},"query-input":{"@type":"PropertyValueSpecification","valueRequired":true,"valueName":"search_term_string"}}],"inLanguage":"es"},{"@type":"Organization","@id":"https:\/\/www.ucaldas.edu.co\/portal\/#organization","name":"Universidad de Caldas","alternateName":"U. de Caldas","url":"https:\/\/www.ucaldas.edu.co\/portal\/","logo":{"@type":"ImageObject","inLanguage":"es","@id":"https:\/\/www.ucaldas.edu.co\/portal\/#\/schema\/logo\/image\/","url":"https:\/\/www.ucaldas.edu.co\/portal\/wp-content\/uploads\/2023\/11\/Logo_horizontal_oscuroU-2023.png","contentUrl":"https:\/\/www.ucaldas.edu.co\/portal\/wp-content\/uploads\/2023\/11\/Logo_horizontal_oscuroU-2023.png","width":263,"height":101,"caption":"Universidad de Caldas"},"image":{"@id":"https:\/\/www.ucaldas.edu.co\/portal\/#\/schema\/logo\/image\/"},"sameAs":["https:\/\/www.facebook.com\/udecaldas","https:\/\/x.com\/udecaldas","https:\/\/www.youtube.com\/universidadcaldas","https:\/\/www.instagram.com\/udecaldas\/"]},{"@type":"Person","@id":"https:\/\/www.ucaldas.edu.co\/portal\/#\/schema\/person\/a1b482e23449158b4bc319926c074fdf","name":"ofiprensa","image":{"@type":"ImageObject","inLanguage":"es","@id":"https:\/\/www.ucaldas.edu.co\/portal\/wp-content\/litespeed\/avatar\/09ea5085e600095a7a811142c6944527.jpg?ver=1777497608","url":"https:\/\/www.ucaldas.edu.co\/portal\/wp-content\/litespeed\/avatar\/09ea5085e600095a7a811142c6944527.jpg?ver=1777497608","contentUrl":"https:\/\/www.ucaldas.edu.co\/portal\/wp-content\/litespeed\/avatar\/09ea5085e600095a7a811142c6944527.jpg?ver=1777497608","caption":"ofiprensa"},"url":"https:\/\/www.ucaldas.edu.co\/portal\/author\/ofiprensa\/"}]}},"_links":{"self":[{"href":"https:\/\/www.ucaldas.edu.co\/portal\/wp-json\/wp\/v2\/posts\/48487","targetHints":{"allow":["GET"]}}],"collection":[{"href":"https:\/\/www.ucaldas.edu.co\/portal\/wp-json\/wp\/v2\/posts"}],"about":[{"href":"https:\/\/www.ucaldas.edu.co\/portal\/wp-json\/wp\/v2\/types\/post"}],"author":[{"embeddable":true,"href":"https:\/\/www.ucaldas.edu.co\/portal\/wp-json\/wp\/v2\/users\/2"}],"replies":[{"embeddable":true,"href":"https:\/\/www.ucaldas.edu.co\/portal\/wp-json\/wp\/v2\/comments?post=48487"}],"version-history":[{"count":0,"href":"https:\/\/www.ucaldas.edu.co\/portal\/wp-json\/wp\/v2\/posts\/48487\/revisions"}],"wp:featuredmedia":[{"embeddable":true,"href":"https:\/\/www.ucaldas.edu.co\/portal\/wp-json\/wp\/v2\/media\/47669"}],"wp:attachment":[{"href":"https:\/\/www.ucaldas.edu.co\/portal\/wp-json\/wp\/v2\/media?parent=48487"}],"wp:term":[{"taxonomy":"category","embeddable":true,"href":"https:\/\/www.ucaldas.edu.co\/portal\/wp-json\/wp\/v2\/categories?post=48487"},{"taxonomy":"post_tag","embeddable":true,"href":"https:\/\/www.ucaldas.edu.co\/portal\/wp-json\/wp\/v2\/tags?post=48487"}],"curies":[{"name":"wp","href":"https:\/\/api.w.org\/{rel}","templated":true}]}}