{"id":48138,"date":"2019-05-08T22:45:51","date_gmt":"2019-05-08T22:45:51","guid":{"rendered":"https:\/\/www.ucaldas.edu.co\/portal\/?p=48138"},"modified":"2019-05-08T22:46:02","modified_gmt":"2019-05-08T22:46:02","slug":"tercer-premio-civico-retos-conlosods","status":"publish","type":"post","link":"https:\/\/www.ucaldas.edu.co\/portal\/tercer-premio-civico-retos-conlosods\/","title":{"rendered":"Tercer Premio C\u00edvico Retos #ConLosODS"},"content":{"rendered":"<p style=\"text-align: center;\">OPORTUNIDAD PARA LOS INNOVADORES SOCIALES DE LA UNIVERSIDAD DE CALDAS<\/p>\n<p style=\"text-align: center;\"><strong>Tercer Premio C\u00edvico Retos #ConLosODS<\/strong><\/p>\n<p style=\"text-align: right;\">08\/05\/2019<\/p>\n<p><img loading=\"lazy\" decoding=\"async\" class=\"size-full wp-image-48126 aligncenter\" src=\"https:\/\/www.ucaldas.edu.co\/portal\/wp-content\/uploads\/2019\/05\/Premio-C\u00edvico-compressor.png\" alt=\"\" width=\"700\" height=\"400\" srcset=\"https:\/\/www.ucaldas.edu.co\/portal\/wp-content\/uploads\/2019\/05\/Premio-C\u00edvico-compressor.png 700w, https:\/\/www.ucaldas.edu.co\/portal\/wp-content\/uploads\/2019\/05\/Premio-C\u00edvico-compressor-300x171.png 300w\" sizes=\"auto, (max-width: 700px) 100vw, 700px\" \/>Hasta el 30 de junio de 2019, estar\u00e1 abierta la convocatoria del Tercer Premio C\u00edvico por una Ciudad Mejor, promovido por el\u00a0 programa Manizales C\u00f3mo Vamos en asocio con la Universidad de Caldas, fundaciones, empresarios, medios de comunicaci\u00f3n y otras instituciones de educaci\u00f3n superior, que busca impulsar y ampliar el impacto de iniciativas sociales innovadoras, que trabajan para resolver problemas de sus ciudades.<\/p>\n<p><!--more--><\/p>\n<p>Este a\u00f1o podr\u00e1n participar todas aquellas personas que tengan una idea, un proyecto o una iniciativa que contribuya con el logro y las metas globales de desarrollo sostenible para 2030.<\/p>\n<p>Estas metas son conocidas como los Objetivos de Desarrollo Sostenible -ODS- , para erradicar la pobreza, conservar el planeta y asegurar prosperidad para todos.<\/p>\n<p>El Premio C\u00edvico: Retos #ConLosODS reconocer\u00e1\u00a0 cuatro iniciativas, que recibir\u00e1n un aporte econ\u00f3mico as\u00ed:<\/p>\n<ul>\n<li>Primer lugar: $5 millones<\/li>\n<li>Segundo lugar: $4 millones<\/li>\n<li>Tercer lugar: $3 millones<\/li>\n<li>Premio al involucramiento ciudadano \u201c\u00c1ngela Escall\u00f3n\u201d: $3 millones<\/li>\n<\/ul>\n<p>&nbsp;<\/p>\n<p>Los semifinalistas podr\u00e1n conectarse con otros innovadores sociales, fortalecer sus iniciativas, entrenar tus competencias de comunicaci\u00f3n, recibir mentor\u00edas de expertos y hacer parte del banco de innovadores sociales.<\/p>\n<p>Los interesados podr\u00e1n inscribir su idea o iniciativa en los siguientes retos:<\/p>\n<p>&nbsp;<\/p>\n<p><strong>Reto #1: IGUALDAD<\/strong> Erradicar la pobreza extrema y reducir la desigualdad.<\/p>\n<p><strong>Reto #2: SEGURIDAD<\/strong> Hacer de la protecci\u00f3n de la protecci\u00f3n a la vida una prioridad. Reducir los homicidios.<\/p>\n<p><strong>Reto #3: EDUCACI\u00d3N<\/strong> Jug\u00e1rnosla por una educaci\u00f3n integral de calidad desde la primera infancia.<\/p>\n<p><strong>Reto #4: MEDIO AMBIENTE<\/strong> Trabajar para adaptarnos al cambio clim\u00e1tico y para ser una ciudad resiliente.<\/p>\n<p><strong>Reto #5: EMPLEO FORMAL<\/strong> Aumentar la ocupaci\u00f3n formal en Manizales.<\/p>\n<p><strong>Reto #6: MENOS SUICIDIOS<\/strong> Prevenir, estar atentos y ayudar para disminuir los suicidios.<\/p>\n<p><strong>Reto #7: PROMOCI\u00d3N Y PREVENCI\u00d3N<\/strong> Fortalecer la atenci\u00f3n primaria en salud con enfoque preventivo.<\/p>\n<p><strong>Reto #8: TRANSPORTE INTEGRADO<\/strong> Montarnos en un Sistema Estrat\u00e9gico de Transporte P\u00fablico multimodal.<\/p>\n<p><strong>Reto #9: AIRE LIMPIO<\/strong> Acercarnos a las recomendaciones internacionales de calidad del aire.<\/p>\n<p><strong>Reto #10: CAMPUS UNIVERSITARIO<\/strong> Graduarnos como la capital universitaria de Colombia.<\/p>\n<p><strong>Reto #11:<\/strong> <strong>SEGURIDAD VIAL<\/strong> Ni un muerto m\u00e1s incidentes de tr\u00e1nsito. Nada es accidental.<\/p>\n<p><strong>Reto #12:<\/strong> <strong>COMPETITIVIDA<\/strong>D Mantener la regi\u00f3n como l\u00edder en competitividad e innovaci\u00f3n.<\/p>\n<p><strong>Reto #13: PARTICIPACI\u00d3N CIUDADANA<\/strong> Premio al involucramiento ciudadano \u201c\u00c1ngela Escall\u00f3n\u201d<\/p>\n<p>&nbsp;<\/p>\n<p>Para postular una o varias iniciativas se debe ir a la p\u00e1gina web del Programa Premio C\u00edvico Retos #ConLosODS <u><a href=\"www.manizalescomovamos.org%20\">www.manizalescomovamos.org<\/a><\/u> en la secci\u00f3n <u><a href=\"https:\/\/docs.google.com\/forms\/d\/e\/1FAIpQLSfQf1XjJYKomHBF-VtBs5JwhphkwMWGe-g4cXa18iFJMtokmA\/viewform\">postula aqu\u00ed tu iniciativa.<\/a><\/u><\/p>\n<p><strong>Informes: <\/strong>Oficina de Comunicaciones y Prensa Universidad de Caldas. Tel\u00e9fono: 8781500 Extensi\u00f3n: 12167<\/p>\n<p><strong>Redacci\u00f3n: <\/strong>Daniela S\u00e1nchez R\u00edos<\/p>\n<p>&nbsp;<\/p>\n","protected":false},"excerpt":{"rendered":"<p>OPORTUNIDAD PARA LOS INNOVADORES SOCIALES DE LA UNIVERSIDAD DE CALDAS Tercer Premio C\u00edvico Retos #ConLosODS 08\/05\/2019 Hasta el 30 de junio de 2019, estar\u00e1 abierta la convocatoria del Tercer Premio C\u00edvico por una Ciudad Mejor, promovido por el\u00a0 programa Manizales C\u00f3mo Vamos en asocio con la Universidad de Caldas, fundaciones, empresarios, medios de comunicaci\u00f3n y [&hellip;]<\/p>\n","protected":false},"author":2,"featured_media":48126,"comment_status":"closed","ping_status":"open","sticky":false,"template":"","format":"standard","meta":{"footnotes":""},"categories":[48,53],"tags":[754,2530,3835,3877],"class_list":["post-48138","post","type-post","status-publish","format-standard","has-post-thumbnail","hentry","category-actualidad","category-universidad-al-dia","tag-innovacion-social","tag-retos","tag-premio-civico","tag-ods"],"yoast_head":"<!-- This site is optimized with the Yoast SEO plugin v27.5 - https:\/\/yoast.com\/product\/yoast-seo-wordpress\/ -->\n<title>Tercer Premio C\u00edvico Retos #ConLosODS .<\/title>\n<meta name=\"robots\" content=\"index, follow, max-snippet:-1, max-image-preview:large, max-video-preview:-1\" \/>\n<link rel=\"canonical\" href=\"https:\/\/www.ucaldas.edu.co\/portal\/tercer-premio-civico-retos-conlosods\/\" \/>\n<script type=\"application\/ld+json\" class=\"yoast-schema-graph\">{\"@context\":\"https:\\\/\\\/schema.org\",\"@graph\":[{\"@type\":\"Article\",\"@id\":\"https:\\\/\\\/www.ucaldas.edu.co\\\/portal\\\/tercer-premio-civico-retos-conlosods\\\/#article\",\"isPartOf\":{\"@id\":\"https:\\\/\\\/www.ucaldas.edu.co\\\/portal\\\/tercer-premio-civico-retos-conlosods\\\/\"},\"author\":{\"name\":\"ofiprensa\",\"@id\":\"https:\\\/\\\/www.ucaldas.edu.co\\\/portal\\\/#\\\/schema\\\/person\\\/a1b482e23449158b4bc319926c074fdf\"},\"headline\":\"Tercer Premio C\u00edvico Retos #ConLosODS\",\"datePublished\":\"2019-05-08T22:45:51+00:00\",\"dateModified\":\"2019-05-08T22:46:02+00:00\",\"mainEntityOfPage\":{\"@id\":\"https:\\\/\\\/www.ucaldas.edu.co\\\/portal\\\/tercer-premio-civico-retos-conlosods\\\/\"},\"wordCount\":450,\"publisher\":{\"@id\":\"https:\\\/\\\/www.ucaldas.edu.co\\\/portal\\\/#organization\"},\"image\":{\"@id\":\"https:\\\/\\\/www.ucaldas.edu.co\\\/portal\\\/tercer-premio-civico-retos-conlosods\\\/#primaryimage\"},\"thumbnailUrl\":\"https:\\\/\\\/www.ucaldas.edu.co\\\/portal\\\/wp-content\\\/uploads\\\/2019\\\/05\\\/Premio-C\u00edvico-compressor.png\",\"keywords\":[\"innovaci\u00f3n social\",\"retos\",\"Premio c\u00edvico\",\"ODS\"],\"articleSection\":[\"Actualidad\",\"Universidad al D\u00eda\"],\"inLanguage\":\"es\"},{\"@type\":\"WebPage\",\"@id\":\"https:\\\/\\\/www.ucaldas.edu.co\\\/portal\\\/tercer-premio-civico-retos-conlosods\\\/\",\"url\":\"https:\\\/\\\/www.ucaldas.edu.co\\\/portal\\\/tercer-premio-civico-retos-conlosods\\\/\",\"name\":\"Tercer Premio C\u00edvico Retos #ConLosODS .\",\"isPartOf\":{\"@id\":\"https:\\\/\\\/www.ucaldas.edu.co\\\/portal\\\/#website\"},\"primaryImageOfPage\":{\"@id\":\"https:\\\/\\\/www.ucaldas.edu.co\\\/portal\\\/tercer-premio-civico-retos-conlosods\\\/#primaryimage\"},\"image\":{\"@id\":\"https:\\\/\\\/www.ucaldas.edu.co\\\/portal\\\/tercer-premio-civico-retos-conlosods\\\/#primaryimage\"},\"thumbnailUrl\":\"https:\\\/\\\/www.ucaldas.edu.co\\\/portal\\\/wp-content\\\/uploads\\\/2019\\\/05\\\/Premio-C\u00edvico-compressor.png\",\"datePublished\":\"2019-05-08T22:45:51+00:00\",\"dateModified\":\"2019-05-08T22:46:02+00:00\",\"breadcrumb\":{\"@id\":\"https:\\\/\\\/www.ucaldas.edu.co\\\/portal\\\/tercer-premio-civico-retos-conlosods\\\/#breadcrumb\"},\"inLanguage\":\"es\",\"potentialAction\":[{\"@type\":\"ReadAction\",\"target\":[\"https:\\\/\\\/www.ucaldas.edu.co\\\/portal\\\/tercer-premio-civico-retos-conlosods\\\/\"]}]},{\"@type\":\"ImageObject\",\"inLanguage\":\"es\",\"@id\":\"https:\\\/\\\/www.ucaldas.edu.co\\\/portal\\\/tercer-premio-civico-retos-conlosods\\\/#primaryimage\",\"url\":\"https:\\\/\\\/www.ucaldas.edu.co\\\/portal\\\/wp-content\\\/uploads\\\/2019\\\/05\\\/Premio-C\u00edvico-compressor.png\",\"contentUrl\":\"https:\\\/\\\/www.ucaldas.edu.co\\\/portal\\\/wp-content\\\/uploads\\\/2019\\\/05\\\/Premio-C\u00edvico-compressor.png\",\"width\":700,\"height\":400},{\"@type\":\"BreadcrumbList\",\"@id\":\"https:\\\/\\\/www.ucaldas.edu.co\\\/portal\\\/tercer-premio-civico-retos-conlosods\\\/#breadcrumb\",\"itemListElement\":[{\"@type\":\"ListItem\",\"position\":1,\"name\":\"Portada\",\"item\":\"https:\\\/\\\/www.ucaldas.edu.co\\\/portal\\\/\"},{\"@type\":\"ListItem\",\"position\":2,\"name\":\"Tercer Premio C\u00edvico Retos #ConLosODS\"}]},{\"@type\":\"WebSite\",\"@id\":\"https:\\\/\\\/www.ucaldas.edu.co\\\/portal\\\/#website\",\"url\":\"https:\\\/\\\/www.ucaldas.edu.co\\\/portal\\\/\",\"name\":\"Universidad de Caldas\",\"description\":\"\",\"publisher\":{\"@id\":\"https:\\\/\\\/www.ucaldas.edu.co\\\/portal\\\/#organization\"},\"alternateName\":\"U. de Caldas\",\"potentialAction\":[{\"@type\":\"SearchAction\",\"target\":{\"@type\":\"EntryPoint\",\"urlTemplate\":\"https:\\\/\\\/www.ucaldas.edu.co\\\/portal\\\/?s={search_term_string}\"},\"query-input\":{\"@type\":\"PropertyValueSpecification\",\"valueRequired\":true,\"valueName\":\"search_term_string\"}}],\"inLanguage\":\"es\"},{\"@type\":\"Organization\",\"@id\":\"https:\\\/\\\/www.ucaldas.edu.co\\\/portal\\\/#organization\",\"name\":\"Universidad de Caldas\",\"alternateName\":\"U. de Caldas\",\"url\":\"https:\\\/\\\/www.ucaldas.edu.co\\\/portal\\\/\",\"logo\":{\"@type\":\"ImageObject\",\"inLanguage\":\"es\",\"@id\":\"https:\\\/\\\/www.ucaldas.edu.co\\\/portal\\\/#\\\/schema\\\/logo\\\/image\\\/\",\"url\":\"https:\\\/\\\/www.ucaldas.edu.co\\\/portal\\\/wp-content\\\/uploads\\\/2023\\\/11\\\/Logo_horizontal_oscuroU-2023.png\",\"contentUrl\":\"https:\\\/\\\/www.ucaldas.edu.co\\\/portal\\\/wp-content\\\/uploads\\\/2023\\\/11\\\/Logo_horizontal_oscuroU-2023.png\",\"width\":263,\"height\":101,\"caption\":\"Universidad de Caldas\"},\"image\":{\"@id\":\"https:\\\/\\\/www.ucaldas.edu.co\\\/portal\\\/#\\\/schema\\\/logo\\\/image\\\/\"},\"sameAs\":[\"https:\\\/\\\/www.facebook.com\\\/udecaldas\",\"https:\\\/\\\/x.com\\\/udecaldas\",\"https:\\\/\\\/www.youtube.com\\\/universidadcaldas\",\"https:\\\/\\\/www.instagram.com\\\/udecaldas\\\/\"]},{\"@type\":\"Person\",\"@id\":\"https:\\\/\\\/www.ucaldas.edu.co\\\/portal\\\/#\\\/schema\\\/person\\\/a1b482e23449158b4bc319926c074fdf\",\"name\":\"ofiprensa\",\"image\":{\"@type\":\"ImageObject\",\"inLanguage\":\"es\",\"@id\":\"https:\\\/\\\/www.ucaldas.edu.co\\\/portal\\\/wp-content\\\/litespeed\\\/avatar\\\/09ea5085e600095a7a811142c6944527.jpg?ver=1777497608\",\"url\":\"https:\\\/\\\/www.ucaldas.edu.co\\\/portal\\\/wp-content\\\/litespeed\\\/avatar\\\/09ea5085e600095a7a811142c6944527.jpg?ver=1777497608\",\"contentUrl\":\"https:\\\/\\\/www.ucaldas.edu.co\\\/portal\\\/wp-content\\\/litespeed\\\/avatar\\\/09ea5085e600095a7a811142c6944527.jpg?ver=1777497608\",\"caption\":\"ofiprensa\"},\"url\":\"https:\\\/\\\/www.ucaldas.edu.co\\\/portal\\\/author\\\/ofiprensa\\\/\"}]}<\/script>\n<!-- \/ Yoast SEO plugin. -->","yoast_head_json":{"title":"Tercer Premio C\u00edvico Retos #ConLosODS .","robots":{"index":"index","follow":"follow","max-snippet":"max-snippet:-1","max-image-preview":"max-image-preview:large","max-video-preview":"max-video-preview:-1"},"canonical":"https:\/\/www.ucaldas.edu.co\/portal\/tercer-premio-civico-retos-conlosods\/","schema":{"@context":"https:\/\/schema.org","@graph":[{"@type":"Article","@id":"https:\/\/www.ucaldas.edu.co\/portal\/tercer-premio-civico-retos-conlosods\/#article","isPartOf":{"@id":"https:\/\/www.ucaldas.edu.co\/portal\/tercer-premio-civico-retos-conlosods\/"},"author":{"name":"ofiprensa","@id":"https:\/\/www.ucaldas.edu.co\/portal\/#\/schema\/person\/a1b482e23449158b4bc319926c074fdf"},"headline":"Tercer Premio C\u00edvico Retos #ConLosODS","datePublished":"2019-05-08T22:45:51+00:00","dateModified":"2019-05-08T22:46:02+00:00","mainEntityOfPage":{"@id":"https:\/\/www.ucaldas.edu.co\/portal\/tercer-premio-civico-retos-conlosods\/"},"wordCount":450,"publisher":{"@id":"https:\/\/www.ucaldas.edu.co\/portal\/#organization"},"image":{"@id":"https:\/\/www.ucaldas.edu.co\/portal\/tercer-premio-civico-retos-conlosods\/#primaryimage"},"thumbnailUrl":"https:\/\/www.ucaldas.edu.co\/portal\/wp-content\/uploads\/2019\/05\/Premio-C\u00edvico-compressor.png","keywords":["innovaci\u00f3n social","retos","Premio c\u00edvico","ODS"],"articleSection":["Actualidad","Universidad al D\u00eda"],"inLanguage":"es"},{"@type":"WebPage","@id":"https:\/\/www.ucaldas.edu.co\/portal\/tercer-premio-civico-retos-conlosods\/","url":"https:\/\/www.ucaldas.edu.co\/portal\/tercer-premio-civico-retos-conlosods\/","name":"Tercer Premio C\u00edvico Retos #ConLosODS .","isPartOf":{"@id":"https:\/\/www.ucaldas.edu.co\/portal\/#website"},"primaryImageOfPage":{"@id":"https:\/\/www.ucaldas.edu.co\/portal\/tercer-premio-civico-retos-conlosods\/#primaryimage"},"image":{"@id":"https:\/\/www.ucaldas.edu.co\/portal\/tercer-premio-civico-retos-conlosods\/#primaryimage"},"thumbnailUrl":"https:\/\/www.ucaldas.edu.co\/portal\/wp-content\/uploads\/2019\/05\/Premio-C\u00edvico-compressor.png","datePublished":"2019-05-08T22:45:51+00:00","dateModified":"2019-05-08T22:46:02+00:00","breadcrumb":{"@id":"https:\/\/www.ucaldas.edu.co\/portal\/tercer-premio-civico-retos-conlosods\/#breadcrumb"},"inLanguage":"es","potentialAction":[{"@type":"ReadAction","target":["https:\/\/www.ucaldas.edu.co\/portal\/tercer-premio-civico-retos-conlosods\/"]}]},{"@type":"ImageObject","inLanguage":"es","@id":"https:\/\/www.ucaldas.edu.co\/portal\/tercer-premio-civico-retos-conlosods\/#primaryimage","url":"https:\/\/www.ucaldas.edu.co\/portal\/wp-content\/uploads\/2019\/05\/Premio-C\u00edvico-compressor.png","contentUrl":"https:\/\/www.ucaldas.edu.co\/portal\/wp-content\/uploads\/2019\/05\/Premio-C\u00edvico-compressor.png","width":700,"height":400},{"@type":"BreadcrumbList","@id":"https:\/\/www.ucaldas.edu.co\/portal\/tercer-premio-civico-retos-conlosods\/#breadcrumb","itemListElement":[{"@type":"ListItem","position":1,"name":"Portada","item":"https:\/\/www.ucaldas.edu.co\/portal\/"},{"@type":"ListItem","position":2,"name":"Tercer Premio C\u00edvico Retos #ConLosODS"}]},{"@type":"WebSite","@id":"https:\/\/www.ucaldas.edu.co\/portal\/#website","url":"https:\/\/www.ucaldas.edu.co\/portal\/","name":"Universidad de Caldas","description":"","publisher":{"@id":"https:\/\/www.ucaldas.edu.co\/portal\/#organization"},"alternateName":"U. de Caldas","potentialAction":[{"@type":"SearchAction","target":{"@type":"EntryPoint","urlTemplate":"https:\/\/www.ucaldas.edu.co\/portal\/?s={search_term_string}"},"query-input":{"@type":"PropertyValueSpecification","valueRequired":true,"valueName":"search_term_string"}}],"inLanguage":"es"},{"@type":"Organization","@id":"https:\/\/www.ucaldas.edu.co\/portal\/#organization","name":"Universidad de Caldas","alternateName":"U. de Caldas","url":"https:\/\/www.ucaldas.edu.co\/portal\/","logo":{"@type":"ImageObject","inLanguage":"es","@id":"https:\/\/www.ucaldas.edu.co\/portal\/#\/schema\/logo\/image\/","url":"https:\/\/www.ucaldas.edu.co\/portal\/wp-content\/uploads\/2023\/11\/Logo_horizontal_oscuroU-2023.png","contentUrl":"https:\/\/www.ucaldas.edu.co\/portal\/wp-content\/uploads\/2023\/11\/Logo_horizontal_oscuroU-2023.png","width":263,"height":101,"caption":"Universidad de Caldas"},"image":{"@id":"https:\/\/www.ucaldas.edu.co\/portal\/#\/schema\/logo\/image\/"},"sameAs":["https:\/\/www.facebook.com\/udecaldas","https:\/\/x.com\/udecaldas","https:\/\/www.youtube.com\/universidadcaldas","https:\/\/www.instagram.com\/udecaldas\/"]},{"@type":"Person","@id":"https:\/\/www.ucaldas.edu.co\/portal\/#\/schema\/person\/a1b482e23449158b4bc319926c074fdf","name":"ofiprensa","image":{"@type":"ImageObject","inLanguage":"es","@id":"https:\/\/www.ucaldas.edu.co\/portal\/wp-content\/litespeed\/avatar\/09ea5085e600095a7a811142c6944527.jpg?ver=1777497608","url":"https:\/\/www.ucaldas.edu.co\/portal\/wp-content\/litespeed\/avatar\/09ea5085e600095a7a811142c6944527.jpg?ver=1777497608","contentUrl":"https:\/\/www.ucaldas.edu.co\/portal\/wp-content\/litespeed\/avatar\/09ea5085e600095a7a811142c6944527.jpg?ver=1777497608","caption":"ofiprensa"},"url":"https:\/\/www.ucaldas.edu.co\/portal\/author\/ofiprensa\/"}]}},"_links":{"self":[{"href":"https:\/\/www.ucaldas.edu.co\/portal\/wp-json\/wp\/v2\/posts\/48138","targetHints":{"allow":["GET"]}}],"collection":[{"href":"https:\/\/www.ucaldas.edu.co\/portal\/wp-json\/wp\/v2\/posts"}],"about":[{"href":"https:\/\/www.ucaldas.edu.co\/portal\/wp-json\/wp\/v2\/types\/post"}],"author":[{"embeddable":true,"href":"https:\/\/www.ucaldas.edu.co\/portal\/wp-json\/wp\/v2\/users\/2"}],"replies":[{"embeddable":true,"href":"https:\/\/www.ucaldas.edu.co\/portal\/wp-json\/wp\/v2\/comments?post=48138"}],"version-history":[{"count":0,"href":"https:\/\/www.ucaldas.edu.co\/portal\/wp-json\/wp\/v2\/posts\/48138\/revisions"}],"wp:featuredmedia":[{"embeddable":true,"href":"https:\/\/www.ucaldas.edu.co\/portal\/wp-json\/wp\/v2\/media\/48126"}],"wp:attachment":[{"href":"https:\/\/www.ucaldas.edu.co\/portal\/wp-json\/wp\/v2\/media?parent=48138"}],"wp:term":[{"taxonomy":"category","embeddable":true,"href":"https:\/\/www.ucaldas.edu.co\/portal\/wp-json\/wp\/v2\/categories?post=48138"},{"taxonomy":"post_tag","embeddable":true,"href":"https:\/\/www.ucaldas.edu.co\/portal\/wp-json\/wp\/v2\/tags?post=48138"}],"curies":[{"name":"wp","href":"https:\/\/api.w.org\/{rel}","templated":true}]}}