{"id":47921,"date":"2019-04-29T22:38:49","date_gmt":"2019-04-29T22:38:49","guid":{"rendered":"https:\/\/www.ucaldas.edu.co\/portal\/?p=47921"},"modified":"2019-04-29T22:38:49","modified_gmt":"2019-04-29T22:38:49","slug":"manana-cierra-convocatoria-para-el-festival-cima","status":"publish","type":"post","link":"https:\/\/www.ucaldas.edu.co\/portal\/manana-cierra-convocatoria-para-el-festival-cima\/","title":{"rendered":"Ma\u00f1ana cierra convocatoria para el Festival CiMa"},"content":{"rendered":"<p style=\"text-align: center;\">INVITA EL DEPARTAMENTO DE M\u00daSICA DE LA UNIVERSIDAD DE CALDAS<\/p>\n<p style=\"text-align: center;\"><strong>Ma\u00f1ana cierra convocatoria para el Festival CiMa<\/strong><\/p>\n<p style=\"text-align: right;\">29\/04\/2019<\/p>\n<p><img loading=\"lazy\" decoding=\"async\" class=\"size-full wp-image-47907 aligncenter\" src=\"https:\/\/www.ucaldas.edu.co\/portal\/wp-content\/uploads\/2019\/04\/cima-compressor-1.png\" alt=\"\" width=\"700\" height=\"400\" srcset=\"https:\/\/www.ucaldas.edu.co\/portal\/wp-content\/uploads\/2019\/04\/cima-compressor-1.png 700w, https:\/\/www.ucaldas.edu.co\/portal\/wp-content\/uploads\/2019\/04\/cima-compressor-1-300x171.png 300w\" sizes=\"auto, (max-width: 700px) 100vw, 700px\" \/>Este martes 30 de abril \u00a0cierra la convocatoria para los artistas que deseen participar en El Festival Internacional de M\u00fasica CiMa 2019 que se realizar\u00e1 del 2 al 7 de septiembre del presente a\u00f1o.<\/p>\n<p><!--more--><\/p>\n<p>El festival contar\u00e1 con 20 conciertos, para los cuales se realiza esta convocatoria. A continuaci\u00f3n presentamos las condiciones de participaci\u00f3n:<\/p>\n<p>&nbsp;<\/p>\n<ul>\n<li>Los participantes deber\u00e1n ofrecer m\u00ednimo un concierto durante el Festival. Cada participante, grupo o solista, deber\u00e1 preparar un programa, con una duraci\u00f3n que oscile entre 50 a 60 minutos.<\/li>\n<li>El Comit\u00e9 Art\u00edstico estar\u00e1 facultado para unir dos programas en un mismo concierto, si por razones art\u00edsticas y\/o log\u00edsticas es necesario hacerlo.<\/li>\n<li>Podr\u00e1n participar ensambles, grupos de c\u00e1mara, solistas y propuestas de performance.<\/li>\n<li>El programa de concierto puede estar construido con diferentes criterios como pueden ser el equilibrio entre \u00e9pocas y estilos o la exploraci\u00f3n de una tem\u00e1tica espec\u00edfica.<\/li>\n<li>El programa deber\u00e1 estar conformado por obras completas. No ser\u00e1n aceptados programas con partes o movimientos de obras. Para el repertorio vocal y coral se aceptan movimientos de obras, as\u00ed como arias de oratorios.<\/li>\n<li>El programa propuesto por las agrupaciones y los solistas deber\u00e1 incluir obligatoriamente la siguiente informaci\u00f3n:\n<ul>\n<li>Nombre de los compositores incluyendo sus fechas de nacimiento y muerte (si aplica).<\/li>\n<li>T\u00edtulos completos de las obras, incluyendo tonalidades, opus, n\u00fameros de catalogaci\u00f3n, movimientos y a\u00f1o de composici\u00f3n. En el caso de los cantantes o agrupaciones corales que interpreten fragmentos de \u00f3pera u oratorio, se solicita indicar tanto el t\u00edtulo del aria o pasaje, como el t\u00edtulo de la obra de la cual forma parte.<\/li>\n<li>Nombres de los autores de transcripciones, arreglos o adaptaciones de obras del repertorio tradicional.<\/li>\n<li>Instrumentaci\u00f3n original de obras del repertorio tradicional transcritas, arregladas o adaptadas.<\/li>\n<li>Orden exacto de las obras a interpretar. El programa no deber\u00e1 tener intermedio.<\/li>\n<li>Duraci\u00f3n aproximada de cada obra y duraci\u00f3n total del programa.<\/li>\n<\/ul>\n<\/li>\n<li>Por lo general, un m\u00fasico, un director o un elenco musical, se inscribe para ser parte de un solo programa presentado para el Festival. En caso de participar en m\u00e1s de una conformaci\u00f3n musical, se deber\u00e1 consultar a los organizadores del Festival y recibir la aprobaci\u00f3n para el efecto.<\/li>\n<li>Los grupos no podr\u00e1n exceder seis participantes.<\/li>\n<li>El Comit\u00e9 Art\u00edstico del Festival evaluar\u00e1 cada una de las propuestas y escoger\u00e1, las que a su juicio, cuenten con los m\u00e9ritos art\u00edsticos y musicales y la alta calidad que siempre se ha destacado en los festivales anteriores.<\/li>\n<li>El plazo para la inscripci\u00f3n de los participantes vence el 30 de abril de 2019.<\/li>\n<\/ul>\n<p>&nbsp;<\/p>\n<p>Los interesados tambi\u00e9n deben tener en cuenta que el Festival CiMa es un evento acad\u00e9mico, por tal motivo, todas las propuestas de participaci\u00f3n en conciertos deber\u00e1 incluir una Propuesta Acad\u00e9mica dirigida a fortalecer los procesos musicales y art\u00edsticos que se llevan a cabo en la Universidad de Caldas. Los participantes deben entregar lo siguiente en las propuestas:<\/p>\n<p>&nbsp;<\/p>\n<ul>\n<li>Actividad: Clase magistral, conferencia, taller.<\/li>\n<li>Duraci\u00f3n: cuatro (3) horas en las cuales toda la agrupaci\u00f3n debe estar presente.<\/li>\n<\/ul>\n<p>&nbsp;<\/p>\n<p>El festival pretende hacer posible que la cultura y la m\u00fasica lleguen a todos los habitantes de Manizales para propiciar de esta manera, un di\u00e1logo pluralista y generoso desde la creaci\u00f3n musical, la interpretaci\u00f3n y la investigaci\u00f3n. Esta meta es la que el Departamento de M\u00fasica de la Universidad de Caldas se plante\u00f3, buscando generar espacios de inclusi\u00f3n y participaci\u00f3n ciudadana alrededor de la m\u00fasica.<\/p>\n<p>&nbsp;<\/p>\n<p><a href=\"https:\/\/www.ucaldas.edu.co\/portal\/wp-content\/uploads\/2019\/03\/Convocatoria-CiMa-2019.pdf\">M\u00e1s informaci\u00f3n.<\/a><\/p>\n<p>&nbsp;<\/p>\n<p><strong>Informes: <\/strong>Oficina de Comunicaciones y Prensa Universidad de Caldas. Tel\u00e9fono: 8781500 Extensi\u00f3n: 12167<\/p>\n<p><strong>Redacci\u00f3n: <\/strong>Mateo Buritic\u00e1 Giraldo<\/p>\n<p>&nbsp;<\/p>\n","protected":false},"excerpt":{"rendered":"<p>INVITA EL DEPARTAMENTO DE M\u00daSICA DE LA UNIVERSIDAD DE CALDAS Ma\u00f1ana cierra convocatoria para el Festival CiMa 29\/04\/2019 Este martes 30 de abril \u00a0cierra la convocatoria para los artistas que deseen participar en El Festival Internacional de M\u00fasica CiMa 2019 que se realizar\u00e1 del 2 al 7 de septiembre del presente a\u00f1o.<\/p>\n","protected":false},"author":2,"featured_media":47907,"comment_status":"closed","ping_status":"open","sticky":false,"template":"","format":"standard","meta":{"footnotes":""},"categories":[48,53],"tags":[141,718,2679,3830],"class_list":["post-47921","post","type-post","status-publish","format-standard","has-post-thumbnail","hentry","category-actualidad","category-universidad-al-dia","tag-convocatoria","tag-musica","tag-foros","tag-festival-cima"],"yoast_head":"<!-- This site is optimized with the Yoast SEO plugin v27.5 - https:\/\/yoast.com\/product\/yoast-seo-wordpress\/ -->\n<title>Ma\u00f1ana cierra convocatoria para el Festival CiMa .<\/title>\n<meta name=\"robots\" content=\"index, follow, max-snippet:-1, max-image-preview:large, max-video-preview:-1\" \/>\n<link rel=\"canonical\" href=\"https:\/\/www.ucaldas.edu.co\/portal\/manana-cierra-convocatoria-para-el-festival-cima\/\" \/>\n<script type=\"application\/ld+json\" class=\"yoast-schema-graph\">{\"@context\":\"https:\\\/\\\/schema.org\",\"@graph\":[{\"@type\":\"Article\",\"@id\":\"https:\\\/\\\/www.ucaldas.edu.co\\\/portal\\\/manana-cierra-convocatoria-para-el-festival-cima\\\/#article\",\"isPartOf\":{\"@id\":\"https:\\\/\\\/www.ucaldas.edu.co\\\/portal\\\/manana-cierra-convocatoria-para-el-festival-cima\\\/\"},\"author\":{\"name\":\"ofiprensa\",\"@id\":\"https:\\\/\\\/www.ucaldas.edu.co\\\/portal\\\/#\\\/schema\\\/person\\\/a1b482e23449158b4bc319926c074fdf\"},\"headline\":\"Ma\u00f1ana cierra convocatoria para el Festival CiMa\",\"datePublished\":\"2019-04-29T22:38:49+00:00\",\"mainEntityOfPage\":{\"@id\":\"https:\\\/\\\/www.ucaldas.edu.co\\\/portal\\\/manana-cierra-convocatoria-para-el-festival-cima\\\/\"},\"wordCount\":653,\"publisher\":{\"@id\":\"https:\\\/\\\/www.ucaldas.edu.co\\\/portal\\\/#organization\"},\"image\":{\"@id\":\"https:\\\/\\\/www.ucaldas.edu.co\\\/portal\\\/manana-cierra-convocatoria-para-el-festival-cima\\\/#primaryimage\"},\"thumbnailUrl\":\"https:\\\/\\\/www.ucaldas.edu.co\\\/portal\\\/wp-content\\\/uploads\\\/2019\\\/04\\\/cima-compressor-1.png\",\"keywords\":[\"Convocatoria\",\"m\u00fasica\",\"foros\",\"festival cima\"],\"articleSection\":[\"Actualidad\",\"Universidad al D\u00eda\"],\"inLanguage\":\"es\"},{\"@type\":\"WebPage\",\"@id\":\"https:\\\/\\\/www.ucaldas.edu.co\\\/portal\\\/manana-cierra-convocatoria-para-el-festival-cima\\\/\",\"url\":\"https:\\\/\\\/www.ucaldas.edu.co\\\/portal\\\/manana-cierra-convocatoria-para-el-festival-cima\\\/\",\"name\":\"Ma\u00f1ana cierra convocatoria para el Festival CiMa .\",\"isPartOf\":{\"@id\":\"https:\\\/\\\/www.ucaldas.edu.co\\\/portal\\\/#website\"},\"primaryImageOfPage\":{\"@id\":\"https:\\\/\\\/www.ucaldas.edu.co\\\/portal\\\/manana-cierra-convocatoria-para-el-festival-cima\\\/#primaryimage\"},\"image\":{\"@id\":\"https:\\\/\\\/www.ucaldas.edu.co\\\/portal\\\/manana-cierra-convocatoria-para-el-festival-cima\\\/#primaryimage\"},\"thumbnailUrl\":\"https:\\\/\\\/www.ucaldas.edu.co\\\/portal\\\/wp-content\\\/uploads\\\/2019\\\/04\\\/cima-compressor-1.png\",\"datePublished\":\"2019-04-29T22:38:49+00:00\",\"breadcrumb\":{\"@id\":\"https:\\\/\\\/www.ucaldas.edu.co\\\/portal\\\/manana-cierra-convocatoria-para-el-festival-cima\\\/#breadcrumb\"},\"inLanguage\":\"es\",\"potentialAction\":[{\"@type\":\"ReadAction\",\"target\":[\"https:\\\/\\\/www.ucaldas.edu.co\\\/portal\\\/manana-cierra-convocatoria-para-el-festival-cima\\\/\"]}]},{\"@type\":\"ImageObject\",\"inLanguage\":\"es\",\"@id\":\"https:\\\/\\\/www.ucaldas.edu.co\\\/portal\\\/manana-cierra-convocatoria-para-el-festival-cima\\\/#primaryimage\",\"url\":\"https:\\\/\\\/www.ucaldas.edu.co\\\/portal\\\/wp-content\\\/uploads\\\/2019\\\/04\\\/cima-compressor-1.png\",\"contentUrl\":\"https:\\\/\\\/www.ucaldas.edu.co\\\/portal\\\/wp-content\\\/uploads\\\/2019\\\/04\\\/cima-compressor-1.png\",\"width\":700,\"height\":400},{\"@type\":\"BreadcrumbList\",\"@id\":\"https:\\\/\\\/www.ucaldas.edu.co\\\/portal\\\/manana-cierra-convocatoria-para-el-festival-cima\\\/#breadcrumb\",\"itemListElement\":[{\"@type\":\"ListItem\",\"position\":1,\"name\":\"Portada\",\"item\":\"https:\\\/\\\/www.ucaldas.edu.co\\\/portal\\\/\"},{\"@type\":\"ListItem\",\"position\":2,\"name\":\"Ma\u00f1ana cierra convocatoria para el Festival CiMa\"}]},{\"@type\":\"WebSite\",\"@id\":\"https:\\\/\\\/www.ucaldas.edu.co\\\/portal\\\/#website\",\"url\":\"https:\\\/\\\/www.ucaldas.edu.co\\\/portal\\\/\",\"name\":\"Universidad de Caldas\",\"description\":\"\",\"publisher\":{\"@id\":\"https:\\\/\\\/www.ucaldas.edu.co\\\/portal\\\/#organization\"},\"alternateName\":\"U. de Caldas\",\"potentialAction\":[{\"@type\":\"SearchAction\",\"target\":{\"@type\":\"EntryPoint\",\"urlTemplate\":\"https:\\\/\\\/www.ucaldas.edu.co\\\/portal\\\/?s={search_term_string}\"},\"query-input\":{\"@type\":\"PropertyValueSpecification\",\"valueRequired\":true,\"valueName\":\"search_term_string\"}}],\"inLanguage\":\"es\"},{\"@type\":\"Organization\",\"@id\":\"https:\\\/\\\/www.ucaldas.edu.co\\\/portal\\\/#organization\",\"name\":\"Universidad de Caldas\",\"alternateName\":\"U. de Caldas\",\"url\":\"https:\\\/\\\/www.ucaldas.edu.co\\\/portal\\\/\",\"logo\":{\"@type\":\"ImageObject\",\"inLanguage\":\"es\",\"@id\":\"https:\\\/\\\/www.ucaldas.edu.co\\\/portal\\\/#\\\/schema\\\/logo\\\/image\\\/\",\"url\":\"https:\\\/\\\/www.ucaldas.edu.co\\\/portal\\\/wp-content\\\/uploads\\\/2023\\\/11\\\/Logo_horizontal_oscuroU-2023.png\",\"contentUrl\":\"https:\\\/\\\/www.ucaldas.edu.co\\\/portal\\\/wp-content\\\/uploads\\\/2023\\\/11\\\/Logo_horizontal_oscuroU-2023.png\",\"width\":263,\"height\":101,\"caption\":\"Universidad de Caldas\"},\"image\":{\"@id\":\"https:\\\/\\\/www.ucaldas.edu.co\\\/portal\\\/#\\\/schema\\\/logo\\\/image\\\/\"},\"sameAs\":[\"https:\\\/\\\/www.facebook.com\\\/udecaldas\",\"https:\\\/\\\/x.com\\\/udecaldas\",\"https:\\\/\\\/www.youtube.com\\\/universidadcaldas\",\"https:\\\/\\\/www.instagram.com\\\/udecaldas\\\/\"]},{\"@type\":\"Person\",\"@id\":\"https:\\\/\\\/www.ucaldas.edu.co\\\/portal\\\/#\\\/schema\\\/person\\\/a1b482e23449158b4bc319926c074fdf\",\"name\":\"ofiprensa\",\"image\":{\"@type\":\"ImageObject\",\"inLanguage\":\"es\",\"@id\":\"https:\\\/\\\/www.ucaldas.edu.co\\\/portal\\\/wp-content\\\/litespeed\\\/avatar\\\/09ea5085e600095a7a811142c6944527.jpg?ver=1777497608\",\"url\":\"https:\\\/\\\/www.ucaldas.edu.co\\\/portal\\\/wp-content\\\/litespeed\\\/avatar\\\/09ea5085e600095a7a811142c6944527.jpg?ver=1777497608\",\"contentUrl\":\"https:\\\/\\\/www.ucaldas.edu.co\\\/portal\\\/wp-content\\\/litespeed\\\/avatar\\\/09ea5085e600095a7a811142c6944527.jpg?ver=1777497608\",\"caption\":\"ofiprensa\"},\"url\":\"https:\\\/\\\/www.ucaldas.edu.co\\\/portal\\\/author\\\/ofiprensa\\\/\"}]}<\/script>\n<!-- \/ Yoast SEO plugin. -->","yoast_head_json":{"title":"Ma\u00f1ana cierra convocatoria para el Festival CiMa .","robots":{"index":"index","follow":"follow","max-snippet":"max-snippet:-1","max-image-preview":"max-image-preview:large","max-video-preview":"max-video-preview:-1"},"canonical":"https:\/\/www.ucaldas.edu.co\/portal\/manana-cierra-convocatoria-para-el-festival-cima\/","schema":{"@context":"https:\/\/schema.org","@graph":[{"@type":"Article","@id":"https:\/\/www.ucaldas.edu.co\/portal\/manana-cierra-convocatoria-para-el-festival-cima\/#article","isPartOf":{"@id":"https:\/\/www.ucaldas.edu.co\/portal\/manana-cierra-convocatoria-para-el-festival-cima\/"},"author":{"name":"ofiprensa","@id":"https:\/\/www.ucaldas.edu.co\/portal\/#\/schema\/person\/a1b482e23449158b4bc319926c074fdf"},"headline":"Ma\u00f1ana cierra convocatoria para el Festival CiMa","datePublished":"2019-04-29T22:38:49+00:00","mainEntityOfPage":{"@id":"https:\/\/www.ucaldas.edu.co\/portal\/manana-cierra-convocatoria-para-el-festival-cima\/"},"wordCount":653,"publisher":{"@id":"https:\/\/www.ucaldas.edu.co\/portal\/#organization"},"image":{"@id":"https:\/\/www.ucaldas.edu.co\/portal\/manana-cierra-convocatoria-para-el-festival-cima\/#primaryimage"},"thumbnailUrl":"https:\/\/www.ucaldas.edu.co\/portal\/wp-content\/uploads\/2019\/04\/cima-compressor-1.png","keywords":["Convocatoria","m\u00fasica","foros","festival cima"],"articleSection":["Actualidad","Universidad al D\u00eda"],"inLanguage":"es"},{"@type":"WebPage","@id":"https:\/\/www.ucaldas.edu.co\/portal\/manana-cierra-convocatoria-para-el-festival-cima\/","url":"https:\/\/www.ucaldas.edu.co\/portal\/manana-cierra-convocatoria-para-el-festival-cima\/","name":"Ma\u00f1ana cierra convocatoria para el Festival CiMa .","isPartOf":{"@id":"https:\/\/www.ucaldas.edu.co\/portal\/#website"},"primaryImageOfPage":{"@id":"https:\/\/www.ucaldas.edu.co\/portal\/manana-cierra-convocatoria-para-el-festival-cima\/#primaryimage"},"image":{"@id":"https:\/\/www.ucaldas.edu.co\/portal\/manana-cierra-convocatoria-para-el-festival-cima\/#primaryimage"},"thumbnailUrl":"https:\/\/www.ucaldas.edu.co\/portal\/wp-content\/uploads\/2019\/04\/cima-compressor-1.png","datePublished":"2019-04-29T22:38:49+00:00","breadcrumb":{"@id":"https:\/\/www.ucaldas.edu.co\/portal\/manana-cierra-convocatoria-para-el-festival-cima\/#breadcrumb"},"inLanguage":"es","potentialAction":[{"@type":"ReadAction","target":["https:\/\/www.ucaldas.edu.co\/portal\/manana-cierra-convocatoria-para-el-festival-cima\/"]}]},{"@type":"ImageObject","inLanguage":"es","@id":"https:\/\/www.ucaldas.edu.co\/portal\/manana-cierra-convocatoria-para-el-festival-cima\/#primaryimage","url":"https:\/\/www.ucaldas.edu.co\/portal\/wp-content\/uploads\/2019\/04\/cima-compressor-1.png","contentUrl":"https:\/\/www.ucaldas.edu.co\/portal\/wp-content\/uploads\/2019\/04\/cima-compressor-1.png","width":700,"height":400},{"@type":"BreadcrumbList","@id":"https:\/\/www.ucaldas.edu.co\/portal\/manana-cierra-convocatoria-para-el-festival-cima\/#breadcrumb","itemListElement":[{"@type":"ListItem","position":1,"name":"Portada","item":"https:\/\/www.ucaldas.edu.co\/portal\/"},{"@type":"ListItem","position":2,"name":"Ma\u00f1ana cierra convocatoria para el Festival CiMa"}]},{"@type":"WebSite","@id":"https:\/\/www.ucaldas.edu.co\/portal\/#website","url":"https:\/\/www.ucaldas.edu.co\/portal\/","name":"Universidad de Caldas","description":"","publisher":{"@id":"https:\/\/www.ucaldas.edu.co\/portal\/#organization"},"alternateName":"U. de Caldas","potentialAction":[{"@type":"SearchAction","target":{"@type":"EntryPoint","urlTemplate":"https:\/\/www.ucaldas.edu.co\/portal\/?s={search_term_string}"},"query-input":{"@type":"PropertyValueSpecification","valueRequired":true,"valueName":"search_term_string"}}],"inLanguage":"es"},{"@type":"Organization","@id":"https:\/\/www.ucaldas.edu.co\/portal\/#organization","name":"Universidad de Caldas","alternateName":"U. de Caldas","url":"https:\/\/www.ucaldas.edu.co\/portal\/","logo":{"@type":"ImageObject","inLanguage":"es","@id":"https:\/\/www.ucaldas.edu.co\/portal\/#\/schema\/logo\/image\/","url":"https:\/\/www.ucaldas.edu.co\/portal\/wp-content\/uploads\/2023\/11\/Logo_horizontal_oscuroU-2023.png","contentUrl":"https:\/\/www.ucaldas.edu.co\/portal\/wp-content\/uploads\/2023\/11\/Logo_horizontal_oscuroU-2023.png","width":263,"height":101,"caption":"Universidad de Caldas"},"image":{"@id":"https:\/\/www.ucaldas.edu.co\/portal\/#\/schema\/logo\/image\/"},"sameAs":["https:\/\/www.facebook.com\/udecaldas","https:\/\/x.com\/udecaldas","https:\/\/www.youtube.com\/universidadcaldas","https:\/\/www.instagram.com\/udecaldas\/"]},{"@type":"Person","@id":"https:\/\/www.ucaldas.edu.co\/portal\/#\/schema\/person\/a1b482e23449158b4bc319926c074fdf","name":"ofiprensa","image":{"@type":"ImageObject","inLanguage":"es","@id":"https:\/\/www.ucaldas.edu.co\/portal\/wp-content\/litespeed\/avatar\/09ea5085e600095a7a811142c6944527.jpg?ver=1777497608","url":"https:\/\/www.ucaldas.edu.co\/portal\/wp-content\/litespeed\/avatar\/09ea5085e600095a7a811142c6944527.jpg?ver=1777497608","contentUrl":"https:\/\/www.ucaldas.edu.co\/portal\/wp-content\/litespeed\/avatar\/09ea5085e600095a7a811142c6944527.jpg?ver=1777497608","caption":"ofiprensa"},"url":"https:\/\/www.ucaldas.edu.co\/portal\/author\/ofiprensa\/"}]}},"_links":{"self":[{"href":"https:\/\/www.ucaldas.edu.co\/portal\/wp-json\/wp\/v2\/posts\/47921","targetHints":{"allow":["GET"]}}],"collection":[{"href":"https:\/\/www.ucaldas.edu.co\/portal\/wp-json\/wp\/v2\/posts"}],"about":[{"href":"https:\/\/www.ucaldas.edu.co\/portal\/wp-json\/wp\/v2\/types\/post"}],"author":[{"embeddable":true,"href":"https:\/\/www.ucaldas.edu.co\/portal\/wp-json\/wp\/v2\/users\/2"}],"replies":[{"embeddable":true,"href":"https:\/\/www.ucaldas.edu.co\/portal\/wp-json\/wp\/v2\/comments?post=47921"}],"version-history":[{"count":0,"href":"https:\/\/www.ucaldas.edu.co\/portal\/wp-json\/wp\/v2\/posts\/47921\/revisions"}],"wp:featuredmedia":[{"embeddable":true,"href":"https:\/\/www.ucaldas.edu.co\/portal\/wp-json\/wp\/v2\/media\/47907"}],"wp:attachment":[{"href":"https:\/\/www.ucaldas.edu.co\/portal\/wp-json\/wp\/v2\/media?parent=47921"}],"wp:term":[{"taxonomy":"category","embeddable":true,"href":"https:\/\/www.ucaldas.edu.co\/portal\/wp-json\/wp\/v2\/categories?post=47921"},{"taxonomy":"post_tag","embeddable":true,"href":"https:\/\/www.ucaldas.edu.co\/portal\/wp-json\/wp\/v2\/tags?post=47921"}],"curies":[{"name":"wp","href":"https:\/\/api.w.org\/{rel}","templated":true}]}}