{"id":47708,"date":"2019-04-17T22:08:08","date_gmt":"2019-04-17T22:08:08","guid":{"rendered":"https:\/\/www.ucaldas.edu.co\/portal\/?p=47708"},"modified":"2019-04-17T22:08:08","modified_gmt":"2019-04-17T22:08:08","slug":"con-su-voto-el-centro-cultural-rogelio-salmona-podra-convertirse-en-la-obra-del-ano-de-archdaily-2019","status":"publish","type":"post","link":"https:\/\/www.ucaldas.edu.co\/portal\/con-su-voto-el-centro-cultural-rogelio-salmona-podra-convertirse-en-la-obra-del-ano-de-archdaily-2019\/","title":{"rendered":"Con su voto el Centro Cultural Rogelio Salmona podr\u00e1 convertirse en la Obra del A\u00f1o de ArchDaily 2019"},"content":{"rendered":"<p style=\"text-align: center;\">VOTACIONES HASTA EL 23 DE ABRIL<\/p>\n<p style=\"text-align: center;\"><strong>Con su voto el Centro Cultural Rogelio Salmona podr\u00e1 convertirse en la Obra del A\u00f1o de ArchDaily 2019<\/strong><\/p>\n<p style=\"text-align: right;\">17\/04\/2019<\/p>\n<p><img loading=\"lazy\" decoding=\"async\" class=\"size-full wp-image-47704 aligncenter\" src=\"https:\/\/www.ucaldas.edu.co\/portal\/wp-content\/uploads\/2019\/04\/Salmona.jpg\" alt=\"\" width=\"700\" height=\"400\" srcset=\"https:\/\/www.ucaldas.edu.co\/portal\/wp-content\/uploads\/2019\/04\/Salmona.jpg 700w, https:\/\/www.ucaldas.edu.co\/portal\/wp-content\/uploads\/2019\/04\/Salmona-300x171.jpg 300w\" sizes=\"auto, (max-width: 700px) 100vw, 700px\" \/>El Centro Cultural Universitario Rogelio Salmona de la Universidad de Caldas,\u00a0 es una de las construcciones nominadas en la categor\u00eda Arquitectura Educacional en el Premio\u00a0<a href=\"http:\/\/oda.plataformaarquitectura.cl\/cl\/2019?utm_medium=website&amp;utm_source=archdaily.co\">Obra del A\u00f1o (ODA)<\/a>, m\u00e1ximo galard\u00f3n del mundo de la arquitectura donde los ganadores son elegidos por votaci\u00f3n popular.<\/p>\n<p><!--more--><\/p>\n<p>Para acceder al premio, los interesados en apoyar esta iniciativa pueden acceder al portal: <a href=\"https:\/\/bit.ly\/2YLPNuB\">https:\/\/bit.ly\/2YLPNuB<\/a> y una vez all\u00ed seguir las instrucciones para nominar el Centro Cultural Rogelio Salmona y de esta manera lograr su reconocimiento en el \u00e1mbito mundial.<\/p>\n<p>Se recomienda a la hora de realizar la votaci\u00f3n contar con un perfil en Facebook o cuenta de Google, para facilitar el proceso de votaci\u00f3n que finaliza el pr\u00f3ximo martes 23 de abril.<\/p>\n<p>Desde 2008 el\u00a0 Premio Obra del A\u00f1o, es el\u00a0 \u00fanico galard\u00f3n del mundo de la arquitectura en espa\u00f1ol y busca que los ciudadanos\u00a0 determinen\u00a0 cu\u00e1les fueron las obras que durante el 2018\u00a0 representaron\u00a0 la identidad de los\u00a0 contextos locales, pero al mismo tiempo, marcaron\u00a0 la forma de hacer arquitectura alrededor del mundo.<\/p>\n<p>M\u00e1s informaci\u00f3n consulte:<\/p>\n<p><a href=\"https:\/\/oda.plataformaarquitectura.cl\/cl\/2019\">https:\/\/oda.plataformaarquitectura.cl\/cl\/2019<\/a><\/p>\n<p><strong>Informes: <\/strong>Oficina de Comunicaciones y Prensa Universidad de Caldas. Tel\u00e9fono: 8781500 Extensi\u00f3n: 12167<\/p>\n<p><strong>Redacci\u00f3n: <\/strong>Adriana Salazar Villegas<\/p>\n<p>&nbsp;<\/p>\n","protected":false},"excerpt":{"rendered":"<p>VOTACIONES HASTA EL 23 DE ABRIL Con su voto el Centro Cultural Rogelio Salmona podr\u00e1 convertirse en la Obra del A\u00f1o de ArchDaily 2019 17\/04\/2019 El Centro Cultural Universitario Rogelio Salmona de la Universidad de Caldas,\u00a0 es una de las construcciones nominadas en la categor\u00eda Arquitectura Educacional en el Premio\u00a0Obra del A\u00f1o (ODA), m\u00e1ximo galard\u00f3n [&hellip;]<\/p>\n","protected":false},"author":2,"featured_media":47704,"comment_status":"closed","ping_status":"open","sticky":false,"template":"","format":"standard","meta":{"footnotes":""},"categories":[48,53],"tags":[319,1444,1615,3280],"class_list":["post-47708","post","type-post","status-publish","format-standard","has-post-thumbnail","hentry","category-actualidad","category-universidad-al-dia","tag-ccu","tag-votaciones","tag-arquitectura","tag-premios"],"yoast_head":"<!-- This site is optimized with the Yoast SEO plugin v27.5 - https:\/\/yoast.com\/product\/yoast-seo-wordpress\/ -->\n<title>Con su voto el Centro Cultural Rogelio Salmona podr\u00e1 convertirse en la Obra del A\u00f1o de ArchDaily 2019 .<\/title>\n<meta name=\"robots\" content=\"index, follow, max-snippet:-1, max-image-preview:large, max-video-preview:-1\" \/>\n<link rel=\"canonical\" href=\"https:\/\/www.ucaldas.edu.co\/portal\/con-su-voto-el-centro-cultural-rogelio-salmona-podra-convertirse-en-la-obra-del-ano-de-archdaily-2019\/\" \/>\n<script type=\"application\/ld+json\" class=\"yoast-schema-graph\">{\"@context\":\"https:\\\/\\\/schema.org\",\"@graph\":[{\"@type\":\"Article\",\"@id\":\"https:\\\/\\\/www.ucaldas.edu.co\\\/portal\\\/con-su-voto-el-centro-cultural-rogelio-salmona-podra-convertirse-en-la-obra-del-ano-de-archdaily-2019\\\/#article\",\"isPartOf\":{\"@id\":\"https:\\\/\\\/www.ucaldas.edu.co\\\/portal\\\/con-su-voto-el-centro-cultural-rogelio-salmona-podra-convertirse-en-la-obra-del-ano-de-archdaily-2019\\\/\"},\"author\":{\"name\":\"ofiprensa\",\"@id\":\"https:\\\/\\\/www.ucaldas.edu.co\\\/portal\\\/#\\\/schema\\\/person\\\/a1b482e23449158b4bc319926c074fdf\"},\"headline\":\"Con su voto el Centro Cultural Rogelio Salmona podr\u00e1 convertirse en la Obra del A\u00f1o de ArchDaily 2019\",\"datePublished\":\"2019-04-17T22:08:08+00:00\",\"mainEntityOfPage\":{\"@id\":\"https:\\\/\\\/www.ucaldas.edu.co\\\/portal\\\/con-su-voto-el-centro-cultural-rogelio-salmona-podra-convertirse-en-la-obra-del-ano-de-archdaily-2019\\\/\"},\"wordCount\":251,\"publisher\":{\"@id\":\"https:\\\/\\\/www.ucaldas.edu.co\\\/portal\\\/#organization\"},\"image\":{\"@id\":\"https:\\\/\\\/www.ucaldas.edu.co\\\/portal\\\/con-su-voto-el-centro-cultural-rogelio-salmona-podra-convertirse-en-la-obra-del-ano-de-archdaily-2019\\\/#primaryimage\"},\"thumbnailUrl\":\"https:\\\/\\\/www.ucaldas.edu.co\\\/portal\\\/wp-content\\\/uploads\\\/2019\\\/04\\\/Salmona.jpg\",\"keywords\":[\"CCU\",\"votaciones\",\"arquitectura\",\"premios\"],\"articleSection\":[\"Actualidad\",\"Universidad al D\u00eda\"],\"inLanguage\":\"es\"},{\"@type\":\"WebPage\",\"@id\":\"https:\\\/\\\/www.ucaldas.edu.co\\\/portal\\\/con-su-voto-el-centro-cultural-rogelio-salmona-podra-convertirse-en-la-obra-del-ano-de-archdaily-2019\\\/\",\"url\":\"https:\\\/\\\/www.ucaldas.edu.co\\\/portal\\\/con-su-voto-el-centro-cultural-rogelio-salmona-podra-convertirse-en-la-obra-del-ano-de-archdaily-2019\\\/\",\"name\":\"Con su voto el Centro Cultural Rogelio Salmona podr\u00e1 convertirse en la Obra del A\u00f1o de ArchDaily 2019 .\",\"isPartOf\":{\"@id\":\"https:\\\/\\\/www.ucaldas.edu.co\\\/portal\\\/#website\"},\"primaryImageOfPage\":{\"@id\":\"https:\\\/\\\/www.ucaldas.edu.co\\\/portal\\\/con-su-voto-el-centro-cultural-rogelio-salmona-podra-convertirse-en-la-obra-del-ano-de-archdaily-2019\\\/#primaryimage\"},\"image\":{\"@id\":\"https:\\\/\\\/www.ucaldas.edu.co\\\/portal\\\/con-su-voto-el-centro-cultural-rogelio-salmona-podra-convertirse-en-la-obra-del-ano-de-archdaily-2019\\\/#primaryimage\"},\"thumbnailUrl\":\"https:\\\/\\\/www.ucaldas.edu.co\\\/portal\\\/wp-content\\\/uploads\\\/2019\\\/04\\\/Salmona.jpg\",\"datePublished\":\"2019-04-17T22:08:08+00:00\",\"breadcrumb\":{\"@id\":\"https:\\\/\\\/www.ucaldas.edu.co\\\/portal\\\/con-su-voto-el-centro-cultural-rogelio-salmona-podra-convertirse-en-la-obra-del-ano-de-archdaily-2019\\\/#breadcrumb\"},\"inLanguage\":\"es\",\"potentialAction\":[{\"@type\":\"ReadAction\",\"target\":[\"https:\\\/\\\/www.ucaldas.edu.co\\\/portal\\\/con-su-voto-el-centro-cultural-rogelio-salmona-podra-convertirse-en-la-obra-del-ano-de-archdaily-2019\\\/\"]}]},{\"@type\":\"ImageObject\",\"inLanguage\":\"es\",\"@id\":\"https:\\\/\\\/www.ucaldas.edu.co\\\/portal\\\/con-su-voto-el-centro-cultural-rogelio-salmona-podra-convertirse-en-la-obra-del-ano-de-archdaily-2019\\\/#primaryimage\",\"url\":\"https:\\\/\\\/www.ucaldas.edu.co\\\/portal\\\/wp-content\\\/uploads\\\/2019\\\/04\\\/Salmona.jpg\",\"contentUrl\":\"https:\\\/\\\/www.ucaldas.edu.co\\\/portal\\\/wp-content\\\/uploads\\\/2019\\\/04\\\/Salmona.jpg\",\"width\":700,\"height\":400},{\"@type\":\"BreadcrumbList\",\"@id\":\"https:\\\/\\\/www.ucaldas.edu.co\\\/portal\\\/con-su-voto-el-centro-cultural-rogelio-salmona-podra-convertirse-en-la-obra-del-ano-de-archdaily-2019\\\/#breadcrumb\",\"itemListElement\":[{\"@type\":\"ListItem\",\"position\":1,\"name\":\"Portada\",\"item\":\"https:\\\/\\\/www.ucaldas.edu.co\\\/portal\\\/\"},{\"@type\":\"ListItem\",\"position\":2,\"name\":\"Con su voto el Centro Cultural Rogelio Salmona podr\u00e1 convertirse en la Obra del A\u00f1o de ArchDaily 2019\"}]},{\"@type\":\"WebSite\",\"@id\":\"https:\\\/\\\/www.ucaldas.edu.co\\\/portal\\\/#website\",\"url\":\"https:\\\/\\\/www.ucaldas.edu.co\\\/portal\\\/\",\"name\":\"Universidad de Caldas\",\"description\":\"\",\"publisher\":{\"@id\":\"https:\\\/\\\/www.ucaldas.edu.co\\\/portal\\\/#organization\"},\"alternateName\":\"U. de Caldas\",\"potentialAction\":[{\"@type\":\"SearchAction\",\"target\":{\"@type\":\"EntryPoint\",\"urlTemplate\":\"https:\\\/\\\/www.ucaldas.edu.co\\\/portal\\\/?s={search_term_string}\"},\"query-input\":{\"@type\":\"PropertyValueSpecification\",\"valueRequired\":true,\"valueName\":\"search_term_string\"}}],\"inLanguage\":\"es\"},{\"@type\":\"Organization\",\"@id\":\"https:\\\/\\\/www.ucaldas.edu.co\\\/portal\\\/#organization\",\"name\":\"Universidad de Caldas\",\"alternateName\":\"U. de Caldas\",\"url\":\"https:\\\/\\\/www.ucaldas.edu.co\\\/portal\\\/\",\"logo\":{\"@type\":\"ImageObject\",\"inLanguage\":\"es\",\"@id\":\"https:\\\/\\\/www.ucaldas.edu.co\\\/portal\\\/#\\\/schema\\\/logo\\\/image\\\/\",\"url\":\"https:\\\/\\\/www.ucaldas.edu.co\\\/portal\\\/wp-content\\\/uploads\\\/2023\\\/11\\\/Logo_horizontal_oscuroU-2023.png\",\"contentUrl\":\"https:\\\/\\\/www.ucaldas.edu.co\\\/portal\\\/wp-content\\\/uploads\\\/2023\\\/11\\\/Logo_horizontal_oscuroU-2023.png\",\"width\":263,\"height\":101,\"caption\":\"Universidad de Caldas\"},\"image\":{\"@id\":\"https:\\\/\\\/www.ucaldas.edu.co\\\/portal\\\/#\\\/schema\\\/logo\\\/image\\\/\"},\"sameAs\":[\"https:\\\/\\\/www.facebook.com\\\/udecaldas\",\"https:\\\/\\\/x.com\\\/udecaldas\",\"https:\\\/\\\/www.youtube.com\\\/universidadcaldas\",\"https:\\\/\\\/www.instagram.com\\\/udecaldas\\\/\"]},{\"@type\":\"Person\",\"@id\":\"https:\\\/\\\/www.ucaldas.edu.co\\\/portal\\\/#\\\/schema\\\/person\\\/a1b482e23449158b4bc319926c074fdf\",\"name\":\"ofiprensa\",\"image\":{\"@type\":\"ImageObject\",\"inLanguage\":\"es\",\"@id\":\"https:\\\/\\\/www.ucaldas.edu.co\\\/portal\\\/wp-content\\\/litespeed\\\/avatar\\\/09ea5085e600095a7a811142c6944527.jpg?ver=1777497608\",\"url\":\"https:\\\/\\\/www.ucaldas.edu.co\\\/portal\\\/wp-content\\\/litespeed\\\/avatar\\\/09ea5085e600095a7a811142c6944527.jpg?ver=1777497608\",\"contentUrl\":\"https:\\\/\\\/www.ucaldas.edu.co\\\/portal\\\/wp-content\\\/litespeed\\\/avatar\\\/09ea5085e600095a7a811142c6944527.jpg?ver=1777497608\",\"caption\":\"ofiprensa\"},\"url\":\"https:\\\/\\\/www.ucaldas.edu.co\\\/portal\\\/author\\\/ofiprensa\\\/\"}]}<\/script>\n<!-- \/ Yoast SEO plugin. -->","yoast_head_json":{"title":"Con su voto el Centro Cultural Rogelio Salmona podr\u00e1 convertirse en la Obra del A\u00f1o de ArchDaily 2019 .","robots":{"index":"index","follow":"follow","max-snippet":"max-snippet:-1","max-image-preview":"max-image-preview:large","max-video-preview":"max-video-preview:-1"},"canonical":"https:\/\/www.ucaldas.edu.co\/portal\/con-su-voto-el-centro-cultural-rogelio-salmona-podra-convertirse-en-la-obra-del-ano-de-archdaily-2019\/","schema":{"@context":"https:\/\/schema.org","@graph":[{"@type":"Article","@id":"https:\/\/www.ucaldas.edu.co\/portal\/con-su-voto-el-centro-cultural-rogelio-salmona-podra-convertirse-en-la-obra-del-ano-de-archdaily-2019\/#article","isPartOf":{"@id":"https:\/\/www.ucaldas.edu.co\/portal\/con-su-voto-el-centro-cultural-rogelio-salmona-podra-convertirse-en-la-obra-del-ano-de-archdaily-2019\/"},"author":{"name":"ofiprensa","@id":"https:\/\/www.ucaldas.edu.co\/portal\/#\/schema\/person\/a1b482e23449158b4bc319926c074fdf"},"headline":"Con su voto el Centro Cultural Rogelio Salmona podr\u00e1 convertirse en la Obra del A\u00f1o de ArchDaily 2019","datePublished":"2019-04-17T22:08:08+00:00","mainEntityOfPage":{"@id":"https:\/\/www.ucaldas.edu.co\/portal\/con-su-voto-el-centro-cultural-rogelio-salmona-podra-convertirse-en-la-obra-del-ano-de-archdaily-2019\/"},"wordCount":251,"publisher":{"@id":"https:\/\/www.ucaldas.edu.co\/portal\/#organization"},"image":{"@id":"https:\/\/www.ucaldas.edu.co\/portal\/con-su-voto-el-centro-cultural-rogelio-salmona-podra-convertirse-en-la-obra-del-ano-de-archdaily-2019\/#primaryimage"},"thumbnailUrl":"https:\/\/www.ucaldas.edu.co\/portal\/wp-content\/uploads\/2019\/04\/Salmona.jpg","keywords":["CCU","votaciones","arquitectura","premios"],"articleSection":["Actualidad","Universidad al D\u00eda"],"inLanguage":"es"},{"@type":"WebPage","@id":"https:\/\/www.ucaldas.edu.co\/portal\/con-su-voto-el-centro-cultural-rogelio-salmona-podra-convertirse-en-la-obra-del-ano-de-archdaily-2019\/","url":"https:\/\/www.ucaldas.edu.co\/portal\/con-su-voto-el-centro-cultural-rogelio-salmona-podra-convertirse-en-la-obra-del-ano-de-archdaily-2019\/","name":"Con su voto el Centro Cultural Rogelio Salmona podr\u00e1 convertirse en la Obra del A\u00f1o de ArchDaily 2019 .","isPartOf":{"@id":"https:\/\/www.ucaldas.edu.co\/portal\/#website"},"primaryImageOfPage":{"@id":"https:\/\/www.ucaldas.edu.co\/portal\/con-su-voto-el-centro-cultural-rogelio-salmona-podra-convertirse-en-la-obra-del-ano-de-archdaily-2019\/#primaryimage"},"image":{"@id":"https:\/\/www.ucaldas.edu.co\/portal\/con-su-voto-el-centro-cultural-rogelio-salmona-podra-convertirse-en-la-obra-del-ano-de-archdaily-2019\/#primaryimage"},"thumbnailUrl":"https:\/\/www.ucaldas.edu.co\/portal\/wp-content\/uploads\/2019\/04\/Salmona.jpg","datePublished":"2019-04-17T22:08:08+00:00","breadcrumb":{"@id":"https:\/\/www.ucaldas.edu.co\/portal\/con-su-voto-el-centro-cultural-rogelio-salmona-podra-convertirse-en-la-obra-del-ano-de-archdaily-2019\/#breadcrumb"},"inLanguage":"es","potentialAction":[{"@type":"ReadAction","target":["https:\/\/www.ucaldas.edu.co\/portal\/con-su-voto-el-centro-cultural-rogelio-salmona-podra-convertirse-en-la-obra-del-ano-de-archdaily-2019\/"]}]},{"@type":"ImageObject","inLanguage":"es","@id":"https:\/\/www.ucaldas.edu.co\/portal\/con-su-voto-el-centro-cultural-rogelio-salmona-podra-convertirse-en-la-obra-del-ano-de-archdaily-2019\/#primaryimage","url":"https:\/\/www.ucaldas.edu.co\/portal\/wp-content\/uploads\/2019\/04\/Salmona.jpg","contentUrl":"https:\/\/www.ucaldas.edu.co\/portal\/wp-content\/uploads\/2019\/04\/Salmona.jpg","width":700,"height":400},{"@type":"BreadcrumbList","@id":"https:\/\/www.ucaldas.edu.co\/portal\/con-su-voto-el-centro-cultural-rogelio-salmona-podra-convertirse-en-la-obra-del-ano-de-archdaily-2019\/#breadcrumb","itemListElement":[{"@type":"ListItem","position":1,"name":"Portada","item":"https:\/\/www.ucaldas.edu.co\/portal\/"},{"@type":"ListItem","position":2,"name":"Con su voto el Centro Cultural Rogelio Salmona podr\u00e1 convertirse en la Obra del A\u00f1o de ArchDaily 2019"}]},{"@type":"WebSite","@id":"https:\/\/www.ucaldas.edu.co\/portal\/#website","url":"https:\/\/www.ucaldas.edu.co\/portal\/","name":"Universidad de Caldas","description":"","publisher":{"@id":"https:\/\/www.ucaldas.edu.co\/portal\/#organization"},"alternateName":"U. de Caldas","potentialAction":[{"@type":"SearchAction","target":{"@type":"EntryPoint","urlTemplate":"https:\/\/www.ucaldas.edu.co\/portal\/?s={search_term_string}"},"query-input":{"@type":"PropertyValueSpecification","valueRequired":true,"valueName":"search_term_string"}}],"inLanguage":"es"},{"@type":"Organization","@id":"https:\/\/www.ucaldas.edu.co\/portal\/#organization","name":"Universidad de Caldas","alternateName":"U. de Caldas","url":"https:\/\/www.ucaldas.edu.co\/portal\/","logo":{"@type":"ImageObject","inLanguage":"es","@id":"https:\/\/www.ucaldas.edu.co\/portal\/#\/schema\/logo\/image\/","url":"https:\/\/www.ucaldas.edu.co\/portal\/wp-content\/uploads\/2023\/11\/Logo_horizontal_oscuroU-2023.png","contentUrl":"https:\/\/www.ucaldas.edu.co\/portal\/wp-content\/uploads\/2023\/11\/Logo_horizontal_oscuroU-2023.png","width":263,"height":101,"caption":"Universidad de Caldas"},"image":{"@id":"https:\/\/www.ucaldas.edu.co\/portal\/#\/schema\/logo\/image\/"},"sameAs":["https:\/\/www.facebook.com\/udecaldas","https:\/\/x.com\/udecaldas","https:\/\/www.youtube.com\/universidadcaldas","https:\/\/www.instagram.com\/udecaldas\/"]},{"@type":"Person","@id":"https:\/\/www.ucaldas.edu.co\/portal\/#\/schema\/person\/a1b482e23449158b4bc319926c074fdf","name":"ofiprensa","image":{"@type":"ImageObject","inLanguage":"es","@id":"https:\/\/www.ucaldas.edu.co\/portal\/wp-content\/litespeed\/avatar\/09ea5085e600095a7a811142c6944527.jpg?ver=1777497608","url":"https:\/\/www.ucaldas.edu.co\/portal\/wp-content\/litespeed\/avatar\/09ea5085e600095a7a811142c6944527.jpg?ver=1777497608","contentUrl":"https:\/\/www.ucaldas.edu.co\/portal\/wp-content\/litespeed\/avatar\/09ea5085e600095a7a811142c6944527.jpg?ver=1777497608","caption":"ofiprensa"},"url":"https:\/\/www.ucaldas.edu.co\/portal\/author\/ofiprensa\/"}]}},"_links":{"self":[{"href":"https:\/\/www.ucaldas.edu.co\/portal\/wp-json\/wp\/v2\/posts\/47708","targetHints":{"allow":["GET"]}}],"collection":[{"href":"https:\/\/www.ucaldas.edu.co\/portal\/wp-json\/wp\/v2\/posts"}],"about":[{"href":"https:\/\/www.ucaldas.edu.co\/portal\/wp-json\/wp\/v2\/types\/post"}],"author":[{"embeddable":true,"href":"https:\/\/www.ucaldas.edu.co\/portal\/wp-json\/wp\/v2\/users\/2"}],"replies":[{"embeddable":true,"href":"https:\/\/www.ucaldas.edu.co\/portal\/wp-json\/wp\/v2\/comments?post=47708"}],"version-history":[{"count":0,"href":"https:\/\/www.ucaldas.edu.co\/portal\/wp-json\/wp\/v2\/posts\/47708\/revisions"}],"wp:featuredmedia":[{"embeddable":true,"href":"https:\/\/www.ucaldas.edu.co\/portal\/wp-json\/wp\/v2\/media\/47704"}],"wp:attachment":[{"href":"https:\/\/www.ucaldas.edu.co\/portal\/wp-json\/wp\/v2\/media?parent=47708"}],"wp:term":[{"taxonomy":"category","embeddable":true,"href":"https:\/\/www.ucaldas.edu.co\/portal\/wp-json\/wp\/v2\/categories?post=47708"},{"taxonomy":"post_tag","embeddable":true,"href":"https:\/\/www.ucaldas.edu.co\/portal\/wp-json\/wp\/v2\/tags?post=47708"}],"curies":[{"name":"wp","href":"https:\/\/api.w.org\/{rel}","templated":true}]}}