{"id":47697,"date":"2019-04-16T19:58:58","date_gmt":"2019-04-16T19:58:58","guid":{"rendered":"https:\/\/www.ucaldas.edu.co\/portal\/?p=47697"},"modified":"2019-04-16T19:58:58","modified_gmt":"2019-04-16T19:58:58","slug":"programa-de-derecho-recibe-acreditacion-de-alta-calidad","status":"publish","type":"post","link":"https:\/\/www.ucaldas.edu.co\/portal\/programa-de-derecho-recibe-acreditacion-de-alta-calidad\/","title":{"rendered":"Programa de Derecho recibe acreditaci\u00f3n de Alta Calidad"},"content":{"rendered":"<p style=\"text-align: center;\">OTORGADA POR EL MINISTERIO DE EDUCACI\u00d3N NACIONAL<\/p>\n<p style=\"text-align: center;\"><strong>Programa de Derecho recibe acreditaci\u00f3n de Alta Calidad<\/strong><\/p>\n<p style=\"text-align: right;\">16\/04\/2019<\/p>\n<p><img loading=\"lazy\" decoding=\"async\" class=\"aligncenter wp-image-47698\" src=\"https:\/\/www.ucaldas.edu.co\/portal\/wp-content\/uploads\/2019\/04\/Copia-de-FELICIDADES.png\" alt=\"\" width=\"700\" height=\"389\" srcset=\"https:\/\/www.ucaldas.edu.co\/portal\/wp-content\/uploads\/2019\/04\/Copia-de-FELICIDADES.png 810w, https:\/\/www.ucaldas.edu.co\/portal\/wp-content\/uploads\/2019\/04\/Copia-de-FELICIDADES-300x167.png 300w, https:\/\/www.ucaldas.edu.co\/portal\/wp-content\/uploads\/2019\/04\/Copia-de-FELICIDADES-768x427.png 768w\" sizes=\"auto, (max-width: 700px) 100vw, 700px\" \/>El Ministerio de Educaci\u00f3n Nacional otorg\u00f3 la\u00a0acreditaci\u00f3n de alta calidad al Programa de Derecho de la Universidad de Caldas por un per\u00edodo de 6 a\u00f1os.\u00a0Este reconocimiento se hizo luego de que el Consejo Nacional de Acreditaci\u00f3n -CNA- emiti\u00f3 un concepto favorable dadas las condiciones de calidad que ofrece dicho programa acad\u00e9mico.<\/p>\n<p><!--more--><\/p>\n<p>De acuerdo con la Resoluci\u00f3n 003988 del Ministerio de Educaci\u00f3n Nacional: \u201cSe ha demostrado que el programa de DERECHO de la UNIVERSIDAD DE CALDAS, con lugar de desarrollo en MANIZALES, ha logrado niveles de calidad suficientes para que, de acuerdo con las normas que rigen la materia, sea reconocido p\u00fablicamente este hecho a trav\u00e9s de un acto formal\u201d.<\/p>\n<p>&nbsp;<\/p>\n<p>Entre los\u00a0aspectos positivos\u00a0que destaca dicho documento, se se\u00f1alan la\u00a0tradici\u00f3n acad\u00e9mica del programa que se oferta desde 1950, la participaci\u00f3n de estudiantes en distintos \u00f3rganos colegiados de direcci\u00f3n universitaria, la consolidaci\u00f3n de la planta de profesores, el fomento a la internacionalizaci\u00f3n, los proyectos de extensi\u00f3n social y el impacto laboral de los egresados del programa, entre otros.<\/p>\n<p>&nbsp;<\/p>\n<p>Seg\u00fan el portal del Ministerio de Educaci\u00f3n Nacional, la acreditaci\u00f3n es el reconocimiento por parte del Estado de la calidad de instituciones de educaci\u00f3n superior y de programas acad\u00e9micos, es una ocasi\u00f3n para valorar la formaci\u00f3n que se imparte con la que se reconoce como deseable en relaci\u00f3n a su naturaleza y car\u00e1cter, y la propia de su \u00e1rea de conocimiento. Tambi\u00e9n es un instrumento para promover y reconocer la din\u00e1mica del mejoramiento de la calidad y para precisar metas de desarrollo institucional y de programas.<\/p>\n<p>&nbsp;<\/p>\n<p><strong>Anexos:<\/strong><\/p>\n<ul>\n<li><strong>Audio Rector Universidad de Caldas, Alejandro Ceballos M<\/strong><strong>\u00e1<\/strong><strong>rquez<\/strong><\/li>\n<\/ul>\n<p><a href=\"https:\/\/www.ivoox.com\/alejandro-ceballos-rector-audios-mp3_rf_34551751_1.html\">https:\/\/www.ivoox.com\/alejandro-ceballos-rector-audios-mp3_rf_34551751_1.html<\/a><\/p>\n<p><strong>\u00a0<\/strong><\/p>\n<ul>\n<li><strong>Resoluci\u00f3n Ministerio de Educaci\u00f3n:<\/strong><\/li>\n<\/ul>\n<p><a href=\"https:\/\/www.ucaldas.edu.co\/portal\/wp-content\/uploads\/2019\/04\/R_003988_12042019.pdf\">https:\/\/www.ucaldas.edu.co\/portal\/wp-content\/uploads\/2019\/04\/R_003988_12042019.pdf<\/a><\/p>\n<p>&nbsp;<\/p>\n<p><strong>Informes: <\/strong>Oficina de Comunicaciones y Prensa Universidad de Caldas. Tel\u00e9fono: 8781500 Extensi\u00f3n: 12167<\/p>\n<p><strong>Redacci\u00f3n: <\/strong>Adriana Salazar Villegas<\/p>\n<p>&nbsp;<\/p>\n","protected":false},"excerpt":{"rendered":"<p>OTORGADA POR EL MINISTERIO DE EDUCACI\u00d3N NACIONAL Programa de Derecho recibe acreditaci\u00f3n de Alta Calidad 16\/04\/2019 El Ministerio de Educaci\u00f3n Nacional otorg\u00f3 la\u00a0acreditaci\u00f3n de alta calidad al Programa de Derecho de la Universidad de Caldas por un per\u00edodo de 6 a\u00f1os.\u00a0Este reconocimiento se hizo luego de que el Consejo Nacional de Acreditaci\u00f3n -CNA- emiti\u00f3 un [&hellip;]<\/p>\n","protected":false},"author":2,"featured_media":47698,"comment_status":"closed","ping_status":"open","sticky":false,"template":"","format":"standard","meta":{"footnotes":""},"categories":[53,48],"tags":[238,1927,3774,149],"class_list":["post-47697","post","type-post","status-publish","format-standard","has-post-thumbnail","hentry","category-universidad-al-dia","category-actualidad","tag-acreditacion","tag-men","tag-cna","tag-derecho"],"yoast_head":"<!-- This site is optimized with the Yoast SEO plugin v27.5 - https:\/\/yoast.com\/product\/yoast-seo-wordpress\/ -->\n<title>Programa de Derecho recibe acreditaci\u00f3n de Alta Calidad .<\/title>\n<meta name=\"robots\" content=\"index, follow, max-snippet:-1, max-image-preview:large, max-video-preview:-1\" \/>\n<link rel=\"canonical\" href=\"https:\/\/www.ucaldas.edu.co\/portal\/programa-de-derecho-recibe-acreditacion-de-alta-calidad\/\" \/>\n<script type=\"application\/ld+json\" class=\"yoast-schema-graph\">{\"@context\":\"https:\\\/\\\/schema.org\",\"@graph\":[{\"@type\":\"Article\",\"@id\":\"https:\\\/\\\/www.ucaldas.edu.co\\\/portal\\\/programa-de-derecho-recibe-acreditacion-de-alta-calidad\\\/#article\",\"isPartOf\":{\"@id\":\"https:\\\/\\\/www.ucaldas.edu.co\\\/portal\\\/programa-de-derecho-recibe-acreditacion-de-alta-calidad\\\/\"},\"author\":{\"name\":\"ofiprensa\",\"@id\":\"https:\\\/\\\/www.ucaldas.edu.co\\\/portal\\\/#\\\/schema\\\/person\\\/a1b482e23449158b4bc319926c074fdf\"},\"headline\":\"Programa de Derecho recibe acreditaci\u00f3n de Alta Calidad\",\"datePublished\":\"2019-04-16T19:58:58+00:00\",\"mainEntityOfPage\":{\"@id\":\"https:\\\/\\\/www.ucaldas.edu.co\\\/portal\\\/programa-de-derecho-recibe-acreditacion-de-alta-calidad\\\/\"},\"wordCount\":364,\"publisher\":{\"@id\":\"https:\\\/\\\/www.ucaldas.edu.co\\\/portal\\\/#organization\"},\"image\":{\"@id\":\"https:\\\/\\\/www.ucaldas.edu.co\\\/portal\\\/programa-de-derecho-recibe-acreditacion-de-alta-calidad\\\/#primaryimage\"},\"thumbnailUrl\":\"https:\\\/\\\/www.ucaldas.edu.co\\\/portal\\\/wp-content\\\/uploads\\\/2019\\\/04\\\/Copia-de-FELICIDADES.png\",\"keywords\":[\"acreditaci\u00f3n\",\"MEN\",\"CNA\",\"derecho\"],\"articleSection\":[\"Universidad al D\u00eda\",\"Actualidad\"],\"inLanguage\":\"es\"},{\"@type\":\"WebPage\",\"@id\":\"https:\\\/\\\/www.ucaldas.edu.co\\\/portal\\\/programa-de-derecho-recibe-acreditacion-de-alta-calidad\\\/\",\"url\":\"https:\\\/\\\/www.ucaldas.edu.co\\\/portal\\\/programa-de-derecho-recibe-acreditacion-de-alta-calidad\\\/\",\"name\":\"Programa de Derecho recibe acreditaci\u00f3n de Alta Calidad .\",\"isPartOf\":{\"@id\":\"https:\\\/\\\/www.ucaldas.edu.co\\\/portal\\\/#website\"},\"primaryImageOfPage\":{\"@id\":\"https:\\\/\\\/www.ucaldas.edu.co\\\/portal\\\/programa-de-derecho-recibe-acreditacion-de-alta-calidad\\\/#primaryimage\"},\"image\":{\"@id\":\"https:\\\/\\\/www.ucaldas.edu.co\\\/portal\\\/programa-de-derecho-recibe-acreditacion-de-alta-calidad\\\/#primaryimage\"},\"thumbnailUrl\":\"https:\\\/\\\/www.ucaldas.edu.co\\\/portal\\\/wp-content\\\/uploads\\\/2019\\\/04\\\/Copia-de-FELICIDADES.png\",\"datePublished\":\"2019-04-16T19:58:58+00:00\",\"breadcrumb\":{\"@id\":\"https:\\\/\\\/www.ucaldas.edu.co\\\/portal\\\/programa-de-derecho-recibe-acreditacion-de-alta-calidad\\\/#breadcrumb\"},\"inLanguage\":\"es\",\"potentialAction\":[{\"@type\":\"ReadAction\",\"target\":[\"https:\\\/\\\/www.ucaldas.edu.co\\\/portal\\\/programa-de-derecho-recibe-acreditacion-de-alta-calidad\\\/\"]}]},{\"@type\":\"ImageObject\",\"inLanguage\":\"es\",\"@id\":\"https:\\\/\\\/www.ucaldas.edu.co\\\/portal\\\/programa-de-derecho-recibe-acreditacion-de-alta-calidad\\\/#primaryimage\",\"url\":\"https:\\\/\\\/www.ucaldas.edu.co\\\/portal\\\/wp-content\\\/uploads\\\/2019\\\/04\\\/Copia-de-FELICIDADES.png\",\"contentUrl\":\"https:\\\/\\\/www.ucaldas.edu.co\\\/portal\\\/wp-content\\\/uploads\\\/2019\\\/04\\\/Copia-de-FELICIDADES.png\",\"width\":810,\"height\":450},{\"@type\":\"BreadcrumbList\",\"@id\":\"https:\\\/\\\/www.ucaldas.edu.co\\\/portal\\\/programa-de-derecho-recibe-acreditacion-de-alta-calidad\\\/#breadcrumb\",\"itemListElement\":[{\"@type\":\"ListItem\",\"position\":1,\"name\":\"Portada\",\"item\":\"https:\\\/\\\/www.ucaldas.edu.co\\\/portal\\\/\"},{\"@type\":\"ListItem\",\"position\":2,\"name\":\"Programa de Derecho recibe acreditaci\u00f3n de Alta Calidad\"}]},{\"@type\":\"WebSite\",\"@id\":\"https:\\\/\\\/www.ucaldas.edu.co\\\/portal\\\/#website\",\"url\":\"https:\\\/\\\/www.ucaldas.edu.co\\\/portal\\\/\",\"name\":\"Universidad de Caldas\",\"description\":\"\",\"publisher\":{\"@id\":\"https:\\\/\\\/www.ucaldas.edu.co\\\/portal\\\/#organization\"},\"alternateName\":\"U. de Caldas\",\"potentialAction\":[{\"@type\":\"SearchAction\",\"target\":{\"@type\":\"EntryPoint\",\"urlTemplate\":\"https:\\\/\\\/www.ucaldas.edu.co\\\/portal\\\/?s={search_term_string}\"},\"query-input\":{\"@type\":\"PropertyValueSpecification\",\"valueRequired\":true,\"valueName\":\"search_term_string\"}}],\"inLanguage\":\"es\"},{\"@type\":\"Organization\",\"@id\":\"https:\\\/\\\/www.ucaldas.edu.co\\\/portal\\\/#organization\",\"name\":\"Universidad de Caldas\",\"alternateName\":\"U. de Caldas\",\"url\":\"https:\\\/\\\/www.ucaldas.edu.co\\\/portal\\\/\",\"logo\":{\"@type\":\"ImageObject\",\"inLanguage\":\"es\",\"@id\":\"https:\\\/\\\/www.ucaldas.edu.co\\\/portal\\\/#\\\/schema\\\/logo\\\/image\\\/\",\"url\":\"https:\\\/\\\/www.ucaldas.edu.co\\\/portal\\\/wp-content\\\/uploads\\\/2023\\\/11\\\/Logo_horizontal_oscuroU-2023.png\",\"contentUrl\":\"https:\\\/\\\/www.ucaldas.edu.co\\\/portal\\\/wp-content\\\/uploads\\\/2023\\\/11\\\/Logo_horizontal_oscuroU-2023.png\",\"width\":263,\"height\":101,\"caption\":\"Universidad de Caldas\"},\"image\":{\"@id\":\"https:\\\/\\\/www.ucaldas.edu.co\\\/portal\\\/#\\\/schema\\\/logo\\\/image\\\/\"},\"sameAs\":[\"https:\\\/\\\/www.facebook.com\\\/udecaldas\",\"https:\\\/\\\/x.com\\\/udecaldas\",\"https:\\\/\\\/www.youtube.com\\\/universidadcaldas\",\"https:\\\/\\\/www.instagram.com\\\/udecaldas\\\/\"]},{\"@type\":\"Person\",\"@id\":\"https:\\\/\\\/www.ucaldas.edu.co\\\/portal\\\/#\\\/schema\\\/person\\\/a1b482e23449158b4bc319926c074fdf\",\"name\":\"ofiprensa\",\"image\":{\"@type\":\"ImageObject\",\"inLanguage\":\"es\",\"@id\":\"https:\\\/\\\/www.ucaldas.edu.co\\\/portal\\\/wp-content\\\/litespeed\\\/avatar\\\/09ea5085e600095a7a811142c6944527.jpg?ver=1777497608\",\"url\":\"https:\\\/\\\/www.ucaldas.edu.co\\\/portal\\\/wp-content\\\/litespeed\\\/avatar\\\/09ea5085e600095a7a811142c6944527.jpg?ver=1777497608\",\"contentUrl\":\"https:\\\/\\\/www.ucaldas.edu.co\\\/portal\\\/wp-content\\\/litespeed\\\/avatar\\\/09ea5085e600095a7a811142c6944527.jpg?ver=1777497608\",\"caption\":\"ofiprensa\"},\"url\":\"https:\\\/\\\/www.ucaldas.edu.co\\\/portal\\\/author\\\/ofiprensa\\\/\"}]}<\/script>\n<!-- \/ Yoast SEO plugin. -->","yoast_head_json":{"title":"Programa de Derecho recibe acreditaci\u00f3n de Alta Calidad .","robots":{"index":"index","follow":"follow","max-snippet":"max-snippet:-1","max-image-preview":"max-image-preview:large","max-video-preview":"max-video-preview:-1"},"canonical":"https:\/\/www.ucaldas.edu.co\/portal\/programa-de-derecho-recibe-acreditacion-de-alta-calidad\/","schema":{"@context":"https:\/\/schema.org","@graph":[{"@type":"Article","@id":"https:\/\/www.ucaldas.edu.co\/portal\/programa-de-derecho-recibe-acreditacion-de-alta-calidad\/#article","isPartOf":{"@id":"https:\/\/www.ucaldas.edu.co\/portal\/programa-de-derecho-recibe-acreditacion-de-alta-calidad\/"},"author":{"name":"ofiprensa","@id":"https:\/\/www.ucaldas.edu.co\/portal\/#\/schema\/person\/a1b482e23449158b4bc319926c074fdf"},"headline":"Programa de Derecho recibe acreditaci\u00f3n de Alta Calidad","datePublished":"2019-04-16T19:58:58+00:00","mainEntityOfPage":{"@id":"https:\/\/www.ucaldas.edu.co\/portal\/programa-de-derecho-recibe-acreditacion-de-alta-calidad\/"},"wordCount":364,"publisher":{"@id":"https:\/\/www.ucaldas.edu.co\/portal\/#organization"},"image":{"@id":"https:\/\/www.ucaldas.edu.co\/portal\/programa-de-derecho-recibe-acreditacion-de-alta-calidad\/#primaryimage"},"thumbnailUrl":"https:\/\/www.ucaldas.edu.co\/portal\/wp-content\/uploads\/2019\/04\/Copia-de-FELICIDADES.png","keywords":["acreditaci\u00f3n","MEN","CNA","derecho"],"articleSection":["Universidad al D\u00eda","Actualidad"],"inLanguage":"es"},{"@type":"WebPage","@id":"https:\/\/www.ucaldas.edu.co\/portal\/programa-de-derecho-recibe-acreditacion-de-alta-calidad\/","url":"https:\/\/www.ucaldas.edu.co\/portal\/programa-de-derecho-recibe-acreditacion-de-alta-calidad\/","name":"Programa de Derecho recibe acreditaci\u00f3n de Alta Calidad .","isPartOf":{"@id":"https:\/\/www.ucaldas.edu.co\/portal\/#website"},"primaryImageOfPage":{"@id":"https:\/\/www.ucaldas.edu.co\/portal\/programa-de-derecho-recibe-acreditacion-de-alta-calidad\/#primaryimage"},"image":{"@id":"https:\/\/www.ucaldas.edu.co\/portal\/programa-de-derecho-recibe-acreditacion-de-alta-calidad\/#primaryimage"},"thumbnailUrl":"https:\/\/www.ucaldas.edu.co\/portal\/wp-content\/uploads\/2019\/04\/Copia-de-FELICIDADES.png","datePublished":"2019-04-16T19:58:58+00:00","breadcrumb":{"@id":"https:\/\/www.ucaldas.edu.co\/portal\/programa-de-derecho-recibe-acreditacion-de-alta-calidad\/#breadcrumb"},"inLanguage":"es","potentialAction":[{"@type":"ReadAction","target":["https:\/\/www.ucaldas.edu.co\/portal\/programa-de-derecho-recibe-acreditacion-de-alta-calidad\/"]}]},{"@type":"ImageObject","inLanguage":"es","@id":"https:\/\/www.ucaldas.edu.co\/portal\/programa-de-derecho-recibe-acreditacion-de-alta-calidad\/#primaryimage","url":"https:\/\/www.ucaldas.edu.co\/portal\/wp-content\/uploads\/2019\/04\/Copia-de-FELICIDADES.png","contentUrl":"https:\/\/www.ucaldas.edu.co\/portal\/wp-content\/uploads\/2019\/04\/Copia-de-FELICIDADES.png","width":810,"height":450},{"@type":"BreadcrumbList","@id":"https:\/\/www.ucaldas.edu.co\/portal\/programa-de-derecho-recibe-acreditacion-de-alta-calidad\/#breadcrumb","itemListElement":[{"@type":"ListItem","position":1,"name":"Portada","item":"https:\/\/www.ucaldas.edu.co\/portal\/"},{"@type":"ListItem","position":2,"name":"Programa de Derecho recibe acreditaci\u00f3n de Alta Calidad"}]},{"@type":"WebSite","@id":"https:\/\/www.ucaldas.edu.co\/portal\/#website","url":"https:\/\/www.ucaldas.edu.co\/portal\/","name":"Universidad de Caldas","description":"","publisher":{"@id":"https:\/\/www.ucaldas.edu.co\/portal\/#organization"},"alternateName":"U. de Caldas","potentialAction":[{"@type":"SearchAction","target":{"@type":"EntryPoint","urlTemplate":"https:\/\/www.ucaldas.edu.co\/portal\/?s={search_term_string}"},"query-input":{"@type":"PropertyValueSpecification","valueRequired":true,"valueName":"search_term_string"}}],"inLanguage":"es"},{"@type":"Organization","@id":"https:\/\/www.ucaldas.edu.co\/portal\/#organization","name":"Universidad de Caldas","alternateName":"U. de Caldas","url":"https:\/\/www.ucaldas.edu.co\/portal\/","logo":{"@type":"ImageObject","inLanguage":"es","@id":"https:\/\/www.ucaldas.edu.co\/portal\/#\/schema\/logo\/image\/","url":"https:\/\/www.ucaldas.edu.co\/portal\/wp-content\/uploads\/2023\/11\/Logo_horizontal_oscuroU-2023.png","contentUrl":"https:\/\/www.ucaldas.edu.co\/portal\/wp-content\/uploads\/2023\/11\/Logo_horizontal_oscuroU-2023.png","width":263,"height":101,"caption":"Universidad de Caldas"},"image":{"@id":"https:\/\/www.ucaldas.edu.co\/portal\/#\/schema\/logo\/image\/"},"sameAs":["https:\/\/www.facebook.com\/udecaldas","https:\/\/x.com\/udecaldas","https:\/\/www.youtube.com\/universidadcaldas","https:\/\/www.instagram.com\/udecaldas\/"]},{"@type":"Person","@id":"https:\/\/www.ucaldas.edu.co\/portal\/#\/schema\/person\/a1b482e23449158b4bc319926c074fdf","name":"ofiprensa","image":{"@type":"ImageObject","inLanguage":"es","@id":"https:\/\/www.ucaldas.edu.co\/portal\/wp-content\/litespeed\/avatar\/09ea5085e600095a7a811142c6944527.jpg?ver=1777497608","url":"https:\/\/www.ucaldas.edu.co\/portal\/wp-content\/litespeed\/avatar\/09ea5085e600095a7a811142c6944527.jpg?ver=1777497608","contentUrl":"https:\/\/www.ucaldas.edu.co\/portal\/wp-content\/litespeed\/avatar\/09ea5085e600095a7a811142c6944527.jpg?ver=1777497608","caption":"ofiprensa"},"url":"https:\/\/www.ucaldas.edu.co\/portal\/author\/ofiprensa\/"}]}},"_links":{"self":[{"href":"https:\/\/www.ucaldas.edu.co\/portal\/wp-json\/wp\/v2\/posts\/47697","targetHints":{"allow":["GET"]}}],"collection":[{"href":"https:\/\/www.ucaldas.edu.co\/portal\/wp-json\/wp\/v2\/posts"}],"about":[{"href":"https:\/\/www.ucaldas.edu.co\/portal\/wp-json\/wp\/v2\/types\/post"}],"author":[{"embeddable":true,"href":"https:\/\/www.ucaldas.edu.co\/portal\/wp-json\/wp\/v2\/users\/2"}],"replies":[{"embeddable":true,"href":"https:\/\/www.ucaldas.edu.co\/portal\/wp-json\/wp\/v2\/comments?post=47697"}],"version-history":[{"count":0,"href":"https:\/\/www.ucaldas.edu.co\/portal\/wp-json\/wp\/v2\/posts\/47697\/revisions"}],"wp:featuredmedia":[{"embeddable":true,"href":"https:\/\/www.ucaldas.edu.co\/portal\/wp-json\/wp\/v2\/media\/47698"}],"wp:attachment":[{"href":"https:\/\/www.ucaldas.edu.co\/portal\/wp-json\/wp\/v2\/media?parent=47697"}],"wp:term":[{"taxonomy":"category","embeddable":true,"href":"https:\/\/www.ucaldas.edu.co\/portal\/wp-json\/wp\/v2\/categories?post=47697"},{"taxonomy":"post_tag","embeddable":true,"href":"https:\/\/www.ucaldas.edu.co\/portal\/wp-json\/wp\/v2\/tags?post=47697"}],"curies":[{"name":"wp","href":"https:\/\/api.w.org\/{rel}","templated":true}]}}