{"id":47673,"date":"2019-04-15T20:31:25","date_gmt":"2019-04-15T20:31:25","guid":{"rendered":"https:\/\/www.ucaldas.edu.co\/portal\/?p=47673"},"modified":"2019-04-15T20:31:36","modified_gmt":"2019-04-15T20:31:36","slug":"becas-de-excelencia-universidad-de-ginebra-suiza","status":"publish","type":"post","link":"https:\/\/www.ucaldas.edu.co\/portal\/becas-de-excelencia-universidad-de-ginebra-suiza\/","title":{"rendered":"Becas de Excelencia Universidad de Ginebra, Suiza"},"content":{"rendered":"<p style=\"text-align: center;\"><strong>\u00a0<\/strong>FACULTAD DE CIENCIAS DE LA UNIVERSIDAD DE GINEBRA<\/p>\n<p style=\"text-align: center;\"><strong>Becas de Excelencia Universidad de Ginebra, Suiza<\/strong><\/p>\n<p style=\"text-align: right;\">15\/04\/2019<\/p>\n<p><img loading=\"lazy\" decoding=\"async\" class=\"size-full wp-image-47666 aligncenter\" src=\"https:\/\/www.ucaldas.edu.co\/portal\/wp-content\/uploads\/2019\/04\/ginebra-suiza.jpg\" alt=\"\" width=\"700\" height=\"394\" srcset=\"https:\/\/www.ucaldas.edu.co\/portal\/wp-content\/uploads\/2019\/04\/ginebra-suiza.jpg 700w, https:\/\/www.ucaldas.edu.co\/portal\/wp-content\/uploads\/2019\/04\/ginebra-suiza-300x169.jpg 300w\" sizes=\"auto, (max-width: 700px) 100vw, 700px\" \/>La Facultad de Ciencias de la Universidad de Ginebra tiene abierta la convocatoria para participar en las Becas de Excelencia para estudiar en Suiza. Las maestr\u00edas que ofrece abarcan diversas \u00e1reas de conocimiento como Matem\u00e1ticas, Inform\u00e1tica, Biolog\u00eda, Arqueolog\u00eda Prehist\u00f3rica, Qu\u00edmica, Geolog\u00eda, Farmacia, Bioinform\u00e1tica, entre otras.<\/p>\n<p><!--more--><\/p>\n<p>La Facultad alberga tres Centros Nacionales de Competencia en Investigaci\u00f3n de la Fundaci\u00f3n de Ciencias Nacionales de Suiza (Biolog\u00eda Qu\u00edmica, SwissMAP, Planetas), as\u00ed como diversos proyectos de investigaci\u00f3n europeos.<\/p>\n<p>&nbsp;<\/p>\n<p>Las Becas de Excelencia est\u00e1n dirigidas a estudiantes sobresalientes y altamente motivados que desean obtener una Maestr\u00eda en Ciencias en una de las disciplinas cubiertas por dicha facultad de la Universidad de Ginebra.<\/p>\n<p>&nbsp;<\/p>\n<p>Las becas consisten en un auxilio de 31 millones a 46 millones por a\u00f1o, sin deberes de ense\u00f1anza. Este beneficio se otorga por un a\u00f1o y se extiende por la duraci\u00f3n regular del programa de Maestr\u00eda elegido, siempre que el solicitante tenga \u00e9xito acad\u00e9mico al final de su primer semestre de estudios.<\/p>\n<p>&nbsp;<\/p>\n<p>Para que la solicitud sea considerada, cada estudiante debe cumplir con el procedimiento de inscripci\u00f3n descrito en el sitio web de la <u><a href=\"https:\/\/www.unige.ch\/admissions\/englishcorner\/general\">oficina de Admisiones<\/a><\/u>.<\/p>\n<p>&nbsp;<\/p>\n<p>La solicitud debe ser en ingles o franc\u00e9s, adem\u00e1s de incluir los siguientes documentos en forma de un solo archivo pdf:<\/p>\n<p>&nbsp;<\/p>\n<ul>\n<li>Un escaneo de su documento nacional de identidad o pasaporte.<\/li>\n<li>Un escaneo de su tarjeta UNIGE o si a\u00fan no es un estudiante de UNIGE , el correo de la administraci\u00f3n central denominado \u00abacusaci\u00f3n-recepci\u00f3n de votaci\u00f3n demande d&#8217;immatriculation\u00bb (prueba que ha iniciado el proceso de matriculaci\u00f3n).<\/li>\n<li>Un Curriculum Vitae (2 p\u00e1ginas m\u00e1ximo).<\/li>\n<li>La transcripci\u00f3n de los ex\u00e1menes aprobados durante la educaci\u00f3n de bachillerato, con todos los grados.<\/li>\n<li>Una carta de motivaci\u00f3n en la que describe sus intereses cient\u00edficos espec\u00edficos y su motivaci\u00f3n para seguir un programa de Maestr\u00eda en Ciencias en la Universidad de Ginebra.<\/li>\n<li>Si es posible: cartas de referencias de dos profesores (preferiblemente enviadas por ellos directamente a Excellence-Master-Sciences@unige.ch ) que acrediten su aptitud para este programa.<\/li>\n<li>Cualquier otra informaci\u00f3n pertinente como los resultados de GRE (examen de requisitos generales), de TOEFL u otro examen de idioma.<\/li>\n<\/ul>\n<p>&nbsp;<\/p>\n<p><strong>Informes: <\/strong>Oficina de Comunicaciones y Prensa Universidad de Caldas. Tel\u00e9fono: 8781500 Extensi\u00f3n: 12167<\/p>\n<p><strong>Redacci\u00f3n: <\/strong>Mateo Buritic\u00e1 Giraldo<\/p>\n<p>&nbsp;<\/p>\n","protected":false},"excerpt":{"rendered":"<p>\u00a0FACULTAD DE CIENCIAS DE LA UNIVERSIDAD DE GINEBRA Becas de Excelencia Universidad de Ginebra, Suiza 15\/04\/2019 La Facultad de Ciencias de la Universidad de Ginebra tiene abierta la convocatoria para participar en las Becas de Excelencia para estudiar en Suiza. Las maestr\u00edas que ofrece abarcan diversas \u00e1reas de conocimiento como Matem\u00e1ticas, Inform\u00e1tica, Biolog\u00eda, Arqueolog\u00eda Prehist\u00f3rica, [&hellip;]<\/p>\n","protected":false},"author":2,"featured_media":47666,"comment_status":"closed","ping_status":"open","sticky":false,"template":"","format":"standard","meta":{"footnotes":""},"categories":[53,614,1,48],"tags":[3766,3767,534,2956],"class_list":["post-47673","post","type-post","status-publish","format-standard","has-post-thumbnail","hentry","category-universidad-al-dia","category-ucaldas-internacional","category-sin-categoria","category-actualidad","tag-universidad-de-ginebra","tag-excelencia-academica","tag-becas","tag-suiza"],"yoast_head":"<!-- This site is optimized with the Yoast SEO plugin v27.4 - https:\/\/yoast.com\/product\/yoast-seo-wordpress\/ -->\n<title>Becas de Excelencia Universidad de Ginebra, Suiza .<\/title>\n<meta name=\"robots\" content=\"index, follow, max-snippet:-1, max-image-preview:large, max-video-preview:-1\" \/>\n<link rel=\"canonical\" href=\"https:\/\/www.ucaldas.edu.co\/portal\/becas-de-excelencia-universidad-de-ginebra-suiza\/\" \/>\n<script type=\"application\/ld+json\" class=\"yoast-schema-graph\">{\"@context\":\"https:\\\/\\\/schema.org\",\"@graph\":[{\"@type\":\"Article\",\"@id\":\"https:\\\/\\\/www.ucaldas.edu.co\\\/portal\\\/becas-de-excelencia-universidad-de-ginebra-suiza\\\/#article\",\"isPartOf\":{\"@id\":\"https:\\\/\\\/www.ucaldas.edu.co\\\/portal\\\/becas-de-excelencia-universidad-de-ginebra-suiza\\\/\"},\"author\":{\"name\":\"ofiprensa\",\"@id\":\"https:\\\/\\\/www.ucaldas.edu.co\\\/portal\\\/#\\\/schema\\\/person\\\/a1b482e23449158b4bc319926c074fdf\"},\"headline\":\"Becas de Excelencia Universidad de Ginebra, Suiza\",\"datePublished\":\"2019-04-15T20:31:25+00:00\",\"dateModified\":\"2019-04-15T20:31:36+00:00\",\"mainEntityOfPage\":{\"@id\":\"https:\\\/\\\/www.ucaldas.edu.co\\\/portal\\\/becas-de-excelencia-universidad-de-ginebra-suiza\\\/\"},\"wordCount\":431,\"publisher\":{\"@id\":\"https:\\\/\\\/www.ucaldas.edu.co\\\/portal\\\/#organization\"},\"image\":{\"@id\":\"https:\\\/\\\/www.ucaldas.edu.co\\\/portal\\\/becas-de-excelencia-universidad-de-ginebra-suiza\\\/#primaryimage\"},\"thumbnailUrl\":\"https:\\\/\\\/www.ucaldas.edu.co\\\/portal\\\/wp-content\\\/uploads\\\/2019\\\/04\\\/ginebra-suiza.jpg\",\"keywords\":[\"universidad de ginebra\",\"excelencia acad\u00e9mica\",\"Becas\",\"suiza\"],\"articleSection\":{\"0\":\"Universidad al D\u00eda\",\"1\":\"Ucaldas Internacional\",\"3\":\"Actualidad\"},\"inLanguage\":\"es\"},{\"@type\":\"WebPage\",\"@id\":\"https:\\\/\\\/www.ucaldas.edu.co\\\/portal\\\/becas-de-excelencia-universidad-de-ginebra-suiza\\\/\",\"url\":\"https:\\\/\\\/www.ucaldas.edu.co\\\/portal\\\/becas-de-excelencia-universidad-de-ginebra-suiza\\\/\",\"name\":\"Becas de Excelencia Universidad de Ginebra, Suiza .\",\"isPartOf\":{\"@id\":\"https:\\\/\\\/www.ucaldas.edu.co\\\/portal\\\/#website\"},\"primaryImageOfPage\":{\"@id\":\"https:\\\/\\\/www.ucaldas.edu.co\\\/portal\\\/becas-de-excelencia-universidad-de-ginebra-suiza\\\/#primaryimage\"},\"image\":{\"@id\":\"https:\\\/\\\/www.ucaldas.edu.co\\\/portal\\\/becas-de-excelencia-universidad-de-ginebra-suiza\\\/#primaryimage\"},\"thumbnailUrl\":\"https:\\\/\\\/www.ucaldas.edu.co\\\/portal\\\/wp-content\\\/uploads\\\/2019\\\/04\\\/ginebra-suiza.jpg\",\"datePublished\":\"2019-04-15T20:31:25+00:00\",\"dateModified\":\"2019-04-15T20:31:36+00:00\",\"breadcrumb\":{\"@id\":\"https:\\\/\\\/www.ucaldas.edu.co\\\/portal\\\/becas-de-excelencia-universidad-de-ginebra-suiza\\\/#breadcrumb\"},\"inLanguage\":\"es\",\"potentialAction\":[{\"@type\":\"ReadAction\",\"target\":[\"https:\\\/\\\/www.ucaldas.edu.co\\\/portal\\\/becas-de-excelencia-universidad-de-ginebra-suiza\\\/\"]}]},{\"@type\":\"ImageObject\",\"inLanguage\":\"es\",\"@id\":\"https:\\\/\\\/www.ucaldas.edu.co\\\/portal\\\/becas-de-excelencia-universidad-de-ginebra-suiza\\\/#primaryimage\",\"url\":\"https:\\\/\\\/www.ucaldas.edu.co\\\/portal\\\/wp-content\\\/uploads\\\/2019\\\/04\\\/ginebra-suiza.jpg\",\"contentUrl\":\"https:\\\/\\\/www.ucaldas.edu.co\\\/portal\\\/wp-content\\\/uploads\\\/2019\\\/04\\\/ginebra-suiza.jpg\",\"width\":700,\"height\":394},{\"@type\":\"BreadcrumbList\",\"@id\":\"https:\\\/\\\/www.ucaldas.edu.co\\\/portal\\\/becas-de-excelencia-universidad-de-ginebra-suiza\\\/#breadcrumb\",\"itemListElement\":[{\"@type\":\"ListItem\",\"position\":1,\"name\":\"Portada\",\"item\":\"https:\\\/\\\/www.ucaldas.edu.co\\\/portal\\\/\"},{\"@type\":\"ListItem\",\"position\":2,\"name\":\"Becas de Excelencia Universidad de Ginebra, Suiza\"}]},{\"@type\":\"WebSite\",\"@id\":\"https:\\\/\\\/www.ucaldas.edu.co\\\/portal\\\/#website\",\"url\":\"https:\\\/\\\/www.ucaldas.edu.co\\\/portal\\\/\",\"name\":\"Universidad de Caldas\",\"description\":\"\",\"publisher\":{\"@id\":\"https:\\\/\\\/www.ucaldas.edu.co\\\/portal\\\/#organization\"},\"alternateName\":\"U. de Caldas\",\"potentialAction\":[{\"@type\":\"SearchAction\",\"target\":{\"@type\":\"EntryPoint\",\"urlTemplate\":\"https:\\\/\\\/www.ucaldas.edu.co\\\/portal\\\/?s={search_term_string}\"},\"query-input\":{\"@type\":\"PropertyValueSpecification\",\"valueRequired\":true,\"valueName\":\"search_term_string\"}}],\"inLanguage\":\"es\"},{\"@type\":\"Organization\",\"@id\":\"https:\\\/\\\/www.ucaldas.edu.co\\\/portal\\\/#organization\",\"name\":\"Universidad de Caldas\",\"alternateName\":\"U. de Caldas\",\"url\":\"https:\\\/\\\/www.ucaldas.edu.co\\\/portal\\\/\",\"logo\":{\"@type\":\"ImageObject\",\"inLanguage\":\"es\",\"@id\":\"https:\\\/\\\/www.ucaldas.edu.co\\\/portal\\\/#\\\/schema\\\/logo\\\/image\\\/\",\"url\":\"https:\\\/\\\/www.ucaldas.edu.co\\\/portal\\\/wp-content\\\/uploads\\\/2023\\\/11\\\/Logo_horizontal_oscuroU-2023.png\",\"contentUrl\":\"https:\\\/\\\/www.ucaldas.edu.co\\\/portal\\\/wp-content\\\/uploads\\\/2023\\\/11\\\/Logo_horizontal_oscuroU-2023.png\",\"width\":263,\"height\":101,\"caption\":\"Universidad de Caldas\"},\"image\":{\"@id\":\"https:\\\/\\\/www.ucaldas.edu.co\\\/portal\\\/#\\\/schema\\\/logo\\\/image\\\/\"},\"sameAs\":[\"https:\\\/\\\/www.facebook.com\\\/udecaldas\",\"https:\\\/\\\/x.com\\\/udecaldas\",\"https:\\\/\\\/www.youtube.com\\\/universidadcaldas\",\"https:\\\/\\\/www.instagram.com\\\/udecaldas\\\/\"]},{\"@type\":\"Person\",\"@id\":\"https:\\\/\\\/www.ucaldas.edu.co\\\/portal\\\/#\\\/schema\\\/person\\\/a1b482e23449158b4bc319926c074fdf\",\"name\":\"ofiprensa\",\"image\":{\"@type\":\"ImageObject\",\"inLanguage\":\"es\",\"@id\":\"https:\\\/\\\/www.ucaldas.edu.co\\\/portal\\\/wp-content\\\/litespeed\\\/avatar\\\/09ea5085e600095a7a811142c6944527.jpg?ver=1776892805\",\"url\":\"https:\\\/\\\/www.ucaldas.edu.co\\\/portal\\\/wp-content\\\/litespeed\\\/avatar\\\/09ea5085e600095a7a811142c6944527.jpg?ver=1776892805\",\"contentUrl\":\"https:\\\/\\\/www.ucaldas.edu.co\\\/portal\\\/wp-content\\\/litespeed\\\/avatar\\\/09ea5085e600095a7a811142c6944527.jpg?ver=1776892805\",\"caption\":\"ofiprensa\"},\"url\":\"https:\\\/\\\/www.ucaldas.edu.co\\\/portal\\\/author\\\/ofiprensa\\\/\"}]}<\/script>\n<!-- \/ Yoast SEO plugin. -->","yoast_head_json":{"title":"Becas de Excelencia Universidad de Ginebra, Suiza .","robots":{"index":"index","follow":"follow","max-snippet":"max-snippet:-1","max-image-preview":"max-image-preview:large","max-video-preview":"max-video-preview:-1"},"canonical":"https:\/\/www.ucaldas.edu.co\/portal\/becas-de-excelencia-universidad-de-ginebra-suiza\/","schema":{"@context":"https:\/\/schema.org","@graph":[{"@type":"Article","@id":"https:\/\/www.ucaldas.edu.co\/portal\/becas-de-excelencia-universidad-de-ginebra-suiza\/#article","isPartOf":{"@id":"https:\/\/www.ucaldas.edu.co\/portal\/becas-de-excelencia-universidad-de-ginebra-suiza\/"},"author":{"name":"ofiprensa","@id":"https:\/\/www.ucaldas.edu.co\/portal\/#\/schema\/person\/a1b482e23449158b4bc319926c074fdf"},"headline":"Becas de Excelencia Universidad de Ginebra, Suiza","datePublished":"2019-04-15T20:31:25+00:00","dateModified":"2019-04-15T20:31:36+00:00","mainEntityOfPage":{"@id":"https:\/\/www.ucaldas.edu.co\/portal\/becas-de-excelencia-universidad-de-ginebra-suiza\/"},"wordCount":431,"publisher":{"@id":"https:\/\/www.ucaldas.edu.co\/portal\/#organization"},"image":{"@id":"https:\/\/www.ucaldas.edu.co\/portal\/becas-de-excelencia-universidad-de-ginebra-suiza\/#primaryimage"},"thumbnailUrl":"https:\/\/www.ucaldas.edu.co\/portal\/wp-content\/uploads\/2019\/04\/ginebra-suiza.jpg","keywords":["universidad de ginebra","excelencia acad\u00e9mica","Becas","suiza"],"articleSection":{"0":"Universidad al D\u00eda","1":"Ucaldas Internacional","3":"Actualidad"},"inLanguage":"es"},{"@type":"WebPage","@id":"https:\/\/www.ucaldas.edu.co\/portal\/becas-de-excelencia-universidad-de-ginebra-suiza\/","url":"https:\/\/www.ucaldas.edu.co\/portal\/becas-de-excelencia-universidad-de-ginebra-suiza\/","name":"Becas de Excelencia Universidad de Ginebra, Suiza .","isPartOf":{"@id":"https:\/\/www.ucaldas.edu.co\/portal\/#website"},"primaryImageOfPage":{"@id":"https:\/\/www.ucaldas.edu.co\/portal\/becas-de-excelencia-universidad-de-ginebra-suiza\/#primaryimage"},"image":{"@id":"https:\/\/www.ucaldas.edu.co\/portal\/becas-de-excelencia-universidad-de-ginebra-suiza\/#primaryimage"},"thumbnailUrl":"https:\/\/www.ucaldas.edu.co\/portal\/wp-content\/uploads\/2019\/04\/ginebra-suiza.jpg","datePublished":"2019-04-15T20:31:25+00:00","dateModified":"2019-04-15T20:31:36+00:00","breadcrumb":{"@id":"https:\/\/www.ucaldas.edu.co\/portal\/becas-de-excelencia-universidad-de-ginebra-suiza\/#breadcrumb"},"inLanguage":"es","potentialAction":[{"@type":"ReadAction","target":["https:\/\/www.ucaldas.edu.co\/portal\/becas-de-excelencia-universidad-de-ginebra-suiza\/"]}]},{"@type":"ImageObject","inLanguage":"es","@id":"https:\/\/www.ucaldas.edu.co\/portal\/becas-de-excelencia-universidad-de-ginebra-suiza\/#primaryimage","url":"https:\/\/www.ucaldas.edu.co\/portal\/wp-content\/uploads\/2019\/04\/ginebra-suiza.jpg","contentUrl":"https:\/\/www.ucaldas.edu.co\/portal\/wp-content\/uploads\/2019\/04\/ginebra-suiza.jpg","width":700,"height":394},{"@type":"BreadcrumbList","@id":"https:\/\/www.ucaldas.edu.co\/portal\/becas-de-excelencia-universidad-de-ginebra-suiza\/#breadcrumb","itemListElement":[{"@type":"ListItem","position":1,"name":"Portada","item":"https:\/\/www.ucaldas.edu.co\/portal\/"},{"@type":"ListItem","position":2,"name":"Becas de Excelencia Universidad de Ginebra, Suiza"}]},{"@type":"WebSite","@id":"https:\/\/www.ucaldas.edu.co\/portal\/#website","url":"https:\/\/www.ucaldas.edu.co\/portal\/","name":"Universidad de Caldas","description":"","publisher":{"@id":"https:\/\/www.ucaldas.edu.co\/portal\/#organization"},"alternateName":"U. de Caldas","potentialAction":[{"@type":"SearchAction","target":{"@type":"EntryPoint","urlTemplate":"https:\/\/www.ucaldas.edu.co\/portal\/?s={search_term_string}"},"query-input":{"@type":"PropertyValueSpecification","valueRequired":true,"valueName":"search_term_string"}}],"inLanguage":"es"},{"@type":"Organization","@id":"https:\/\/www.ucaldas.edu.co\/portal\/#organization","name":"Universidad de Caldas","alternateName":"U. de Caldas","url":"https:\/\/www.ucaldas.edu.co\/portal\/","logo":{"@type":"ImageObject","inLanguage":"es","@id":"https:\/\/www.ucaldas.edu.co\/portal\/#\/schema\/logo\/image\/","url":"https:\/\/www.ucaldas.edu.co\/portal\/wp-content\/uploads\/2023\/11\/Logo_horizontal_oscuroU-2023.png","contentUrl":"https:\/\/www.ucaldas.edu.co\/portal\/wp-content\/uploads\/2023\/11\/Logo_horizontal_oscuroU-2023.png","width":263,"height":101,"caption":"Universidad de Caldas"},"image":{"@id":"https:\/\/www.ucaldas.edu.co\/portal\/#\/schema\/logo\/image\/"},"sameAs":["https:\/\/www.facebook.com\/udecaldas","https:\/\/x.com\/udecaldas","https:\/\/www.youtube.com\/universidadcaldas","https:\/\/www.instagram.com\/udecaldas\/"]},{"@type":"Person","@id":"https:\/\/www.ucaldas.edu.co\/portal\/#\/schema\/person\/a1b482e23449158b4bc319926c074fdf","name":"ofiprensa","image":{"@type":"ImageObject","inLanguage":"es","@id":"https:\/\/www.ucaldas.edu.co\/portal\/wp-content\/litespeed\/avatar\/09ea5085e600095a7a811142c6944527.jpg?ver=1776892805","url":"https:\/\/www.ucaldas.edu.co\/portal\/wp-content\/litespeed\/avatar\/09ea5085e600095a7a811142c6944527.jpg?ver=1776892805","contentUrl":"https:\/\/www.ucaldas.edu.co\/portal\/wp-content\/litespeed\/avatar\/09ea5085e600095a7a811142c6944527.jpg?ver=1776892805","caption":"ofiprensa"},"url":"https:\/\/www.ucaldas.edu.co\/portal\/author\/ofiprensa\/"}]}},"_links":{"self":[{"href":"https:\/\/www.ucaldas.edu.co\/portal\/wp-json\/wp\/v2\/posts\/47673","targetHints":{"allow":["GET"]}}],"collection":[{"href":"https:\/\/www.ucaldas.edu.co\/portal\/wp-json\/wp\/v2\/posts"}],"about":[{"href":"https:\/\/www.ucaldas.edu.co\/portal\/wp-json\/wp\/v2\/types\/post"}],"author":[{"embeddable":true,"href":"https:\/\/www.ucaldas.edu.co\/portal\/wp-json\/wp\/v2\/users\/2"}],"replies":[{"embeddable":true,"href":"https:\/\/www.ucaldas.edu.co\/portal\/wp-json\/wp\/v2\/comments?post=47673"}],"version-history":[{"count":0,"href":"https:\/\/www.ucaldas.edu.co\/portal\/wp-json\/wp\/v2\/posts\/47673\/revisions"}],"wp:featuredmedia":[{"embeddable":true,"href":"https:\/\/www.ucaldas.edu.co\/portal\/wp-json\/wp\/v2\/media\/47666"}],"wp:attachment":[{"href":"https:\/\/www.ucaldas.edu.co\/portal\/wp-json\/wp\/v2\/media?parent=47673"}],"wp:term":[{"taxonomy":"category","embeddable":true,"href":"https:\/\/www.ucaldas.edu.co\/portal\/wp-json\/wp\/v2\/categories?post=47673"},{"taxonomy":"post_tag","embeddable":true,"href":"https:\/\/www.ucaldas.edu.co\/portal\/wp-json\/wp\/v2\/tags?post=47673"}],"curies":[{"name":"wp","href":"https:\/\/api.w.org\/{rel}","templated":true}]}}