{"id":47653,"date":"2019-04-12T23:15:53","date_gmt":"2019-04-12T23:15:53","guid":{"rendered":"https:\/\/www.ucaldas.edu.co\/portal\/?p=47653"},"modified":"2019-04-12T23:15:53","modified_gmt":"2019-04-12T23:15:53","slug":"superinterdencia-de-industria-y-comercio-registro-marca-midoc-electronico-de-telesalud-universidad-de-caldas","status":"publish","type":"post","link":"https:\/\/www.ucaldas.edu.co\/portal\/superinterdencia-de-industria-y-comercio-registro-marca-midoc-electronico-de-telesalud-universidad-de-caldas\/","title":{"rendered":"Superinterdencia de Industria y Comercio registr\u00f3 marca \u201cMiDoc Electr\u00f3nico\u201d de Telesalud Universidad de Caldas"},"content":{"rendered":"<p style=\"text-align: center;\"><strong>\u00a0<\/strong>MODALIDAD DE PRESTACI\u00d3N DE SERVICIO DE SALUD A TRAV\u00c9S DE LA TELEMEDICINA<\/p>\n<p style=\"text-align: center;\"><strong>Superinterdencia de Industria y Comercio registr\u00f3 marca \u201cMiDoc Electr\u00f3nico\u201d de Telesalud Universidad de Caldas<\/strong><\/p>\n<p style=\"text-align: right;\">12\/04\/2019<\/p>\n<p><img loading=\"lazy\" decoding=\"async\" class=\"size-full wp-image-47639 aligncenter\" src=\"https:\/\/www.ucaldas.edu.co\/portal\/wp-content\/uploads\/2019\/04\/MI-DOC.jpg\" alt=\"\" width=\"700\" height=\"400\" srcset=\"https:\/\/www.ucaldas.edu.co\/portal\/wp-content\/uploads\/2019\/04\/MI-DOC.jpg 700w, https:\/\/www.ucaldas.edu.co\/portal\/wp-content\/uploads\/2019\/04\/MI-DOC-300x171.jpg 300w\" sizes=\"auto, (max-width: 700px) 100vw, 700px\" \/>La Superintendencia de Industria y Comercio concedi\u00f3 al grupo de Telesalud de la Universidad de Caldas, el registro de la marca: \u201cMiDoc Electr\u00f3nico\u201d creada por el grupo de dise\u00f1o e\u00a0 ingenier\u00eda,\u00a0 en cabeza de su director Esteban Granada Aguirre.<\/p>\n<p><!--more--><\/p>\n<p>La marca registrada se relaciona con la modalidad de prestaci\u00f3n de servicio de salud a trav\u00e9s de la Telemedicina, que se define como la provisi\u00f3n de servicios de salud a distancia, en los componentes de promoci\u00f3n, prevenci\u00f3n, diagn\u00f3stico, tratamiento o rehabilitaci\u00f3n, por profesionales de la salud.<\/p>\n<p>Esteban Granada director del grupo de Telesalud de la Universidad de Caldas, expres\u00f3 que con este logro \u201ccontinuar\u00e1n trabajando para seguir salvando vidas a trav\u00e9s del uso de la tecnolog\u00eda ya que este dispositivo permite facilitar el acceso de la poblaci\u00f3n a servicios que presentan limitaciones de oferta\u201d.<\/p>\n<p>El tr\u00e1mite de solicitud de registro de marca, es un logro mancomunado de la Decanatura de la Facultad de Ciencias para la Salud y la Vicerrector\u00eda de Proyecci\u00f3n Universitaria con el acompa\u00f1amiento y asesor\u00eda de la Oficina de Innovaci\u00f3n y Proyectos de la Universidad de Caldas.<\/p>\n<p>Santiago Cardona Duque, profesional \u00a0de la Oficina Asesora en Innovaci\u00f3n y Proyectos manifest\u00f3: \u201cvenimos trabajando en una estrategia de protecci\u00f3n de los resultados de propiedad intelectual y una de esas es el registro de marcas, en este caso es para el servicio de telemedicina\u201d.<\/p>\n<p>\u201cCon este registro ser\u00edan once marcas que han sido concebidas y de las cuales la Universidad es titular; actualmente hay 8 marcas en tr\u00e1mite bajo examen de fondo por parte de la superintendencia\u201d agreg\u00f3 Cardona.<\/p>\n<p>Seg\u00fan la Superintendencia de Industria y Comercio, el registro de marca es un privilegio, ya que la marca representa en la mente del consumidor una determinada calidad del producto o servicio, as\u00ed como reporta alguna emoci\u00f3n en el consumidor.<\/p>\n<p><strong>Informes: <\/strong>Oficina de Comunicaciones y Prensa Universidad de Caldas. Tel\u00e9fono: 8781500 Extensi\u00f3n: 12167<\/p>\n<p><strong>Redacci\u00f3n: <\/strong>Daniela S\u00e1nchez R\u00edos<\/p>\n<p>&nbsp;<\/p>\n","protected":false},"excerpt":{"rendered":"<p>\u00a0MODALIDAD DE PRESTACI\u00d3N DE SERVICIO DE SALUD A TRAV\u00c9S DE LA TELEMEDICINA Superinterdencia de Industria y Comercio registr\u00f3 marca \u201cMiDoc Electr\u00f3nico\u201d de Telesalud Universidad de Caldas 12\/04\/2019 La Superintendencia de Industria y Comercio concedi\u00f3 al grupo de Telesalud de la Universidad de Caldas, el registro de la marca: \u201cMiDoc Electr\u00f3nico\u201d creada por el grupo de [&hellip;]<\/p>\n","protected":false},"author":2,"featured_media":47639,"comment_status":"closed","ping_status":"open","sticky":false,"template":"","format":"standard","meta":{"footnotes":""},"categories":[48,53],"tags":[275,558,2830,3762,3763],"class_list":["post-47653","post","type-post","status-publish","format-standard","has-post-thumbnail","hentry","category-actualidad","category-universidad-al-dia","tag-telesalud","tag-marca-registrada","tag-telemedicina","tag-midoc","tag-electronico"],"yoast_head":"<!-- This site is optimized with the Yoast SEO plugin v27.5 - https:\/\/yoast.com\/product\/yoast-seo-wordpress\/ -->\n<title>Superinterdencia de Industria y Comercio registr\u00f3 marca \u201cMiDoc Electr\u00f3nico\u201d de Telesalud Universidad de Caldas .<\/title>\n<meta name=\"robots\" content=\"index, follow, max-snippet:-1, max-image-preview:large, max-video-preview:-1\" \/>\n<link rel=\"canonical\" href=\"https:\/\/www.ucaldas.edu.co\/portal\/superinterdencia-de-industria-y-comercio-registro-marca-midoc-electronico-de-telesalud-universidad-de-caldas\/\" \/>\n<script type=\"application\/ld+json\" class=\"yoast-schema-graph\">{\"@context\":\"https:\\\/\\\/schema.org\",\"@graph\":[{\"@type\":\"Article\",\"@id\":\"https:\\\/\\\/www.ucaldas.edu.co\\\/portal\\\/superinterdencia-de-industria-y-comercio-registro-marca-midoc-electronico-de-telesalud-universidad-de-caldas\\\/#article\",\"isPartOf\":{\"@id\":\"https:\\\/\\\/www.ucaldas.edu.co\\\/portal\\\/superinterdencia-de-industria-y-comercio-registro-marca-midoc-electronico-de-telesalud-universidad-de-caldas\\\/\"},\"author\":{\"name\":\"ofiprensa\",\"@id\":\"https:\\\/\\\/www.ucaldas.edu.co\\\/portal\\\/#\\\/schema\\\/person\\\/a1b482e23449158b4bc319926c074fdf\"},\"headline\":\"Superinterdencia de Industria y Comercio registr\u00f3 marca \u201cMiDoc Electr\u00f3nico\u201d de Telesalud Universidad de Caldas\",\"datePublished\":\"2019-04-12T23:15:53+00:00\",\"mainEntityOfPage\":{\"@id\":\"https:\\\/\\\/www.ucaldas.edu.co\\\/portal\\\/superinterdencia-de-industria-y-comercio-registro-marca-midoc-electronico-de-telesalud-universidad-de-caldas\\\/\"},\"wordCount\":387,\"publisher\":{\"@id\":\"https:\\\/\\\/www.ucaldas.edu.co\\\/portal\\\/#organization\"},\"image\":{\"@id\":\"https:\\\/\\\/www.ucaldas.edu.co\\\/portal\\\/superinterdencia-de-industria-y-comercio-registro-marca-midoc-electronico-de-telesalud-universidad-de-caldas\\\/#primaryimage\"},\"thumbnailUrl\":\"https:\\\/\\\/www.ucaldas.edu.co\\\/portal\\\/wp-content\\\/uploads\\\/2019\\\/04\\\/MI-DOC.jpg\",\"keywords\":[\"Telesalud\",\"marca registrada\",\"telemedicina\",\"Midoc\",\"electr\u00f3nico.\"],\"articleSection\":[\"Actualidad\",\"Universidad al D\u00eda\"],\"inLanguage\":\"es\"},{\"@type\":\"WebPage\",\"@id\":\"https:\\\/\\\/www.ucaldas.edu.co\\\/portal\\\/superinterdencia-de-industria-y-comercio-registro-marca-midoc-electronico-de-telesalud-universidad-de-caldas\\\/\",\"url\":\"https:\\\/\\\/www.ucaldas.edu.co\\\/portal\\\/superinterdencia-de-industria-y-comercio-registro-marca-midoc-electronico-de-telesalud-universidad-de-caldas\\\/\",\"name\":\"Superinterdencia de Industria y Comercio registr\u00f3 marca \u201cMiDoc Electr\u00f3nico\u201d de Telesalud Universidad de Caldas .\",\"isPartOf\":{\"@id\":\"https:\\\/\\\/www.ucaldas.edu.co\\\/portal\\\/#website\"},\"primaryImageOfPage\":{\"@id\":\"https:\\\/\\\/www.ucaldas.edu.co\\\/portal\\\/superinterdencia-de-industria-y-comercio-registro-marca-midoc-electronico-de-telesalud-universidad-de-caldas\\\/#primaryimage\"},\"image\":{\"@id\":\"https:\\\/\\\/www.ucaldas.edu.co\\\/portal\\\/superinterdencia-de-industria-y-comercio-registro-marca-midoc-electronico-de-telesalud-universidad-de-caldas\\\/#primaryimage\"},\"thumbnailUrl\":\"https:\\\/\\\/www.ucaldas.edu.co\\\/portal\\\/wp-content\\\/uploads\\\/2019\\\/04\\\/MI-DOC.jpg\",\"datePublished\":\"2019-04-12T23:15:53+00:00\",\"breadcrumb\":{\"@id\":\"https:\\\/\\\/www.ucaldas.edu.co\\\/portal\\\/superinterdencia-de-industria-y-comercio-registro-marca-midoc-electronico-de-telesalud-universidad-de-caldas\\\/#breadcrumb\"},\"inLanguage\":\"es\",\"potentialAction\":[{\"@type\":\"ReadAction\",\"target\":[\"https:\\\/\\\/www.ucaldas.edu.co\\\/portal\\\/superinterdencia-de-industria-y-comercio-registro-marca-midoc-electronico-de-telesalud-universidad-de-caldas\\\/\"]}]},{\"@type\":\"ImageObject\",\"inLanguage\":\"es\",\"@id\":\"https:\\\/\\\/www.ucaldas.edu.co\\\/portal\\\/superinterdencia-de-industria-y-comercio-registro-marca-midoc-electronico-de-telesalud-universidad-de-caldas\\\/#primaryimage\",\"url\":\"https:\\\/\\\/www.ucaldas.edu.co\\\/portal\\\/wp-content\\\/uploads\\\/2019\\\/04\\\/MI-DOC.jpg\",\"contentUrl\":\"https:\\\/\\\/www.ucaldas.edu.co\\\/portal\\\/wp-content\\\/uploads\\\/2019\\\/04\\\/MI-DOC.jpg\",\"width\":700,\"height\":400},{\"@type\":\"BreadcrumbList\",\"@id\":\"https:\\\/\\\/www.ucaldas.edu.co\\\/portal\\\/superinterdencia-de-industria-y-comercio-registro-marca-midoc-electronico-de-telesalud-universidad-de-caldas\\\/#breadcrumb\",\"itemListElement\":[{\"@type\":\"ListItem\",\"position\":1,\"name\":\"Portada\",\"item\":\"https:\\\/\\\/www.ucaldas.edu.co\\\/portal\\\/\"},{\"@type\":\"ListItem\",\"position\":2,\"name\":\"Superinterdencia de Industria y Comercio registr\u00f3 marca \u201cMiDoc Electr\u00f3nico\u201d de Telesalud Universidad de Caldas\"}]},{\"@type\":\"WebSite\",\"@id\":\"https:\\\/\\\/www.ucaldas.edu.co\\\/portal\\\/#website\",\"url\":\"https:\\\/\\\/www.ucaldas.edu.co\\\/portal\\\/\",\"name\":\"Universidad de Caldas\",\"description\":\"\",\"publisher\":{\"@id\":\"https:\\\/\\\/www.ucaldas.edu.co\\\/portal\\\/#organization\"},\"alternateName\":\"U. de Caldas\",\"potentialAction\":[{\"@type\":\"SearchAction\",\"target\":{\"@type\":\"EntryPoint\",\"urlTemplate\":\"https:\\\/\\\/www.ucaldas.edu.co\\\/portal\\\/?s={search_term_string}\"},\"query-input\":{\"@type\":\"PropertyValueSpecification\",\"valueRequired\":true,\"valueName\":\"search_term_string\"}}],\"inLanguage\":\"es\"},{\"@type\":\"Organization\",\"@id\":\"https:\\\/\\\/www.ucaldas.edu.co\\\/portal\\\/#organization\",\"name\":\"Universidad de Caldas\",\"alternateName\":\"U. de Caldas\",\"url\":\"https:\\\/\\\/www.ucaldas.edu.co\\\/portal\\\/\",\"logo\":{\"@type\":\"ImageObject\",\"inLanguage\":\"es\",\"@id\":\"https:\\\/\\\/www.ucaldas.edu.co\\\/portal\\\/#\\\/schema\\\/logo\\\/image\\\/\",\"url\":\"https:\\\/\\\/www.ucaldas.edu.co\\\/portal\\\/wp-content\\\/uploads\\\/2023\\\/11\\\/Logo_horizontal_oscuroU-2023.png\",\"contentUrl\":\"https:\\\/\\\/www.ucaldas.edu.co\\\/portal\\\/wp-content\\\/uploads\\\/2023\\\/11\\\/Logo_horizontal_oscuroU-2023.png\",\"width\":263,\"height\":101,\"caption\":\"Universidad de Caldas\"},\"image\":{\"@id\":\"https:\\\/\\\/www.ucaldas.edu.co\\\/portal\\\/#\\\/schema\\\/logo\\\/image\\\/\"},\"sameAs\":[\"https:\\\/\\\/www.facebook.com\\\/udecaldas\",\"https:\\\/\\\/x.com\\\/udecaldas\",\"https:\\\/\\\/www.youtube.com\\\/universidadcaldas\",\"https:\\\/\\\/www.instagram.com\\\/udecaldas\\\/\"]},{\"@type\":\"Person\",\"@id\":\"https:\\\/\\\/www.ucaldas.edu.co\\\/portal\\\/#\\\/schema\\\/person\\\/a1b482e23449158b4bc319926c074fdf\",\"name\":\"ofiprensa\",\"image\":{\"@type\":\"ImageObject\",\"inLanguage\":\"es\",\"@id\":\"https:\\\/\\\/www.ucaldas.edu.co\\\/portal\\\/wp-content\\\/litespeed\\\/avatar\\\/09ea5085e600095a7a811142c6944527.jpg?ver=1777497608\",\"url\":\"https:\\\/\\\/www.ucaldas.edu.co\\\/portal\\\/wp-content\\\/litespeed\\\/avatar\\\/09ea5085e600095a7a811142c6944527.jpg?ver=1777497608\",\"contentUrl\":\"https:\\\/\\\/www.ucaldas.edu.co\\\/portal\\\/wp-content\\\/litespeed\\\/avatar\\\/09ea5085e600095a7a811142c6944527.jpg?ver=1777497608\",\"caption\":\"ofiprensa\"},\"url\":\"https:\\\/\\\/www.ucaldas.edu.co\\\/portal\\\/author\\\/ofiprensa\\\/\"}]}<\/script>\n<!-- \/ Yoast SEO plugin. -->","yoast_head_json":{"title":"Superinterdencia de Industria y Comercio registr\u00f3 marca \u201cMiDoc Electr\u00f3nico\u201d de Telesalud Universidad de Caldas .","robots":{"index":"index","follow":"follow","max-snippet":"max-snippet:-1","max-image-preview":"max-image-preview:large","max-video-preview":"max-video-preview:-1"},"canonical":"https:\/\/www.ucaldas.edu.co\/portal\/superinterdencia-de-industria-y-comercio-registro-marca-midoc-electronico-de-telesalud-universidad-de-caldas\/","schema":{"@context":"https:\/\/schema.org","@graph":[{"@type":"Article","@id":"https:\/\/www.ucaldas.edu.co\/portal\/superinterdencia-de-industria-y-comercio-registro-marca-midoc-electronico-de-telesalud-universidad-de-caldas\/#article","isPartOf":{"@id":"https:\/\/www.ucaldas.edu.co\/portal\/superinterdencia-de-industria-y-comercio-registro-marca-midoc-electronico-de-telesalud-universidad-de-caldas\/"},"author":{"name":"ofiprensa","@id":"https:\/\/www.ucaldas.edu.co\/portal\/#\/schema\/person\/a1b482e23449158b4bc319926c074fdf"},"headline":"Superinterdencia de Industria y Comercio registr\u00f3 marca \u201cMiDoc Electr\u00f3nico\u201d de Telesalud Universidad de Caldas","datePublished":"2019-04-12T23:15:53+00:00","mainEntityOfPage":{"@id":"https:\/\/www.ucaldas.edu.co\/portal\/superinterdencia-de-industria-y-comercio-registro-marca-midoc-electronico-de-telesalud-universidad-de-caldas\/"},"wordCount":387,"publisher":{"@id":"https:\/\/www.ucaldas.edu.co\/portal\/#organization"},"image":{"@id":"https:\/\/www.ucaldas.edu.co\/portal\/superinterdencia-de-industria-y-comercio-registro-marca-midoc-electronico-de-telesalud-universidad-de-caldas\/#primaryimage"},"thumbnailUrl":"https:\/\/www.ucaldas.edu.co\/portal\/wp-content\/uploads\/2019\/04\/MI-DOC.jpg","keywords":["Telesalud","marca registrada","telemedicina","Midoc","electr\u00f3nico."],"articleSection":["Actualidad","Universidad al D\u00eda"],"inLanguage":"es"},{"@type":"WebPage","@id":"https:\/\/www.ucaldas.edu.co\/portal\/superinterdencia-de-industria-y-comercio-registro-marca-midoc-electronico-de-telesalud-universidad-de-caldas\/","url":"https:\/\/www.ucaldas.edu.co\/portal\/superinterdencia-de-industria-y-comercio-registro-marca-midoc-electronico-de-telesalud-universidad-de-caldas\/","name":"Superinterdencia de Industria y Comercio registr\u00f3 marca \u201cMiDoc Electr\u00f3nico\u201d de Telesalud Universidad de Caldas .","isPartOf":{"@id":"https:\/\/www.ucaldas.edu.co\/portal\/#website"},"primaryImageOfPage":{"@id":"https:\/\/www.ucaldas.edu.co\/portal\/superinterdencia-de-industria-y-comercio-registro-marca-midoc-electronico-de-telesalud-universidad-de-caldas\/#primaryimage"},"image":{"@id":"https:\/\/www.ucaldas.edu.co\/portal\/superinterdencia-de-industria-y-comercio-registro-marca-midoc-electronico-de-telesalud-universidad-de-caldas\/#primaryimage"},"thumbnailUrl":"https:\/\/www.ucaldas.edu.co\/portal\/wp-content\/uploads\/2019\/04\/MI-DOC.jpg","datePublished":"2019-04-12T23:15:53+00:00","breadcrumb":{"@id":"https:\/\/www.ucaldas.edu.co\/portal\/superinterdencia-de-industria-y-comercio-registro-marca-midoc-electronico-de-telesalud-universidad-de-caldas\/#breadcrumb"},"inLanguage":"es","potentialAction":[{"@type":"ReadAction","target":["https:\/\/www.ucaldas.edu.co\/portal\/superinterdencia-de-industria-y-comercio-registro-marca-midoc-electronico-de-telesalud-universidad-de-caldas\/"]}]},{"@type":"ImageObject","inLanguage":"es","@id":"https:\/\/www.ucaldas.edu.co\/portal\/superinterdencia-de-industria-y-comercio-registro-marca-midoc-electronico-de-telesalud-universidad-de-caldas\/#primaryimage","url":"https:\/\/www.ucaldas.edu.co\/portal\/wp-content\/uploads\/2019\/04\/MI-DOC.jpg","contentUrl":"https:\/\/www.ucaldas.edu.co\/portal\/wp-content\/uploads\/2019\/04\/MI-DOC.jpg","width":700,"height":400},{"@type":"BreadcrumbList","@id":"https:\/\/www.ucaldas.edu.co\/portal\/superinterdencia-de-industria-y-comercio-registro-marca-midoc-electronico-de-telesalud-universidad-de-caldas\/#breadcrumb","itemListElement":[{"@type":"ListItem","position":1,"name":"Portada","item":"https:\/\/www.ucaldas.edu.co\/portal\/"},{"@type":"ListItem","position":2,"name":"Superinterdencia de Industria y Comercio registr\u00f3 marca \u201cMiDoc Electr\u00f3nico\u201d de Telesalud Universidad de Caldas"}]},{"@type":"WebSite","@id":"https:\/\/www.ucaldas.edu.co\/portal\/#website","url":"https:\/\/www.ucaldas.edu.co\/portal\/","name":"Universidad de Caldas","description":"","publisher":{"@id":"https:\/\/www.ucaldas.edu.co\/portal\/#organization"},"alternateName":"U. de Caldas","potentialAction":[{"@type":"SearchAction","target":{"@type":"EntryPoint","urlTemplate":"https:\/\/www.ucaldas.edu.co\/portal\/?s={search_term_string}"},"query-input":{"@type":"PropertyValueSpecification","valueRequired":true,"valueName":"search_term_string"}}],"inLanguage":"es"},{"@type":"Organization","@id":"https:\/\/www.ucaldas.edu.co\/portal\/#organization","name":"Universidad de Caldas","alternateName":"U. de Caldas","url":"https:\/\/www.ucaldas.edu.co\/portal\/","logo":{"@type":"ImageObject","inLanguage":"es","@id":"https:\/\/www.ucaldas.edu.co\/portal\/#\/schema\/logo\/image\/","url":"https:\/\/www.ucaldas.edu.co\/portal\/wp-content\/uploads\/2023\/11\/Logo_horizontal_oscuroU-2023.png","contentUrl":"https:\/\/www.ucaldas.edu.co\/portal\/wp-content\/uploads\/2023\/11\/Logo_horizontal_oscuroU-2023.png","width":263,"height":101,"caption":"Universidad de Caldas"},"image":{"@id":"https:\/\/www.ucaldas.edu.co\/portal\/#\/schema\/logo\/image\/"},"sameAs":["https:\/\/www.facebook.com\/udecaldas","https:\/\/x.com\/udecaldas","https:\/\/www.youtube.com\/universidadcaldas","https:\/\/www.instagram.com\/udecaldas\/"]},{"@type":"Person","@id":"https:\/\/www.ucaldas.edu.co\/portal\/#\/schema\/person\/a1b482e23449158b4bc319926c074fdf","name":"ofiprensa","image":{"@type":"ImageObject","inLanguage":"es","@id":"https:\/\/www.ucaldas.edu.co\/portal\/wp-content\/litespeed\/avatar\/09ea5085e600095a7a811142c6944527.jpg?ver=1777497608","url":"https:\/\/www.ucaldas.edu.co\/portal\/wp-content\/litespeed\/avatar\/09ea5085e600095a7a811142c6944527.jpg?ver=1777497608","contentUrl":"https:\/\/www.ucaldas.edu.co\/portal\/wp-content\/litespeed\/avatar\/09ea5085e600095a7a811142c6944527.jpg?ver=1777497608","caption":"ofiprensa"},"url":"https:\/\/www.ucaldas.edu.co\/portal\/author\/ofiprensa\/"}]}},"_links":{"self":[{"href":"https:\/\/www.ucaldas.edu.co\/portal\/wp-json\/wp\/v2\/posts\/47653","targetHints":{"allow":["GET"]}}],"collection":[{"href":"https:\/\/www.ucaldas.edu.co\/portal\/wp-json\/wp\/v2\/posts"}],"about":[{"href":"https:\/\/www.ucaldas.edu.co\/portal\/wp-json\/wp\/v2\/types\/post"}],"author":[{"embeddable":true,"href":"https:\/\/www.ucaldas.edu.co\/portal\/wp-json\/wp\/v2\/users\/2"}],"replies":[{"embeddable":true,"href":"https:\/\/www.ucaldas.edu.co\/portal\/wp-json\/wp\/v2\/comments?post=47653"}],"version-history":[{"count":0,"href":"https:\/\/www.ucaldas.edu.co\/portal\/wp-json\/wp\/v2\/posts\/47653\/revisions"}],"wp:featuredmedia":[{"embeddable":true,"href":"https:\/\/www.ucaldas.edu.co\/portal\/wp-json\/wp\/v2\/media\/47639"}],"wp:attachment":[{"href":"https:\/\/www.ucaldas.edu.co\/portal\/wp-json\/wp\/v2\/media?parent=47653"}],"wp:term":[{"taxonomy":"category","embeddable":true,"href":"https:\/\/www.ucaldas.edu.co\/portal\/wp-json\/wp\/v2\/categories?post=47653"},{"taxonomy":"post_tag","embeddable":true,"href":"https:\/\/www.ucaldas.edu.co\/portal\/wp-json\/wp\/v2\/tags?post=47653"}],"curies":[{"name":"wp","href":"https:\/\/api.w.org\/{rel}","templated":true}]}}