{"id":47555,"date":"2019-04-09T22:08:49","date_gmt":"2019-04-09T22:08:49","guid":{"rendered":"https:\/\/www.ucaldas.edu.co\/portal\/?p=47555"},"modified":"2019-04-09T22:08:49","modified_gmt":"2019-04-09T22:08:49","slug":"clases-maestras-de-percusion-con-el-maestro-liam-underwood","status":"publish","type":"post","link":"https:\/\/www.ucaldas.edu.co\/portal\/clases-maestras-de-percusion-con-el-maestro-liam-underwood\/","title":{"rendered":"Clases maestras de percusi\u00f3n con el Maestro Liam Underwood"},"content":{"rendered":"<p style=\"text-align: center;\">SIN COSTO PARA ESTUDIANTES MATRICULADOS EN LOS PROGRAMAS DE M\u00daSICA<\/p>\n<p style=\"text-align: center;\"><strong>Clases maestras de percusi\u00f3n con el Maestro Liam Underwood <\/strong><\/p>\n<p style=\"text-align: right;\">09\/04\/2019<\/p>\n<p><img loading=\"lazy\" decoding=\"async\" class=\"size-full wp-image-47538 aligncenter\" src=\"https:\/\/www.ucaldas.edu.co\/portal\/wp-content\/uploads\/2019\/04\/convocatoria-musicos-compressor.jpg\" alt=\"\" width=\"699\" height=\"424\" srcset=\"https:\/\/www.ucaldas.edu.co\/portal\/wp-content\/uploads\/2019\/04\/convocatoria-musicos-compressor.jpg 699w, https:\/\/www.ucaldas.edu.co\/portal\/wp-content\/uploads\/2019\/04\/convocatoria-musicos-compressor-300x182.jpg 300w\" sizes=\"auto, (max-width: 699px) 100vw, 699px\" \/>Hasta el 12 de abril de 2019, la Orquesta Filarm\u00f3nica Juvenil del Caf\u00e9 en asocio con The Global Leaders Program, tiene abierta la convocatoria para los\u00a0 m\u00fasicos instrumentistas de percusi\u00f3n\u00a0sinf\u00f3nica\u00a0interesados en participar de las \u201cClases de Percusi\u00f3n con el maestro Liam M. Underwood\u201d\u00a0 en alianza con la c\u00e1tedra de Percusi\u00f3n liderada por el Maestro Uriel Mar\u00edn de la\u00a0 Licenciatura en M\u00fasica de la Universidad de Caldas.<\/p>\n<p><!--more--><\/p>\n<p>El 13 de abril se dar\u00e1 inicio a las\u00a0 actividades en la Sede Bellas Artes de la Universidad de Caldas, con clases maestras, clases colectivas, ensayos ensamble de percusi\u00f3n y ensamble de metales-percusi\u00f3n, finalizando el 19 de abril con un concierto de los ensambles en Manizales.<\/p>\n<p><strong>Proceso de inscripci\u00f3n y requisitos de participaci\u00f3n<\/strong><\/p>\n<p>El costo de la inscripci\u00f3n tiene un valor de $30.000, sin embargo, los estudiantes matriculados en los programas de m\u00fasica de la Universidad de Caldas, est\u00e1n exentos de este costo.<\/p>\n<p><strong>Acerca del Maestro Liam Underwood <\/strong><\/p>\n<p>Como artista, Liam ha tenido la fortuna de tocar en Estados Unidos y Europa en escenarios que incluyen recitales en solitario, conjuntos de c\u00e1mara mixta y orquestas, adem\u00e1s de ser el primer percusionista en ganar el Concierto de Conciertos de la Universidad de Vanderbilt en 2015. Un defensor de la nueva m\u00fasica. Liam ha trabajado con algunos de los compositores m\u00e1s importantes de la actualidad, como Augusta Read Thomas y Andy Akiho.<\/p>\n<p>Los principales mentores de Liam han sido Svet Stoyanov, Ji Hye Jung, William Wiggins, Matthew Strauss y Johan Bridger.\u00a0Es licenciado por la Universidad de Vanderbilt y la Universidad de Miami y complet\u00f3 estudios adicionales en la Royal Danish Academy of Music.<\/p>\n<p><u><a href=\"https:\/\/docs.google.com\/forms\/d\/e\/1FAIpQLSc6VJHZnk1U-eLlT5Ghh9hAqp3h7KGhaWyP0GV5YCrpSZrVnA\/viewform\">Ingrese aqu\u00ed el formulario de inscripci\u00f3n.<\/a><\/u><\/p>\n<p>En caso de inquietudes o dudas comunicarse a\u00a0<u><a href=\"mailto:silodelcafe@gmail.com\">silodelcafe@gmail.com<\/a><\/u> o 319 242 0994.<\/p>\n<p><strong>Informes: <\/strong>Oficina de Comunicaciones y Prensa Universidad de Caldas. Tel\u00e9fono: 8781500 Extensi\u00f3n: 12167<\/p>\n<p><strong>Redacci\u00f3n: <\/strong>Daniela S\u00e1nchez R\u00edos<\/p>\n<p>&nbsp;<\/p>\n","protected":false},"excerpt":{"rendered":"<p>SIN COSTO PARA ESTUDIANTES MATRICULADOS EN LOS PROGRAMAS DE M\u00daSICA Clases maestras de percusi\u00f3n con el Maestro Liam Underwood 09\/04\/2019 Hasta el 12 de abril de 2019, la Orquesta Filarm\u00f3nica Juvenil del Caf\u00e9 en asocio con The Global Leaders Program, tiene abierta la convocatoria para los\u00a0 m\u00fasicos instrumentistas de percusi\u00f3n\u00a0sinf\u00f3nica\u00a0interesados en participar de las \u201cClases [&hellip;]<\/p>\n","protected":false},"author":2,"featured_media":47538,"comment_status":"closed","ping_status":"open","sticky":false,"template":"","format":"standard","meta":{"footnotes":""},"categories":[48,53],"tags":[141,718,2980,3738],"class_list":["post-47555","post","type-post","status-publish","format-standard","has-post-thumbnail","hentry","category-actualidad","category-universidad-al-dia","tag-convocatoria","tag-musica","tag-percusion","tag-liam-underwood"],"yoast_head":"<!-- This site is optimized with the Yoast SEO plugin v27.5 - https:\/\/yoast.com\/product\/yoast-seo-wordpress\/ -->\n<title>Clases maestras de percusi\u00f3n con el Maestro Liam Underwood .<\/title>\n<meta name=\"robots\" content=\"index, follow, max-snippet:-1, max-image-preview:large, max-video-preview:-1\" \/>\n<link rel=\"canonical\" href=\"https:\/\/www.ucaldas.edu.co\/portal\/clases-maestras-de-percusion-con-el-maestro-liam-underwood\/\" \/>\n<script type=\"application\/ld+json\" class=\"yoast-schema-graph\">{\"@context\":\"https:\\\/\\\/schema.org\",\"@graph\":[{\"@type\":\"Article\",\"@id\":\"https:\\\/\\\/www.ucaldas.edu.co\\\/portal\\\/clases-maestras-de-percusion-con-el-maestro-liam-underwood\\\/#article\",\"isPartOf\":{\"@id\":\"https:\\\/\\\/www.ucaldas.edu.co\\\/portal\\\/clases-maestras-de-percusion-con-el-maestro-liam-underwood\\\/\"},\"author\":{\"name\":\"ofiprensa\",\"@id\":\"https:\\\/\\\/www.ucaldas.edu.co\\\/portal\\\/#\\\/schema\\\/person\\\/a1b482e23449158b4bc319926c074fdf\"},\"headline\":\"Clases maestras de percusi\u00f3n con el Maestro Liam Underwood\",\"datePublished\":\"2019-04-09T22:08:49+00:00\",\"mainEntityOfPage\":{\"@id\":\"https:\\\/\\\/www.ucaldas.edu.co\\\/portal\\\/clases-maestras-de-percusion-con-el-maestro-liam-underwood\\\/\"},\"wordCount\":355,\"publisher\":{\"@id\":\"https:\\\/\\\/www.ucaldas.edu.co\\\/portal\\\/#organization\"},\"image\":{\"@id\":\"https:\\\/\\\/www.ucaldas.edu.co\\\/portal\\\/clases-maestras-de-percusion-con-el-maestro-liam-underwood\\\/#primaryimage\"},\"thumbnailUrl\":\"https:\\\/\\\/www.ucaldas.edu.co\\\/portal\\\/wp-content\\\/uploads\\\/2019\\\/04\\\/convocatoria-musicos-compressor.jpg\",\"keywords\":[\"Convocatoria\",\"m\u00fasica\",\"percusi\u00f3n\",\"Liam Underwood\"],\"articleSection\":[\"Actualidad\",\"Universidad al D\u00eda\"],\"inLanguage\":\"es\"},{\"@type\":\"WebPage\",\"@id\":\"https:\\\/\\\/www.ucaldas.edu.co\\\/portal\\\/clases-maestras-de-percusion-con-el-maestro-liam-underwood\\\/\",\"url\":\"https:\\\/\\\/www.ucaldas.edu.co\\\/portal\\\/clases-maestras-de-percusion-con-el-maestro-liam-underwood\\\/\",\"name\":\"Clases maestras de percusi\u00f3n con el Maestro Liam Underwood .\",\"isPartOf\":{\"@id\":\"https:\\\/\\\/www.ucaldas.edu.co\\\/portal\\\/#website\"},\"primaryImageOfPage\":{\"@id\":\"https:\\\/\\\/www.ucaldas.edu.co\\\/portal\\\/clases-maestras-de-percusion-con-el-maestro-liam-underwood\\\/#primaryimage\"},\"image\":{\"@id\":\"https:\\\/\\\/www.ucaldas.edu.co\\\/portal\\\/clases-maestras-de-percusion-con-el-maestro-liam-underwood\\\/#primaryimage\"},\"thumbnailUrl\":\"https:\\\/\\\/www.ucaldas.edu.co\\\/portal\\\/wp-content\\\/uploads\\\/2019\\\/04\\\/convocatoria-musicos-compressor.jpg\",\"datePublished\":\"2019-04-09T22:08:49+00:00\",\"breadcrumb\":{\"@id\":\"https:\\\/\\\/www.ucaldas.edu.co\\\/portal\\\/clases-maestras-de-percusion-con-el-maestro-liam-underwood\\\/#breadcrumb\"},\"inLanguage\":\"es\",\"potentialAction\":[{\"@type\":\"ReadAction\",\"target\":[\"https:\\\/\\\/www.ucaldas.edu.co\\\/portal\\\/clases-maestras-de-percusion-con-el-maestro-liam-underwood\\\/\"]}]},{\"@type\":\"ImageObject\",\"inLanguage\":\"es\",\"@id\":\"https:\\\/\\\/www.ucaldas.edu.co\\\/portal\\\/clases-maestras-de-percusion-con-el-maestro-liam-underwood\\\/#primaryimage\",\"url\":\"https:\\\/\\\/www.ucaldas.edu.co\\\/portal\\\/wp-content\\\/uploads\\\/2019\\\/04\\\/convocatoria-musicos-compressor.jpg\",\"contentUrl\":\"https:\\\/\\\/www.ucaldas.edu.co\\\/portal\\\/wp-content\\\/uploads\\\/2019\\\/04\\\/convocatoria-musicos-compressor.jpg\",\"width\":699,\"height\":424},{\"@type\":\"BreadcrumbList\",\"@id\":\"https:\\\/\\\/www.ucaldas.edu.co\\\/portal\\\/clases-maestras-de-percusion-con-el-maestro-liam-underwood\\\/#breadcrumb\",\"itemListElement\":[{\"@type\":\"ListItem\",\"position\":1,\"name\":\"Portada\",\"item\":\"https:\\\/\\\/www.ucaldas.edu.co\\\/portal\\\/\"},{\"@type\":\"ListItem\",\"position\":2,\"name\":\"Clases maestras de percusi\u00f3n con el Maestro Liam Underwood\"}]},{\"@type\":\"WebSite\",\"@id\":\"https:\\\/\\\/www.ucaldas.edu.co\\\/portal\\\/#website\",\"url\":\"https:\\\/\\\/www.ucaldas.edu.co\\\/portal\\\/\",\"name\":\"Universidad de Caldas\",\"description\":\"\",\"publisher\":{\"@id\":\"https:\\\/\\\/www.ucaldas.edu.co\\\/portal\\\/#organization\"},\"alternateName\":\"U. de Caldas\",\"potentialAction\":[{\"@type\":\"SearchAction\",\"target\":{\"@type\":\"EntryPoint\",\"urlTemplate\":\"https:\\\/\\\/www.ucaldas.edu.co\\\/portal\\\/?s={search_term_string}\"},\"query-input\":{\"@type\":\"PropertyValueSpecification\",\"valueRequired\":true,\"valueName\":\"search_term_string\"}}],\"inLanguage\":\"es\"},{\"@type\":\"Organization\",\"@id\":\"https:\\\/\\\/www.ucaldas.edu.co\\\/portal\\\/#organization\",\"name\":\"Universidad de Caldas\",\"alternateName\":\"U. de Caldas\",\"url\":\"https:\\\/\\\/www.ucaldas.edu.co\\\/portal\\\/\",\"logo\":{\"@type\":\"ImageObject\",\"inLanguage\":\"es\",\"@id\":\"https:\\\/\\\/www.ucaldas.edu.co\\\/portal\\\/#\\\/schema\\\/logo\\\/image\\\/\",\"url\":\"https:\\\/\\\/www.ucaldas.edu.co\\\/portal\\\/wp-content\\\/uploads\\\/2023\\\/11\\\/Logo_horizontal_oscuroU-2023.png\",\"contentUrl\":\"https:\\\/\\\/www.ucaldas.edu.co\\\/portal\\\/wp-content\\\/uploads\\\/2023\\\/11\\\/Logo_horizontal_oscuroU-2023.png\",\"width\":263,\"height\":101,\"caption\":\"Universidad de Caldas\"},\"image\":{\"@id\":\"https:\\\/\\\/www.ucaldas.edu.co\\\/portal\\\/#\\\/schema\\\/logo\\\/image\\\/\"},\"sameAs\":[\"https:\\\/\\\/www.facebook.com\\\/udecaldas\",\"https:\\\/\\\/x.com\\\/udecaldas\",\"https:\\\/\\\/www.youtube.com\\\/universidadcaldas\",\"https:\\\/\\\/www.instagram.com\\\/udecaldas\\\/\"]},{\"@type\":\"Person\",\"@id\":\"https:\\\/\\\/www.ucaldas.edu.co\\\/portal\\\/#\\\/schema\\\/person\\\/a1b482e23449158b4bc319926c074fdf\",\"name\":\"ofiprensa\",\"image\":{\"@type\":\"ImageObject\",\"inLanguage\":\"es\",\"@id\":\"https:\\\/\\\/www.ucaldas.edu.co\\\/portal\\\/wp-content\\\/litespeed\\\/avatar\\\/09ea5085e600095a7a811142c6944527.jpg?ver=1777497608\",\"url\":\"https:\\\/\\\/www.ucaldas.edu.co\\\/portal\\\/wp-content\\\/litespeed\\\/avatar\\\/09ea5085e600095a7a811142c6944527.jpg?ver=1777497608\",\"contentUrl\":\"https:\\\/\\\/www.ucaldas.edu.co\\\/portal\\\/wp-content\\\/litespeed\\\/avatar\\\/09ea5085e600095a7a811142c6944527.jpg?ver=1777497608\",\"caption\":\"ofiprensa\"},\"url\":\"https:\\\/\\\/www.ucaldas.edu.co\\\/portal\\\/author\\\/ofiprensa\\\/\"}]}<\/script>\n<!-- \/ Yoast SEO plugin. -->","yoast_head_json":{"title":"Clases maestras de percusi\u00f3n con el Maestro Liam Underwood .","robots":{"index":"index","follow":"follow","max-snippet":"max-snippet:-1","max-image-preview":"max-image-preview:large","max-video-preview":"max-video-preview:-1"},"canonical":"https:\/\/www.ucaldas.edu.co\/portal\/clases-maestras-de-percusion-con-el-maestro-liam-underwood\/","schema":{"@context":"https:\/\/schema.org","@graph":[{"@type":"Article","@id":"https:\/\/www.ucaldas.edu.co\/portal\/clases-maestras-de-percusion-con-el-maestro-liam-underwood\/#article","isPartOf":{"@id":"https:\/\/www.ucaldas.edu.co\/portal\/clases-maestras-de-percusion-con-el-maestro-liam-underwood\/"},"author":{"name":"ofiprensa","@id":"https:\/\/www.ucaldas.edu.co\/portal\/#\/schema\/person\/a1b482e23449158b4bc319926c074fdf"},"headline":"Clases maestras de percusi\u00f3n con el Maestro Liam Underwood","datePublished":"2019-04-09T22:08:49+00:00","mainEntityOfPage":{"@id":"https:\/\/www.ucaldas.edu.co\/portal\/clases-maestras-de-percusion-con-el-maestro-liam-underwood\/"},"wordCount":355,"publisher":{"@id":"https:\/\/www.ucaldas.edu.co\/portal\/#organization"},"image":{"@id":"https:\/\/www.ucaldas.edu.co\/portal\/clases-maestras-de-percusion-con-el-maestro-liam-underwood\/#primaryimage"},"thumbnailUrl":"https:\/\/www.ucaldas.edu.co\/portal\/wp-content\/uploads\/2019\/04\/convocatoria-musicos-compressor.jpg","keywords":["Convocatoria","m\u00fasica","percusi\u00f3n","Liam Underwood"],"articleSection":["Actualidad","Universidad al D\u00eda"],"inLanguage":"es"},{"@type":"WebPage","@id":"https:\/\/www.ucaldas.edu.co\/portal\/clases-maestras-de-percusion-con-el-maestro-liam-underwood\/","url":"https:\/\/www.ucaldas.edu.co\/portal\/clases-maestras-de-percusion-con-el-maestro-liam-underwood\/","name":"Clases maestras de percusi\u00f3n con el Maestro Liam Underwood .","isPartOf":{"@id":"https:\/\/www.ucaldas.edu.co\/portal\/#website"},"primaryImageOfPage":{"@id":"https:\/\/www.ucaldas.edu.co\/portal\/clases-maestras-de-percusion-con-el-maestro-liam-underwood\/#primaryimage"},"image":{"@id":"https:\/\/www.ucaldas.edu.co\/portal\/clases-maestras-de-percusion-con-el-maestro-liam-underwood\/#primaryimage"},"thumbnailUrl":"https:\/\/www.ucaldas.edu.co\/portal\/wp-content\/uploads\/2019\/04\/convocatoria-musicos-compressor.jpg","datePublished":"2019-04-09T22:08:49+00:00","breadcrumb":{"@id":"https:\/\/www.ucaldas.edu.co\/portal\/clases-maestras-de-percusion-con-el-maestro-liam-underwood\/#breadcrumb"},"inLanguage":"es","potentialAction":[{"@type":"ReadAction","target":["https:\/\/www.ucaldas.edu.co\/portal\/clases-maestras-de-percusion-con-el-maestro-liam-underwood\/"]}]},{"@type":"ImageObject","inLanguage":"es","@id":"https:\/\/www.ucaldas.edu.co\/portal\/clases-maestras-de-percusion-con-el-maestro-liam-underwood\/#primaryimage","url":"https:\/\/www.ucaldas.edu.co\/portal\/wp-content\/uploads\/2019\/04\/convocatoria-musicos-compressor.jpg","contentUrl":"https:\/\/www.ucaldas.edu.co\/portal\/wp-content\/uploads\/2019\/04\/convocatoria-musicos-compressor.jpg","width":699,"height":424},{"@type":"BreadcrumbList","@id":"https:\/\/www.ucaldas.edu.co\/portal\/clases-maestras-de-percusion-con-el-maestro-liam-underwood\/#breadcrumb","itemListElement":[{"@type":"ListItem","position":1,"name":"Portada","item":"https:\/\/www.ucaldas.edu.co\/portal\/"},{"@type":"ListItem","position":2,"name":"Clases maestras de percusi\u00f3n con el Maestro Liam Underwood"}]},{"@type":"WebSite","@id":"https:\/\/www.ucaldas.edu.co\/portal\/#website","url":"https:\/\/www.ucaldas.edu.co\/portal\/","name":"Universidad de Caldas","description":"","publisher":{"@id":"https:\/\/www.ucaldas.edu.co\/portal\/#organization"},"alternateName":"U. de Caldas","potentialAction":[{"@type":"SearchAction","target":{"@type":"EntryPoint","urlTemplate":"https:\/\/www.ucaldas.edu.co\/portal\/?s={search_term_string}"},"query-input":{"@type":"PropertyValueSpecification","valueRequired":true,"valueName":"search_term_string"}}],"inLanguage":"es"},{"@type":"Organization","@id":"https:\/\/www.ucaldas.edu.co\/portal\/#organization","name":"Universidad de Caldas","alternateName":"U. de Caldas","url":"https:\/\/www.ucaldas.edu.co\/portal\/","logo":{"@type":"ImageObject","inLanguage":"es","@id":"https:\/\/www.ucaldas.edu.co\/portal\/#\/schema\/logo\/image\/","url":"https:\/\/www.ucaldas.edu.co\/portal\/wp-content\/uploads\/2023\/11\/Logo_horizontal_oscuroU-2023.png","contentUrl":"https:\/\/www.ucaldas.edu.co\/portal\/wp-content\/uploads\/2023\/11\/Logo_horizontal_oscuroU-2023.png","width":263,"height":101,"caption":"Universidad de Caldas"},"image":{"@id":"https:\/\/www.ucaldas.edu.co\/portal\/#\/schema\/logo\/image\/"},"sameAs":["https:\/\/www.facebook.com\/udecaldas","https:\/\/x.com\/udecaldas","https:\/\/www.youtube.com\/universidadcaldas","https:\/\/www.instagram.com\/udecaldas\/"]},{"@type":"Person","@id":"https:\/\/www.ucaldas.edu.co\/portal\/#\/schema\/person\/a1b482e23449158b4bc319926c074fdf","name":"ofiprensa","image":{"@type":"ImageObject","inLanguage":"es","@id":"https:\/\/www.ucaldas.edu.co\/portal\/wp-content\/litespeed\/avatar\/09ea5085e600095a7a811142c6944527.jpg?ver=1777497608","url":"https:\/\/www.ucaldas.edu.co\/portal\/wp-content\/litespeed\/avatar\/09ea5085e600095a7a811142c6944527.jpg?ver=1777497608","contentUrl":"https:\/\/www.ucaldas.edu.co\/portal\/wp-content\/litespeed\/avatar\/09ea5085e600095a7a811142c6944527.jpg?ver=1777497608","caption":"ofiprensa"},"url":"https:\/\/www.ucaldas.edu.co\/portal\/author\/ofiprensa\/"}]}},"_links":{"self":[{"href":"https:\/\/www.ucaldas.edu.co\/portal\/wp-json\/wp\/v2\/posts\/47555","targetHints":{"allow":["GET"]}}],"collection":[{"href":"https:\/\/www.ucaldas.edu.co\/portal\/wp-json\/wp\/v2\/posts"}],"about":[{"href":"https:\/\/www.ucaldas.edu.co\/portal\/wp-json\/wp\/v2\/types\/post"}],"author":[{"embeddable":true,"href":"https:\/\/www.ucaldas.edu.co\/portal\/wp-json\/wp\/v2\/users\/2"}],"replies":[{"embeddable":true,"href":"https:\/\/www.ucaldas.edu.co\/portal\/wp-json\/wp\/v2\/comments?post=47555"}],"version-history":[{"count":0,"href":"https:\/\/www.ucaldas.edu.co\/portal\/wp-json\/wp\/v2\/posts\/47555\/revisions"}],"wp:featuredmedia":[{"embeddable":true,"href":"https:\/\/www.ucaldas.edu.co\/portal\/wp-json\/wp\/v2\/media\/47538"}],"wp:attachment":[{"href":"https:\/\/www.ucaldas.edu.co\/portal\/wp-json\/wp\/v2\/media?parent=47555"}],"wp:term":[{"taxonomy":"category","embeddable":true,"href":"https:\/\/www.ucaldas.edu.co\/portal\/wp-json\/wp\/v2\/categories?post=47555"},{"taxonomy":"post_tag","embeddable":true,"href":"https:\/\/www.ucaldas.edu.co\/portal\/wp-json\/wp\/v2\/tags?post=47555"}],"curies":[{"name":"wp","href":"https:\/\/api.w.org\/{rel}","templated":true}]}}