{"id":47517,"date":"2019-04-08T22:10:27","date_gmt":"2019-04-08T22:10:27","guid":{"rendered":"https:\/\/www.ucaldas.edu.co\/portal\/?p=47517"},"modified":"2019-04-08T22:10:27","modified_gmt":"2019-04-08T22:10:27","slug":"continuan-abiertas-las-inscripciones-para-el-interfacultades-de-danza-2019","status":"publish","type":"post","link":"https:\/\/www.ucaldas.edu.co\/portal\/continuan-abiertas-las-inscripciones-para-el-interfacultades-de-danza-2019\/","title":{"rendered":"Contin\u00faan abiertas las inscripciones para el Interfacultades de Danza 2019"},"content":{"rendered":"<p style=\"text-align: center;\">PLAZO HASTA EL 12 DE ABRIL<\/p>\n<p style=\"text-align: center;\"><strong>Contin\u00faan abiertas las inscripciones para el Interfacultades de Danza 2019<\/strong><\/p>\n<p style=\"text-align: right;\">08\/04\/2019<\/p>\n<p><img loading=\"lazy\" decoding=\"async\" class=\"wp-image-47513 aligncenter\" src=\"https:\/\/www.ucaldas.edu.co\/portal\/wp-content\/uploads\/2019\/04\/interfacultades-compressor.png\" alt=\"\" width=\"591\" height=\"333\" srcset=\"https:\/\/www.ucaldas.edu.co\/portal\/wp-content\/uploads\/2019\/04\/interfacultades-compressor.png 1920w, https:\/\/www.ucaldas.edu.co\/portal\/wp-content\/uploads\/2019\/04\/interfacultades-compressor-300x169.png 300w, https:\/\/www.ucaldas.edu.co\/portal\/wp-content\/uploads\/2019\/04\/interfacultades-compressor-768x432.png 768w, https:\/\/www.ucaldas.edu.co\/portal\/wp-content\/uploads\/2019\/04\/interfacultades-compressor-1024x576.png 1024w\" sizes=\"auto, (max-width: 591px) 100vw, 591px\" \/><\/p>\n<p>Para contribuir al desarrollo de las pol\u00edticas de Bienestar Universitario en el campo art\u00edstico y cultural, el \u00c1rea de Expresiones Art\u00edsticas y Culturales de la Universidad de Caldas, convoca a la comunidad universitaria al Interfacultades de Danza 2019 \u00a1UCaldas se Mueve!<\/p>\n<p><!--more--><\/p>\n<p>Esta convocatoria pretende promover y facilitar la expresi\u00f3n del talento universitario que privilegia la danza como un hecho social, pluricultural, de sana convivencia y de expresi\u00f3n. Adem\u00e1s se quiere lograr la creaci\u00f3n de espacios art\u00edsticos encaminados hacia la formaci\u00f3n integral, donde, valores como el respeto, la disciplina, la responsabilidad, la dedicaci\u00f3n y el compromiso son fuente de motivaci\u00f3n y proyecci\u00f3n de talentos individuales y colectivos.<\/p>\n<p>&nbsp;<\/p>\n<p>Las inscripciones estar\u00e1n abiertas hasta el pr\u00f3ximo 12 de abril en la Oficina de Bienestar Cultural U. de Caldas. La competencia se llevar\u00e1 cabo el d\u00eda 25 de abril en el Teatro 8 de Junio.<\/p>\n<p>&nbsp;<\/p>\n<p>En el proceso de inscripci\u00f3n, cada Facultad podr\u00e1 inscribir 2 grupos, cada uno con un n\u00famero m\u00e1ximo de 12 participantes y un m\u00ednimo de 7 entre hombres y mujeres. Cada grupo debe proporcionar la siguiente informaci\u00f3n:<\/p>\n<p>&nbsp;<\/p>\n<ul>\n<li>Formulario de inscripci\u00f3n oficial, para el registro del grupo. La inscripci\u00f3n deber\u00e1 suscribirse por el representante del grupo de la Facultad o quien sea designado para este evento, con el visto bueno de la Decanatura.\u00a0 La inscripci\u00f3n de los grupos al evento obliga el cumplimiento de los par\u00e1metros de la competencia. El Formulario de inscripci\u00f3n debe diligenciarse con toda la informaci\u00f3n solicitada.<\/li>\n<li>Los grupos participantes podr\u00e1n estar integrados por estudiantes, docentes o funcionarios adscritos a cada Facultad. Los estudiantes participantes deben tener matr\u00edcula acad\u00e9mica vigente. Los docentes y administrativos deben acreditar su vinculaci\u00f3n con la firma del Decano (a) de cada Facultad.<\/li>\n<\/ul>\n<p>&nbsp;<\/p>\n<p>Los grupos participantes deben tener en cuentas las siguientes indicaciones:<\/p>\n<p>&nbsp;<\/p>\n<ul>\n<li>Los grupos participantes realizar\u00e1n una presentaci\u00f3n con una duraci\u00f3n m\u00e1xima de\u00a0 5 minutos y m\u00ednima de 1:30. Cada grupo presentar\u00e1 su baile, sin apoyo de elementos externos como: confeti, incienso, fuegos artificiales, velas, tierra, fluidos, etc., a fin de brindar una mayor seguridad y comodidad a los participantes en el escenario.<\/li>\n<li>Las modalidades de danza (urbana, folcl\u00f3rica, Afro, Pop, Flamenco, entre otras) para la presentaci\u00f3n, ser\u00e1n de libre escogencia por cada grupo representativo de las Facultades. El acompa\u00f1amiento musical ser\u00e1 en pista grabada de excelente calidad en formato MP3. La duraci\u00f3n de la m\u00fasica podr\u00e1 estar entre un rango de un minuto treinta segundos y cinco minutos.<\/li>\n<\/ul>\n<p>&nbsp;<\/p>\n<p>Para m\u00e1s informaci\u00f3n acercarse a la Oficina de Bienestar Universitario o comunicarse con los representantes estudiantiles de cada Facultad.<\/p>\n<p>&nbsp;<\/p>\n<p>&nbsp;<\/p>\n<p>&nbsp;<\/p>\n<p><strong>Informes: <\/strong>Oficina de Comunicaciones y Prensa Universidad de Caldas. Tel\u00e9fono: 8781500 Extensi\u00f3n: 12167<\/p>\n<p><strong>Redacci\u00f3n: <\/strong>Mateo Buritic\u00e1 Giraldo<\/p>\n<p>&nbsp;<\/p>\n","protected":false},"excerpt":{"rendered":"<p>PLAZO HASTA EL 12 DE ABRIL Contin\u00faan abiertas las inscripciones para el Interfacultades de Danza 2019 08\/04\/2019 Para contribuir al desarrollo de las pol\u00edticas de Bienestar Universitario en el campo art\u00edstico y cultural, el \u00c1rea de Expresiones Art\u00edsticas y Culturales de la Universidad de Caldas, convoca a la comunidad universitaria al Interfacultades de Danza 2019 [&hellip;]<\/p>\n","protected":false},"author":2,"featured_media":47513,"comment_status":"closed","ping_status":"open","sticky":false,"template":"","format":"standard","meta":{"footnotes":""},"categories":[48,53,664],"tags":[194,728,2101,3725,3726],"class_list":["post-47517","post","type-post","status-publish","format-standard","has-post-thumbnail","hentry","category-actualidad","category-universidad-al-dia","category-ucaldas-cultural","tag-cultura","tag-danza","tag-baile","tag-interfacultades","tag-inscripciones-abiertas"],"yoast_head":"<!-- This site is optimized with the Yoast SEO plugin v27.5 - https:\/\/yoast.com\/product\/yoast-seo-wordpress\/ -->\n<title>Contin\u00faan abiertas las inscripciones para el Interfacultades de Danza 2019 .<\/title>\n<meta name=\"robots\" content=\"index, follow, max-snippet:-1, max-image-preview:large, max-video-preview:-1\" \/>\n<link rel=\"canonical\" href=\"https:\/\/www.ucaldas.edu.co\/portal\/continuan-abiertas-las-inscripciones-para-el-interfacultades-de-danza-2019\/\" \/>\n<script type=\"application\/ld+json\" class=\"yoast-schema-graph\">{\"@context\":\"https:\\\/\\\/schema.org\",\"@graph\":[{\"@type\":\"Article\",\"@id\":\"https:\\\/\\\/www.ucaldas.edu.co\\\/portal\\\/continuan-abiertas-las-inscripciones-para-el-interfacultades-de-danza-2019\\\/#article\",\"isPartOf\":{\"@id\":\"https:\\\/\\\/www.ucaldas.edu.co\\\/portal\\\/continuan-abiertas-las-inscripciones-para-el-interfacultades-de-danza-2019\\\/\"},\"author\":{\"name\":\"ofiprensa\",\"@id\":\"https:\\\/\\\/www.ucaldas.edu.co\\\/portal\\\/#\\\/schema\\\/person\\\/a1b482e23449158b4bc319926c074fdf\"},\"headline\":\"Contin\u00faan abiertas las inscripciones para el Interfacultades de Danza 2019\",\"datePublished\":\"2019-04-08T22:10:27+00:00\",\"mainEntityOfPage\":{\"@id\":\"https:\\\/\\\/www.ucaldas.edu.co\\\/portal\\\/continuan-abiertas-las-inscripciones-para-el-interfacultades-de-danza-2019\\\/\"},\"wordCount\":502,\"publisher\":{\"@id\":\"https:\\\/\\\/www.ucaldas.edu.co\\\/portal\\\/#organization\"},\"image\":{\"@id\":\"https:\\\/\\\/www.ucaldas.edu.co\\\/portal\\\/continuan-abiertas-las-inscripciones-para-el-interfacultades-de-danza-2019\\\/#primaryimage\"},\"thumbnailUrl\":\"https:\\\/\\\/www.ucaldas.edu.co\\\/portal\\\/wp-content\\\/uploads\\\/2019\\\/04\\\/interfacultades-compressor.png\",\"keywords\":[\"cultura\",\"danza\",\"baile\",\"interfacultades\",\"inscripciones abiertas\"],\"articleSection\":[\"Actualidad\",\"Universidad al D\u00eda\",\"UCaldas Cultural\"],\"inLanguage\":\"es\"},{\"@type\":\"WebPage\",\"@id\":\"https:\\\/\\\/www.ucaldas.edu.co\\\/portal\\\/continuan-abiertas-las-inscripciones-para-el-interfacultades-de-danza-2019\\\/\",\"url\":\"https:\\\/\\\/www.ucaldas.edu.co\\\/portal\\\/continuan-abiertas-las-inscripciones-para-el-interfacultades-de-danza-2019\\\/\",\"name\":\"Contin\u00faan abiertas las inscripciones para el Interfacultades de Danza 2019 .\",\"isPartOf\":{\"@id\":\"https:\\\/\\\/www.ucaldas.edu.co\\\/portal\\\/#website\"},\"primaryImageOfPage\":{\"@id\":\"https:\\\/\\\/www.ucaldas.edu.co\\\/portal\\\/continuan-abiertas-las-inscripciones-para-el-interfacultades-de-danza-2019\\\/#primaryimage\"},\"image\":{\"@id\":\"https:\\\/\\\/www.ucaldas.edu.co\\\/portal\\\/continuan-abiertas-las-inscripciones-para-el-interfacultades-de-danza-2019\\\/#primaryimage\"},\"thumbnailUrl\":\"https:\\\/\\\/www.ucaldas.edu.co\\\/portal\\\/wp-content\\\/uploads\\\/2019\\\/04\\\/interfacultades-compressor.png\",\"datePublished\":\"2019-04-08T22:10:27+00:00\",\"breadcrumb\":{\"@id\":\"https:\\\/\\\/www.ucaldas.edu.co\\\/portal\\\/continuan-abiertas-las-inscripciones-para-el-interfacultades-de-danza-2019\\\/#breadcrumb\"},\"inLanguage\":\"es\",\"potentialAction\":[{\"@type\":\"ReadAction\",\"target\":[\"https:\\\/\\\/www.ucaldas.edu.co\\\/portal\\\/continuan-abiertas-las-inscripciones-para-el-interfacultades-de-danza-2019\\\/\"]}]},{\"@type\":\"ImageObject\",\"inLanguage\":\"es\",\"@id\":\"https:\\\/\\\/www.ucaldas.edu.co\\\/portal\\\/continuan-abiertas-las-inscripciones-para-el-interfacultades-de-danza-2019\\\/#primaryimage\",\"url\":\"https:\\\/\\\/www.ucaldas.edu.co\\\/portal\\\/wp-content\\\/uploads\\\/2019\\\/04\\\/interfacultades-compressor.png\",\"contentUrl\":\"https:\\\/\\\/www.ucaldas.edu.co\\\/portal\\\/wp-content\\\/uploads\\\/2019\\\/04\\\/interfacultades-compressor.png\",\"width\":1920,\"height\":1080},{\"@type\":\"BreadcrumbList\",\"@id\":\"https:\\\/\\\/www.ucaldas.edu.co\\\/portal\\\/continuan-abiertas-las-inscripciones-para-el-interfacultades-de-danza-2019\\\/#breadcrumb\",\"itemListElement\":[{\"@type\":\"ListItem\",\"position\":1,\"name\":\"Portada\",\"item\":\"https:\\\/\\\/www.ucaldas.edu.co\\\/portal\\\/\"},{\"@type\":\"ListItem\",\"position\":2,\"name\":\"Contin\u00faan abiertas las inscripciones para el Interfacultades de Danza 2019\"}]},{\"@type\":\"WebSite\",\"@id\":\"https:\\\/\\\/www.ucaldas.edu.co\\\/portal\\\/#website\",\"url\":\"https:\\\/\\\/www.ucaldas.edu.co\\\/portal\\\/\",\"name\":\"Universidad de Caldas\",\"description\":\"\",\"publisher\":{\"@id\":\"https:\\\/\\\/www.ucaldas.edu.co\\\/portal\\\/#organization\"},\"alternateName\":\"U. de Caldas\",\"potentialAction\":[{\"@type\":\"SearchAction\",\"target\":{\"@type\":\"EntryPoint\",\"urlTemplate\":\"https:\\\/\\\/www.ucaldas.edu.co\\\/portal\\\/?s={search_term_string}\"},\"query-input\":{\"@type\":\"PropertyValueSpecification\",\"valueRequired\":true,\"valueName\":\"search_term_string\"}}],\"inLanguage\":\"es\"},{\"@type\":\"Organization\",\"@id\":\"https:\\\/\\\/www.ucaldas.edu.co\\\/portal\\\/#organization\",\"name\":\"Universidad de Caldas\",\"alternateName\":\"U. de Caldas\",\"url\":\"https:\\\/\\\/www.ucaldas.edu.co\\\/portal\\\/\",\"logo\":{\"@type\":\"ImageObject\",\"inLanguage\":\"es\",\"@id\":\"https:\\\/\\\/www.ucaldas.edu.co\\\/portal\\\/#\\\/schema\\\/logo\\\/image\\\/\",\"url\":\"https:\\\/\\\/www.ucaldas.edu.co\\\/portal\\\/wp-content\\\/uploads\\\/2023\\\/11\\\/Logo_horizontal_oscuroU-2023.png\",\"contentUrl\":\"https:\\\/\\\/www.ucaldas.edu.co\\\/portal\\\/wp-content\\\/uploads\\\/2023\\\/11\\\/Logo_horizontal_oscuroU-2023.png\",\"width\":263,\"height\":101,\"caption\":\"Universidad de Caldas\"},\"image\":{\"@id\":\"https:\\\/\\\/www.ucaldas.edu.co\\\/portal\\\/#\\\/schema\\\/logo\\\/image\\\/\"},\"sameAs\":[\"https:\\\/\\\/www.facebook.com\\\/udecaldas\",\"https:\\\/\\\/x.com\\\/udecaldas\",\"https:\\\/\\\/www.youtube.com\\\/universidadcaldas\",\"https:\\\/\\\/www.instagram.com\\\/udecaldas\\\/\"]},{\"@type\":\"Person\",\"@id\":\"https:\\\/\\\/www.ucaldas.edu.co\\\/portal\\\/#\\\/schema\\\/person\\\/a1b482e23449158b4bc319926c074fdf\",\"name\":\"ofiprensa\",\"image\":{\"@type\":\"ImageObject\",\"inLanguage\":\"es\",\"@id\":\"https:\\\/\\\/www.ucaldas.edu.co\\\/portal\\\/wp-content\\\/litespeed\\\/avatar\\\/09ea5085e600095a7a811142c6944527.jpg?ver=1777497608\",\"url\":\"https:\\\/\\\/www.ucaldas.edu.co\\\/portal\\\/wp-content\\\/litespeed\\\/avatar\\\/09ea5085e600095a7a811142c6944527.jpg?ver=1777497608\",\"contentUrl\":\"https:\\\/\\\/www.ucaldas.edu.co\\\/portal\\\/wp-content\\\/litespeed\\\/avatar\\\/09ea5085e600095a7a811142c6944527.jpg?ver=1777497608\",\"caption\":\"ofiprensa\"},\"url\":\"https:\\\/\\\/www.ucaldas.edu.co\\\/portal\\\/author\\\/ofiprensa\\\/\"}]}<\/script>\n<!-- \/ Yoast SEO plugin. -->","yoast_head_json":{"title":"Contin\u00faan abiertas las inscripciones para el Interfacultades de Danza 2019 .","robots":{"index":"index","follow":"follow","max-snippet":"max-snippet:-1","max-image-preview":"max-image-preview:large","max-video-preview":"max-video-preview:-1"},"canonical":"https:\/\/www.ucaldas.edu.co\/portal\/continuan-abiertas-las-inscripciones-para-el-interfacultades-de-danza-2019\/","schema":{"@context":"https:\/\/schema.org","@graph":[{"@type":"Article","@id":"https:\/\/www.ucaldas.edu.co\/portal\/continuan-abiertas-las-inscripciones-para-el-interfacultades-de-danza-2019\/#article","isPartOf":{"@id":"https:\/\/www.ucaldas.edu.co\/portal\/continuan-abiertas-las-inscripciones-para-el-interfacultades-de-danza-2019\/"},"author":{"name":"ofiprensa","@id":"https:\/\/www.ucaldas.edu.co\/portal\/#\/schema\/person\/a1b482e23449158b4bc319926c074fdf"},"headline":"Contin\u00faan abiertas las inscripciones para el Interfacultades de Danza 2019","datePublished":"2019-04-08T22:10:27+00:00","mainEntityOfPage":{"@id":"https:\/\/www.ucaldas.edu.co\/portal\/continuan-abiertas-las-inscripciones-para-el-interfacultades-de-danza-2019\/"},"wordCount":502,"publisher":{"@id":"https:\/\/www.ucaldas.edu.co\/portal\/#organization"},"image":{"@id":"https:\/\/www.ucaldas.edu.co\/portal\/continuan-abiertas-las-inscripciones-para-el-interfacultades-de-danza-2019\/#primaryimage"},"thumbnailUrl":"https:\/\/www.ucaldas.edu.co\/portal\/wp-content\/uploads\/2019\/04\/interfacultades-compressor.png","keywords":["cultura","danza","baile","interfacultades","inscripciones abiertas"],"articleSection":["Actualidad","Universidad al D\u00eda","UCaldas Cultural"],"inLanguage":"es"},{"@type":"WebPage","@id":"https:\/\/www.ucaldas.edu.co\/portal\/continuan-abiertas-las-inscripciones-para-el-interfacultades-de-danza-2019\/","url":"https:\/\/www.ucaldas.edu.co\/portal\/continuan-abiertas-las-inscripciones-para-el-interfacultades-de-danza-2019\/","name":"Contin\u00faan abiertas las inscripciones para el Interfacultades de Danza 2019 .","isPartOf":{"@id":"https:\/\/www.ucaldas.edu.co\/portal\/#website"},"primaryImageOfPage":{"@id":"https:\/\/www.ucaldas.edu.co\/portal\/continuan-abiertas-las-inscripciones-para-el-interfacultades-de-danza-2019\/#primaryimage"},"image":{"@id":"https:\/\/www.ucaldas.edu.co\/portal\/continuan-abiertas-las-inscripciones-para-el-interfacultades-de-danza-2019\/#primaryimage"},"thumbnailUrl":"https:\/\/www.ucaldas.edu.co\/portal\/wp-content\/uploads\/2019\/04\/interfacultades-compressor.png","datePublished":"2019-04-08T22:10:27+00:00","breadcrumb":{"@id":"https:\/\/www.ucaldas.edu.co\/portal\/continuan-abiertas-las-inscripciones-para-el-interfacultades-de-danza-2019\/#breadcrumb"},"inLanguage":"es","potentialAction":[{"@type":"ReadAction","target":["https:\/\/www.ucaldas.edu.co\/portal\/continuan-abiertas-las-inscripciones-para-el-interfacultades-de-danza-2019\/"]}]},{"@type":"ImageObject","inLanguage":"es","@id":"https:\/\/www.ucaldas.edu.co\/portal\/continuan-abiertas-las-inscripciones-para-el-interfacultades-de-danza-2019\/#primaryimage","url":"https:\/\/www.ucaldas.edu.co\/portal\/wp-content\/uploads\/2019\/04\/interfacultades-compressor.png","contentUrl":"https:\/\/www.ucaldas.edu.co\/portal\/wp-content\/uploads\/2019\/04\/interfacultades-compressor.png","width":1920,"height":1080},{"@type":"BreadcrumbList","@id":"https:\/\/www.ucaldas.edu.co\/portal\/continuan-abiertas-las-inscripciones-para-el-interfacultades-de-danza-2019\/#breadcrumb","itemListElement":[{"@type":"ListItem","position":1,"name":"Portada","item":"https:\/\/www.ucaldas.edu.co\/portal\/"},{"@type":"ListItem","position":2,"name":"Contin\u00faan abiertas las inscripciones para el Interfacultades de Danza 2019"}]},{"@type":"WebSite","@id":"https:\/\/www.ucaldas.edu.co\/portal\/#website","url":"https:\/\/www.ucaldas.edu.co\/portal\/","name":"Universidad de Caldas","description":"","publisher":{"@id":"https:\/\/www.ucaldas.edu.co\/portal\/#organization"},"alternateName":"U. de Caldas","potentialAction":[{"@type":"SearchAction","target":{"@type":"EntryPoint","urlTemplate":"https:\/\/www.ucaldas.edu.co\/portal\/?s={search_term_string}"},"query-input":{"@type":"PropertyValueSpecification","valueRequired":true,"valueName":"search_term_string"}}],"inLanguage":"es"},{"@type":"Organization","@id":"https:\/\/www.ucaldas.edu.co\/portal\/#organization","name":"Universidad de Caldas","alternateName":"U. de Caldas","url":"https:\/\/www.ucaldas.edu.co\/portal\/","logo":{"@type":"ImageObject","inLanguage":"es","@id":"https:\/\/www.ucaldas.edu.co\/portal\/#\/schema\/logo\/image\/","url":"https:\/\/www.ucaldas.edu.co\/portal\/wp-content\/uploads\/2023\/11\/Logo_horizontal_oscuroU-2023.png","contentUrl":"https:\/\/www.ucaldas.edu.co\/portal\/wp-content\/uploads\/2023\/11\/Logo_horizontal_oscuroU-2023.png","width":263,"height":101,"caption":"Universidad de Caldas"},"image":{"@id":"https:\/\/www.ucaldas.edu.co\/portal\/#\/schema\/logo\/image\/"},"sameAs":["https:\/\/www.facebook.com\/udecaldas","https:\/\/x.com\/udecaldas","https:\/\/www.youtube.com\/universidadcaldas","https:\/\/www.instagram.com\/udecaldas\/"]},{"@type":"Person","@id":"https:\/\/www.ucaldas.edu.co\/portal\/#\/schema\/person\/a1b482e23449158b4bc319926c074fdf","name":"ofiprensa","image":{"@type":"ImageObject","inLanguage":"es","@id":"https:\/\/www.ucaldas.edu.co\/portal\/wp-content\/litespeed\/avatar\/09ea5085e600095a7a811142c6944527.jpg?ver=1777497608","url":"https:\/\/www.ucaldas.edu.co\/portal\/wp-content\/litespeed\/avatar\/09ea5085e600095a7a811142c6944527.jpg?ver=1777497608","contentUrl":"https:\/\/www.ucaldas.edu.co\/portal\/wp-content\/litespeed\/avatar\/09ea5085e600095a7a811142c6944527.jpg?ver=1777497608","caption":"ofiprensa"},"url":"https:\/\/www.ucaldas.edu.co\/portal\/author\/ofiprensa\/"}]}},"_links":{"self":[{"href":"https:\/\/www.ucaldas.edu.co\/portal\/wp-json\/wp\/v2\/posts\/47517","targetHints":{"allow":["GET"]}}],"collection":[{"href":"https:\/\/www.ucaldas.edu.co\/portal\/wp-json\/wp\/v2\/posts"}],"about":[{"href":"https:\/\/www.ucaldas.edu.co\/portal\/wp-json\/wp\/v2\/types\/post"}],"author":[{"embeddable":true,"href":"https:\/\/www.ucaldas.edu.co\/portal\/wp-json\/wp\/v2\/users\/2"}],"replies":[{"embeddable":true,"href":"https:\/\/www.ucaldas.edu.co\/portal\/wp-json\/wp\/v2\/comments?post=47517"}],"version-history":[{"count":0,"href":"https:\/\/www.ucaldas.edu.co\/portal\/wp-json\/wp\/v2\/posts\/47517\/revisions"}],"wp:featuredmedia":[{"embeddable":true,"href":"https:\/\/www.ucaldas.edu.co\/portal\/wp-json\/wp\/v2\/media\/47513"}],"wp:attachment":[{"href":"https:\/\/www.ucaldas.edu.co\/portal\/wp-json\/wp\/v2\/media?parent=47517"}],"wp:term":[{"taxonomy":"category","embeddable":true,"href":"https:\/\/www.ucaldas.edu.co\/portal\/wp-json\/wp\/v2\/categories?post=47517"},{"taxonomy":"post_tag","embeddable":true,"href":"https:\/\/www.ucaldas.edu.co\/portal\/wp-json\/wp\/v2\/tags?post=47517"}],"curies":[{"name":"wp","href":"https:\/\/api.w.org\/{rel}","templated":true}]}}