{"id":47274,"date":"2019-03-29T19:20:29","date_gmt":"2019-03-29T19:20:29","guid":{"rendered":"https:\/\/www.ucaldas.edu.co\/portal\/?p=47274"},"modified":"2019-03-29T19:20:29","modified_gmt":"2019-03-29T19:20:29","slug":"programa-de-empleabilidad-digital-emprenderte-secretaria-de-gobierno-de-bogota-ascun","status":"publish","type":"post","link":"https:\/\/www.ucaldas.edu.co\/portal\/programa-de-empleabilidad-digital-emprenderte-secretaria-de-gobierno-de-bogota-ascun\/","title":{"rendered":"Programa de Empleabilidad Digital \u00abEmprenderte\u00bb\u00a0Secretaria de Gobierno de Bogot\u00e1 \u2013 ASCUN"},"content":{"rendered":"<p style=\"font-weight: 400;\"><strong>Programa de Empleabilidad Digital \u00abEmprenderte\u00bb\u00a0<\/strong><strong>Secretaria de Gobierno de Bogot\u00e1 \u2013 ASCUN<\/strong><\/p>\n<p style=\"font-weight: 400; text-align: right;\">29\/03\/2019<\/p>\n<p style=\"font-weight: 400;\"><img loading=\"lazy\" decoding=\"async\" class=\"size-full wp-image-47275 aligncenter\" src=\"https:\/\/www.ucaldas.edu.co\/portal\/wp-content\/uploads\/2019\/03\/emprende.png\" alt=\"\" width=\"700\" height=\"400\" srcset=\"https:\/\/www.ucaldas.edu.co\/portal\/wp-content\/uploads\/2019\/03\/emprende.png 700w, https:\/\/www.ucaldas.edu.co\/portal\/wp-content\/uploads\/2019\/03\/emprende-300x171.png 300w\" sizes=\"auto, (max-width: 700px) 100vw, 700px\" \/>Conforme a la informaci\u00f3n que hemos venido compartiendo sobre la estrategia de empleabilidad digital denominada\u00a0<strong>\u00abEmprenderte<\/strong>\u00ab, liderada por la Alcald\u00eda de Bogot\u00e1, y luego de la reuni\u00f3n invitarlos a que se inscriban en esta iniciativa.<\/p>\n<p><!--more--><\/p>\n<p style=\"font-weight: 400;\">Conforme a las dudas de ayer, queremos reiterar:<\/p>\n<ul style=\"font-weight: 400;\">\n<li>La primera fase ser\u00e1 un proceso de formaci\u00f3n en fundamentes sobre\u00a0<strong><em>EL\u00a0<\/em><\/strong><strong><em>INTERNET DE TODO IdT<\/em><\/strong>, y est\u00e1 orientado a estudiantes o profesores\u00a0<u>de todas las \u00e1reas del conocimiento interesados en procesos digitales e interconectividad<\/u>.<\/li>\n<li>Los Cursos de formaci\u00f3n\u00a0son 100% virtuales,\u00a0para ello deben inscribirse en\u00a0link\u00a0<a href=\"http:\/\/www.emprenderte.co\/\" data-saferedirecturl=\"https:\/\/www.google.com\/url?q=http:\/\/www.emprenderte.co\/&amp;source=gmail&amp;ust=1553965230264000&amp;usg=AFQjCNGzX7HAW4KGFnXv8qXZKd2R2KFFOg\">www.emprenderte.co<\/a>,\u00a0NO tiene prerrequisitos<\/li>\n<li>Los cursos ser\u00e1n certificados por Cisco Networking Academy.<\/li>\n<li><strong><em>El curso de fundamentaci\u00f3n en IdT inicia el\u00a0<\/em><\/strong><strong><em>28\u00a0de marzo de 2019<\/em><\/strong>, ser\u00e1n 8 semanas con 32\u00a0horas de dedicaci\u00f3n y est\u00e1 organizado conforme en siete m\u00f3dulos como se observa en el anexo.<\/li>\n<li>Solo quienes obtengan la certificaci\u00f3n\u00a0Cisco Networking Academy en IdT, podr\u00e1n acceder a la segunda fase de prototipos: Packet Tracer, la cual no tendr\u00e1 costos para los participantes.<\/li>\n<\/ul>\n","protected":false},"excerpt":{"rendered":"<p>Programa de Empleabilidad Digital \u00abEmprenderte\u00bb\u00a0Secretaria de Gobierno de Bogot\u00e1 \u2013 ASCUN 29\/03\/2019 Conforme a la informaci\u00f3n que hemos venido compartiendo sobre la estrategia de empleabilidad digital denominada\u00a0\u00abEmprenderte\u00ab, liderada por la Alcald\u00eda de Bogot\u00e1, y luego de la reuni\u00f3n invitarlos a que se inscriban en esta iniciativa.<\/p>\n","protected":false},"author":2,"featured_media":47275,"comment_status":"closed","ping_status":"open","sticky":false,"template":"","format":"standard","meta":{"footnotes":""},"categories":[48,53],"tags":[],"class_list":["post-47274","post","type-post","status-publish","format-standard","has-post-thumbnail","hentry","category-actualidad","category-universidad-al-dia"],"yoast_head":"<!-- This site is optimized with the Yoast SEO plugin v27.5 - https:\/\/yoast.com\/product\/yoast-seo-wordpress\/ -->\n<title>Programa de Empleabilidad Digital &quot;Emprenderte&quot;\u00a0Secretaria de Gobierno de Bogot\u00e1 \u2013 ASCUN .<\/title>\n<meta name=\"robots\" content=\"index, follow, max-snippet:-1, max-image-preview:large, max-video-preview:-1\" \/>\n<link rel=\"canonical\" href=\"https:\/\/www.ucaldas.edu.co\/portal\/programa-de-empleabilidad-digital-emprenderte-secretaria-de-gobierno-de-bogota-ascun\/\" \/>\n<script type=\"application\/ld+json\" class=\"yoast-schema-graph\">{\"@context\":\"https:\\\/\\\/schema.org\",\"@graph\":[{\"@type\":\"Article\",\"@id\":\"https:\\\/\\\/www.ucaldas.edu.co\\\/portal\\\/programa-de-empleabilidad-digital-emprenderte-secretaria-de-gobierno-de-bogota-ascun\\\/#article\",\"isPartOf\":{\"@id\":\"https:\\\/\\\/www.ucaldas.edu.co\\\/portal\\\/programa-de-empleabilidad-digital-emprenderte-secretaria-de-gobierno-de-bogota-ascun\\\/\"},\"author\":{\"name\":\"ofiprensa\",\"@id\":\"https:\\\/\\\/www.ucaldas.edu.co\\\/portal\\\/#\\\/schema\\\/person\\\/a1b482e23449158b4bc319926c074fdf\"},\"headline\":\"Programa de Empleabilidad Digital \u00abEmprenderte\u00bb\u00a0Secretaria de Gobierno de Bogot\u00e1 \u2013 ASCUN\",\"datePublished\":\"2019-03-29T19:20:29+00:00\",\"mainEntityOfPage\":{\"@id\":\"https:\\\/\\\/www.ucaldas.edu.co\\\/portal\\\/programa-de-empleabilidad-digital-emprenderte-secretaria-de-gobierno-de-bogota-ascun\\\/\"},\"wordCount\":196,\"publisher\":{\"@id\":\"https:\\\/\\\/www.ucaldas.edu.co\\\/portal\\\/#organization\"},\"image\":{\"@id\":\"https:\\\/\\\/www.ucaldas.edu.co\\\/portal\\\/programa-de-empleabilidad-digital-emprenderte-secretaria-de-gobierno-de-bogota-ascun\\\/#primaryimage\"},\"thumbnailUrl\":\"https:\\\/\\\/www.ucaldas.edu.co\\\/portal\\\/wp-content\\\/uploads\\\/2019\\\/03\\\/emprende.png\",\"articleSection\":[\"Actualidad\",\"Universidad al D\u00eda\"],\"inLanguage\":\"es\"},{\"@type\":\"WebPage\",\"@id\":\"https:\\\/\\\/www.ucaldas.edu.co\\\/portal\\\/programa-de-empleabilidad-digital-emprenderte-secretaria-de-gobierno-de-bogota-ascun\\\/\",\"url\":\"https:\\\/\\\/www.ucaldas.edu.co\\\/portal\\\/programa-de-empleabilidad-digital-emprenderte-secretaria-de-gobierno-de-bogota-ascun\\\/\",\"name\":\"Programa de Empleabilidad Digital \\\"Emprenderte\\\"\u00a0Secretaria de Gobierno de Bogot\u00e1 \u2013 ASCUN .\",\"isPartOf\":{\"@id\":\"https:\\\/\\\/www.ucaldas.edu.co\\\/portal\\\/#website\"},\"primaryImageOfPage\":{\"@id\":\"https:\\\/\\\/www.ucaldas.edu.co\\\/portal\\\/programa-de-empleabilidad-digital-emprenderte-secretaria-de-gobierno-de-bogota-ascun\\\/#primaryimage\"},\"image\":{\"@id\":\"https:\\\/\\\/www.ucaldas.edu.co\\\/portal\\\/programa-de-empleabilidad-digital-emprenderte-secretaria-de-gobierno-de-bogota-ascun\\\/#primaryimage\"},\"thumbnailUrl\":\"https:\\\/\\\/www.ucaldas.edu.co\\\/portal\\\/wp-content\\\/uploads\\\/2019\\\/03\\\/emprende.png\",\"datePublished\":\"2019-03-29T19:20:29+00:00\",\"breadcrumb\":{\"@id\":\"https:\\\/\\\/www.ucaldas.edu.co\\\/portal\\\/programa-de-empleabilidad-digital-emprenderte-secretaria-de-gobierno-de-bogota-ascun\\\/#breadcrumb\"},\"inLanguage\":\"es\",\"potentialAction\":[{\"@type\":\"ReadAction\",\"target\":[\"https:\\\/\\\/www.ucaldas.edu.co\\\/portal\\\/programa-de-empleabilidad-digital-emprenderte-secretaria-de-gobierno-de-bogota-ascun\\\/\"]}]},{\"@type\":\"ImageObject\",\"inLanguage\":\"es\",\"@id\":\"https:\\\/\\\/www.ucaldas.edu.co\\\/portal\\\/programa-de-empleabilidad-digital-emprenderte-secretaria-de-gobierno-de-bogota-ascun\\\/#primaryimage\",\"url\":\"https:\\\/\\\/www.ucaldas.edu.co\\\/portal\\\/wp-content\\\/uploads\\\/2019\\\/03\\\/emprende.png\",\"contentUrl\":\"https:\\\/\\\/www.ucaldas.edu.co\\\/portal\\\/wp-content\\\/uploads\\\/2019\\\/03\\\/emprende.png\",\"width\":700,\"height\":400},{\"@type\":\"BreadcrumbList\",\"@id\":\"https:\\\/\\\/www.ucaldas.edu.co\\\/portal\\\/programa-de-empleabilidad-digital-emprenderte-secretaria-de-gobierno-de-bogota-ascun\\\/#breadcrumb\",\"itemListElement\":[{\"@type\":\"ListItem\",\"position\":1,\"name\":\"Portada\",\"item\":\"https:\\\/\\\/www.ucaldas.edu.co\\\/portal\\\/\"},{\"@type\":\"ListItem\",\"position\":2,\"name\":\"Programa de Empleabilidad Digital \u00abEmprenderte\u00bb\u00a0Secretaria de Gobierno de Bogot\u00e1 \u2013 ASCUN\"}]},{\"@type\":\"WebSite\",\"@id\":\"https:\\\/\\\/www.ucaldas.edu.co\\\/portal\\\/#website\",\"url\":\"https:\\\/\\\/www.ucaldas.edu.co\\\/portal\\\/\",\"name\":\"Universidad de Caldas\",\"description\":\"\",\"publisher\":{\"@id\":\"https:\\\/\\\/www.ucaldas.edu.co\\\/portal\\\/#organization\"},\"alternateName\":\"U. de Caldas\",\"potentialAction\":[{\"@type\":\"SearchAction\",\"target\":{\"@type\":\"EntryPoint\",\"urlTemplate\":\"https:\\\/\\\/www.ucaldas.edu.co\\\/portal\\\/?s={search_term_string}\"},\"query-input\":{\"@type\":\"PropertyValueSpecification\",\"valueRequired\":true,\"valueName\":\"search_term_string\"}}],\"inLanguage\":\"es\"},{\"@type\":\"Organization\",\"@id\":\"https:\\\/\\\/www.ucaldas.edu.co\\\/portal\\\/#organization\",\"name\":\"Universidad de Caldas\",\"alternateName\":\"U. de Caldas\",\"url\":\"https:\\\/\\\/www.ucaldas.edu.co\\\/portal\\\/\",\"logo\":{\"@type\":\"ImageObject\",\"inLanguage\":\"es\",\"@id\":\"https:\\\/\\\/www.ucaldas.edu.co\\\/portal\\\/#\\\/schema\\\/logo\\\/image\\\/\",\"url\":\"https:\\\/\\\/www.ucaldas.edu.co\\\/portal\\\/wp-content\\\/uploads\\\/2023\\\/11\\\/Logo_horizontal_oscuroU-2023.png\",\"contentUrl\":\"https:\\\/\\\/www.ucaldas.edu.co\\\/portal\\\/wp-content\\\/uploads\\\/2023\\\/11\\\/Logo_horizontal_oscuroU-2023.png\",\"width\":263,\"height\":101,\"caption\":\"Universidad de Caldas\"},\"image\":{\"@id\":\"https:\\\/\\\/www.ucaldas.edu.co\\\/portal\\\/#\\\/schema\\\/logo\\\/image\\\/\"},\"sameAs\":[\"https:\\\/\\\/www.facebook.com\\\/udecaldas\",\"https:\\\/\\\/x.com\\\/udecaldas\",\"https:\\\/\\\/www.youtube.com\\\/universidadcaldas\",\"https:\\\/\\\/www.instagram.com\\\/udecaldas\\\/\"]},{\"@type\":\"Person\",\"@id\":\"https:\\\/\\\/www.ucaldas.edu.co\\\/portal\\\/#\\\/schema\\\/person\\\/a1b482e23449158b4bc319926c074fdf\",\"name\":\"ofiprensa\",\"image\":{\"@type\":\"ImageObject\",\"inLanguage\":\"es\",\"@id\":\"https:\\\/\\\/www.ucaldas.edu.co\\\/portal\\\/wp-content\\\/litespeed\\\/avatar\\\/09ea5085e600095a7a811142c6944527.jpg?ver=1777497608\",\"url\":\"https:\\\/\\\/www.ucaldas.edu.co\\\/portal\\\/wp-content\\\/litespeed\\\/avatar\\\/09ea5085e600095a7a811142c6944527.jpg?ver=1777497608\",\"contentUrl\":\"https:\\\/\\\/www.ucaldas.edu.co\\\/portal\\\/wp-content\\\/litespeed\\\/avatar\\\/09ea5085e600095a7a811142c6944527.jpg?ver=1777497608\",\"caption\":\"ofiprensa\"},\"url\":\"https:\\\/\\\/www.ucaldas.edu.co\\\/portal\\\/author\\\/ofiprensa\\\/\"}]}<\/script>\n<!-- \/ Yoast SEO plugin. -->","yoast_head_json":{"title":"Programa de Empleabilidad Digital \"Emprenderte\"\u00a0Secretaria de Gobierno de Bogot\u00e1 \u2013 ASCUN .","robots":{"index":"index","follow":"follow","max-snippet":"max-snippet:-1","max-image-preview":"max-image-preview:large","max-video-preview":"max-video-preview:-1"},"canonical":"https:\/\/www.ucaldas.edu.co\/portal\/programa-de-empleabilidad-digital-emprenderte-secretaria-de-gobierno-de-bogota-ascun\/","schema":{"@context":"https:\/\/schema.org","@graph":[{"@type":"Article","@id":"https:\/\/www.ucaldas.edu.co\/portal\/programa-de-empleabilidad-digital-emprenderte-secretaria-de-gobierno-de-bogota-ascun\/#article","isPartOf":{"@id":"https:\/\/www.ucaldas.edu.co\/portal\/programa-de-empleabilidad-digital-emprenderte-secretaria-de-gobierno-de-bogota-ascun\/"},"author":{"name":"ofiprensa","@id":"https:\/\/www.ucaldas.edu.co\/portal\/#\/schema\/person\/a1b482e23449158b4bc319926c074fdf"},"headline":"Programa de Empleabilidad Digital \u00abEmprenderte\u00bb\u00a0Secretaria de Gobierno de Bogot\u00e1 \u2013 ASCUN","datePublished":"2019-03-29T19:20:29+00:00","mainEntityOfPage":{"@id":"https:\/\/www.ucaldas.edu.co\/portal\/programa-de-empleabilidad-digital-emprenderte-secretaria-de-gobierno-de-bogota-ascun\/"},"wordCount":196,"publisher":{"@id":"https:\/\/www.ucaldas.edu.co\/portal\/#organization"},"image":{"@id":"https:\/\/www.ucaldas.edu.co\/portal\/programa-de-empleabilidad-digital-emprenderte-secretaria-de-gobierno-de-bogota-ascun\/#primaryimage"},"thumbnailUrl":"https:\/\/www.ucaldas.edu.co\/portal\/wp-content\/uploads\/2019\/03\/emprende.png","articleSection":["Actualidad","Universidad al D\u00eda"],"inLanguage":"es"},{"@type":"WebPage","@id":"https:\/\/www.ucaldas.edu.co\/portal\/programa-de-empleabilidad-digital-emprenderte-secretaria-de-gobierno-de-bogota-ascun\/","url":"https:\/\/www.ucaldas.edu.co\/portal\/programa-de-empleabilidad-digital-emprenderte-secretaria-de-gobierno-de-bogota-ascun\/","name":"Programa de Empleabilidad Digital \"Emprenderte\"\u00a0Secretaria de Gobierno de Bogot\u00e1 \u2013 ASCUN .","isPartOf":{"@id":"https:\/\/www.ucaldas.edu.co\/portal\/#website"},"primaryImageOfPage":{"@id":"https:\/\/www.ucaldas.edu.co\/portal\/programa-de-empleabilidad-digital-emprenderte-secretaria-de-gobierno-de-bogota-ascun\/#primaryimage"},"image":{"@id":"https:\/\/www.ucaldas.edu.co\/portal\/programa-de-empleabilidad-digital-emprenderte-secretaria-de-gobierno-de-bogota-ascun\/#primaryimage"},"thumbnailUrl":"https:\/\/www.ucaldas.edu.co\/portal\/wp-content\/uploads\/2019\/03\/emprende.png","datePublished":"2019-03-29T19:20:29+00:00","breadcrumb":{"@id":"https:\/\/www.ucaldas.edu.co\/portal\/programa-de-empleabilidad-digital-emprenderte-secretaria-de-gobierno-de-bogota-ascun\/#breadcrumb"},"inLanguage":"es","potentialAction":[{"@type":"ReadAction","target":["https:\/\/www.ucaldas.edu.co\/portal\/programa-de-empleabilidad-digital-emprenderte-secretaria-de-gobierno-de-bogota-ascun\/"]}]},{"@type":"ImageObject","inLanguage":"es","@id":"https:\/\/www.ucaldas.edu.co\/portal\/programa-de-empleabilidad-digital-emprenderte-secretaria-de-gobierno-de-bogota-ascun\/#primaryimage","url":"https:\/\/www.ucaldas.edu.co\/portal\/wp-content\/uploads\/2019\/03\/emprende.png","contentUrl":"https:\/\/www.ucaldas.edu.co\/portal\/wp-content\/uploads\/2019\/03\/emprende.png","width":700,"height":400},{"@type":"BreadcrumbList","@id":"https:\/\/www.ucaldas.edu.co\/portal\/programa-de-empleabilidad-digital-emprenderte-secretaria-de-gobierno-de-bogota-ascun\/#breadcrumb","itemListElement":[{"@type":"ListItem","position":1,"name":"Portada","item":"https:\/\/www.ucaldas.edu.co\/portal\/"},{"@type":"ListItem","position":2,"name":"Programa de Empleabilidad Digital \u00abEmprenderte\u00bb\u00a0Secretaria de Gobierno de Bogot\u00e1 \u2013 ASCUN"}]},{"@type":"WebSite","@id":"https:\/\/www.ucaldas.edu.co\/portal\/#website","url":"https:\/\/www.ucaldas.edu.co\/portal\/","name":"Universidad de Caldas","description":"","publisher":{"@id":"https:\/\/www.ucaldas.edu.co\/portal\/#organization"},"alternateName":"U. de Caldas","potentialAction":[{"@type":"SearchAction","target":{"@type":"EntryPoint","urlTemplate":"https:\/\/www.ucaldas.edu.co\/portal\/?s={search_term_string}"},"query-input":{"@type":"PropertyValueSpecification","valueRequired":true,"valueName":"search_term_string"}}],"inLanguage":"es"},{"@type":"Organization","@id":"https:\/\/www.ucaldas.edu.co\/portal\/#organization","name":"Universidad de Caldas","alternateName":"U. de Caldas","url":"https:\/\/www.ucaldas.edu.co\/portal\/","logo":{"@type":"ImageObject","inLanguage":"es","@id":"https:\/\/www.ucaldas.edu.co\/portal\/#\/schema\/logo\/image\/","url":"https:\/\/www.ucaldas.edu.co\/portal\/wp-content\/uploads\/2023\/11\/Logo_horizontal_oscuroU-2023.png","contentUrl":"https:\/\/www.ucaldas.edu.co\/portal\/wp-content\/uploads\/2023\/11\/Logo_horizontal_oscuroU-2023.png","width":263,"height":101,"caption":"Universidad de Caldas"},"image":{"@id":"https:\/\/www.ucaldas.edu.co\/portal\/#\/schema\/logo\/image\/"},"sameAs":["https:\/\/www.facebook.com\/udecaldas","https:\/\/x.com\/udecaldas","https:\/\/www.youtube.com\/universidadcaldas","https:\/\/www.instagram.com\/udecaldas\/"]},{"@type":"Person","@id":"https:\/\/www.ucaldas.edu.co\/portal\/#\/schema\/person\/a1b482e23449158b4bc319926c074fdf","name":"ofiprensa","image":{"@type":"ImageObject","inLanguage":"es","@id":"https:\/\/www.ucaldas.edu.co\/portal\/wp-content\/litespeed\/avatar\/09ea5085e600095a7a811142c6944527.jpg?ver=1777497608","url":"https:\/\/www.ucaldas.edu.co\/portal\/wp-content\/litespeed\/avatar\/09ea5085e600095a7a811142c6944527.jpg?ver=1777497608","contentUrl":"https:\/\/www.ucaldas.edu.co\/portal\/wp-content\/litespeed\/avatar\/09ea5085e600095a7a811142c6944527.jpg?ver=1777497608","caption":"ofiprensa"},"url":"https:\/\/www.ucaldas.edu.co\/portal\/author\/ofiprensa\/"}]}},"_links":{"self":[{"href":"https:\/\/www.ucaldas.edu.co\/portal\/wp-json\/wp\/v2\/posts\/47274","targetHints":{"allow":["GET"]}}],"collection":[{"href":"https:\/\/www.ucaldas.edu.co\/portal\/wp-json\/wp\/v2\/posts"}],"about":[{"href":"https:\/\/www.ucaldas.edu.co\/portal\/wp-json\/wp\/v2\/types\/post"}],"author":[{"embeddable":true,"href":"https:\/\/www.ucaldas.edu.co\/portal\/wp-json\/wp\/v2\/users\/2"}],"replies":[{"embeddable":true,"href":"https:\/\/www.ucaldas.edu.co\/portal\/wp-json\/wp\/v2\/comments?post=47274"}],"version-history":[{"count":0,"href":"https:\/\/www.ucaldas.edu.co\/portal\/wp-json\/wp\/v2\/posts\/47274\/revisions"}],"wp:featuredmedia":[{"embeddable":true,"href":"https:\/\/www.ucaldas.edu.co\/portal\/wp-json\/wp\/v2\/media\/47275"}],"wp:attachment":[{"href":"https:\/\/www.ucaldas.edu.co\/portal\/wp-json\/wp\/v2\/media?parent=47274"}],"wp:term":[{"taxonomy":"category","embeddable":true,"href":"https:\/\/www.ucaldas.edu.co\/portal\/wp-json\/wp\/v2\/categories?post=47274"},{"taxonomy":"post_tag","embeddable":true,"href":"https:\/\/www.ucaldas.edu.co\/portal\/wp-json\/wp\/v2\/tags?post=47274"}],"curies":[{"name":"wp","href":"https:\/\/api.w.org\/{rel}","templated":true}]}}