{"id":47205,"date":"2019-03-27T22:44:31","date_gmt":"2019-03-27T22:44:31","guid":{"rendered":"https:\/\/www.ucaldas.edu.co\/portal\/?p=47205"},"modified":"2019-03-27T22:44:31","modified_gmt":"2019-03-27T22:44:31","slug":"manana-septima-muestra-de-cine-espanol-en-el-centro-cultural-universitario-rogelio-salmona","status":"publish","type":"post","link":"https:\/\/www.ucaldas.edu.co\/portal\/manana-septima-muestra-de-cine-espanol-en-el-centro-cultural-universitario-rogelio-salmona\/","title":{"rendered":"Ma\u00f1ana S\u00e9ptima Muestra de Cine Espa\u00f1ol en el Centro Cultural Universitario Rogelio Salmona"},"content":{"rendered":"<p style=\"text-align: center;\">PROYECCI\u00d3N DE 4 PEL\u00cdCULAS ESPA\u00d1OLAS CON ENTRADA GRATUITA<\/p>\n<p style=\"text-align: center;\"><strong>Ma\u00f1ana S\u00e9ptima Muestra de Cine Espa\u00f1ol en el Centro Cultural Universitario Rogelio Salmona<\/strong><\/p>\n<p style=\"text-align: right;\">27\/03\/2019<\/p>\n<p><img loading=\"lazy\" decoding=\"async\" class=\"size-full wp-image-47178 aligncenter\" src=\"https:\/\/www.ucaldas.edu.co\/portal\/wp-content\/uploads\/2019\/03\/Cine-espa\u00f1ol-compressor.jpg\" alt=\"\" width=\"700\" height=\"440\" srcset=\"https:\/\/www.ucaldas.edu.co\/portal\/wp-content\/uploads\/2019\/03\/Cine-espa\u00f1ol-compressor.jpg 700w, https:\/\/www.ucaldas.edu.co\/portal\/wp-content\/uploads\/2019\/03\/Cine-espa\u00f1ol-compressor-300x189.jpg 300w\" sizes=\"auto, (max-width: 700px) 100vw, 700px\" \/>Este jueves 28 de marzo a partir de las 6:00 p.m., se llevar\u00e1 a cabo la s\u00e9ptima Muestra de Cine Espa\u00f1ol en el Centro Cultural Universitario Rogelio Salmona de la Universidad de Caldas, con la proyecci\u00f3n de la pel\u00edcula <strong>\u201cChico y Rita\u201d ganadora del premio Goya en 2010<\/strong>, como mejor pel\u00edcula de animaci\u00f3n.<\/p>\n<p><!--more--><\/p>\n<p>Esta muestra de Cine Espa\u00f1ol se realizar\u00e1 en 14 ciudades del pa\u00eds en simult\u00e1nea hasta el 11 de abril, para dar a conocer algunas de las m\u00e1s recientes realizaciones espa\u00f1olas en las categor\u00edas de suspenso, directores, d\u00edas de cine (Cl\u00e1sico) y documental de arte.<\/p>\n<p>Asimismo con el prop\u00f3sito de visibilizar m\u00e1s producciones, tambi\u00e9n ser\u00e1n proyectadas las siguientes pel\u00edculas en el Centro Cultural Universitario Rogelio Salmona:<\/p>\n<ul>\n<li>29 de marzo: Diamantes negros<\/li>\n<\/ul>\n<p><strong>Director: Miguel Alcantud. Espa\u00f1a, Portugal. 2013. 100 min. V.O. Apta para mayores de 12 a\u00f1os.<\/strong><\/p>\n<p><strong>\u00a0<\/strong><\/p>\n<ul>\n<li>4 de abril: La l\u00ednea de la sombra<br \/>\n<strong>Director:Alberto Garc\u00eda-Alix. Espa\u00f1a, 2017.82 min<\/strong><\/li>\n<\/ul>\n<p>&nbsp;<\/p>\n<ul>\n<li>Jueves 11 de abril: J\u00falia ist<\/li>\n<\/ul>\n<p><strong>D: Elena Mart\u00edn. Espa\u00f1a. 2017. 90 min. V.O. Apta para mayores de 12 a\u00f1os.<\/strong><\/p>\n<p>El evento ser\u00e1 abierto al p\u00fablico, con entrada libre hasta llenar aforo.<\/p>\n<p>&nbsp;<\/p>\n<p><strong>Informes: <\/strong>Oficina de Comunicaciones y Prensa Universidad de Caldas. Tel\u00e9fono: 8781500 Extensi\u00f3n: 12167<\/p>\n<p><strong>Redacci\u00f3n: <\/strong>Daniela S\u00e1nchez R\u00edos<\/p>\n<p>&nbsp;<\/p>\n","protected":false},"excerpt":{"rendered":"<p>PROYECCI\u00d3N DE 4 PEL\u00cdCULAS ESPA\u00d1OLAS CON ENTRADA GRATUITA Ma\u00f1ana S\u00e9ptima Muestra de Cine Espa\u00f1ol en el Centro Cultural Universitario Rogelio Salmona 27\/03\/2019 Este jueves 28 de marzo a partir de las 6:00 p.m., se llevar\u00e1 a cabo la s\u00e9ptima Muestra de Cine Espa\u00f1ol en el Centro Cultural Universitario Rogelio Salmona de la Universidad de Caldas, [&hellip;]<\/p>\n","protected":false},"author":2,"featured_media":47178,"comment_status":"closed","ping_status":"open","sticky":false,"template":"","format":"standard","meta":{"footnotes":""},"categories":[53,624,664,48],"tags":[1220,3669,3670,512],"class_list":["post-47205","post","type-post","status-publish","format-standard","has-post-thumbnail","hentry","category-universidad-al-dia","category-ucaldas-activa","category-ucaldas-cultural","category-actualidad","tag-espanol","tag-peliculas","tag-premios-goya","tag-cine"],"yoast_head":"<!-- This site is optimized with the Yoast SEO plugin v27.5 - https:\/\/yoast.com\/product\/yoast-seo-wordpress\/ -->\n<title>Ma\u00f1ana S\u00e9ptima Muestra de Cine Espa\u00f1ol en el Centro Cultural Universitario Rogelio Salmona .<\/title>\n<meta name=\"robots\" content=\"index, follow, max-snippet:-1, max-image-preview:large, max-video-preview:-1\" \/>\n<link rel=\"canonical\" href=\"https:\/\/www.ucaldas.edu.co\/portal\/manana-septima-muestra-de-cine-espanol-en-el-centro-cultural-universitario-rogelio-salmona\/\" \/>\n<script type=\"application\/ld+json\" class=\"yoast-schema-graph\">{\"@context\":\"https:\\\/\\\/schema.org\",\"@graph\":[{\"@type\":\"Article\",\"@id\":\"https:\\\/\\\/www.ucaldas.edu.co\\\/portal\\\/manana-septima-muestra-de-cine-espanol-en-el-centro-cultural-universitario-rogelio-salmona\\\/#article\",\"isPartOf\":{\"@id\":\"https:\\\/\\\/www.ucaldas.edu.co\\\/portal\\\/manana-septima-muestra-de-cine-espanol-en-el-centro-cultural-universitario-rogelio-salmona\\\/\"},\"author\":{\"name\":\"ofiprensa\",\"@id\":\"https:\\\/\\\/www.ucaldas.edu.co\\\/portal\\\/#\\\/schema\\\/person\\\/a1b482e23449158b4bc319926c074fdf\"},\"headline\":\"Ma\u00f1ana S\u00e9ptima Muestra de Cine Espa\u00f1ol en el Centro Cultural Universitario Rogelio Salmona\",\"datePublished\":\"2019-03-27T22:44:31+00:00\",\"mainEntityOfPage\":{\"@id\":\"https:\\\/\\\/www.ucaldas.edu.co\\\/portal\\\/manana-septima-muestra-de-cine-espanol-en-el-centro-cultural-universitario-rogelio-salmona\\\/\"},\"wordCount\":266,\"publisher\":{\"@id\":\"https:\\\/\\\/www.ucaldas.edu.co\\\/portal\\\/#organization\"},\"image\":{\"@id\":\"https:\\\/\\\/www.ucaldas.edu.co\\\/portal\\\/manana-septima-muestra-de-cine-espanol-en-el-centro-cultural-universitario-rogelio-salmona\\\/#primaryimage\"},\"thumbnailUrl\":\"https:\\\/\\\/www.ucaldas.edu.co\\\/portal\\\/wp-content\\\/uploads\\\/2019\\\/03\\\/Cine-espa\u00f1ol-compressor.jpg\",\"keywords\":[\"espa\u00f1ol\",\"pel\u00edculas\",\"premios GOYA.\",\"cine\"],\"articleSection\":[\"Universidad al D\u00eda\",\"UCaldas Activa\",\"UCaldas Cultural\",\"Actualidad\"],\"inLanguage\":\"es\"},{\"@type\":\"WebPage\",\"@id\":\"https:\\\/\\\/www.ucaldas.edu.co\\\/portal\\\/manana-septima-muestra-de-cine-espanol-en-el-centro-cultural-universitario-rogelio-salmona\\\/\",\"url\":\"https:\\\/\\\/www.ucaldas.edu.co\\\/portal\\\/manana-septima-muestra-de-cine-espanol-en-el-centro-cultural-universitario-rogelio-salmona\\\/\",\"name\":\"Ma\u00f1ana S\u00e9ptima Muestra de Cine Espa\u00f1ol en el Centro Cultural Universitario Rogelio Salmona .\",\"isPartOf\":{\"@id\":\"https:\\\/\\\/www.ucaldas.edu.co\\\/portal\\\/#website\"},\"primaryImageOfPage\":{\"@id\":\"https:\\\/\\\/www.ucaldas.edu.co\\\/portal\\\/manana-septima-muestra-de-cine-espanol-en-el-centro-cultural-universitario-rogelio-salmona\\\/#primaryimage\"},\"image\":{\"@id\":\"https:\\\/\\\/www.ucaldas.edu.co\\\/portal\\\/manana-septima-muestra-de-cine-espanol-en-el-centro-cultural-universitario-rogelio-salmona\\\/#primaryimage\"},\"thumbnailUrl\":\"https:\\\/\\\/www.ucaldas.edu.co\\\/portal\\\/wp-content\\\/uploads\\\/2019\\\/03\\\/Cine-espa\u00f1ol-compressor.jpg\",\"datePublished\":\"2019-03-27T22:44:31+00:00\",\"breadcrumb\":{\"@id\":\"https:\\\/\\\/www.ucaldas.edu.co\\\/portal\\\/manana-septima-muestra-de-cine-espanol-en-el-centro-cultural-universitario-rogelio-salmona\\\/#breadcrumb\"},\"inLanguage\":\"es\",\"potentialAction\":[{\"@type\":\"ReadAction\",\"target\":[\"https:\\\/\\\/www.ucaldas.edu.co\\\/portal\\\/manana-septima-muestra-de-cine-espanol-en-el-centro-cultural-universitario-rogelio-salmona\\\/\"]}]},{\"@type\":\"ImageObject\",\"inLanguage\":\"es\",\"@id\":\"https:\\\/\\\/www.ucaldas.edu.co\\\/portal\\\/manana-septima-muestra-de-cine-espanol-en-el-centro-cultural-universitario-rogelio-salmona\\\/#primaryimage\",\"url\":\"https:\\\/\\\/www.ucaldas.edu.co\\\/portal\\\/wp-content\\\/uploads\\\/2019\\\/03\\\/Cine-espa\u00f1ol-compressor.jpg\",\"contentUrl\":\"https:\\\/\\\/www.ucaldas.edu.co\\\/portal\\\/wp-content\\\/uploads\\\/2019\\\/03\\\/Cine-espa\u00f1ol-compressor.jpg\",\"width\":700,\"height\":440},{\"@type\":\"BreadcrumbList\",\"@id\":\"https:\\\/\\\/www.ucaldas.edu.co\\\/portal\\\/manana-septima-muestra-de-cine-espanol-en-el-centro-cultural-universitario-rogelio-salmona\\\/#breadcrumb\",\"itemListElement\":[{\"@type\":\"ListItem\",\"position\":1,\"name\":\"Portada\",\"item\":\"https:\\\/\\\/www.ucaldas.edu.co\\\/portal\\\/\"},{\"@type\":\"ListItem\",\"position\":2,\"name\":\"Ma\u00f1ana S\u00e9ptima Muestra de Cine Espa\u00f1ol en el Centro Cultural Universitario Rogelio Salmona\"}]},{\"@type\":\"WebSite\",\"@id\":\"https:\\\/\\\/www.ucaldas.edu.co\\\/portal\\\/#website\",\"url\":\"https:\\\/\\\/www.ucaldas.edu.co\\\/portal\\\/\",\"name\":\"Universidad de Caldas\",\"description\":\"\",\"publisher\":{\"@id\":\"https:\\\/\\\/www.ucaldas.edu.co\\\/portal\\\/#organization\"},\"alternateName\":\"U. de Caldas\",\"potentialAction\":[{\"@type\":\"SearchAction\",\"target\":{\"@type\":\"EntryPoint\",\"urlTemplate\":\"https:\\\/\\\/www.ucaldas.edu.co\\\/portal\\\/?s={search_term_string}\"},\"query-input\":{\"@type\":\"PropertyValueSpecification\",\"valueRequired\":true,\"valueName\":\"search_term_string\"}}],\"inLanguage\":\"es\"},{\"@type\":\"Organization\",\"@id\":\"https:\\\/\\\/www.ucaldas.edu.co\\\/portal\\\/#organization\",\"name\":\"Universidad de Caldas\",\"alternateName\":\"U. de Caldas\",\"url\":\"https:\\\/\\\/www.ucaldas.edu.co\\\/portal\\\/\",\"logo\":{\"@type\":\"ImageObject\",\"inLanguage\":\"es\",\"@id\":\"https:\\\/\\\/www.ucaldas.edu.co\\\/portal\\\/#\\\/schema\\\/logo\\\/image\\\/\",\"url\":\"https:\\\/\\\/www.ucaldas.edu.co\\\/portal\\\/wp-content\\\/uploads\\\/2023\\\/11\\\/Logo_horizontal_oscuroU-2023.png\",\"contentUrl\":\"https:\\\/\\\/www.ucaldas.edu.co\\\/portal\\\/wp-content\\\/uploads\\\/2023\\\/11\\\/Logo_horizontal_oscuroU-2023.png\",\"width\":263,\"height\":101,\"caption\":\"Universidad de Caldas\"},\"image\":{\"@id\":\"https:\\\/\\\/www.ucaldas.edu.co\\\/portal\\\/#\\\/schema\\\/logo\\\/image\\\/\"},\"sameAs\":[\"https:\\\/\\\/www.facebook.com\\\/udecaldas\",\"https:\\\/\\\/x.com\\\/udecaldas\",\"https:\\\/\\\/www.youtube.com\\\/universidadcaldas\",\"https:\\\/\\\/www.instagram.com\\\/udecaldas\\\/\"]},{\"@type\":\"Person\",\"@id\":\"https:\\\/\\\/www.ucaldas.edu.co\\\/portal\\\/#\\\/schema\\\/person\\\/a1b482e23449158b4bc319926c074fdf\",\"name\":\"ofiprensa\",\"image\":{\"@type\":\"ImageObject\",\"inLanguage\":\"es\",\"@id\":\"https:\\\/\\\/www.ucaldas.edu.co\\\/portal\\\/wp-content\\\/litespeed\\\/avatar\\\/09ea5085e600095a7a811142c6944527.jpg?ver=1777497608\",\"url\":\"https:\\\/\\\/www.ucaldas.edu.co\\\/portal\\\/wp-content\\\/litespeed\\\/avatar\\\/09ea5085e600095a7a811142c6944527.jpg?ver=1777497608\",\"contentUrl\":\"https:\\\/\\\/www.ucaldas.edu.co\\\/portal\\\/wp-content\\\/litespeed\\\/avatar\\\/09ea5085e600095a7a811142c6944527.jpg?ver=1777497608\",\"caption\":\"ofiprensa\"},\"url\":\"https:\\\/\\\/www.ucaldas.edu.co\\\/portal\\\/author\\\/ofiprensa\\\/\"}]}<\/script>\n<!-- \/ Yoast SEO plugin. -->","yoast_head_json":{"title":"Ma\u00f1ana S\u00e9ptima Muestra de Cine Espa\u00f1ol en el Centro Cultural Universitario Rogelio Salmona .","robots":{"index":"index","follow":"follow","max-snippet":"max-snippet:-1","max-image-preview":"max-image-preview:large","max-video-preview":"max-video-preview:-1"},"canonical":"https:\/\/www.ucaldas.edu.co\/portal\/manana-septima-muestra-de-cine-espanol-en-el-centro-cultural-universitario-rogelio-salmona\/","schema":{"@context":"https:\/\/schema.org","@graph":[{"@type":"Article","@id":"https:\/\/www.ucaldas.edu.co\/portal\/manana-septima-muestra-de-cine-espanol-en-el-centro-cultural-universitario-rogelio-salmona\/#article","isPartOf":{"@id":"https:\/\/www.ucaldas.edu.co\/portal\/manana-septima-muestra-de-cine-espanol-en-el-centro-cultural-universitario-rogelio-salmona\/"},"author":{"name":"ofiprensa","@id":"https:\/\/www.ucaldas.edu.co\/portal\/#\/schema\/person\/a1b482e23449158b4bc319926c074fdf"},"headline":"Ma\u00f1ana S\u00e9ptima Muestra de Cine Espa\u00f1ol en el Centro Cultural Universitario Rogelio Salmona","datePublished":"2019-03-27T22:44:31+00:00","mainEntityOfPage":{"@id":"https:\/\/www.ucaldas.edu.co\/portal\/manana-septima-muestra-de-cine-espanol-en-el-centro-cultural-universitario-rogelio-salmona\/"},"wordCount":266,"publisher":{"@id":"https:\/\/www.ucaldas.edu.co\/portal\/#organization"},"image":{"@id":"https:\/\/www.ucaldas.edu.co\/portal\/manana-septima-muestra-de-cine-espanol-en-el-centro-cultural-universitario-rogelio-salmona\/#primaryimage"},"thumbnailUrl":"https:\/\/www.ucaldas.edu.co\/portal\/wp-content\/uploads\/2019\/03\/Cine-espa\u00f1ol-compressor.jpg","keywords":["espa\u00f1ol","pel\u00edculas","premios GOYA.","cine"],"articleSection":["Universidad al D\u00eda","UCaldas Activa","UCaldas Cultural","Actualidad"],"inLanguage":"es"},{"@type":"WebPage","@id":"https:\/\/www.ucaldas.edu.co\/portal\/manana-septima-muestra-de-cine-espanol-en-el-centro-cultural-universitario-rogelio-salmona\/","url":"https:\/\/www.ucaldas.edu.co\/portal\/manana-septima-muestra-de-cine-espanol-en-el-centro-cultural-universitario-rogelio-salmona\/","name":"Ma\u00f1ana S\u00e9ptima Muestra de Cine Espa\u00f1ol en el Centro Cultural Universitario Rogelio Salmona .","isPartOf":{"@id":"https:\/\/www.ucaldas.edu.co\/portal\/#website"},"primaryImageOfPage":{"@id":"https:\/\/www.ucaldas.edu.co\/portal\/manana-septima-muestra-de-cine-espanol-en-el-centro-cultural-universitario-rogelio-salmona\/#primaryimage"},"image":{"@id":"https:\/\/www.ucaldas.edu.co\/portal\/manana-septima-muestra-de-cine-espanol-en-el-centro-cultural-universitario-rogelio-salmona\/#primaryimage"},"thumbnailUrl":"https:\/\/www.ucaldas.edu.co\/portal\/wp-content\/uploads\/2019\/03\/Cine-espa\u00f1ol-compressor.jpg","datePublished":"2019-03-27T22:44:31+00:00","breadcrumb":{"@id":"https:\/\/www.ucaldas.edu.co\/portal\/manana-septima-muestra-de-cine-espanol-en-el-centro-cultural-universitario-rogelio-salmona\/#breadcrumb"},"inLanguage":"es","potentialAction":[{"@type":"ReadAction","target":["https:\/\/www.ucaldas.edu.co\/portal\/manana-septima-muestra-de-cine-espanol-en-el-centro-cultural-universitario-rogelio-salmona\/"]}]},{"@type":"ImageObject","inLanguage":"es","@id":"https:\/\/www.ucaldas.edu.co\/portal\/manana-septima-muestra-de-cine-espanol-en-el-centro-cultural-universitario-rogelio-salmona\/#primaryimage","url":"https:\/\/www.ucaldas.edu.co\/portal\/wp-content\/uploads\/2019\/03\/Cine-espa\u00f1ol-compressor.jpg","contentUrl":"https:\/\/www.ucaldas.edu.co\/portal\/wp-content\/uploads\/2019\/03\/Cine-espa\u00f1ol-compressor.jpg","width":700,"height":440},{"@type":"BreadcrumbList","@id":"https:\/\/www.ucaldas.edu.co\/portal\/manana-septima-muestra-de-cine-espanol-en-el-centro-cultural-universitario-rogelio-salmona\/#breadcrumb","itemListElement":[{"@type":"ListItem","position":1,"name":"Portada","item":"https:\/\/www.ucaldas.edu.co\/portal\/"},{"@type":"ListItem","position":2,"name":"Ma\u00f1ana S\u00e9ptima Muestra de Cine Espa\u00f1ol en el Centro Cultural Universitario Rogelio Salmona"}]},{"@type":"WebSite","@id":"https:\/\/www.ucaldas.edu.co\/portal\/#website","url":"https:\/\/www.ucaldas.edu.co\/portal\/","name":"Universidad de Caldas","description":"","publisher":{"@id":"https:\/\/www.ucaldas.edu.co\/portal\/#organization"},"alternateName":"U. de Caldas","potentialAction":[{"@type":"SearchAction","target":{"@type":"EntryPoint","urlTemplate":"https:\/\/www.ucaldas.edu.co\/portal\/?s={search_term_string}"},"query-input":{"@type":"PropertyValueSpecification","valueRequired":true,"valueName":"search_term_string"}}],"inLanguage":"es"},{"@type":"Organization","@id":"https:\/\/www.ucaldas.edu.co\/portal\/#organization","name":"Universidad de Caldas","alternateName":"U. de Caldas","url":"https:\/\/www.ucaldas.edu.co\/portal\/","logo":{"@type":"ImageObject","inLanguage":"es","@id":"https:\/\/www.ucaldas.edu.co\/portal\/#\/schema\/logo\/image\/","url":"https:\/\/www.ucaldas.edu.co\/portal\/wp-content\/uploads\/2023\/11\/Logo_horizontal_oscuroU-2023.png","contentUrl":"https:\/\/www.ucaldas.edu.co\/portal\/wp-content\/uploads\/2023\/11\/Logo_horizontal_oscuroU-2023.png","width":263,"height":101,"caption":"Universidad de Caldas"},"image":{"@id":"https:\/\/www.ucaldas.edu.co\/portal\/#\/schema\/logo\/image\/"},"sameAs":["https:\/\/www.facebook.com\/udecaldas","https:\/\/x.com\/udecaldas","https:\/\/www.youtube.com\/universidadcaldas","https:\/\/www.instagram.com\/udecaldas\/"]},{"@type":"Person","@id":"https:\/\/www.ucaldas.edu.co\/portal\/#\/schema\/person\/a1b482e23449158b4bc319926c074fdf","name":"ofiprensa","image":{"@type":"ImageObject","inLanguage":"es","@id":"https:\/\/www.ucaldas.edu.co\/portal\/wp-content\/litespeed\/avatar\/09ea5085e600095a7a811142c6944527.jpg?ver=1777497608","url":"https:\/\/www.ucaldas.edu.co\/portal\/wp-content\/litespeed\/avatar\/09ea5085e600095a7a811142c6944527.jpg?ver=1777497608","contentUrl":"https:\/\/www.ucaldas.edu.co\/portal\/wp-content\/litespeed\/avatar\/09ea5085e600095a7a811142c6944527.jpg?ver=1777497608","caption":"ofiprensa"},"url":"https:\/\/www.ucaldas.edu.co\/portal\/author\/ofiprensa\/"}]}},"_links":{"self":[{"href":"https:\/\/www.ucaldas.edu.co\/portal\/wp-json\/wp\/v2\/posts\/47205","targetHints":{"allow":["GET"]}}],"collection":[{"href":"https:\/\/www.ucaldas.edu.co\/portal\/wp-json\/wp\/v2\/posts"}],"about":[{"href":"https:\/\/www.ucaldas.edu.co\/portal\/wp-json\/wp\/v2\/types\/post"}],"author":[{"embeddable":true,"href":"https:\/\/www.ucaldas.edu.co\/portal\/wp-json\/wp\/v2\/users\/2"}],"replies":[{"embeddable":true,"href":"https:\/\/www.ucaldas.edu.co\/portal\/wp-json\/wp\/v2\/comments?post=47205"}],"version-history":[{"count":0,"href":"https:\/\/www.ucaldas.edu.co\/portal\/wp-json\/wp\/v2\/posts\/47205\/revisions"}],"wp:featuredmedia":[{"embeddable":true,"href":"https:\/\/www.ucaldas.edu.co\/portal\/wp-json\/wp\/v2\/media\/47178"}],"wp:attachment":[{"href":"https:\/\/www.ucaldas.edu.co\/portal\/wp-json\/wp\/v2\/media?parent=47205"}],"wp:term":[{"taxonomy":"category","embeddable":true,"href":"https:\/\/www.ucaldas.edu.co\/portal\/wp-json\/wp\/v2\/categories?post=47205"},{"taxonomy":"post_tag","embeddable":true,"href":"https:\/\/www.ucaldas.edu.co\/portal\/wp-json\/wp\/v2\/tags?post=47205"}],"curies":[{"name":"wp","href":"https:\/\/api.w.org\/{rel}","templated":true}]}}