{"id":47193,"date":"2019-03-27T22:37:58","date_gmt":"2019-03-27T22:37:58","guid":{"rendered":"https:\/\/www.ucaldas.edu.co\/portal\/?p=47193"},"modified":"2019-03-27T22:37:59","modified_gmt":"2019-03-27T22:37:59","slug":"ampliacion-de-la-convocatoria-para-el-foro-academico-internacional","status":"publish","type":"post","link":"https:\/\/www.ucaldas.edu.co\/portal\/ampliacion-de-la-convocatoria-para-el-foro-academico-internacional\/","title":{"rendered":"Ampliaci\u00f3n de la convocatoria para el Foro Acad\u00e9mico Internacional"},"content":{"rendered":"<p style=\"text-align: center;\">FESTIVAL INTERNACIONAL DE LA IMAGEN<\/p>\n<p style=\"text-align: center;\"><strong>Ampliaci\u00f3n de la convocatoria para el Foro Acad\u00e9mico Internacional<\/strong><\/p>\n<p style=\"text-align: right;\">27\/03\/2019<\/p>\n<p><img loading=\"lazy\" decoding=\"async\" class=\"size-full wp-image-47179 aligncenter\" src=\"https:\/\/www.ucaldas.edu.co\/portal\/wp-content\/uploads\/2019\/03\/convocatoria-foro-compressor.jpg\" alt=\"\" width=\"700\" height=\"400\" srcset=\"https:\/\/www.ucaldas.edu.co\/portal\/wp-content\/uploads\/2019\/03\/convocatoria-foro-compressor.jpg 700w, https:\/\/www.ucaldas.edu.co\/portal\/wp-content\/uploads\/2019\/03\/convocatoria-foro-compressor-300x171.jpg 300w\" sizes=\"auto, (max-width: 700px) 100vw, 700px\" \/>Se ampl\u00eda el plazo hasta el 22 de abril para presentarse a la convocatoria como ponente en el Foro Acad\u00e9mico Internacional que se llevar\u00e1 a cabo durante el Festival Internacional de la Imagen.<\/p>\n<p><!--more--><\/p>\n<p>Este a\u00f1o la tem\u00e1tica del festival girar\u00e1 en torno al Humanismo Digital hace alusi\u00f3n a los procesos de interacci\u00f3n del ser humano con las tecnolog\u00edas que posibilitan nuevas corporalidades, distintos mecanismos de percepci\u00f3n sensorial, participaci\u00f3n ciudadana para el di\u00e1logo, el intercambio cultural y creativo, la co-creaci\u00f3n art\u00edstica contempor\u00e1nea, la producci\u00f3n de conocimiento abierto y la visibilizaci\u00f3n de las comunidades creativas.<\/p>\n<p>El proceso de evaluaci\u00f3n de las propuestas presentadas a la convocatoria estar\u00e1 a cargo de un comit\u00e9 acad\u00e9mico y art\u00edstico conformado por expertos en las diferentes modalidades. En la convocatoria del Foro Acad\u00e9mico Internacional se usar\u00e1 la revisi\u00f3n de pares doble ciega; en la convocatoria Art\u00edstica, el comit\u00e9 llevar\u00e1 a cabo un proceso de curadur\u00eda. Para dicho fin, se dispondr\u00e1 la plataforma EasyChair para la postulaci\u00f3n de su propuesta, la cual deber\u00e1 estar en el template designado a la categor\u00eda que se elija.<\/p>\n<p>Les recordamos a los interesados que \u00e9stas ser\u00e1n las tem\u00e1ticas del evento:<\/p>\n<ul>\n<li>Cyborgs y nuevas corporalidades.<\/li>\n<li>Democracias participativas y co-creaci\u00f3n.<\/li>\n<li>Medio ambiente y conciencia global.<\/li>\n<li>Arqueolog\u00eda y archivos new media.<\/li>\n<li>Econom\u00edas creativas y emprendimientos sociales.<\/li>\n<\/ul>\n<p><a href=\"http:\/\/festivaldelaimagen.com\/convocatorias-3\/\">M\u00e1s informaci\u00f3n.<\/a><\/p>\n<p><strong>Informes: <\/strong>Oficina de Comunicaciones y Prensa Universidad de Caldas. Tel\u00e9fono: 8781500 Extensi\u00f3n: 12167<\/p>\n<p><strong>Redacci\u00f3n: <\/strong>Mateo Buritic\u00e1 Giraldo<\/p>\n<p>&nbsp;<\/p>\n","protected":false},"excerpt":{"rendered":"<p>FESTIVAL INTERNACIONAL DE LA IMAGEN Ampliaci\u00f3n de la convocatoria para el Foro Acad\u00e9mico Internacional 27\/03\/2019 Se ampl\u00eda el plazo hasta el 22 de abril para presentarse a la convocatoria como ponente en el Foro Acad\u00e9mico Internacional que se llevar\u00e1 a cabo durante el Festival Internacional de la Imagen.<\/p>\n","protected":false},"author":2,"featured_media":47179,"comment_status":"closed","ping_status":"open","sticky":false,"template":"","format":"standard","meta":{"footnotes":""},"categories":[48,53,614],"tags":[131,928,1798,3660,3661],"class_list":["post-47193","post","type-post","status-publish","format-standard","has-post-thumbnail","hentry","category-actualidad","category-universidad-al-dia","category-ucaldas-internacional","tag-humanismo","tag-creacion","tag-festival-de-la-imagen","tag-foro-academico","tag-ciborgs"],"yoast_head":"<!-- This site is optimized with the Yoast SEO plugin v27.5 - https:\/\/yoast.com\/product\/yoast-seo-wordpress\/ -->\n<title>Ampliaci\u00f3n de la convocatoria para el Foro Acad\u00e9mico Internacional .<\/title>\n<meta name=\"robots\" content=\"index, follow, max-snippet:-1, max-image-preview:large, max-video-preview:-1\" \/>\n<link rel=\"canonical\" href=\"https:\/\/www.ucaldas.edu.co\/portal\/ampliacion-de-la-convocatoria-para-el-foro-academico-internacional\/\" \/>\n<script type=\"application\/ld+json\" class=\"yoast-schema-graph\">{\"@context\":\"https:\\\/\\\/schema.org\",\"@graph\":[{\"@type\":\"Article\",\"@id\":\"https:\\\/\\\/www.ucaldas.edu.co\\\/portal\\\/ampliacion-de-la-convocatoria-para-el-foro-academico-internacional\\\/#article\",\"isPartOf\":{\"@id\":\"https:\\\/\\\/www.ucaldas.edu.co\\\/portal\\\/ampliacion-de-la-convocatoria-para-el-foro-academico-internacional\\\/\"},\"author\":{\"name\":\"ofiprensa\",\"@id\":\"https:\\\/\\\/www.ucaldas.edu.co\\\/portal\\\/#\\\/schema\\\/person\\\/a1b482e23449158b4bc319926c074fdf\"},\"headline\":\"Ampliaci\u00f3n de la convocatoria para el Foro Acad\u00e9mico Internacional\",\"datePublished\":\"2019-03-27T22:37:58+00:00\",\"dateModified\":\"2019-03-27T22:37:59+00:00\",\"mainEntityOfPage\":{\"@id\":\"https:\\\/\\\/www.ucaldas.edu.co\\\/portal\\\/ampliacion-de-la-convocatoria-para-el-foro-academico-internacional\\\/\"},\"wordCount\":289,\"publisher\":{\"@id\":\"https:\\\/\\\/www.ucaldas.edu.co\\\/portal\\\/#organization\"},\"image\":{\"@id\":\"https:\\\/\\\/www.ucaldas.edu.co\\\/portal\\\/ampliacion-de-la-convocatoria-para-el-foro-academico-internacional\\\/#primaryimage\"},\"thumbnailUrl\":\"https:\\\/\\\/www.ucaldas.edu.co\\\/portal\\\/wp-content\\\/uploads\\\/2019\\\/03\\\/convocatoria-foro-compressor.jpg\",\"keywords\":[\"humanismo\",\"creaci\u00f3n\",\"Festival de la Imagen\",\"foro acad\u00e9mico\",\"ciborgs\"],\"articleSection\":[\"Actualidad\",\"Universidad al D\u00eda\",\"Ucaldas Internacional\"],\"inLanguage\":\"es\"},{\"@type\":\"WebPage\",\"@id\":\"https:\\\/\\\/www.ucaldas.edu.co\\\/portal\\\/ampliacion-de-la-convocatoria-para-el-foro-academico-internacional\\\/\",\"url\":\"https:\\\/\\\/www.ucaldas.edu.co\\\/portal\\\/ampliacion-de-la-convocatoria-para-el-foro-academico-internacional\\\/\",\"name\":\"Ampliaci\u00f3n de la convocatoria para el Foro Acad\u00e9mico Internacional .\",\"isPartOf\":{\"@id\":\"https:\\\/\\\/www.ucaldas.edu.co\\\/portal\\\/#website\"},\"primaryImageOfPage\":{\"@id\":\"https:\\\/\\\/www.ucaldas.edu.co\\\/portal\\\/ampliacion-de-la-convocatoria-para-el-foro-academico-internacional\\\/#primaryimage\"},\"image\":{\"@id\":\"https:\\\/\\\/www.ucaldas.edu.co\\\/portal\\\/ampliacion-de-la-convocatoria-para-el-foro-academico-internacional\\\/#primaryimage\"},\"thumbnailUrl\":\"https:\\\/\\\/www.ucaldas.edu.co\\\/portal\\\/wp-content\\\/uploads\\\/2019\\\/03\\\/convocatoria-foro-compressor.jpg\",\"datePublished\":\"2019-03-27T22:37:58+00:00\",\"dateModified\":\"2019-03-27T22:37:59+00:00\",\"breadcrumb\":{\"@id\":\"https:\\\/\\\/www.ucaldas.edu.co\\\/portal\\\/ampliacion-de-la-convocatoria-para-el-foro-academico-internacional\\\/#breadcrumb\"},\"inLanguage\":\"es\",\"potentialAction\":[{\"@type\":\"ReadAction\",\"target\":[\"https:\\\/\\\/www.ucaldas.edu.co\\\/portal\\\/ampliacion-de-la-convocatoria-para-el-foro-academico-internacional\\\/\"]}]},{\"@type\":\"ImageObject\",\"inLanguage\":\"es\",\"@id\":\"https:\\\/\\\/www.ucaldas.edu.co\\\/portal\\\/ampliacion-de-la-convocatoria-para-el-foro-academico-internacional\\\/#primaryimage\",\"url\":\"https:\\\/\\\/www.ucaldas.edu.co\\\/portal\\\/wp-content\\\/uploads\\\/2019\\\/03\\\/convocatoria-foro-compressor.jpg\",\"contentUrl\":\"https:\\\/\\\/www.ucaldas.edu.co\\\/portal\\\/wp-content\\\/uploads\\\/2019\\\/03\\\/convocatoria-foro-compressor.jpg\",\"width\":700,\"height\":400},{\"@type\":\"BreadcrumbList\",\"@id\":\"https:\\\/\\\/www.ucaldas.edu.co\\\/portal\\\/ampliacion-de-la-convocatoria-para-el-foro-academico-internacional\\\/#breadcrumb\",\"itemListElement\":[{\"@type\":\"ListItem\",\"position\":1,\"name\":\"Portada\",\"item\":\"https:\\\/\\\/www.ucaldas.edu.co\\\/portal\\\/\"},{\"@type\":\"ListItem\",\"position\":2,\"name\":\"Ampliaci\u00f3n de la convocatoria para el Foro Acad\u00e9mico Internacional\"}]},{\"@type\":\"WebSite\",\"@id\":\"https:\\\/\\\/www.ucaldas.edu.co\\\/portal\\\/#website\",\"url\":\"https:\\\/\\\/www.ucaldas.edu.co\\\/portal\\\/\",\"name\":\"Universidad de Caldas\",\"description\":\"\",\"publisher\":{\"@id\":\"https:\\\/\\\/www.ucaldas.edu.co\\\/portal\\\/#organization\"},\"alternateName\":\"U. de Caldas\",\"potentialAction\":[{\"@type\":\"SearchAction\",\"target\":{\"@type\":\"EntryPoint\",\"urlTemplate\":\"https:\\\/\\\/www.ucaldas.edu.co\\\/portal\\\/?s={search_term_string}\"},\"query-input\":{\"@type\":\"PropertyValueSpecification\",\"valueRequired\":true,\"valueName\":\"search_term_string\"}}],\"inLanguage\":\"es\"},{\"@type\":\"Organization\",\"@id\":\"https:\\\/\\\/www.ucaldas.edu.co\\\/portal\\\/#organization\",\"name\":\"Universidad de Caldas\",\"alternateName\":\"U. de Caldas\",\"url\":\"https:\\\/\\\/www.ucaldas.edu.co\\\/portal\\\/\",\"logo\":{\"@type\":\"ImageObject\",\"inLanguage\":\"es\",\"@id\":\"https:\\\/\\\/www.ucaldas.edu.co\\\/portal\\\/#\\\/schema\\\/logo\\\/image\\\/\",\"url\":\"https:\\\/\\\/www.ucaldas.edu.co\\\/portal\\\/wp-content\\\/uploads\\\/2023\\\/11\\\/Logo_horizontal_oscuroU-2023.png\",\"contentUrl\":\"https:\\\/\\\/www.ucaldas.edu.co\\\/portal\\\/wp-content\\\/uploads\\\/2023\\\/11\\\/Logo_horizontal_oscuroU-2023.png\",\"width\":263,\"height\":101,\"caption\":\"Universidad de Caldas\"},\"image\":{\"@id\":\"https:\\\/\\\/www.ucaldas.edu.co\\\/portal\\\/#\\\/schema\\\/logo\\\/image\\\/\"},\"sameAs\":[\"https:\\\/\\\/www.facebook.com\\\/udecaldas\",\"https:\\\/\\\/x.com\\\/udecaldas\",\"https:\\\/\\\/www.youtube.com\\\/universidadcaldas\",\"https:\\\/\\\/www.instagram.com\\\/udecaldas\\\/\"]},{\"@type\":\"Person\",\"@id\":\"https:\\\/\\\/www.ucaldas.edu.co\\\/portal\\\/#\\\/schema\\\/person\\\/a1b482e23449158b4bc319926c074fdf\",\"name\":\"ofiprensa\",\"image\":{\"@type\":\"ImageObject\",\"inLanguage\":\"es\",\"@id\":\"https:\\\/\\\/www.ucaldas.edu.co\\\/portal\\\/wp-content\\\/litespeed\\\/avatar\\\/09ea5085e600095a7a811142c6944527.jpg?ver=1777497608\",\"url\":\"https:\\\/\\\/www.ucaldas.edu.co\\\/portal\\\/wp-content\\\/litespeed\\\/avatar\\\/09ea5085e600095a7a811142c6944527.jpg?ver=1777497608\",\"contentUrl\":\"https:\\\/\\\/www.ucaldas.edu.co\\\/portal\\\/wp-content\\\/litespeed\\\/avatar\\\/09ea5085e600095a7a811142c6944527.jpg?ver=1777497608\",\"caption\":\"ofiprensa\"},\"url\":\"https:\\\/\\\/www.ucaldas.edu.co\\\/portal\\\/author\\\/ofiprensa\\\/\"}]}<\/script>\n<!-- \/ Yoast SEO plugin. -->","yoast_head_json":{"title":"Ampliaci\u00f3n de la convocatoria para el Foro Acad\u00e9mico Internacional .","robots":{"index":"index","follow":"follow","max-snippet":"max-snippet:-1","max-image-preview":"max-image-preview:large","max-video-preview":"max-video-preview:-1"},"canonical":"https:\/\/www.ucaldas.edu.co\/portal\/ampliacion-de-la-convocatoria-para-el-foro-academico-internacional\/","schema":{"@context":"https:\/\/schema.org","@graph":[{"@type":"Article","@id":"https:\/\/www.ucaldas.edu.co\/portal\/ampliacion-de-la-convocatoria-para-el-foro-academico-internacional\/#article","isPartOf":{"@id":"https:\/\/www.ucaldas.edu.co\/portal\/ampliacion-de-la-convocatoria-para-el-foro-academico-internacional\/"},"author":{"name":"ofiprensa","@id":"https:\/\/www.ucaldas.edu.co\/portal\/#\/schema\/person\/a1b482e23449158b4bc319926c074fdf"},"headline":"Ampliaci\u00f3n de la convocatoria para el Foro Acad\u00e9mico Internacional","datePublished":"2019-03-27T22:37:58+00:00","dateModified":"2019-03-27T22:37:59+00:00","mainEntityOfPage":{"@id":"https:\/\/www.ucaldas.edu.co\/portal\/ampliacion-de-la-convocatoria-para-el-foro-academico-internacional\/"},"wordCount":289,"publisher":{"@id":"https:\/\/www.ucaldas.edu.co\/portal\/#organization"},"image":{"@id":"https:\/\/www.ucaldas.edu.co\/portal\/ampliacion-de-la-convocatoria-para-el-foro-academico-internacional\/#primaryimage"},"thumbnailUrl":"https:\/\/www.ucaldas.edu.co\/portal\/wp-content\/uploads\/2019\/03\/convocatoria-foro-compressor.jpg","keywords":["humanismo","creaci\u00f3n","Festival de la Imagen","foro acad\u00e9mico","ciborgs"],"articleSection":["Actualidad","Universidad al D\u00eda","Ucaldas Internacional"],"inLanguage":"es"},{"@type":"WebPage","@id":"https:\/\/www.ucaldas.edu.co\/portal\/ampliacion-de-la-convocatoria-para-el-foro-academico-internacional\/","url":"https:\/\/www.ucaldas.edu.co\/portal\/ampliacion-de-la-convocatoria-para-el-foro-academico-internacional\/","name":"Ampliaci\u00f3n de la convocatoria para el Foro Acad\u00e9mico Internacional .","isPartOf":{"@id":"https:\/\/www.ucaldas.edu.co\/portal\/#website"},"primaryImageOfPage":{"@id":"https:\/\/www.ucaldas.edu.co\/portal\/ampliacion-de-la-convocatoria-para-el-foro-academico-internacional\/#primaryimage"},"image":{"@id":"https:\/\/www.ucaldas.edu.co\/portal\/ampliacion-de-la-convocatoria-para-el-foro-academico-internacional\/#primaryimage"},"thumbnailUrl":"https:\/\/www.ucaldas.edu.co\/portal\/wp-content\/uploads\/2019\/03\/convocatoria-foro-compressor.jpg","datePublished":"2019-03-27T22:37:58+00:00","dateModified":"2019-03-27T22:37:59+00:00","breadcrumb":{"@id":"https:\/\/www.ucaldas.edu.co\/portal\/ampliacion-de-la-convocatoria-para-el-foro-academico-internacional\/#breadcrumb"},"inLanguage":"es","potentialAction":[{"@type":"ReadAction","target":["https:\/\/www.ucaldas.edu.co\/portal\/ampliacion-de-la-convocatoria-para-el-foro-academico-internacional\/"]}]},{"@type":"ImageObject","inLanguage":"es","@id":"https:\/\/www.ucaldas.edu.co\/portal\/ampliacion-de-la-convocatoria-para-el-foro-academico-internacional\/#primaryimage","url":"https:\/\/www.ucaldas.edu.co\/portal\/wp-content\/uploads\/2019\/03\/convocatoria-foro-compressor.jpg","contentUrl":"https:\/\/www.ucaldas.edu.co\/portal\/wp-content\/uploads\/2019\/03\/convocatoria-foro-compressor.jpg","width":700,"height":400},{"@type":"BreadcrumbList","@id":"https:\/\/www.ucaldas.edu.co\/portal\/ampliacion-de-la-convocatoria-para-el-foro-academico-internacional\/#breadcrumb","itemListElement":[{"@type":"ListItem","position":1,"name":"Portada","item":"https:\/\/www.ucaldas.edu.co\/portal\/"},{"@type":"ListItem","position":2,"name":"Ampliaci\u00f3n de la convocatoria para el Foro Acad\u00e9mico Internacional"}]},{"@type":"WebSite","@id":"https:\/\/www.ucaldas.edu.co\/portal\/#website","url":"https:\/\/www.ucaldas.edu.co\/portal\/","name":"Universidad de Caldas","description":"","publisher":{"@id":"https:\/\/www.ucaldas.edu.co\/portal\/#organization"},"alternateName":"U. de Caldas","potentialAction":[{"@type":"SearchAction","target":{"@type":"EntryPoint","urlTemplate":"https:\/\/www.ucaldas.edu.co\/portal\/?s={search_term_string}"},"query-input":{"@type":"PropertyValueSpecification","valueRequired":true,"valueName":"search_term_string"}}],"inLanguage":"es"},{"@type":"Organization","@id":"https:\/\/www.ucaldas.edu.co\/portal\/#organization","name":"Universidad de Caldas","alternateName":"U. de Caldas","url":"https:\/\/www.ucaldas.edu.co\/portal\/","logo":{"@type":"ImageObject","inLanguage":"es","@id":"https:\/\/www.ucaldas.edu.co\/portal\/#\/schema\/logo\/image\/","url":"https:\/\/www.ucaldas.edu.co\/portal\/wp-content\/uploads\/2023\/11\/Logo_horizontal_oscuroU-2023.png","contentUrl":"https:\/\/www.ucaldas.edu.co\/portal\/wp-content\/uploads\/2023\/11\/Logo_horizontal_oscuroU-2023.png","width":263,"height":101,"caption":"Universidad de Caldas"},"image":{"@id":"https:\/\/www.ucaldas.edu.co\/portal\/#\/schema\/logo\/image\/"},"sameAs":["https:\/\/www.facebook.com\/udecaldas","https:\/\/x.com\/udecaldas","https:\/\/www.youtube.com\/universidadcaldas","https:\/\/www.instagram.com\/udecaldas\/"]},{"@type":"Person","@id":"https:\/\/www.ucaldas.edu.co\/portal\/#\/schema\/person\/a1b482e23449158b4bc319926c074fdf","name":"ofiprensa","image":{"@type":"ImageObject","inLanguage":"es","@id":"https:\/\/www.ucaldas.edu.co\/portal\/wp-content\/litespeed\/avatar\/09ea5085e600095a7a811142c6944527.jpg?ver=1777497608","url":"https:\/\/www.ucaldas.edu.co\/portal\/wp-content\/litespeed\/avatar\/09ea5085e600095a7a811142c6944527.jpg?ver=1777497608","contentUrl":"https:\/\/www.ucaldas.edu.co\/portal\/wp-content\/litespeed\/avatar\/09ea5085e600095a7a811142c6944527.jpg?ver=1777497608","caption":"ofiprensa"},"url":"https:\/\/www.ucaldas.edu.co\/portal\/author\/ofiprensa\/"}]}},"_links":{"self":[{"href":"https:\/\/www.ucaldas.edu.co\/portal\/wp-json\/wp\/v2\/posts\/47193","targetHints":{"allow":["GET"]}}],"collection":[{"href":"https:\/\/www.ucaldas.edu.co\/portal\/wp-json\/wp\/v2\/posts"}],"about":[{"href":"https:\/\/www.ucaldas.edu.co\/portal\/wp-json\/wp\/v2\/types\/post"}],"author":[{"embeddable":true,"href":"https:\/\/www.ucaldas.edu.co\/portal\/wp-json\/wp\/v2\/users\/2"}],"replies":[{"embeddable":true,"href":"https:\/\/www.ucaldas.edu.co\/portal\/wp-json\/wp\/v2\/comments?post=47193"}],"version-history":[{"count":0,"href":"https:\/\/www.ucaldas.edu.co\/portal\/wp-json\/wp\/v2\/posts\/47193\/revisions"}],"wp:featuredmedia":[{"embeddable":true,"href":"https:\/\/www.ucaldas.edu.co\/portal\/wp-json\/wp\/v2\/media\/47179"}],"wp:attachment":[{"href":"https:\/\/www.ucaldas.edu.co\/portal\/wp-json\/wp\/v2\/media?parent=47193"}],"wp:term":[{"taxonomy":"category","embeddable":true,"href":"https:\/\/www.ucaldas.edu.co\/portal\/wp-json\/wp\/v2\/categories?post=47193"},{"taxonomy":"post_tag","embeddable":true,"href":"https:\/\/www.ucaldas.edu.co\/portal\/wp-json\/wp\/v2\/tags?post=47193"}],"curies":[{"name":"wp","href":"https:\/\/api.w.org\/{rel}","templated":true}]}}